{"id":177022,"date":"2021-04-11T16:21:37","date_gmt":"2021-04-11T19:21:37","guid":{"rendered":"https:\/\/aconteceunovale.com.br\/portal\/?p=177022"},"modified":"2021-04-11T16:22:26","modified_gmt":"2021-04-11T19:22:26","slug":"nova-lei-de-transito-entra-em-vigor-nesta-segunda","status":"publish","type":"post","link":"https:\/\/aconteceunovale.com.br\/portal\/?p=177022","title":{"rendered":"Nova lei de tr\u00e2nsito entra em vigor nesta segunda"},"content":{"rendered":"\n<p class=\"wp-block-paragraph\">As altera\u00e7\u00f5es no C\u00f3digo de Tr\u00e2nsito Brasileiro (CTB) entram em vigor a partir desta segunda-feira (12\/4\/2021). As mudan\u00e7as foram sancionadas pelo presidente Jair Bolsonaro em outubro do ano passado, quando ficou definido que a vig\u00eancia passaria a ocorrer 180 dias ap\u00f3s a san\u00e7\u00e3o.<\/p>\n\n\n\n<figure class=\"wp-block-gallery columns-1 is-cropped wp-block-gallery-1 is-layout-flex wp-block-gallery-is-layout-flex\"><ul class=\"blocks-gallery-grid\"><li class=\"blocks-gallery-item\"><figure><img loading=\"lazy\" decoding=\"async\" width=\"770\" height=\"420\" src=\"https:\/\/aconteceunovale.com.br\/portal\/wp-content\/uploads\/2021\/04\/transito_bh.jpg\" alt=\"\" data-id=\"177023\" data-full-url=\"https:\/\/aconteceunovale.com.br\/portal\/wp-content\/uploads\/2021\/04\/transito_bh.jpg\" data-link=\"https:\/\/aconteceunovale.com.br\/portal\/?attachment_id=177023\" class=\"wp-image-177023\" srcset=\"https:\/\/aconteceunovale.com.br\/portal\/wp-content\/uploads\/2021\/04\/transito_bh.jpg 770w, https:\/\/aconteceunovale.com.br\/portal\/wp-content\/uploads\/2021\/04\/transito_bh-300x164.jpg 300w, https:\/\/aconteceunovale.com.br\/portal\/wp-content\/uploads\/2021\/04\/transito_bh-768x419.jpg 768w, https:\/\/aconteceunovale.com.br\/portal\/wp-content\/uploads\/2021\/04\/transito_bh-696x380.jpg 696w\" sizes=\"auto, (max-width: 770px) 100vw, 770px\" \/><figcaption class=\"blocks-gallery-item__caption\"><em>Foto: Divino Adv\u00edncula\/PBH<\/em><\/figcaption><\/figure><\/li><\/ul><\/figure>\n\n\n\n<p class=\"wp-block-paragraph\">A partir de agora, os motoristas devem ficar atentos aos novos prazos de renova\u00e7\u00e3o da Carteira Nacional de Habilita\u00e7\u00e3o (CNH), ao n\u00famero de pontos que podem gerar a suspens\u00e3o de dirigir e \u00e0 puni\u00e7\u00e3o de quem causar uma morte ao conduzir o ve\u00edculo ap\u00f3s ter ingerido bebida alco\u00f3lica ou ter usado drogas.<\/p>\n\n\n\n<p class=\"wp-block-paragraph\">Os exames de aptid\u00e3o f\u00edsica e mental para renova\u00e7\u00e3o da CNH n\u00e3o ser\u00e3o mais realizados a cada cinco anos. Agora, a validade ser\u00e1 de dez anos para motoristas com idade inferior a 50 anos; cinco anos para motoristas com idade igual ou superior a 50 anos e inferior a 70 e tr\u00eas anos para motoristas com idade igual ou superior a 70 anos.&nbsp;<\/p>\n\n\n\n<p class=\"wp-block-paragraph\">Sobre a pontua\u00e7\u00e3o, a lei agora estabelece uma grada\u00e7\u00e3o de 20, 30 ou 40 pontos em 12 meses conforme haja infra\u00e7\u00f5es grav\u00edssimas ou n\u00e3o. Atualmente, a suspens\u00e3o ocorre com 20 pontos, independentemente do tipo de infra\u00e7\u00e3o.<\/p>\n\n\n\n<p class=\"wp-block-paragraph\">Dessa forma, o condutor ser\u00e1 suspenso com 20 pontos se tiver cometido duas ou mais infra\u00e7\u00f5es grav\u00edssimas; com 30 pontos se tiver uma infra\u00e7\u00e3o grav\u00edssima; e com 40 pontos se n\u00e3o tiver cometido infra\u00e7\u00e3o grav\u00edssima no per\u00edodo de 12 meses.<\/p>\n\n\n\n<p class=\"wp-block-paragraph\">Os condutores que exercem atividades remuneradas ter\u00e3o seu documento suspenso com 40 pontos, independentemente da natureza das infra\u00e7\u00f5es. Essa regra atinge motoristas de \u00f4nibus ou caminh\u00f5es, taxistas, motoristas de aplicativo ou mototaxistas. Se esses condutores participarem de curso preventivo de reciclagem ao atingir 30 pontos, em 12 meses, toda a pontua\u00e7\u00e3o ser\u00e1 zerada.<\/p>\n\n\n\n<p class=\"wp-block-paragraph\">As novas regras pro\u00edbem que condutores condenados por homic\u00eddio culposo ou les\u00e3o corporal sob efeito de \u00e1lcool ou outro psicoativo tenham pena de pris\u00e3o convertida em&nbsp; alternativas.<\/p>\n\n\n\n<h2 class=\"wp-block-heading\">Cadeirinhas<\/h2>\n\n\n\n<p class=\"wp-block-paragraph\">O uso de cadeirinhas no banco traseiro passa a ser obrigat\u00f3rio para crian\u00e7as com idade inferior a 10 anos que n\u00e3o tenham atingido 1,45 metro de altura. Pela regra antiga, somente a idade da crian\u00e7a era levada em conta.<\/p>\n\n\n\n<h2 class=\"wp-block-heading\"><em>Recall<\/em><\/h2>\n\n\n\n<p class=\"wp-block-paragraph\">Nos casos de chamamentos pelas montadoras para corre\u00e7\u00e3o de defeitos em ve\u00edculos (<em>recall<\/em>), o autom\u00f3vel somente ser\u00e1 licenciado ap\u00f3s a comprova\u00e7\u00e3o de que houve atendimento das campanhas de reparo.&nbsp;<\/p>\n\n\n\n<h2 class=\"wp-block-heading\">Motociclistas<\/h2>\n\n\n\n<p class=\"wp-block-paragraph\">Para os motociclistas, a nova lei restringe a circula\u00e7\u00e3o de crian\u00e7as na garupa das motos. Antes, a legisla\u00e7\u00e3o permitia que crian\u00e7as maiores de sete anos podiam ir na garupa. Agora, a idade m\u00ednima para levar uma crian\u00e7a na moto \u00e9 10 anos.<\/p>\n\n\n\n<p class=\"wp-block-paragraph\">Andar com o farol da motocicleta apagado passar\u00e1 a ser considerada infra\u00e7\u00e3o m\u00e9dia, sujeita a multa de R$ 130,16. Antes, isso era considerado como infra\u00e7\u00e3o grav\u00edssima, sujeita a multa e apreens\u00e3o da CNH e at\u00e9 suspens\u00e3o do direito de pilotar.&nbsp;<\/p>\n\n\n\n<p class=\"wp-block-paragraph\">Pilotar motocicleta sem viseira ou \u00f3culos de prote\u00e7\u00e3o ou com a viseira levantada passa ser uma infra\u00e7\u00e3o m\u00e9dia, com multa de R$ 130,16. Antes, era considerada infra\u00e7\u00e3o grav\u00edssima andar sem viseira e infra\u00e7\u00e3o leve pilotar com viseira levantada ou danificada.<\/p>\n\n\n\n<ul class=\"has-background wp-block-list\" style=\"background-color:#e7ecf1\"><li><a href=\"https:\/\/www.detran.mg.gov.br\/publico\/files\/upload\/Cartilha%20lei%2014.071%20-%20CTB.pdf\" target=\"_blank\" rel=\"noreferrer noopener\">Cartilha com todas as mudan\u00e7as (clique aqui)<\/a><\/li><\/ul>\n\n\n\n<p class=\"wp-block-paragraph\">&#8212;&#8212;&#8212;&#8212;&#8212;&#8212;<br><em>Quer receber as not\u00edcias do <strong>Aconteceu no Vale<\/strong> em primeira m\u00e3o? Siga-nos no Facebook <a rel=\"noreferrer noopener\" href=\"http:\/\/facebook.com\/aconteceunovale\" target=\"_blank\">@aconteceunovale<\/a>, Twitter <a rel=\"noreferrer noopener\" href=\"https:\/\/twitter.com\/noticiadosvales\" target=\"_blank\">@noticiadosvales<\/a> e Instagram <a rel=\"noreferrer noopener\" href=\"https:\/\/www.instagram.com\/aconteceunovale\" target=\"_blank\">@aconteceunovale<\/a>.<\/em><\/p>\n","protected":false},"excerpt":{"rendered":"<p>As altera\u00e7\u00f5es no C\u00f3digo de Tr\u00e2nsito Brasileiro (CTB) entram em vigor a partir desta segunda-feira (12\/4\/2021). As mudan\u00e7as foram sancionadas pelo presidente Jair Bolsonaro em outubro do ano passado, quando ficou definido que a vig\u00eancia passaria a ocorrer 180 dias ap\u00f3s a san\u00e7\u00e3o. A partir de agora, os motoristas devem ficar atentos aos novos prazos [&hellip;]<\/p>\n","protected":false},"author":4,"featured_media":177023,"comment_status":"open","ping_status":"closed","sticky":false,"template":"","format":"standard","meta":{"amp_status":"","footnotes":""},"categories":[6],"tags":[242607,242608,242617,242604,242618,241764,242627,242626,31722,242622,242602,81043,1018,1243,242609,80598,242614,241760,242621,242606,241752,241751,241761,242613,242612,242605,242611,242610,242624,242623,136856,122969,87507,242869,242868,242867,241758,241762,241763,241756,241755,242625,242615,241753,241750,240685,241754,242620,242603,241759,241757,16538,242619,229328,114500,242616,194610,211804],"class_list":["post-177022","post","type-post","status-publish","format-standard","has-post-thumbnail","hentry","category-br","tag-50-alteracoes-no-codigo-de-transito-brasileiro","tag-50-alteracoes-no-ctb","tag-advertencia-por-escrito","tag-ampliacao-da-validade-da-cnh","tag-cadastro-positivo-transito","tag-cadeirinhas","tag-cartilha-mudancas-codigo-de-transito-brasileiro","tag-cartilha-mudancas-ctb","tag-codigo-de-transito-brasileiro","tag-comunicacao-de-venda-do-veiculo","tag-conheca-as-principais-mudancas-no-codigo-de-transito-brasileiro","tag-departamento-de-transito-de-minas-gerais","tag-destaque","tag-detran-mg","tag-eurico-da-cunha","tag-exame-toxicologico","tag-formacao-de-condutores","tag-homicidio-culposo-transito","tag-indicacao-de-real-condutor-e-defesa","tag-lei-n-14-071-2020","tag-lei-que-muda-o-codigo-de-transito-brasileiro","tag-lei-que-muda-o-ctb","tag-lesao-corporal-no-transito","tag-limite-de-pontos-cnh","tag-limite-de-pontos-habilitacao","tag-limite-de-pontos-para-suspensao-do-direito-de-dirigir","tag-lista-de-mudancas-no-codigo-de-transito-brasileiro","tag-lista-de-mudancas-no-ctb","tag-luz-baixa-em-rodovias","tag-mais-protecao-para-ciclistas","tag-mudancas-no-codigo-brasileiro-de-transito","tag-mudancas-no-codigo-de-transito-brasileiro","tag-mudancas-no-ctb","tag-nova-lei-de-transito","tag-nova-lei-de-transito-entra-em-vigor","tag-nova-lei-de-transito-entra-em-vigor-nesta-segunda","tag-nova-punicao-para-morte-no-transito","tag-novas-regras-para-cadeirinhas","tag-novas-regras-para-recall","tag-numero-de-pontos-para-suspender-carteira-de-motorista","tag-numero-de-pontos-para-suspender-cnh","tag-penas-alternativas","tag-porte-da-habilitacao","tag-prazo-para-renovacao-da-cnh","tag-prazo-para-renovacao-da-cnh-e-outras-mudancas-no-codigo-de-transito-brasileiro-comecam-a-valer-neste-mes","tag-prazo-para-renovar-carteira-de-habilitacao","tag-prazo-para-renovar-habilitacao","tag-prazos-para-notificacao-de-penalidade","tag-principais-mudancas-no-codigo-de-transito-brasileiro","tag-punicao-para-quem-matar-no-transito","tag-punicao-por-morte-no-transito","tag-recall","tag-registro-nacional-positivo-de-condutores","tag-rnpc","tag-sistema-de-notificacao-eletronica","tag-transporte-de-criancas","tag-validade-da-cnh","tag-validade-da-habilitacao"],"yoast_head":"<!-- This site is optimized with the Yoast SEO plugin v28.3 - https:\/\/yoast.com\/product\/yoast-seo-wordpress\/ -->\n<title>Nova lei de tr\u00e2nsito entra em vigor nesta segunda - Aconteceu no Vale<\/title>\n<meta name=\"robots\" content=\"index, follow, max-snippet:-1, max-image-preview:large, max-video-preview:-1\" \/>\n<link rel=\"canonical\" href=\"https:\/\/aconteceunovale.com.br\/portal\/?p=177022\" \/>\n<meta property=\"og:locale\" content=\"pt_BR\" \/>\n<meta property=\"og:type\" content=\"article\" \/>\n<meta property=\"og:title\" content=\"Nova lei de tr\u00e2nsito entra em vigor nesta segunda - Aconteceu no Vale\" \/>\n<meta property=\"og:description\" content=\"As altera\u00e7\u00f5es no C\u00f3digo de Tr\u00e2nsito Brasileiro (CTB) entram em vigor a partir desta segunda-feira (12\/4\/2021). As mudan\u00e7as foram sancionadas pelo presidente Jair Bolsonaro em outubro do ano passado, quando ficou definido que a vig\u00eancia passaria a ocorrer 180 dias ap\u00f3s a san\u00e7\u00e3o. A partir de agora, os motoristas devem ficar atentos aos novos prazos [&hellip;]\" \/>\n<meta property=\"og:url\" content=\"https:\/\/aconteceunovale.com.br\/portal\/?p=177022\" \/>\n<meta property=\"og:site_name\" content=\"Aconteceu no Vale\" \/>\n<meta property=\"article:publisher\" content=\"https:\/\/www.facebook.com\/aconteceunovale\/\" \/>\n<meta property=\"article:published_time\" content=\"2021-04-11T19:21:37+00:00\" \/>\n<meta property=\"article:modified_time\" content=\"2021-04-11T19:22:26+00:00\" \/>\n<meta property=\"og:image\" content=\"https:\/\/aconteceunovale.com.br\/portal\/wp-content\/uploads\/2021\/04\/transito_bh.jpg\" \/>\n\t<meta property=\"og:image:width\" content=\"770\" \/>\n\t<meta property=\"og:image:height\" content=\"420\" \/>\n\t<meta property=\"og:image:type\" content=\"image\/jpeg\" \/>\n<meta name=\"author\" content=\"Reda\u00e7\u00e3o Aconteceu no Vale\" \/>\n<meta name=\"twitter:card\" content=\"summary_large_image\" \/>\n<meta name=\"twitter:creator\" content=\"@noticiadosvales\" \/>\n<meta name=\"twitter:site\" content=\"@noticiadosvales\" \/>\n<meta name=\"twitter:label1\" content=\"Escrito por\" \/>\n\t<meta name=\"twitter:data1\" content=\"Reda\u00e7\u00e3o Aconteceu no Vale\" \/>\n\t<meta name=\"twitter:label2\" content=\"Est. tempo de leitura\" \/>\n\t<meta name=\"twitter:data2\" content=\"3 minutos\" \/>\n<script type=\"application\/ld+json\" class=\"yoast-schema-graph\">{\"@context\":\"https:\\\/\\\/schema.org\",\"@graph\":[{\"@type\":\"Article\",\"@id\":\"https:\\\/\\\/aconteceunovale.com.br\\\/portal\\\/?p=177022#article\",\"isPartOf\":{\"@id\":\"https:\\\/\\\/aconteceunovale.com.br\\\/portal\\\/?p=177022\"},\"author\":{\"name\":\"Reda\u00e7\u00e3o Aconteceu no Vale\",\"@id\":\"https:\\\/\\\/aconteceunovale.com.br\\\/portal\\\/#\\\/schema\\\/person\\\/7d2f26d1483f8a63de73da1ee0754d35\"},\"headline\":\"Nova lei de tr\u00e2nsito entra em vigor nesta segunda\",\"datePublished\":\"2021-04-11T19:21:37+00:00\",\"dateModified\":\"2021-04-11T19:22:26+00:00\",\"mainEntityOfPage\":{\"@id\":\"https:\\\/\\\/aconteceunovale.com.br\\\/portal\\\/?p=177022\"},\"wordCount\":603,\"commentCount\":0,\"image\":{\"@id\":\"https:\\\/\\\/aconteceunovale.com.br\\\/portal\\\/?p=177022#primaryimage\"},\"thumbnailUrl\":\"https:\\\/\\\/aconteceunovale.com.br\\\/portal\\\/wp-content\\\/uploads\\\/2021\\\/04\\\/transito_bh.jpg\",\"keywords\":[\"50 altera\u00e7\u00f5es no C\u00f3digo de Tr\u00e2nsito Brasileiro\",\"50 altera\u00e7\u00f5es no CTB\",\"Advert\u00eancia por escrito\",\"Amplia\u00e7\u00e3o da validade da CNH\",\"Cadastro positivo tr\u00e2nsito\",\"Cadeirinhas\",\"Cartilha mudan\u00e7as C\u00f3digo de Tr\u00e2nsito Brasileiro\",\"Cartilha mudan\u00e7as CTB\",\"C\u00f3digo de Tr\u00e2nsito Brasileiro\",\"Comunica\u00e7\u00e3o de venda do ve\u00edculo\",\"Conhe\u00e7a as principais mudan\u00e7as no C\u00f3digo de Tr\u00e2nsito Brasileiro\",\"Departamento de Tr\u00e2nsito de Minas Gerais\",\"destaque\",\"detran-mg\",\"Eurico da Cunha\",\"Exame toxicol\u00f3gico\",\"Forma\u00e7\u00e3o de condutores\",\"Homic\u00eddio culposo tr\u00e2nsito\",\"Indica\u00e7\u00e3o de real condutor e defesa\",\"Lei n\u00b0 14.071\\\/2020\",\"Lei que muda o c\u00f3digo de tr\u00e2nsito brasileiro\",\"Lei que muda o CTB\",\"Les\u00e3o corporal no tr\u00e2nsito\",\"Limite de pontos CNH\",\"Limite de pontos habilita\u00e7\u00e3o\",\"Limite de pontos para suspens\u00e3o do direito de dirigir\",\"Lista de mudan\u00e7as no C\u00f3digo de Tr\u00e2nsito Brasileiro\",\"Lista de mudan\u00e7as no CTB\",\"Luz baixa em rodovias\",\"Mais prote\u00e7\u00e3o para ciclistas\",\"Mudan\u00e7as no C\u00f3digo Brasileiro de Tr\u00e2nsito\",\"Mudan\u00e7as no C\u00f3digo de Tr\u00e2nsito Brasileiro\",\"Mudan\u00e7as no CTB\",\"Nova lei de tr\u00e2nsito\",\"Nova lei de tr\u00e2nsito entra em vigor\",\"Nova lei de tr\u00e2nsito entra em vigor nesta segunda\",\"Nova puni\u00e7\u00e3o para morte no tr\u00e2nsito\",\"Novas regras para cadeirinhas\",\"Novas regras para recall\",\"N\u00famero de pontos para suspender carteira de motorista\",\"N\u00famero de pontos para suspender CNH\",\"Penas alternativas\",\"Porte da habilita\u00e7\u00e3o\",\"Prazo para renova\u00e7\u00e3o da CNH\",\"Prazo para renova\u00e7\u00e3o da CNH e outras mudan\u00e7as no C\u00f3digo de Tr\u00e2nsito Brasileiro come\u00e7am a valer neste m\u00eas\",\"Prazo para renovar carteira de habilita\u00e7\u00e3o\",\"Prazo para renovar habilita\u00e7\u00e3o\",\"Prazos para notifica\u00e7\u00e3o de penalidade\",\"Principais mudan\u00e7as no C\u00f3digo de Tr\u00e2nsito Brasileiro\",\"Puni\u00e7\u00e3o para quem matar no tr\u00e2nsito\",\"Puni\u00e7\u00e3o por morte no tr\u00e2nsito\",\"recall\",\"Registro Nacional Positivo de Condutores\",\"RNPC\",\"Sistema de Notifica\u00e7\u00e3o Eletr\u00f4nica\",\"Transporte de crian\u00e7as\",\"Validade da CNH\",\"Validade da habilita\u00e7\u00e3o\"],\"articleSection\":[\"Brasil\"],\"inLanguage\":\"pt-BR\",\"potentialAction\":[{\"@type\":\"CommentAction\",\"name\":\"Comment\",\"target\":[\"https:\\\/\\\/aconteceunovale.com.br\\\/portal\\\/?p=177022#respond\"]}]},{\"@type\":\"WebPage\",\"@id\":\"https:\\\/\\\/aconteceunovale.com.br\\\/portal\\\/?p=177022\",\"url\":\"https:\\\/\\\/aconteceunovale.com.br\\\/portal\\\/?p=177022\",\"name\":\"Nova lei de tr\u00e2nsito entra em vigor nesta segunda - Aconteceu no Vale\",\"isPartOf\":{\"@id\":\"https:\\\/\\\/aconteceunovale.com.br\\\/portal\\\/#website\"},\"primaryImageOfPage\":{\"@id\":\"https:\\\/\\\/aconteceunovale.com.br\\\/portal\\\/?p=177022#primaryimage\"},\"image\":{\"@id\":\"https:\\\/\\\/aconteceunovale.com.br\\\/portal\\\/?p=177022#primaryimage\"},\"thumbnailUrl\":\"https:\\\/\\\/aconteceunovale.com.br\\\/portal\\\/wp-content\\\/uploads\\\/2021\\\/04\\\/transito_bh.jpg\",\"datePublished\":\"2021-04-11T19:21:37+00:00\",\"dateModified\":\"2021-04-11T19:22:26+00:00\",\"author\":{\"@id\":\"https:\\\/\\\/aconteceunovale.com.br\\\/portal\\\/#\\\/schema\\\/person\\\/7d2f26d1483f8a63de73da1ee0754d35\"},\"breadcrumb\":{\"@id\":\"https:\\\/\\\/aconteceunovale.com.br\\\/portal\\\/?p=177022#breadcrumb\"},\"inLanguage\":\"pt-BR\",\"potentialAction\":[{\"@type\":\"ReadAction\",\"target\":[\"https:\\\/\\\/aconteceunovale.com.br\\\/portal\\\/?p=177022\"]}]},{\"@type\":\"ImageObject\",\"inLanguage\":\"pt-BR\",\"@id\":\"https:\\\/\\\/aconteceunovale.com.br\\\/portal\\\/?p=177022#primaryimage\",\"url\":\"https:\\\/\\\/aconteceunovale.com.br\\\/portal\\\/wp-content\\\/uploads\\\/2021\\\/04\\\/transito_bh.jpg\",\"contentUrl\":\"https:\\\/\\\/aconteceunovale.com.br\\\/portal\\\/wp-content\\\/uploads\\\/2021\\\/04\\\/transito_bh.jpg\",\"width\":770,\"height\":420},{\"@type\":\"BreadcrumbList\",\"@id\":\"https:\\\/\\\/aconteceunovale.com.br\\\/portal\\\/?p=177022#breadcrumb\",\"itemListElement\":[{\"@type\":\"ListItem\",\"position\":1,\"name\":\"In\u00edcio\",\"item\":\"https:\\\/\\\/aconteceunovale.com.br\\\/portal\\\/\"},{\"@type\":\"ListItem\",\"position\":2,\"name\":\"Nova lei de tr\u00e2nsito entra em vigor nesta segunda\"}]},{\"@type\":\"WebSite\",\"@id\":\"https:\\\/\\\/aconteceunovale.com.br\\\/portal\\\/#website\",\"url\":\"https:\\\/\\\/aconteceunovale.com.br\\\/portal\\\/\",\"name\":\"Aconteceu no Vale\",\"description\":\"Portal de Not\u00edcias\",\"potentialAction\":[{\"@type\":\"SearchAction\",\"target\":{\"@type\":\"EntryPoint\",\"urlTemplate\":\"https:\\\/\\\/aconteceunovale.com.br\\\/portal\\\/?s={search_term_string}\"},\"query-input\":{\"@type\":\"PropertyValueSpecification\",\"valueRequired\":true,\"valueName\":\"search_term_string\"}}],\"inLanguage\":\"pt-BR\"},{\"@type\":\"Person\",\"@id\":\"https:\\\/\\\/aconteceunovale.com.br\\\/portal\\\/#\\\/schema\\\/person\\\/7d2f26d1483f8a63de73da1ee0754d35\",\"name\":\"Reda\u00e7\u00e3o Aconteceu no Vale\",\"description\":\"Equipe de reportagem do Aconteceu no Vale, portal de not\u00edcias do Vale do Jequitinhonha, em Minas Gerais. Cobrimos as 51 cidades do Vale desde 2013. Sugest\u00f5es de pauta e pedidos de corre\u00e7\u00e3o: contato@aconteceunovale.com.br\",\"url\":\"https:\\\/\\\/aconteceunovale.com.br\\\/portal\\\/?author=4\"}]}<\/script>\n<!-- \/ Yoast SEO plugin. -->","yoast_head_json":{"title":"Nova lei de tr\u00e2nsito entra em vigor nesta segunda - Aconteceu no Vale","robots":{"index":"index","follow":"follow","max-snippet":"max-snippet:-1","max-image-preview":"max-image-preview:large","max-video-preview":"max-video-preview:-1"},"canonical":"https:\/\/aconteceunovale.com.br\/portal\/?p=177022","og_locale":"pt_BR","og_type":"article","og_title":"Nova lei de tr\u00e2nsito entra em vigor nesta segunda - Aconteceu no Vale","og_description":"As altera\u00e7\u00f5es no C\u00f3digo de Tr\u00e2nsito Brasileiro (CTB) entram em vigor a partir desta segunda-feira (12\/4\/2021). As mudan\u00e7as foram sancionadas pelo presidente Jair Bolsonaro em outubro do ano passado, quando ficou definido que a vig\u00eancia passaria a ocorrer 180 dias ap\u00f3s a san\u00e7\u00e3o. A partir de agora, os motoristas devem ficar atentos aos novos prazos [&hellip;]","og_url":"https:\/\/aconteceunovale.com.br\/portal\/?p=177022","og_site_name":"Aconteceu no Vale","article_publisher":"https:\/\/www.facebook.com\/aconteceunovale\/","article_published_time":"2021-04-11T19:21:37+00:00","article_modified_time":"2021-04-11T19:22:26+00:00","og_image":[{"width":770,"height":420,"url":"https:\/\/aconteceunovale.com.br\/portal\/wp-content\/uploads\/2021\/04\/transito_bh.jpg","type":"image\/jpeg"}],"author":"Reda\u00e7\u00e3o Aconteceu no Vale","twitter_card":"summary_large_image","twitter_creator":"@noticiadosvales","twitter_site":"@noticiadosvales","twitter_misc":{"Escrito por":"Reda\u00e7\u00e3o Aconteceu no Vale","Est. tempo de leitura":"3 minutos"},"schema":{"@context":"https:\/\/schema.org","@graph":[{"@type":"Article","@id":"https:\/\/aconteceunovale.com.br\/portal\/?p=177022#article","isPartOf":{"@id":"https:\/\/aconteceunovale.com.br\/portal\/?p=177022"},"author":{"name":"Reda\u00e7\u00e3o Aconteceu no Vale","@id":"https:\/\/aconteceunovale.com.br\/portal\/#\/schema\/person\/7d2f26d1483f8a63de73da1ee0754d35"},"headline":"Nova lei de tr\u00e2nsito entra em vigor nesta segunda","datePublished":"2021-04-11T19:21:37+00:00","dateModified":"2021-04-11T19:22:26+00:00","mainEntityOfPage":{"@id":"https:\/\/aconteceunovale.com.br\/portal\/?p=177022"},"wordCount":603,"commentCount":0,"image":{"@id":"https:\/\/aconteceunovale.com.br\/portal\/?p=177022#primaryimage"},"thumbnailUrl":"https:\/\/aconteceunovale.com.br\/portal\/wp-content\/uploads\/2021\/04\/transito_bh.jpg","keywords":["50 altera\u00e7\u00f5es no C\u00f3digo de Tr\u00e2nsito Brasileiro","50 altera\u00e7\u00f5es no CTB","Advert\u00eancia por escrito","Amplia\u00e7\u00e3o da validade da CNH","Cadastro positivo tr\u00e2nsito","Cadeirinhas","Cartilha mudan\u00e7as C\u00f3digo de Tr\u00e2nsito Brasileiro","Cartilha mudan\u00e7as CTB","C\u00f3digo de Tr\u00e2nsito Brasileiro","Comunica\u00e7\u00e3o de venda do ve\u00edculo","Conhe\u00e7a as principais mudan\u00e7as no C\u00f3digo de Tr\u00e2nsito Brasileiro","Departamento de Tr\u00e2nsito de Minas Gerais","destaque","detran-mg","Eurico da Cunha","Exame toxicol\u00f3gico","Forma\u00e7\u00e3o de condutores","Homic\u00eddio culposo tr\u00e2nsito","Indica\u00e7\u00e3o de real condutor e defesa","Lei n\u00b0 14.071\/2020","Lei que muda o c\u00f3digo de tr\u00e2nsito brasileiro","Lei que muda o CTB","Les\u00e3o corporal no tr\u00e2nsito","Limite de pontos CNH","Limite de pontos habilita\u00e7\u00e3o","Limite de pontos para suspens\u00e3o do direito de dirigir","Lista de mudan\u00e7as no C\u00f3digo de Tr\u00e2nsito Brasileiro","Lista de mudan\u00e7as no CTB","Luz baixa em rodovias","Mais prote\u00e7\u00e3o para ciclistas","Mudan\u00e7as no C\u00f3digo Brasileiro de Tr\u00e2nsito","Mudan\u00e7as no C\u00f3digo de Tr\u00e2nsito Brasileiro","Mudan\u00e7as no CTB","Nova lei de tr\u00e2nsito","Nova lei de tr\u00e2nsito entra em vigor","Nova lei de tr\u00e2nsito entra em vigor nesta segunda","Nova puni\u00e7\u00e3o para morte no tr\u00e2nsito","Novas regras para cadeirinhas","Novas regras para recall","N\u00famero de pontos para suspender carteira de motorista","N\u00famero de pontos para suspender CNH","Penas alternativas","Porte da habilita\u00e7\u00e3o","Prazo para renova\u00e7\u00e3o da CNH","Prazo para renova\u00e7\u00e3o da CNH e outras mudan\u00e7as no C\u00f3digo de Tr\u00e2nsito Brasileiro come\u00e7am a valer neste m\u00eas","Prazo para renovar carteira de habilita\u00e7\u00e3o","Prazo para renovar habilita\u00e7\u00e3o","Prazos para notifica\u00e7\u00e3o de penalidade","Principais mudan\u00e7as no C\u00f3digo de Tr\u00e2nsito Brasileiro","Puni\u00e7\u00e3o para quem matar no tr\u00e2nsito","Puni\u00e7\u00e3o por morte no tr\u00e2nsito","recall","Registro Nacional Positivo de Condutores","RNPC","Sistema de Notifica\u00e7\u00e3o Eletr\u00f4nica","Transporte de crian\u00e7as","Validade da CNH","Validade da habilita\u00e7\u00e3o"],"articleSection":["Brasil"],"inLanguage":"pt-BR","potentialAction":[{"@type":"CommentAction","name":"Comment","target":["https:\/\/aconteceunovale.com.br\/portal\/?p=177022#respond"]}]},{"@type":"WebPage","@id":"https:\/\/aconteceunovale.com.br\/portal\/?p=177022","url":"https:\/\/aconteceunovale.com.br\/portal\/?p=177022","name":"Nova lei de tr\u00e2nsito entra em vigor nesta segunda - Aconteceu no Vale","isPartOf":{"@id":"https:\/\/aconteceunovale.com.br\/portal\/#website"},"primaryImageOfPage":{"@id":"https:\/\/aconteceunovale.com.br\/portal\/?p=177022#primaryimage"},"image":{"@id":"https:\/\/aconteceunovale.com.br\/portal\/?p=177022#primaryimage"},"thumbnailUrl":"https:\/\/aconteceunovale.com.br\/portal\/wp-content\/uploads\/2021\/04\/transito_bh.jpg","datePublished":"2021-04-11T19:21:37+00:00","dateModified":"2021-04-11T19:22:26+00:00","author":{"@id":"https:\/\/aconteceunovale.com.br\/portal\/#\/schema\/person\/7d2f26d1483f8a63de73da1ee0754d35"},"breadcrumb":{"@id":"https:\/\/aconteceunovale.com.br\/portal\/?p=177022#breadcrumb"},"inLanguage":"pt-BR","potentialAction":[{"@type":"ReadAction","target":["https:\/\/aconteceunovale.com.br\/portal\/?p=177022"]}]},{"@type":"ImageObject","inLanguage":"pt-BR","@id":"https:\/\/aconteceunovale.com.br\/portal\/?p=177022#primaryimage","url":"https:\/\/aconteceunovale.com.br\/portal\/wp-content\/uploads\/2021\/04\/transito_bh.jpg","contentUrl":"https:\/\/aconteceunovale.com.br\/portal\/wp-content\/uploads\/2021\/04\/transito_bh.jpg","width":770,"height":420},{"@type":"BreadcrumbList","@id":"https:\/\/aconteceunovale.com.br\/portal\/?p=177022#breadcrumb","itemListElement":[{"@type":"ListItem","position":1,"name":"In\u00edcio","item":"https:\/\/aconteceunovale.com.br\/portal\/"},{"@type":"ListItem","position":2,"name":"Nova lei de tr\u00e2nsito entra em vigor nesta segunda"}]},{"@type":"WebSite","@id":"https:\/\/aconteceunovale.com.br\/portal\/#website","url":"https:\/\/aconteceunovale.com.br\/portal\/","name":"Aconteceu no Vale","description":"Portal de Not\u00edcias","potentialAction":[{"@type":"SearchAction","target":{"@type":"EntryPoint","urlTemplate":"https:\/\/aconteceunovale.com.br\/portal\/?s={search_term_string}"},"query-input":{"@type":"PropertyValueSpecification","valueRequired":true,"valueName":"search_term_string"}}],"inLanguage":"pt-BR"},{"@type":"Person","@id":"https:\/\/aconteceunovale.com.br\/portal\/#\/schema\/person\/7d2f26d1483f8a63de73da1ee0754d35","name":"Reda\u00e7\u00e3o Aconteceu no Vale","description":"Equipe de reportagem do Aconteceu no Vale, portal de not\u00edcias do Vale do Jequitinhonha, em Minas Gerais. Cobrimos as 51 cidades do Vale desde 2013. Sugest\u00f5es de pauta e pedidos de corre\u00e7\u00e3o: contato@aconteceunovale.com.br","url":"https:\/\/aconteceunovale.com.br\/portal\/?author=4"}]}},"_links":{"self":[{"href":"https:\/\/aconteceunovale.com.br\/portal\/index.php?rest_route=\/wp\/v2\/posts\/177022","targetHints":{"allow":["GET"]}}],"collection":[{"href":"https:\/\/aconteceunovale.com.br\/portal\/index.php?rest_route=\/wp\/v2\/posts"}],"about":[{"href":"https:\/\/aconteceunovale.com.br\/portal\/index.php?rest_route=\/wp\/v2\/types\/post"}],"author":[{"embeddable":true,"href":"https:\/\/aconteceunovale.com.br\/portal\/index.php?rest_route=\/wp\/v2\/users\/4"}],"replies":[{"embeddable":true,"href":"https:\/\/aconteceunovale.com.br\/portal\/index.php?rest_route=%2Fwp%2Fv2%2Fcomments&post=177022"}],"version-history":[{"count":1,"href":"https:\/\/aconteceunovale.com.br\/portal\/index.php?rest_route=\/wp\/v2\/posts\/177022\/revisions"}],"predecessor-version":[{"id":177024,"href":"https:\/\/aconteceunovale.com.br\/portal\/index.php?rest_route=\/wp\/v2\/posts\/177022\/revisions\/177024"}],"wp:featuredmedia":[{"embeddable":true,"href":"https:\/\/aconteceunovale.com.br\/portal\/index.php?rest_route=\/wp\/v2\/media\/177023"}],"wp:attachment":[{"href":"https:\/\/aconteceunovale.com.br\/portal\/index.php?rest_route=%2Fwp%2Fv2%2Fmedia&parent=177022"}],"wp:term":[{"taxonomy":"category","embeddable":true,"href":"https:\/\/aconteceunovale.com.br\/portal\/index.php?rest_route=%2Fwp%2Fv2%2Fcategories&post=177022"},{"taxonomy":"post_tag","embeddable":true,"href":"https:\/\/aconteceunovale.com.br\/portal\/index.php?rest_route=%2Fwp%2Fv2%2Ftags&post=177022"}],"curies":[{"name":"wp","href":"https:\/\/api.w.org\/{rel}","templated":true}]}}