{"id":177010,"date":"2021-04-11T12:38:51","date_gmt":"2021-04-11T15:38:51","guid":{"rendered":"https:\/\/aconteceunovale.com.br\/portal\/?p=177010"},"modified":"2021-04-11T12:40:32","modified_gmt":"2021-04-11T15:40:32","slug":"aretha-duarte-quer-ser-a-primeira-brasileira-negra-a-chegar-ao-topo-do-everest","status":"publish","type":"post","link":"https:\/\/aconteceunovale.com.br\/portal\/?p=177010","title":{"rendered":"Aretha Duarte quer ser a primeira brasileira negra a chegar ao topo do Everest"},"content":{"rendered":"\n<p class=\"wp-block-paragraph\">A gente ouve por a\u00ed que toda caminhada come\u00e7a com o primeiro passo. Mas e uma escalada?<\/p>\n\n\n\n<p class=\"wp-block-paragraph\">A educadora f\u00edsica Aretha Duarte mora na periferia de Campinas, em S\u00e3o Paulo, e foi a primeira da fam\u00edlia a conquistar um diploma de ensino superior. Agora, ela quer ir mais alto. Literalmente.<\/p>\n\n\n\n<p class=\"wp-block-paragraph\">O desafio \u00e9 escalar os 8.848 metros do monte Everest &#8211; o mais alto do planeta, localizado entre o Nepal e o Tibete.&nbsp;<\/p>\n\n\n\n<p class=\"wp-block-paragraph\">Para iniciar a subida, Aretha disse que n\u00e3o precisou s\u00f3 de um, mas de seis passos: estar com \u00f3timo condicionamento f\u00edsico, ter experi\u00eancias de escalada em rocha, escalada em gelo, ter subido diferentes montanhas e ter escalado montanhas de 7 mil a 8 mil metros de altitude. Faltava o sexto passo.<\/p>\n\n\n\n<p class=\"wp-block-paragraph\">\u201cAs quest\u00f5es f\u00edsicas, t\u00e9cnicas, eu j\u00e1 tinha alcan\u00e7ado ao longo dos anos de trabalho \u2013 trabalho com montanhismo desde 2011 \u2013, mas o que eu n\u00e3o tinha foi o que eu chamei de sexto passo, o investimento financeiro para essa empreitada. Ent\u00e3o eu comecei a jornada em mar\u00e7o de 2020, juntando material recicl\u00e1vel, que era algo que eu fazia na minha inf\u00e2ncia e adolesc\u00eancia. Foram 13 meses juntando aproximadamente 500 quilos de material por dia, com a ajuda de familiares e amigos, para chegar at\u00e9 aqui\u201d.<\/p>\n\n\n\n<figure class=\"wp-block-gallery columns-1 is-cropped wp-block-gallery-1 is-layout-flex wp-block-gallery-is-layout-flex\"><ul class=\"blocks-gallery-grid\"><li class=\"blocks-gallery-item\"><figure><img loading=\"lazy\" decoding=\"async\" width=\"678\" height=\"406\" src=\"https:\/\/aconteceunovale.com.br\/portal\/wp-content\/uploads\/2021\/04\/aretha_duarte.jpeg\" alt=\"\" data-id=\"177011\" data-full-url=\"https:\/\/aconteceunovale.com.br\/portal\/wp-content\/uploads\/2021\/04\/aretha_duarte.jpeg\" data-link=\"https:\/\/aconteceunovale.com.br\/portal\/?attachment_id=177011\" class=\"wp-image-177011\" srcset=\"https:\/\/aconteceunovale.com.br\/portal\/wp-content\/uploads\/2021\/04\/aretha_duarte.jpeg 678w, https:\/\/aconteceunovale.com.br\/portal\/wp-content\/uploads\/2021\/04\/aretha_duarte-300x180.jpeg 300w\" sizes=\"auto, (max-width: 678px) 100vw, 678px\" \/><figcaption class=\"blocks-gallery-item__caption\"><em>Aretha Duarte &#8211; Foto: Gabriel Tarso\/Divulga\u00e7\u00e3o<\/em><\/figcaption><\/figure><\/li><\/ul><\/figure>\n\n\n\n<p class=\"wp-block-paragraph\">Aretha Duarte faz montanhismo h\u00e1 10 anos. Mas sabe por que ela decidiu em mar\u00e7o do ano passado escalar o Everest agora? \u00c9 que ela estava de viagem marcada para o Nepal, para ser guia de um grupo at\u00e9 o campo base da montanha, mas o pa\u00eds tinha fechado as fronteiras.<\/p>\n\n\n\n<p class=\"wp-block-paragraph\">Ent\u00e3o, Aretha decidiu que, quando pudesse, iria al\u00e9m do campo base e chegaria ao topo do Everest. A oportunidade chegou. \u201cApesar das dificuldades, de frio, de pouco conforto, de uma regi\u00e3o in\u00f3spita, de uma comida diferente da nossa casa, de ficar distante da nossa fam\u00edlia e amigos, de ser uma expedi\u00e7\u00e3o muito longa, s\u00e3o aproximadamente 60 dias, enfim. T\u00eam muitas adversidades, mas, de verdade, estou desfrutando demais dessa expedi\u00e7\u00e3o, estou muito contente em poder realizar, e por isso estou muito grata e feliz por essa jornada\u201d.<\/p>\n\n\n\n<p class=\"wp-block-paragraph\">Ainda deve levar cerca de um m\u00eas at\u00e9 que Aretha Duarte chegue ao topo do Everest. Se ela conseguir, ser\u00e1 a primeira brasileira negra a fazer isso. E est\u00e1 consciente que esse \u00e9 o primeiro de outros grandes desafios para popularizar um esporte ainda dominado por homens brancos e ricos.<\/p>\n\n\n\n<p class=\"wp-block-paragraph\">\u201cE muito al\u00e9m de chegar ao topo dessa montanha. Eu entendi que essa minha empreitada \u00e9 para gerar recursos e abrir portas para que as pessoas que t\u00eam dificuldade de oportunidades tenham esse acesso. Por exemplo, a escalada. Dentro do projeto eu tenho a miss\u00e3o e o compromisso de instalar paredes de escalada na periferia, para que esse esporte que me faz t\u00e3o bem chegue a outras pessoas. Assim como outras oportunidades, como tecnologia, rob\u00f3tica, artes, filosofia\u201d.<\/p>\n\n\n\n<p class=\"wp-block-paragraph\">O retorno da Aretha ao Brasil est\u00e1 previsto para o fim do m\u00eas de maio. Quem quiser acompanhar essa jornada pode seguir a montanhista na internet. O perfil dela no Instagram \u00e9 <a href=\"https:\/\/www.instagram.com\/Aretha_Duarte\/\" target=\"_blank\" rel=\"noreferrer noopener\">@Aretha_Duarte<\/a>.<\/p>\n\n\n\n<p class=\"wp-block-paragraph\">&#8212;&#8212;&#8212;&#8212;&#8212;&#8212;<br><em>Quer receber as not\u00edcias do <strong>Aconteceu no Vale<\/strong> em primeira m\u00e3o? Siga-nos no Facebook <a rel=\"noreferrer noopener\" href=\"http:\/\/facebook.com\/aconteceunovale\" target=\"_blank\">@aconteceunovale<\/a>, Twitter <a rel=\"noreferrer noopener\" href=\"https:\/\/twitter.com\/noticiadosvales\" target=\"_blank\">@noticiadosvales<\/a> e Instagram <a rel=\"noreferrer noopener\" href=\"https:\/\/www.instagram.com\/aconteceunovale\" target=\"_blank\">@aconteceunovale<\/a>.<\/em><\/p>\n","protected":false},"excerpt":{"rendered":"<p>A gente ouve por a\u00ed que toda caminhada come\u00e7a com o primeiro passo. Mas e uma escalada? A educadora f\u00edsica Aretha Duarte mora na periferia de Campinas, em S\u00e3o Paulo, e foi a primeira da fam\u00edlia a conquistar um diploma de ensino superior. Agora, ela quer ir mais alto. Literalmente. O desafio \u00e9 escalar os [&hellip;]<\/p>\n","protected":false},"author":4,"featured_media":177011,"comment_status":"open","ping_status":"closed","sticky":false,"template":"","format":"standard","meta":{"amp_status":"","footnotes":""},"categories":[6,59,28848],"tags":[242853,242848,242852,4607,1018,242850,242851,242855,242856,42995,242849,2382,242854,242857],"class_list":["post-177010","post","type-post","status-publish","format-standard","has-post-thumbnail","hentry","category-br","category-esportes","category-mundo","tag-aretha-duarte","tag-aretha-duarte-quer-ser-a-primeira-brasileira-negra-a-chegar-ao-topo-do-everest","tag-brasileira-no-topo-do-everest","tag-campinas","tag-destaque","tag-escalada-do-everest","tag-monte-everest","tag-monte-mais-alto-do-planeta","tag-monte-mais-alto-do-planeta-terra","tag-nepal","tag-primeira-brasileira-negra-a-chegar-ao-topo-do-everest","tag-sao-paulo","tag-sobre-aretha-duarte","tag-tibete"],"yoast_head":"<!-- This site is optimized with the Yoast SEO plugin v28.3 - https:\/\/yoast.com\/product\/yoast-seo-wordpress\/ -->\n<title>Aretha Duarte quer ser a primeira brasileira negra a chegar ao topo do Everest - Aconteceu no Vale<\/title>\n<meta name=\"robots\" content=\"index, follow, max-snippet:-1, max-image-preview:large, max-video-preview:-1\" \/>\n<link rel=\"canonical\" href=\"https:\/\/aconteceunovale.com.br\/portal\/?p=177010\" \/>\n<meta property=\"og:locale\" content=\"pt_BR\" \/>\n<meta property=\"og:type\" content=\"article\" \/>\n<meta property=\"og:title\" content=\"Aretha Duarte quer ser a primeira brasileira negra a chegar ao topo do Everest - Aconteceu no Vale\" \/>\n<meta property=\"og:description\" content=\"A gente ouve por a\u00ed que toda caminhada come\u00e7a com o primeiro passo. Mas e uma escalada? A educadora f\u00edsica Aretha Duarte mora na periferia de Campinas, em S\u00e3o Paulo, e foi a primeira da fam\u00edlia a conquistar um diploma de ensino superior. Agora, ela quer ir mais alto. Literalmente. O desafio \u00e9 escalar os [&hellip;]\" \/>\n<meta property=\"og:url\" content=\"https:\/\/aconteceunovale.com.br\/portal\/?p=177010\" \/>\n<meta property=\"og:site_name\" content=\"Aconteceu no Vale\" \/>\n<meta property=\"article:publisher\" content=\"https:\/\/www.facebook.com\/aconteceunovale\/\" \/>\n<meta property=\"article:published_time\" content=\"2021-04-11T15:38:51+00:00\" \/>\n<meta property=\"article:modified_time\" content=\"2021-04-11T15:40:32+00:00\" \/>\n<meta property=\"og:image\" content=\"https:\/\/aconteceunovale.com.br\/portal\/wp-content\/uploads\/2021\/04\/aretha_duarte.jpeg\" \/>\n\t<meta property=\"og:image:width\" content=\"678\" \/>\n\t<meta property=\"og:image:height\" content=\"406\" \/>\n\t<meta property=\"og:image:type\" content=\"image\/jpeg\" \/>\n<meta name=\"author\" content=\"Reda\u00e7\u00e3o Aconteceu no Vale\" \/>\n<meta name=\"twitter:card\" content=\"summary_large_image\" \/>\n<meta name=\"twitter:creator\" content=\"@noticiadosvales\" \/>\n<meta name=\"twitter:site\" content=\"@noticiadosvales\" \/>\n<meta name=\"twitter:label1\" content=\"Escrito por\" \/>\n\t<meta name=\"twitter:data1\" content=\"Reda\u00e7\u00e3o Aconteceu no Vale\" \/>\n\t<meta name=\"twitter:label2\" content=\"Est. tempo de leitura\" \/>\n\t<meta name=\"twitter:data2\" content=\"3 minutos\" \/>\n<script type=\"application\/ld+json\" class=\"yoast-schema-graph\">{\"@context\":\"https:\\\/\\\/schema.org\",\"@graph\":[{\"@type\":\"Article\",\"@id\":\"https:\\\/\\\/aconteceunovale.com.br\\\/portal\\\/?p=177010#article\",\"isPartOf\":{\"@id\":\"https:\\\/\\\/aconteceunovale.com.br\\\/portal\\\/?p=177010\"},\"author\":{\"name\":\"Reda\u00e7\u00e3o Aconteceu no Vale\",\"@id\":\"https:\\\/\\\/aconteceunovale.com.br\\\/portal\\\/#\\\/schema\\\/person\\\/7d2f26d1483f8a63de73da1ee0754d35\"},\"headline\":\"Aretha Duarte quer ser a primeira brasileira negra a chegar ao topo do Everest\",\"datePublished\":\"2021-04-11T15:38:51+00:00\",\"dateModified\":\"2021-04-11T15:40:32+00:00\",\"mainEntityOfPage\":{\"@id\":\"https:\\\/\\\/aconteceunovale.com.br\\\/portal\\\/?p=177010\"},\"wordCount\":573,\"commentCount\":0,\"image\":{\"@id\":\"https:\\\/\\\/aconteceunovale.com.br\\\/portal\\\/?p=177010#primaryimage\"},\"thumbnailUrl\":\"https:\\\/\\\/aconteceunovale.com.br\\\/portal\\\/wp-content\\\/uploads\\\/2021\\\/04\\\/aretha_duarte.jpeg\",\"keywords\":[\"Aretha Duarte\",\"Aretha Duarte quer ser a primeira brasileira negra a chegar ao topo do Everest\",\"Brasileira no topo do Everest\",\"Campinas\",\"destaque\",\"Escalada do Everest\",\"Monte Everest\",\"Monte mais alto do Planeta\",\"Monte mais alto do Planeta Terra\",\"Nepal\",\"Primeira brasileira negra a chegar ao topo do Everest\",\"S\u00e3o Paulo\",\"Sobre Aretha Duarte\",\"Tibete\"],\"articleSection\":[\"Brasil\",\"Esportes\",\"Mundo\"],\"inLanguage\":\"pt-BR\",\"potentialAction\":[{\"@type\":\"CommentAction\",\"name\":\"Comment\",\"target\":[\"https:\\\/\\\/aconteceunovale.com.br\\\/portal\\\/?p=177010#respond\"]}]},{\"@type\":\"WebPage\",\"@id\":\"https:\\\/\\\/aconteceunovale.com.br\\\/portal\\\/?p=177010\",\"url\":\"https:\\\/\\\/aconteceunovale.com.br\\\/portal\\\/?p=177010\",\"name\":\"Aretha Duarte quer ser a primeira brasileira negra a chegar ao topo do Everest - Aconteceu no Vale\",\"isPartOf\":{\"@id\":\"https:\\\/\\\/aconteceunovale.com.br\\\/portal\\\/#website\"},\"primaryImageOfPage\":{\"@id\":\"https:\\\/\\\/aconteceunovale.com.br\\\/portal\\\/?p=177010#primaryimage\"},\"image\":{\"@id\":\"https:\\\/\\\/aconteceunovale.com.br\\\/portal\\\/?p=177010#primaryimage\"},\"thumbnailUrl\":\"https:\\\/\\\/aconteceunovale.com.br\\\/portal\\\/wp-content\\\/uploads\\\/2021\\\/04\\\/aretha_duarte.jpeg\",\"datePublished\":\"2021-04-11T15:38:51+00:00\",\"dateModified\":\"2021-04-11T15:40:32+00:00\",\"author\":{\"@id\":\"https:\\\/\\\/aconteceunovale.com.br\\\/portal\\\/#\\\/schema\\\/person\\\/7d2f26d1483f8a63de73da1ee0754d35\"},\"breadcrumb\":{\"@id\":\"https:\\\/\\\/aconteceunovale.com.br\\\/portal\\\/?p=177010#breadcrumb\"},\"inLanguage\":\"pt-BR\",\"potentialAction\":[{\"@type\":\"ReadAction\",\"target\":[\"https:\\\/\\\/aconteceunovale.com.br\\\/portal\\\/?p=177010\"]}]},{\"@type\":\"ImageObject\",\"inLanguage\":\"pt-BR\",\"@id\":\"https:\\\/\\\/aconteceunovale.com.br\\\/portal\\\/?p=177010#primaryimage\",\"url\":\"https:\\\/\\\/aconteceunovale.com.br\\\/portal\\\/wp-content\\\/uploads\\\/2021\\\/04\\\/aretha_duarte.jpeg\",\"contentUrl\":\"https:\\\/\\\/aconteceunovale.com.br\\\/portal\\\/wp-content\\\/uploads\\\/2021\\\/04\\\/aretha_duarte.jpeg\",\"width\":678,\"height\":406},{\"@type\":\"BreadcrumbList\",\"@id\":\"https:\\\/\\\/aconteceunovale.com.br\\\/portal\\\/?p=177010#breadcrumb\",\"itemListElement\":[{\"@type\":\"ListItem\",\"position\":1,\"name\":\"In\u00edcio\",\"item\":\"https:\\\/\\\/aconteceunovale.com.br\\\/portal\\\/\"},{\"@type\":\"ListItem\",\"position\":2,\"name\":\"Aretha Duarte quer ser a primeira brasileira negra a chegar ao topo do Everest\"}]},{\"@type\":\"WebSite\",\"@id\":\"https:\\\/\\\/aconteceunovale.com.br\\\/portal\\\/#website\",\"url\":\"https:\\\/\\\/aconteceunovale.com.br\\\/portal\\\/\",\"name\":\"Aconteceu no Vale\",\"description\":\"Portal de Not\u00edcias\",\"potentialAction\":[{\"@type\":\"SearchAction\",\"target\":{\"@type\":\"EntryPoint\",\"urlTemplate\":\"https:\\\/\\\/aconteceunovale.com.br\\\/portal\\\/?s={search_term_string}\"},\"query-input\":{\"@type\":\"PropertyValueSpecification\",\"valueRequired\":true,\"valueName\":\"search_term_string\"}}],\"inLanguage\":\"pt-BR\"},{\"@type\":\"Person\",\"@id\":\"https:\\\/\\\/aconteceunovale.com.br\\\/portal\\\/#\\\/schema\\\/person\\\/7d2f26d1483f8a63de73da1ee0754d35\",\"name\":\"Reda\u00e7\u00e3o Aconteceu no Vale\",\"description\":\"Equipe de reportagem do Aconteceu no Vale, portal de not\u00edcias do Vale do Jequitinhonha, em Minas Gerais. Cobrimos as 51 cidades do Vale desde 2013. Sugest\u00f5es de pauta e pedidos de corre\u00e7\u00e3o: contato@aconteceunovale.com.br\",\"url\":\"https:\\\/\\\/aconteceunovale.com.br\\\/portal\\\/?author=4\"}]}<\/script>\n<!-- \/ Yoast SEO plugin. -->","yoast_head_json":{"title":"Aretha Duarte quer ser a primeira brasileira negra a chegar ao topo do Everest - Aconteceu no Vale","robots":{"index":"index","follow":"follow","max-snippet":"max-snippet:-1","max-image-preview":"max-image-preview:large","max-video-preview":"max-video-preview:-1"},"canonical":"https:\/\/aconteceunovale.com.br\/portal\/?p=177010","og_locale":"pt_BR","og_type":"article","og_title":"Aretha Duarte quer ser a primeira brasileira negra a chegar ao topo do Everest - Aconteceu no Vale","og_description":"A gente ouve por a\u00ed que toda caminhada come\u00e7a com o primeiro passo. Mas e uma escalada? A educadora f\u00edsica Aretha Duarte mora na periferia de Campinas, em S\u00e3o Paulo, e foi a primeira da fam\u00edlia a conquistar um diploma de ensino superior. Agora, ela quer ir mais alto. Literalmente. O desafio \u00e9 escalar os [&hellip;]","og_url":"https:\/\/aconteceunovale.com.br\/portal\/?p=177010","og_site_name":"Aconteceu no Vale","article_publisher":"https:\/\/www.facebook.com\/aconteceunovale\/","article_published_time":"2021-04-11T15:38:51+00:00","article_modified_time":"2021-04-11T15:40:32+00:00","og_image":[{"width":678,"height":406,"url":"https:\/\/aconteceunovale.com.br\/portal\/wp-content\/uploads\/2021\/04\/aretha_duarte.jpeg","type":"image\/jpeg"}],"author":"Reda\u00e7\u00e3o Aconteceu no Vale","twitter_card":"summary_large_image","twitter_creator":"@noticiadosvales","twitter_site":"@noticiadosvales","twitter_misc":{"Escrito por":"Reda\u00e7\u00e3o Aconteceu no Vale","Est. tempo de leitura":"3 minutos"},"schema":{"@context":"https:\/\/schema.org","@graph":[{"@type":"Article","@id":"https:\/\/aconteceunovale.com.br\/portal\/?p=177010#article","isPartOf":{"@id":"https:\/\/aconteceunovale.com.br\/portal\/?p=177010"},"author":{"name":"Reda\u00e7\u00e3o Aconteceu no Vale","@id":"https:\/\/aconteceunovale.com.br\/portal\/#\/schema\/person\/7d2f26d1483f8a63de73da1ee0754d35"},"headline":"Aretha Duarte quer ser a primeira brasileira negra a chegar ao topo do Everest","datePublished":"2021-04-11T15:38:51+00:00","dateModified":"2021-04-11T15:40:32+00:00","mainEntityOfPage":{"@id":"https:\/\/aconteceunovale.com.br\/portal\/?p=177010"},"wordCount":573,"commentCount":0,"image":{"@id":"https:\/\/aconteceunovale.com.br\/portal\/?p=177010#primaryimage"},"thumbnailUrl":"https:\/\/aconteceunovale.com.br\/portal\/wp-content\/uploads\/2021\/04\/aretha_duarte.jpeg","keywords":["Aretha Duarte","Aretha Duarte quer ser a primeira brasileira negra a chegar ao topo do Everest","Brasileira no topo do Everest","Campinas","destaque","Escalada do Everest","Monte Everest","Monte mais alto do Planeta","Monte mais alto do Planeta Terra","Nepal","Primeira brasileira negra a chegar ao topo do Everest","S\u00e3o Paulo","Sobre Aretha Duarte","Tibete"],"articleSection":["Brasil","Esportes","Mundo"],"inLanguage":"pt-BR","potentialAction":[{"@type":"CommentAction","name":"Comment","target":["https:\/\/aconteceunovale.com.br\/portal\/?p=177010#respond"]}]},{"@type":"WebPage","@id":"https:\/\/aconteceunovale.com.br\/portal\/?p=177010","url":"https:\/\/aconteceunovale.com.br\/portal\/?p=177010","name":"Aretha Duarte quer ser a primeira brasileira negra a chegar ao topo do Everest - Aconteceu no Vale","isPartOf":{"@id":"https:\/\/aconteceunovale.com.br\/portal\/#website"},"primaryImageOfPage":{"@id":"https:\/\/aconteceunovale.com.br\/portal\/?p=177010#primaryimage"},"image":{"@id":"https:\/\/aconteceunovale.com.br\/portal\/?p=177010#primaryimage"},"thumbnailUrl":"https:\/\/aconteceunovale.com.br\/portal\/wp-content\/uploads\/2021\/04\/aretha_duarte.jpeg","datePublished":"2021-04-11T15:38:51+00:00","dateModified":"2021-04-11T15:40:32+00:00","author":{"@id":"https:\/\/aconteceunovale.com.br\/portal\/#\/schema\/person\/7d2f26d1483f8a63de73da1ee0754d35"},"breadcrumb":{"@id":"https:\/\/aconteceunovale.com.br\/portal\/?p=177010#breadcrumb"},"inLanguage":"pt-BR","potentialAction":[{"@type":"ReadAction","target":["https:\/\/aconteceunovale.com.br\/portal\/?p=177010"]}]},{"@type":"ImageObject","inLanguage":"pt-BR","@id":"https:\/\/aconteceunovale.com.br\/portal\/?p=177010#primaryimage","url":"https:\/\/aconteceunovale.com.br\/portal\/wp-content\/uploads\/2021\/04\/aretha_duarte.jpeg","contentUrl":"https:\/\/aconteceunovale.com.br\/portal\/wp-content\/uploads\/2021\/04\/aretha_duarte.jpeg","width":678,"height":406},{"@type":"BreadcrumbList","@id":"https:\/\/aconteceunovale.com.br\/portal\/?p=177010#breadcrumb","itemListElement":[{"@type":"ListItem","position":1,"name":"In\u00edcio","item":"https:\/\/aconteceunovale.com.br\/portal\/"},{"@type":"ListItem","position":2,"name":"Aretha Duarte quer ser a primeira brasileira negra a chegar ao topo do Everest"}]},{"@type":"WebSite","@id":"https:\/\/aconteceunovale.com.br\/portal\/#website","url":"https:\/\/aconteceunovale.com.br\/portal\/","name":"Aconteceu no Vale","description":"Portal de Not\u00edcias","potentialAction":[{"@type":"SearchAction","target":{"@type":"EntryPoint","urlTemplate":"https:\/\/aconteceunovale.com.br\/portal\/?s={search_term_string}"},"query-input":{"@type":"PropertyValueSpecification","valueRequired":true,"valueName":"search_term_string"}}],"inLanguage":"pt-BR"},{"@type":"Person","@id":"https:\/\/aconteceunovale.com.br\/portal\/#\/schema\/person\/7d2f26d1483f8a63de73da1ee0754d35","name":"Reda\u00e7\u00e3o Aconteceu no Vale","description":"Equipe de reportagem do Aconteceu no Vale, portal de not\u00edcias do Vale do Jequitinhonha, em Minas Gerais. Cobrimos as 51 cidades do Vale desde 2013. Sugest\u00f5es de pauta e pedidos de corre\u00e7\u00e3o: contato@aconteceunovale.com.br","url":"https:\/\/aconteceunovale.com.br\/portal\/?author=4"}]}},"_links":{"self":[{"href":"https:\/\/aconteceunovale.com.br\/portal\/index.php?rest_route=\/wp\/v2\/posts\/177010","targetHints":{"allow":["GET"]}}],"collection":[{"href":"https:\/\/aconteceunovale.com.br\/portal\/index.php?rest_route=\/wp\/v2\/posts"}],"about":[{"href":"https:\/\/aconteceunovale.com.br\/portal\/index.php?rest_route=\/wp\/v2\/types\/post"}],"author":[{"embeddable":true,"href":"https:\/\/aconteceunovale.com.br\/portal\/index.php?rest_route=\/wp\/v2\/users\/4"}],"replies":[{"embeddable":true,"href":"https:\/\/aconteceunovale.com.br\/portal\/index.php?rest_route=%2Fwp%2Fv2%2Fcomments&post=177010"}],"version-history":[{"count":1,"href":"https:\/\/aconteceunovale.com.br\/portal\/index.php?rest_route=\/wp\/v2\/posts\/177010\/revisions"}],"predecessor-version":[{"id":177012,"href":"https:\/\/aconteceunovale.com.br\/portal\/index.php?rest_route=\/wp\/v2\/posts\/177010\/revisions\/177012"}],"wp:featuredmedia":[{"embeddable":true,"href":"https:\/\/aconteceunovale.com.br\/portal\/index.php?rest_route=\/wp\/v2\/media\/177011"}],"wp:attachment":[{"href":"https:\/\/aconteceunovale.com.br\/portal\/index.php?rest_route=%2Fwp%2Fv2%2Fmedia&parent=177010"}],"wp:term":[{"taxonomy":"category","embeddable":true,"href":"https:\/\/aconteceunovale.com.br\/portal\/index.php?rest_route=%2Fwp%2Fv2%2Fcategories&post=177010"},{"taxonomy":"post_tag","embeddable":true,"href":"https:\/\/aconteceunovale.com.br\/portal\/index.php?rest_route=%2Fwp%2Fv2%2Ftags&post=177010"}],"curies":[{"name":"wp","href":"https:\/\/api.w.org\/{rel}","templated":true}]}}