{"id":177000,"date":"2021-04-11T10:01:35","date_gmt":"2021-04-11T13:01:35","guid":{"rendered":"https:\/\/aconteceunovale.com.br\/portal\/?p=177000"},"modified":"2021-04-11T10:03:34","modified_gmt":"2021-04-11T13:03:34","slug":"infectados-pela-covid-19-devem-esperar-ao-menos-um-mes-para-tomar-vacina","status":"publish","type":"post","link":"https:\/\/aconteceunovale.com.br\/portal\/?p=177000","title":{"rendered":"Infectados pela Covid-19 devem esperar ao menos um m\u00eas para tomar vacina"},"content":{"rendered":"\n<p class=\"wp-block-paragraph\">O Brasil registrou at\u00e9 ontem (10\/4\/2021) 13,4 milh\u00f5es de pessoas infectadas desde o in\u00edcio da pandemia, cerca de 6% da popula\u00e7\u00e3o brasileira. No momento em que a vacina\u00e7\u00e3o contra a Covid-19 est\u00e1 sendo realizada no pa\u00eds, uma das d\u00favidas mais comuns \u00e9 o que muda no caso de quem j\u00e1 teve a doen\u00e7a quando da aplica\u00e7\u00e3o da vacina.<\/p>\n\n\n\n<p class=\"wp-block-paragraph\">Segundo o infectologista Hemerson Luz, quem j\u00e1 teve a covid-19 deve esperar ao menos um m\u00eas antes de tomar a vacina contra a doen\u00e7a. Esse intervalo \u00e9 contado a partir de 14 dias depois do diagn\u00f3stico positivo, quando foi convencionado que a pessoa se livra do v\u00edrus.<\/p>\n\n\n\n<p class=\"wp-block-paragraph\">Ele explica que ainda n\u00e3o h\u00e1 publica\u00e7\u00f5es e estudos demonstrando efeitos, mas que m\u00e9dicos t\u00eam adotado esse tempo m\u00ednimo para evitar potenciais efeitos adversos.<\/p>\n\n\n\n<p class=\"wp-block-paragraph\">Se a pessoa tiver com a doen\u00e7a aguda, com febre e com sintomas da covid-19, ela n\u00e3o deve se vacinar. Antes disso, deve procurar um m\u00e9dico para receber orienta\u00e7\u00f5es e ter um diagn\u00f3stico se est\u00e1 ou n\u00e3o com a covid-19.<\/p>\n\n\n\n<p class=\"wp-block-paragraph\">\u201cSe tiver com sintomas vou esperar encerrar o meu quadro. Se eu tiver com sintomas, tenho que procurar o m\u00e9dico para verificar o diagn\u00f3stico. Se tiver infectado, tem que aguardar at\u00e9 resolver o quadro e a\u00ed depois de 30 dias\u201d, explica o infectologista.<\/p>\n\n\n\n<p class=\"wp-block-paragraph\">Luz lembra que a vacina pode causar efeitos adversos, em geral no local da aplica\u00e7\u00e3o, como incha\u00e7o, vermelhid\u00e3o, febre ou indisposi\u00e7\u00e3o. Mas essas rea\u00e7\u00f5es n\u00e3o duram mais de 48 horas e podem ser tratadas com rem\u00e9dios como analg\u00e9sicos e antit\u00e9rmicos.<\/p>\n\n\n\n<p class=\"wp-block-paragraph\">O infectologista alerta que quem j\u00e1 foi infectado pode contrair a covid-19 novamente, mas o quadro deve ser brando. \u201cA [vacina] CoronaVac tem efic\u00e1cia de 50% para pegar a doen\u00e7a, mas \u00e9 100% eficaz contra o caso grave. A [vacina] Oxford\/AstraZeneca \u00e9 um pouco mais efetiva, a 70%, mas mesmo assim existe possibilidade de ficar doente\u201d, disse.<\/p>\n\n\n\n<p class=\"wp-block-paragraph\">O infectologista ressalta a import\u00e2ncia da vacina\u00e7\u00e3o mesmo para quem j\u00e1 teve a covid-19. E acrescenta que n\u00e3o \u00e9 preciso ter receio, pois n\u00e3o h\u00e1 chance da vacina causar doen\u00e7as. Mesmo aquelas que utilizam v\u00edrus inativados n\u00e3o t\u00eam qualquer possibilidade de replica\u00e7\u00e3o do v\u00edrus no organismo.<\/p>\n\n\n\n<p class=\"wp-block-paragraph\">&#8212;&#8212;&#8212;&#8212;&#8212;&#8212;<br><em>Quer receber as not\u00edcias do <strong>Aconteceu no Vale<\/strong> em primeira m\u00e3o? Siga-nos no Facebook <a rel=\"noreferrer noopener\" href=\"http:\/\/facebook.com\/aconteceunovale\" target=\"_blank\">@aconteceunovale<\/a>, Twitter <a rel=\"noreferrer noopener\" href=\"https:\/\/twitter.com\/noticiadosvales\" target=\"_blank\">@noticiadosvales<\/a> e Instagram <a rel=\"noreferrer noopener\" href=\"https:\/\/www.instagram.com\/aconteceunovale\" target=\"_blank\">@aconteceunovale<\/a>.<\/em><\/p>\n","protected":false},"excerpt":{"rendered":"<p>O Brasil registrou at\u00e9 ontem (10\/4\/2021) 13,4 milh\u00f5es de pessoas infectadas desde o in\u00edcio da pandemia, cerca de 6% da popula\u00e7\u00e3o brasileira. No momento em que a vacina\u00e7\u00e3o contra a Covid-19 est\u00e1 sendo realizada no pa\u00eds, uma das d\u00favidas mais comuns \u00e9 o que muda no caso de quem j\u00e1 teve a doen\u00e7a quando da [&hellip;]<\/p>\n","protected":false},"author":4,"featured_media":175360,"comment_status":"open","ping_status":"closed","sticky":false,"template":"","format":"standard","meta":{"amp_status":"","footnotes":""},"categories":[6,40242],"tags":[224214,4785,223371,223372,214884,216498,235499,1018,24222,242838,242834,242839,125970,140166,219687,218365,242835,219312,225780,219775,219773,237342,242836,242837],"class_list":["post-177000","post","type-post","status-publish","format-standard","has-post-thumbnail","hentry","category-br","category-saude-2","tag-astrazeneca","tag-brasil","tag-butantan","tag-coronavac","tag-coronavirus","tag-covid-19","tag-covishield","tag-destaque","tag-fiocruz","tag-hemerson-luz","tag-infectados-pela-covid-19-devem-esperar-ao-menos-um-mes-para-tomar-vacina","tag-infectologista-hemerson-luz","tag-oxford","tag-pandemia","tag-pandemia-da-covid-19","tag-pandemia-do-coronavirus","tag-prazo-para-vacinar-contra-covid-19","tag-sars-cov-2","tag-sinovac","tag-vacina-contra-coronavirus","tag-vacina-contra-covid-19","tag-vacina-oxford-astrazeneca","tag-vacinacao-de-infectados-pela-covid-19","tag-vacinacao-de-quem-ja-teve-a-covid-19"],"yoast_head":"<!-- This site is optimized with the Yoast SEO plugin v28.3 - https:\/\/yoast.com\/product\/yoast-seo-wordpress\/ -->\n<title>Infectados pela Covid-19 devem esperar ao menos um m\u00eas para tomar vacina - Aconteceu no Vale<\/title>\n<meta name=\"robots\" content=\"index, follow, max-snippet:-1, max-image-preview:large, max-video-preview:-1\" \/>\n<link rel=\"canonical\" href=\"https:\/\/aconteceunovale.com.br\/portal\/?p=177000\" \/>\n<meta property=\"og:locale\" content=\"pt_BR\" \/>\n<meta property=\"og:type\" content=\"article\" \/>\n<meta property=\"og:title\" content=\"Infectados pela Covid-19 devem esperar ao menos um m\u00eas para tomar vacina - Aconteceu no Vale\" \/>\n<meta property=\"og:description\" content=\"O Brasil registrou at\u00e9 ontem (10\/4\/2021) 13,4 milh\u00f5es de pessoas infectadas desde o in\u00edcio da pandemia, cerca de 6% da popula\u00e7\u00e3o brasileira. No momento em que a vacina\u00e7\u00e3o contra a Covid-19 est\u00e1 sendo realizada no pa\u00eds, uma das d\u00favidas mais comuns \u00e9 o que muda no caso de quem j\u00e1 teve a doen\u00e7a quando da [&hellip;]\" \/>\n<meta property=\"og:url\" content=\"https:\/\/aconteceunovale.com.br\/portal\/?p=177000\" \/>\n<meta property=\"og:site_name\" content=\"Aconteceu no Vale\" \/>\n<meta property=\"article:publisher\" content=\"https:\/\/www.facebook.com\/aconteceunovale\/\" \/>\n<meta property=\"article:published_time\" content=\"2021-04-11T13:01:35+00:00\" \/>\n<meta property=\"article:modified_time\" content=\"2021-04-11T13:03:34+00:00\" \/>\n<meta property=\"og:image\" content=\"https:\/\/aconteceunovale.com.br\/portal\/wp-content\/uploads\/2021\/03\/vacina_corona_mg.jpeg\" \/>\n\t<meta property=\"og:image:width\" content=\"675\" \/>\n\t<meta property=\"og:image:height\" content=\"450\" \/>\n\t<meta property=\"og:image:type\" content=\"image\/jpeg\" \/>\n<meta name=\"author\" content=\"Reda\u00e7\u00e3o Aconteceu no Vale\" \/>\n<meta name=\"twitter:card\" content=\"summary_large_image\" \/>\n<meta name=\"twitter:creator\" content=\"@noticiadosvales\" \/>\n<meta name=\"twitter:site\" content=\"@noticiadosvales\" \/>\n<meta name=\"twitter:label1\" content=\"Escrito por\" \/>\n\t<meta name=\"twitter:data1\" content=\"Reda\u00e7\u00e3o Aconteceu no Vale\" \/>\n\t<meta name=\"twitter:label2\" content=\"Est. tempo de leitura\" \/>\n\t<meta name=\"twitter:data2\" content=\"2 minutos\" \/>\n<script type=\"application\/ld+json\" class=\"yoast-schema-graph\">{\"@context\":\"https:\\\/\\\/schema.org\",\"@graph\":[{\"@type\":\"Article\",\"@id\":\"https:\\\/\\\/aconteceunovale.com.br\\\/portal\\\/?p=177000#article\",\"isPartOf\":{\"@id\":\"https:\\\/\\\/aconteceunovale.com.br\\\/portal\\\/?p=177000\"},\"author\":{\"name\":\"Reda\u00e7\u00e3o Aconteceu no Vale\",\"@id\":\"https:\\\/\\\/aconteceunovale.com.br\\\/portal\\\/#\\\/schema\\\/person\\\/7d2f26d1483f8a63de73da1ee0754d35\"},\"headline\":\"Infectados pela Covid-19 devem esperar ao menos um m\u00eas para tomar vacina\",\"datePublished\":\"2021-04-11T13:01:35+00:00\",\"dateModified\":\"2021-04-11T13:03:34+00:00\",\"mainEntityOfPage\":{\"@id\":\"https:\\\/\\\/aconteceunovale.com.br\\\/portal\\\/?p=177000\"},\"wordCount\":424,\"commentCount\":0,\"image\":{\"@id\":\"https:\\\/\\\/aconteceunovale.com.br\\\/portal\\\/?p=177000#primaryimage\"},\"thumbnailUrl\":\"https:\\\/\\\/aconteceunovale.com.br\\\/portal\\\/wp-content\\\/uploads\\\/2021\\\/03\\\/vacina_corona_mg.jpeg\",\"keywords\":[\"AstraZeneca\",\"brasil\",\"Butantan\",\"CoronaVac\",\"Coronav\u00edrus\",\"COVID-19\",\"Covishield\",\"destaque\",\"Fiocruz\",\"Hemerson Luz\",\"Infectados pela Covid-19 devem esperar ao menos um m\u00eas para tomar vacina\",\"Infectologista Hemerson Luz\",\"Oxford\",\"pandemia\",\"Pandemia da covid-19\",\"Pandemia do coronav\u00edrus\",\"Prazo para vacinar contra covid-19\",\"Sars-Cov-2\",\"Sinovac\",\"Vacina contra coronav\u00edrus\",\"Vacina contra covid-19\",\"Vacina Oxford-AstraZeneca\",\"Vacina\u00e7\u00e3o de infectados pela covid-19\",\"Vacina\u00e7\u00e3o de quem j\u00e1 teve a covid-19\"],\"articleSection\":[\"Brasil\",\"Sa\u00fade\"],\"inLanguage\":\"pt-BR\",\"potentialAction\":[{\"@type\":\"CommentAction\",\"name\":\"Comment\",\"target\":[\"https:\\\/\\\/aconteceunovale.com.br\\\/portal\\\/?p=177000#respond\"]}]},{\"@type\":\"WebPage\",\"@id\":\"https:\\\/\\\/aconteceunovale.com.br\\\/portal\\\/?p=177000\",\"url\":\"https:\\\/\\\/aconteceunovale.com.br\\\/portal\\\/?p=177000\",\"name\":\"Infectados pela Covid-19 devem esperar ao menos um m\u00eas para tomar vacina - Aconteceu no Vale\",\"isPartOf\":{\"@id\":\"https:\\\/\\\/aconteceunovale.com.br\\\/portal\\\/#website\"},\"primaryImageOfPage\":{\"@id\":\"https:\\\/\\\/aconteceunovale.com.br\\\/portal\\\/?p=177000#primaryimage\"},\"image\":{\"@id\":\"https:\\\/\\\/aconteceunovale.com.br\\\/portal\\\/?p=177000#primaryimage\"},\"thumbnailUrl\":\"https:\\\/\\\/aconteceunovale.com.br\\\/portal\\\/wp-content\\\/uploads\\\/2021\\\/03\\\/vacina_corona_mg.jpeg\",\"datePublished\":\"2021-04-11T13:01:35+00:00\",\"dateModified\":\"2021-04-11T13:03:34+00:00\",\"author\":{\"@id\":\"https:\\\/\\\/aconteceunovale.com.br\\\/portal\\\/#\\\/schema\\\/person\\\/7d2f26d1483f8a63de73da1ee0754d35\"},\"breadcrumb\":{\"@id\":\"https:\\\/\\\/aconteceunovale.com.br\\\/portal\\\/?p=177000#breadcrumb\"},\"inLanguage\":\"pt-BR\",\"potentialAction\":[{\"@type\":\"ReadAction\",\"target\":[\"https:\\\/\\\/aconteceunovale.com.br\\\/portal\\\/?p=177000\"]}]},{\"@type\":\"ImageObject\",\"inLanguage\":\"pt-BR\",\"@id\":\"https:\\\/\\\/aconteceunovale.com.br\\\/portal\\\/?p=177000#primaryimage\",\"url\":\"https:\\\/\\\/aconteceunovale.com.br\\\/portal\\\/wp-content\\\/uploads\\\/2021\\\/03\\\/vacina_corona_mg.jpeg\",\"contentUrl\":\"https:\\\/\\\/aconteceunovale.com.br\\\/portal\\\/wp-content\\\/uploads\\\/2021\\\/03\\\/vacina_corona_mg.jpeg\",\"width\":675,\"height\":450},{\"@type\":\"BreadcrumbList\",\"@id\":\"https:\\\/\\\/aconteceunovale.com.br\\\/portal\\\/?p=177000#breadcrumb\",\"itemListElement\":[{\"@type\":\"ListItem\",\"position\":1,\"name\":\"In\u00edcio\",\"item\":\"https:\\\/\\\/aconteceunovale.com.br\\\/portal\\\/\"},{\"@type\":\"ListItem\",\"position\":2,\"name\":\"Infectados pela Covid-19 devem esperar ao menos um m\u00eas para tomar vacina\"}]},{\"@type\":\"WebSite\",\"@id\":\"https:\\\/\\\/aconteceunovale.com.br\\\/portal\\\/#website\",\"url\":\"https:\\\/\\\/aconteceunovale.com.br\\\/portal\\\/\",\"name\":\"Aconteceu no Vale\",\"description\":\"Portal de Not\u00edcias\",\"potentialAction\":[{\"@type\":\"SearchAction\",\"target\":{\"@type\":\"EntryPoint\",\"urlTemplate\":\"https:\\\/\\\/aconteceunovale.com.br\\\/portal\\\/?s={search_term_string}\"},\"query-input\":{\"@type\":\"PropertyValueSpecification\",\"valueRequired\":true,\"valueName\":\"search_term_string\"}}],\"inLanguage\":\"pt-BR\"},{\"@type\":\"Person\",\"@id\":\"https:\\\/\\\/aconteceunovale.com.br\\\/portal\\\/#\\\/schema\\\/person\\\/7d2f26d1483f8a63de73da1ee0754d35\",\"name\":\"Reda\u00e7\u00e3o Aconteceu no Vale\",\"description\":\"Equipe de reportagem do Aconteceu no Vale, portal de not\u00edcias do Vale do Jequitinhonha, em Minas Gerais. Cobrimos as 51 cidades do Vale desde 2013. Sugest\u00f5es de pauta e pedidos de corre\u00e7\u00e3o: contato@aconteceunovale.com.br\",\"url\":\"https:\\\/\\\/aconteceunovale.com.br\\\/portal\\\/?author=4\"}]}<\/script>\n<!-- \/ Yoast SEO plugin. -->","yoast_head_json":{"title":"Infectados pela Covid-19 devem esperar ao menos um m\u00eas para tomar vacina - Aconteceu no Vale","robots":{"index":"index","follow":"follow","max-snippet":"max-snippet:-1","max-image-preview":"max-image-preview:large","max-video-preview":"max-video-preview:-1"},"canonical":"https:\/\/aconteceunovale.com.br\/portal\/?p=177000","og_locale":"pt_BR","og_type":"article","og_title":"Infectados pela Covid-19 devem esperar ao menos um m\u00eas para tomar vacina - Aconteceu no Vale","og_description":"O Brasil registrou at\u00e9 ontem (10\/4\/2021) 13,4 milh\u00f5es de pessoas infectadas desde o in\u00edcio da pandemia, cerca de 6% da popula\u00e7\u00e3o brasileira. No momento em que a vacina\u00e7\u00e3o contra a Covid-19 est\u00e1 sendo realizada no pa\u00eds, uma das d\u00favidas mais comuns \u00e9 o que muda no caso de quem j\u00e1 teve a doen\u00e7a quando da [&hellip;]","og_url":"https:\/\/aconteceunovale.com.br\/portal\/?p=177000","og_site_name":"Aconteceu no Vale","article_publisher":"https:\/\/www.facebook.com\/aconteceunovale\/","article_published_time":"2021-04-11T13:01:35+00:00","article_modified_time":"2021-04-11T13:03:34+00:00","og_image":[{"width":675,"height":450,"url":"https:\/\/aconteceunovale.com.br\/portal\/wp-content\/uploads\/2021\/03\/vacina_corona_mg.jpeg","type":"image\/jpeg"}],"author":"Reda\u00e7\u00e3o Aconteceu no Vale","twitter_card":"summary_large_image","twitter_creator":"@noticiadosvales","twitter_site":"@noticiadosvales","twitter_misc":{"Escrito por":"Reda\u00e7\u00e3o Aconteceu no Vale","Est. tempo de leitura":"2 minutos"},"schema":{"@context":"https:\/\/schema.org","@graph":[{"@type":"Article","@id":"https:\/\/aconteceunovale.com.br\/portal\/?p=177000#article","isPartOf":{"@id":"https:\/\/aconteceunovale.com.br\/portal\/?p=177000"},"author":{"name":"Reda\u00e7\u00e3o Aconteceu no Vale","@id":"https:\/\/aconteceunovale.com.br\/portal\/#\/schema\/person\/7d2f26d1483f8a63de73da1ee0754d35"},"headline":"Infectados pela Covid-19 devem esperar ao menos um m\u00eas para tomar vacina","datePublished":"2021-04-11T13:01:35+00:00","dateModified":"2021-04-11T13:03:34+00:00","mainEntityOfPage":{"@id":"https:\/\/aconteceunovale.com.br\/portal\/?p=177000"},"wordCount":424,"commentCount":0,"image":{"@id":"https:\/\/aconteceunovale.com.br\/portal\/?p=177000#primaryimage"},"thumbnailUrl":"https:\/\/aconteceunovale.com.br\/portal\/wp-content\/uploads\/2021\/03\/vacina_corona_mg.jpeg","keywords":["AstraZeneca","brasil","Butantan","CoronaVac","Coronav\u00edrus","COVID-19","Covishield","destaque","Fiocruz","Hemerson Luz","Infectados pela Covid-19 devem esperar ao menos um m\u00eas para tomar vacina","Infectologista Hemerson Luz","Oxford","pandemia","Pandemia da covid-19","Pandemia do coronav\u00edrus","Prazo para vacinar contra covid-19","Sars-Cov-2","Sinovac","Vacina contra coronav\u00edrus","Vacina contra covid-19","Vacina Oxford-AstraZeneca","Vacina\u00e7\u00e3o de infectados pela covid-19","Vacina\u00e7\u00e3o de quem j\u00e1 teve a covid-19"],"articleSection":["Brasil","Sa\u00fade"],"inLanguage":"pt-BR","potentialAction":[{"@type":"CommentAction","name":"Comment","target":["https:\/\/aconteceunovale.com.br\/portal\/?p=177000#respond"]}]},{"@type":"WebPage","@id":"https:\/\/aconteceunovale.com.br\/portal\/?p=177000","url":"https:\/\/aconteceunovale.com.br\/portal\/?p=177000","name":"Infectados pela Covid-19 devem esperar ao menos um m\u00eas para tomar vacina - Aconteceu no Vale","isPartOf":{"@id":"https:\/\/aconteceunovale.com.br\/portal\/#website"},"primaryImageOfPage":{"@id":"https:\/\/aconteceunovale.com.br\/portal\/?p=177000#primaryimage"},"image":{"@id":"https:\/\/aconteceunovale.com.br\/portal\/?p=177000#primaryimage"},"thumbnailUrl":"https:\/\/aconteceunovale.com.br\/portal\/wp-content\/uploads\/2021\/03\/vacina_corona_mg.jpeg","datePublished":"2021-04-11T13:01:35+00:00","dateModified":"2021-04-11T13:03:34+00:00","author":{"@id":"https:\/\/aconteceunovale.com.br\/portal\/#\/schema\/person\/7d2f26d1483f8a63de73da1ee0754d35"},"breadcrumb":{"@id":"https:\/\/aconteceunovale.com.br\/portal\/?p=177000#breadcrumb"},"inLanguage":"pt-BR","potentialAction":[{"@type":"ReadAction","target":["https:\/\/aconteceunovale.com.br\/portal\/?p=177000"]}]},{"@type":"ImageObject","inLanguage":"pt-BR","@id":"https:\/\/aconteceunovale.com.br\/portal\/?p=177000#primaryimage","url":"https:\/\/aconteceunovale.com.br\/portal\/wp-content\/uploads\/2021\/03\/vacina_corona_mg.jpeg","contentUrl":"https:\/\/aconteceunovale.com.br\/portal\/wp-content\/uploads\/2021\/03\/vacina_corona_mg.jpeg","width":675,"height":450},{"@type":"BreadcrumbList","@id":"https:\/\/aconteceunovale.com.br\/portal\/?p=177000#breadcrumb","itemListElement":[{"@type":"ListItem","position":1,"name":"In\u00edcio","item":"https:\/\/aconteceunovale.com.br\/portal\/"},{"@type":"ListItem","position":2,"name":"Infectados pela Covid-19 devem esperar ao menos um m\u00eas para tomar vacina"}]},{"@type":"WebSite","@id":"https:\/\/aconteceunovale.com.br\/portal\/#website","url":"https:\/\/aconteceunovale.com.br\/portal\/","name":"Aconteceu no Vale","description":"Portal de Not\u00edcias","potentialAction":[{"@type":"SearchAction","target":{"@type":"EntryPoint","urlTemplate":"https:\/\/aconteceunovale.com.br\/portal\/?s={search_term_string}"},"query-input":{"@type":"PropertyValueSpecification","valueRequired":true,"valueName":"search_term_string"}}],"inLanguage":"pt-BR"},{"@type":"Person","@id":"https:\/\/aconteceunovale.com.br\/portal\/#\/schema\/person\/7d2f26d1483f8a63de73da1ee0754d35","name":"Reda\u00e7\u00e3o Aconteceu no Vale","description":"Equipe de reportagem do Aconteceu no Vale, portal de not\u00edcias do Vale do Jequitinhonha, em Minas Gerais. Cobrimos as 51 cidades do Vale desde 2013. Sugest\u00f5es de pauta e pedidos de corre\u00e7\u00e3o: contato@aconteceunovale.com.br","url":"https:\/\/aconteceunovale.com.br\/portal\/?author=4"}]}},"_links":{"self":[{"href":"https:\/\/aconteceunovale.com.br\/portal\/index.php?rest_route=\/wp\/v2\/posts\/177000","targetHints":{"allow":["GET"]}}],"collection":[{"href":"https:\/\/aconteceunovale.com.br\/portal\/index.php?rest_route=\/wp\/v2\/posts"}],"about":[{"href":"https:\/\/aconteceunovale.com.br\/portal\/index.php?rest_route=\/wp\/v2\/types\/post"}],"author":[{"embeddable":true,"href":"https:\/\/aconteceunovale.com.br\/portal\/index.php?rest_route=\/wp\/v2\/users\/4"}],"replies":[{"embeddable":true,"href":"https:\/\/aconteceunovale.com.br\/portal\/index.php?rest_route=%2Fwp%2Fv2%2Fcomments&post=177000"}],"version-history":[{"count":1,"href":"https:\/\/aconteceunovale.com.br\/portal\/index.php?rest_route=\/wp\/v2\/posts\/177000\/revisions"}],"predecessor-version":[{"id":177001,"href":"https:\/\/aconteceunovale.com.br\/portal\/index.php?rest_route=\/wp\/v2\/posts\/177000\/revisions\/177001"}],"wp:featuredmedia":[{"embeddable":true,"href":"https:\/\/aconteceunovale.com.br\/portal\/index.php?rest_route=\/wp\/v2\/media\/175360"}],"wp:attachment":[{"href":"https:\/\/aconteceunovale.com.br\/portal\/index.php?rest_route=%2Fwp%2Fv2%2Fmedia&parent=177000"}],"wp:term":[{"taxonomy":"category","embeddable":true,"href":"https:\/\/aconteceunovale.com.br\/portal\/index.php?rest_route=%2Fwp%2Fv2%2Fcategories&post=177000"},{"taxonomy":"post_tag","embeddable":true,"href":"https:\/\/aconteceunovale.com.br\/portal\/index.php?rest_route=%2Fwp%2Fv2%2Ftags&post=177000"}],"curies":[{"name":"wp","href":"https:\/\/api.w.org\/{rel}","templated":true}]}}