{"id":176995,"date":"2021-04-11T09:48:10","date_gmt":"2021-04-11T12:48:10","guid":{"rendered":"https:\/\/aconteceunovale.com.br\/portal\/?p=176995"},"modified":"2021-04-11T09:50:08","modified_gmt":"2021-04-11T12:50:08","slug":"homem-morre-em-acidente-com-caminhao-na-br-251-no-norte-de-minas","status":"publish","type":"post","link":"https:\/\/aconteceunovale.com.br\/portal\/?p=176995","title":{"rendered":"Homem morre em acidente com caminh\u00e3o na BR-251, no Norte de Minas"},"content":{"rendered":"\n<p class=\"wp-block-paragraph\">Um homem de 29 anos morreu em um acidente na BR-251, no munic\u00edpio de Francisco S\u00e1 (MG), no s\u00e1bado (10\/4\/2021). Joeldson Freitas Pereira conduzia um caminh\u00e3o VW\/25.250 CNC 6X2, emplacado em Montes Claros, quando perdeu o controle da dire\u00e7\u00e3o na altura do km 496 e capotou.<\/p>\n\n\n\n<figure class=\"wp-block-gallery columns-1 is-cropped wp-block-gallery-1 is-layout-flex wp-block-gallery-is-layout-flex\"><ul class=\"blocks-gallery-grid\"><li class=\"blocks-gallery-item\"><figure><img loading=\"lazy\" decoding=\"async\" width=\"600\" height=\"450\" src=\"https:\/\/aconteceunovale.com.br\/portal\/wp-content\/uploads\/2021\/04\/acidente_251_3.jpg\" alt=\"\" data-id=\"176996\" data-full-url=\"https:\/\/aconteceunovale.com.br\/portal\/wp-content\/uploads\/2021\/04\/acidente_251_3.jpg\" data-link=\"https:\/\/aconteceunovale.com.br\/portal\/?attachment_id=176996\" class=\"wp-image-176996\" srcset=\"https:\/\/aconteceunovale.com.br\/portal\/wp-content\/uploads\/2021\/04\/acidente_251_3.jpg 600w, https:\/\/aconteceunovale.com.br\/portal\/wp-content\/uploads\/2021\/04\/acidente_251_3-300x225.jpg 300w, https:\/\/aconteceunovale.com.br\/portal\/wp-content\/uploads\/2021\/04\/acidente_251_3-80x60.jpg 80w, https:\/\/aconteceunovale.com.br\/portal\/wp-content\/uploads\/2021\/04\/acidente_251_3-265x198.jpg 265w, https:\/\/aconteceunovale.com.br\/portal\/wp-content\/uploads\/2021\/04\/acidente_251_3-560x420.jpg 560w\" sizes=\"auto, (max-width: 600px) 100vw, 600px\" \/><figcaption class=\"blocks-gallery-item__caption\"><em>Foto: Divulga\u00e7\u00e3o \/ Corpo de Bombeiros<\/em><\/figcaption><\/figure><\/li><\/ul><\/figure>\n\n\n\n<p class=\"wp-block-paragraph\">Segundo informa\u00e7\u00f5es do Corpo de Bombeiros, a v\u00edtima foi arremessada do ve\u00edculo e veio a \u00f3bito no local. O corpo foi retirado das ferragens e liberado para o Instituto M\u00e9dico Legal (IML).<\/p>\n\n\n\n<p class=\"wp-block-paragraph\">As causas do acidente ser\u00e3o apuradas.<\/p>\n\n\n\n<figure class=\"wp-block-gallery columns-1 is-cropped wp-block-gallery-2 is-layout-flex wp-block-gallery-is-layout-flex\"><ul class=\"blocks-gallery-grid\"><li class=\"blocks-gallery-item\"><figure><img loading=\"lazy\" decoding=\"async\" width=\"600\" height=\"450\" src=\"https:\/\/aconteceunovale.com.br\/portal\/wp-content\/uploads\/2021\/04\/acidente_251_1.jpg\" alt=\"\" data-id=\"176997\" data-full-url=\"https:\/\/aconteceunovale.com.br\/portal\/wp-content\/uploads\/2021\/04\/acidente_251_1.jpg\" data-link=\"https:\/\/aconteceunovale.com.br\/portal\/?attachment_id=176997\" class=\"wp-image-176997\" srcset=\"https:\/\/aconteceunovale.com.br\/portal\/wp-content\/uploads\/2021\/04\/acidente_251_1.jpg 600w, https:\/\/aconteceunovale.com.br\/portal\/wp-content\/uploads\/2021\/04\/acidente_251_1-300x225.jpg 300w, https:\/\/aconteceunovale.com.br\/portal\/wp-content\/uploads\/2021\/04\/acidente_251_1-80x60.jpg 80w, https:\/\/aconteceunovale.com.br\/portal\/wp-content\/uploads\/2021\/04\/acidente_251_1-265x198.jpg 265w, https:\/\/aconteceunovale.com.br\/portal\/wp-content\/uploads\/2021\/04\/acidente_251_1-560x420.jpg 560w\" sizes=\"auto, (max-width: 600px) 100vw, 600px\" \/><figcaption class=\"blocks-gallery-item__caption\"><em>Foto: Divulga\u00e7\u00e3o \/ Corpo de Bombeiros<\/em><\/figcaption><\/figure><\/li><\/ul><\/figure>\n\n\n\n<p class=\"wp-block-paragraph\">&#8212;&#8212;&#8212;&#8212;&#8212;&#8212;<br><em>Quer receber as not\u00edcias do <strong>Aconteceu no Vale<\/strong> em primeira m\u00e3o? Siga-nos no Facebook <a rel=\"noreferrer noopener\" href=\"http:\/\/facebook.com\/aconteceunovale\" target=\"_blank\">@aconteceunovale<\/a>, Twitter <a rel=\"noreferrer noopener\" href=\"https:\/\/twitter.com\/noticiadosvales\" target=\"_blank\">@noticiadosvales<\/a> e Instagram <a rel=\"noreferrer noopener\" href=\"https:\/\/www.instagram.com\/aconteceunovale\" target=\"_blank\">@aconteceunovale<\/a>.<\/em><\/p>\n","protected":false},"excerpt":{"rendered":"<p>Um homem de 29 anos morreu em um acidente na BR-251, no munic\u00edpio de Francisco S\u00e1 (MG), no s\u00e1bado (10\/4\/2021). Joeldson Freitas Pereira conduzia um caminh\u00e3o VW\/25.250 CNC 6X2, emplacado em Montes Claros, quando perdeu o controle da dire\u00e7\u00e3o na altura do km 496 e capotou. Segundo informa\u00e7\u00f5es do Corpo de Bombeiros, a v\u00edtima foi [&hellip;]<\/p>\n","protected":false},"author":4,"featured_media":176996,"comment_status":"open","ping_status":"closed","sticky":false,"template":"","format":"standard","meta":{"amp_status":"","footnotes":""},"categories":[1236],"tags":[38478,242831,242830,43626,111754,242832,2034,206350,209231,206349,1018,1395,242829,242833,210],"class_list":["post-176995","post","type-post","status-publish","format-standard","has-post-thumbnail","hentry","category-norte_de_minas","tag-acidente-com-caminhao-de-montes-claros","tag-acidente-com-caminhao-de-montes-claros-em-francisco-sa","tag-acidente-com-caminhao-de-montes-claros-na-br-251","tag-acidente-com-caminhao-em-francisco-sa","tag-acidente-com-caminhao-na-br-251","tag-acidente-com-caminhoneiro-de-montes-claros","tag-acidente-em-francisco-sa","tag-acidente-na-br-251-2","tag-acidente-na-br-251-em-francisco-sa-2","tag-br-251-2","tag-destaque","tag-francisco-sa","tag-homem-morre-em-acidente-com-caminhao-na-br-251","tag-joeldson-freitas-pereira","tag-montes-claros"],"yoast_head":"<!-- This site is optimized with the Yoast SEO plugin v28.3 - https:\/\/yoast.com\/product\/yoast-seo-wordpress\/ -->\n<title>Homem morre em acidente com caminh\u00e3o na BR-251, no Norte de Minas - Aconteceu no Vale<\/title>\n<meta name=\"robots\" content=\"index, follow, max-snippet:-1, max-image-preview:large, max-video-preview:-1\" \/>\n<link rel=\"canonical\" href=\"https:\/\/aconteceunovale.com.br\/portal\/?p=176995\" \/>\n<meta property=\"og:locale\" content=\"pt_BR\" \/>\n<meta property=\"og:type\" content=\"article\" \/>\n<meta property=\"og:title\" content=\"Homem morre em acidente com caminh\u00e3o na BR-251, no Norte de Minas - Aconteceu no Vale\" \/>\n<meta property=\"og:description\" content=\"Um homem de 29 anos morreu em um acidente na BR-251, no munic\u00edpio de Francisco S\u00e1 (MG), no s\u00e1bado (10\/4\/2021). Joeldson Freitas Pereira conduzia um caminh\u00e3o VW\/25.250 CNC 6X2, emplacado em Montes Claros, quando perdeu o controle da dire\u00e7\u00e3o na altura do km 496 e capotou. Segundo informa\u00e7\u00f5es do Corpo de Bombeiros, a v\u00edtima foi [&hellip;]\" \/>\n<meta property=\"og:url\" content=\"https:\/\/aconteceunovale.com.br\/portal\/?p=176995\" \/>\n<meta property=\"og:site_name\" content=\"Aconteceu no Vale\" \/>\n<meta property=\"article:publisher\" content=\"https:\/\/www.facebook.com\/aconteceunovale\/\" \/>\n<meta property=\"article:published_time\" content=\"2021-04-11T12:48:10+00:00\" \/>\n<meta property=\"article:modified_time\" content=\"2021-04-11T12:50:08+00:00\" \/>\n<meta property=\"og:image\" content=\"https:\/\/aconteceunovale.com.br\/portal\/wp-content\/uploads\/2021\/04\/acidente_251_3.jpg\" \/>\n\t<meta property=\"og:image:width\" content=\"600\" \/>\n\t<meta property=\"og:image:height\" content=\"450\" \/>\n\t<meta property=\"og:image:type\" content=\"image\/jpeg\" \/>\n<meta name=\"author\" content=\"Reda\u00e7\u00e3o Aconteceu no Vale\" \/>\n<meta name=\"twitter:card\" content=\"summary_large_image\" \/>\n<meta name=\"twitter:creator\" content=\"@noticiadosvales\" \/>\n<meta name=\"twitter:site\" content=\"@noticiadosvales\" \/>\n<meta name=\"twitter:label1\" content=\"Escrito por\" \/>\n\t<meta name=\"twitter:data1\" content=\"Reda\u00e7\u00e3o Aconteceu no Vale\" \/>\n\t<meta name=\"twitter:label2\" content=\"Est. tempo de leitura\" \/>\n\t<meta name=\"twitter:data2\" content=\"1 minuto\" \/>\n<script type=\"application\/ld+json\" class=\"yoast-schema-graph\">{\"@context\":\"https:\\\/\\\/schema.org\",\"@graph\":[{\"@type\":\"Article\",\"@id\":\"https:\\\/\\\/aconteceunovale.com.br\\\/portal\\\/?p=176995#article\",\"isPartOf\":{\"@id\":\"https:\\\/\\\/aconteceunovale.com.br\\\/portal\\\/?p=176995\"},\"author\":{\"name\":\"Reda\u00e7\u00e3o Aconteceu no Vale\",\"@id\":\"https:\\\/\\\/aconteceunovale.com.br\\\/portal\\\/#\\\/schema\\\/person\\\/7d2f26d1483f8a63de73da1ee0754d35\"},\"headline\":\"Homem morre em acidente com caminh\u00e3o na BR-251, no Norte de Minas\",\"datePublished\":\"2021-04-11T12:48:10+00:00\",\"dateModified\":\"2021-04-11T12:50:08+00:00\",\"mainEntityOfPage\":{\"@id\":\"https:\\\/\\\/aconteceunovale.com.br\\\/portal\\\/?p=176995\"},\"wordCount\":138,\"commentCount\":0,\"image\":{\"@id\":\"https:\\\/\\\/aconteceunovale.com.br\\\/portal\\\/?p=176995#primaryimage\"},\"thumbnailUrl\":\"https:\\\/\\\/aconteceunovale.com.br\\\/portal\\\/wp-content\\\/uploads\\\/2021\\\/04\\\/acidente_251_3.jpg\",\"keywords\":[\"acidente com caminh\u00e3o de montes claros\",\"Acidente com caminh\u00e3o de Montes Claros em Francisco S\u00e1\",\"Acidente com caminh\u00e3o de Montes Claros na BR-251\",\"acidente com caminh\u00e3o em Francisco S\u00e1\",\"Acidente com caminh\u00e3o na BR-251\",\"Acidente com caminhoneiro de Montes Claros\",\"acidente em francisco s\u00e1\",\"Acidente na BR-251\",\"Acidente na BR-251 em Francisco S\u00e1\",\"BR-251\",\"destaque\",\"francisco s\u00e1\",\"Homem morre em acidente com caminh\u00e3o na BR-251\",\"Joeldson Freitas Pereira\",\"Montes Claros\"],\"articleSection\":[\"Norte de Minas\"],\"inLanguage\":\"pt-BR\",\"potentialAction\":[{\"@type\":\"CommentAction\",\"name\":\"Comment\",\"target\":[\"https:\\\/\\\/aconteceunovale.com.br\\\/portal\\\/?p=176995#respond\"]}]},{\"@type\":\"WebPage\",\"@id\":\"https:\\\/\\\/aconteceunovale.com.br\\\/portal\\\/?p=176995\",\"url\":\"https:\\\/\\\/aconteceunovale.com.br\\\/portal\\\/?p=176995\",\"name\":\"Homem morre em acidente com caminh\u00e3o na BR-251, no Norte de Minas - Aconteceu no Vale\",\"isPartOf\":{\"@id\":\"https:\\\/\\\/aconteceunovale.com.br\\\/portal\\\/#website\"},\"primaryImageOfPage\":{\"@id\":\"https:\\\/\\\/aconteceunovale.com.br\\\/portal\\\/?p=176995#primaryimage\"},\"image\":{\"@id\":\"https:\\\/\\\/aconteceunovale.com.br\\\/portal\\\/?p=176995#primaryimage\"},\"thumbnailUrl\":\"https:\\\/\\\/aconteceunovale.com.br\\\/portal\\\/wp-content\\\/uploads\\\/2021\\\/04\\\/acidente_251_3.jpg\",\"datePublished\":\"2021-04-11T12:48:10+00:00\",\"dateModified\":\"2021-04-11T12:50:08+00:00\",\"author\":{\"@id\":\"https:\\\/\\\/aconteceunovale.com.br\\\/portal\\\/#\\\/schema\\\/person\\\/7d2f26d1483f8a63de73da1ee0754d35\"},\"breadcrumb\":{\"@id\":\"https:\\\/\\\/aconteceunovale.com.br\\\/portal\\\/?p=176995#breadcrumb\"},\"inLanguage\":\"pt-BR\",\"potentialAction\":[{\"@type\":\"ReadAction\",\"target\":[\"https:\\\/\\\/aconteceunovale.com.br\\\/portal\\\/?p=176995\"]}]},{\"@type\":\"ImageObject\",\"inLanguage\":\"pt-BR\",\"@id\":\"https:\\\/\\\/aconteceunovale.com.br\\\/portal\\\/?p=176995#primaryimage\",\"url\":\"https:\\\/\\\/aconteceunovale.com.br\\\/portal\\\/wp-content\\\/uploads\\\/2021\\\/04\\\/acidente_251_3.jpg\",\"contentUrl\":\"https:\\\/\\\/aconteceunovale.com.br\\\/portal\\\/wp-content\\\/uploads\\\/2021\\\/04\\\/acidente_251_3.jpg\",\"width\":600,\"height\":450},{\"@type\":\"BreadcrumbList\",\"@id\":\"https:\\\/\\\/aconteceunovale.com.br\\\/portal\\\/?p=176995#breadcrumb\",\"itemListElement\":[{\"@type\":\"ListItem\",\"position\":1,\"name\":\"In\u00edcio\",\"item\":\"https:\\\/\\\/aconteceunovale.com.br\\\/portal\\\/\"},{\"@type\":\"ListItem\",\"position\":2,\"name\":\"Homem morre em acidente com caminh\u00e3o na BR-251, no Norte de Minas\"}]},{\"@type\":\"WebSite\",\"@id\":\"https:\\\/\\\/aconteceunovale.com.br\\\/portal\\\/#website\",\"url\":\"https:\\\/\\\/aconteceunovale.com.br\\\/portal\\\/\",\"name\":\"Aconteceu no Vale\",\"description\":\"Portal de Not\u00edcias\",\"potentialAction\":[{\"@type\":\"SearchAction\",\"target\":{\"@type\":\"EntryPoint\",\"urlTemplate\":\"https:\\\/\\\/aconteceunovale.com.br\\\/portal\\\/?s={search_term_string}\"},\"query-input\":{\"@type\":\"PropertyValueSpecification\",\"valueRequired\":true,\"valueName\":\"search_term_string\"}}],\"inLanguage\":\"pt-BR\"},{\"@type\":\"Person\",\"@id\":\"https:\\\/\\\/aconteceunovale.com.br\\\/portal\\\/#\\\/schema\\\/person\\\/7d2f26d1483f8a63de73da1ee0754d35\",\"name\":\"Reda\u00e7\u00e3o Aconteceu no Vale\",\"description\":\"Equipe de reportagem do Aconteceu no Vale, portal de not\u00edcias do Vale do Jequitinhonha, em Minas Gerais. Cobrimos as 51 cidades do Vale desde 2013. Sugest\u00f5es de pauta e pedidos de corre\u00e7\u00e3o: contato@aconteceunovale.com.br\",\"url\":\"https:\\\/\\\/aconteceunovale.com.br\\\/portal\\\/?author=4\"}]}<\/script>\n<!-- \/ Yoast SEO plugin. -->","yoast_head_json":{"title":"Homem morre em acidente com caminh\u00e3o na BR-251, no Norte de Minas - Aconteceu no Vale","robots":{"index":"index","follow":"follow","max-snippet":"max-snippet:-1","max-image-preview":"max-image-preview:large","max-video-preview":"max-video-preview:-1"},"canonical":"https:\/\/aconteceunovale.com.br\/portal\/?p=176995","og_locale":"pt_BR","og_type":"article","og_title":"Homem morre em acidente com caminh\u00e3o na BR-251, no Norte de Minas - Aconteceu no Vale","og_description":"Um homem de 29 anos morreu em um acidente na BR-251, no munic\u00edpio de Francisco S\u00e1 (MG), no s\u00e1bado (10\/4\/2021). Joeldson Freitas Pereira conduzia um caminh\u00e3o VW\/25.250 CNC 6X2, emplacado em Montes Claros, quando perdeu o controle da dire\u00e7\u00e3o na altura do km 496 e capotou. Segundo informa\u00e7\u00f5es do Corpo de Bombeiros, a v\u00edtima foi [&hellip;]","og_url":"https:\/\/aconteceunovale.com.br\/portal\/?p=176995","og_site_name":"Aconteceu no Vale","article_publisher":"https:\/\/www.facebook.com\/aconteceunovale\/","article_published_time":"2021-04-11T12:48:10+00:00","article_modified_time":"2021-04-11T12:50:08+00:00","og_image":[{"width":600,"height":450,"url":"https:\/\/aconteceunovale.com.br\/portal\/wp-content\/uploads\/2021\/04\/acidente_251_3.jpg","type":"image\/jpeg"}],"author":"Reda\u00e7\u00e3o Aconteceu no Vale","twitter_card":"summary_large_image","twitter_creator":"@noticiadosvales","twitter_site":"@noticiadosvales","twitter_misc":{"Escrito por":"Reda\u00e7\u00e3o Aconteceu no Vale","Est. tempo de leitura":"1 minuto"},"schema":{"@context":"https:\/\/schema.org","@graph":[{"@type":"Article","@id":"https:\/\/aconteceunovale.com.br\/portal\/?p=176995#article","isPartOf":{"@id":"https:\/\/aconteceunovale.com.br\/portal\/?p=176995"},"author":{"name":"Reda\u00e7\u00e3o Aconteceu no Vale","@id":"https:\/\/aconteceunovale.com.br\/portal\/#\/schema\/person\/7d2f26d1483f8a63de73da1ee0754d35"},"headline":"Homem morre em acidente com caminh\u00e3o na BR-251, no Norte de Minas","datePublished":"2021-04-11T12:48:10+00:00","dateModified":"2021-04-11T12:50:08+00:00","mainEntityOfPage":{"@id":"https:\/\/aconteceunovale.com.br\/portal\/?p=176995"},"wordCount":138,"commentCount":0,"image":{"@id":"https:\/\/aconteceunovale.com.br\/portal\/?p=176995#primaryimage"},"thumbnailUrl":"https:\/\/aconteceunovale.com.br\/portal\/wp-content\/uploads\/2021\/04\/acidente_251_3.jpg","keywords":["acidente com caminh\u00e3o de montes claros","Acidente com caminh\u00e3o de Montes Claros em Francisco S\u00e1","Acidente com caminh\u00e3o de Montes Claros na BR-251","acidente com caminh\u00e3o em Francisco S\u00e1","Acidente com caminh\u00e3o na BR-251","Acidente com caminhoneiro de Montes Claros","acidente em francisco s\u00e1","Acidente na BR-251","Acidente na BR-251 em Francisco S\u00e1","BR-251","destaque","francisco s\u00e1","Homem morre em acidente com caminh\u00e3o na BR-251","Joeldson Freitas Pereira","Montes Claros"],"articleSection":["Norte de Minas"],"inLanguage":"pt-BR","potentialAction":[{"@type":"CommentAction","name":"Comment","target":["https:\/\/aconteceunovale.com.br\/portal\/?p=176995#respond"]}]},{"@type":"WebPage","@id":"https:\/\/aconteceunovale.com.br\/portal\/?p=176995","url":"https:\/\/aconteceunovale.com.br\/portal\/?p=176995","name":"Homem morre em acidente com caminh\u00e3o na BR-251, no Norte de Minas - Aconteceu no Vale","isPartOf":{"@id":"https:\/\/aconteceunovale.com.br\/portal\/#website"},"primaryImageOfPage":{"@id":"https:\/\/aconteceunovale.com.br\/portal\/?p=176995#primaryimage"},"image":{"@id":"https:\/\/aconteceunovale.com.br\/portal\/?p=176995#primaryimage"},"thumbnailUrl":"https:\/\/aconteceunovale.com.br\/portal\/wp-content\/uploads\/2021\/04\/acidente_251_3.jpg","datePublished":"2021-04-11T12:48:10+00:00","dateModified":"2021-04-11T12:50:08+00:00","author":{"@id":"https:\/\/aconteceunovale.com.br\/portal\/#\/schema\/person\/7d2f26d1483f8a63de73da1ee0754d35"},"breadcrumb":{"@id":"https:\/\/aconteceunovale.com.br\/portal\/?p=176995#breadcrumb"},"inLanguage":"pt-BR","potentialAction":[{"@type":"ReadAction","target":["https:\/\/aconteceunovale.com.br\/portal\/?p=176995"]}]},{"@type":"ImageObject","inLanguage":"pt-BR","@id":"https:\/\/aconteceunovale.com.br\/portal\/?p=176995#primaryimage","url":"https:\/\/aconteceunovale.com.br\/portal\/wp-content\/uploads\/2021\/04\/acidente_251_3.jpg","contentUrl":"https:\/\/aconteceunovale.com.br\/portal\/wp-content\/uploads\/2021\/04\/acidente_251_3.jpg","width":600,"height":450},{"@type":"BreadcrumbList","@id":"https:\/\/aconteceunovale.com.br\/portal\/?p=176995#breadcrumb","itemListElement":[{"@type":"ListItem","position":1,"name":"In\u00edcio","item":"https:\/\/aconteceunovale.com.br\/portal\/"},{"@type":"ListItem","position":2,"name":"Homem morre em acidente com caminh\u00e3o na BR-251, no Norte de Minas"}]},{"@type":"WebSite","@id":"https:\/\/aconteceunovale.com.br\/portal\/#website","url":"https:\/\/aconteceunovale.com.br\/portal\/","name":"Aconteceu no Vale","description":"Portal de Not\u00edcias","potentialAction":[{"@type":"SearchAction","target":{"@type":"EntryPoint","urlTemplate":"https:\/\/aconteceunovale.com.br\/portal\/?s={search_term_string}"},"query-input":{"@type":"PropertyValueSpecification","valueRequired":true,"valueName":"search_term_string"}}],"inLanguage":"pt-BR"},{"@type":"Person","@id":"https:\/\/aconteceunovale.com.br\/portal\/#\/schema\/person\/7d2f26d1483f8a63de73da1ee0754d35","name":"Reda\u00e7\u00e3o Aconteceu no Vale","description":"Equipe de reportagem do Aconteceu no Vale, portal de not\u00edcias do Vale do Jequitinhonha, em Minas Gerais. Cobrimos as 51 cidades do Vale desde 2013. Sugest\u00f5es de pauta e pedidos de corre\u00e7\u00e3o: contato@aconteceunovale.com.br","url":"https:\/\/aconteceunovale.com.br\/portal\/?author=4"}]}},"_links":{"self":[{"href":"https:\/\/aconteceunovale.com.br\/portal\/index.php?rest_route=\/wp\/v2\/posts\/176995","targetHints":{"allow":["GET"]}}],"collection":[{"href":"https:\/\/aconteceunovale.com.br\/portal\/index.php?rest_route=\/wp\/v2\/posts"}],"about":[{"href":"https:\/\/aconteceunovale.com.br\/portal\/index.php?rest_route=\/wp\/v2\/types\/post"}],"author":[{"embeddable":true,"href":"https:\/\/aconteceunovale.com.br\/portal\/index.php?rest_route=\/wp\/v2\/users\/4"}],"replies":[{"embeddable":true,"href":"https:\/\/aconteceunovale.com.br\/portal\/index.php?rest_route=%2Fwp%2Fv2%2Fcomments&post=176995"}],"version-history":[{"count":2,"href":"https:\/\/aconteceunovale.com.br\/portal\/index.php?rest_route=\/wp\/v2\/posts\/176995\/revisions"}],"predecessor-version":[{"id":176999,"href":"https:\/\/aconteceunovale.com.br\/portal\/index.php?rest_route=\/wp\/v2\/posts\/176995\/revisions\/176999"}],"wp:featuredmedia":[{"embeddable":true,"href":"https:\/\/aconteceunovale.com.br\/portal\/index.php?rest_route=\/wp\/v2\/media\/176996"}],"wp:attachment":[{"href":"https:\/\/aconteceunovale.com.br\/portal\/index.php?rest_route=%2Fwp%2Fv2%2Fmedia&parent=176995"}],"wp:term":[{"taxonomy":"category","embeddable":true,"href":"https:\/\/aconteceunovale.com.br\/portal\/index.php?rest_route=%2Fwp%2Fv2%2Fcategories&post=176995"},{"taxonomy":"post_tag","embeddable":true,"href":"https:\/\/aconteceunovale.com.br\/portal\/index.php?rest_route=%2Fwp%2Fv2%2Ftags&post=176995"}],"curies":[{"name":"wp","href":"https:\/\/api.w.org\/{rel}","templated":true}]}}