{"id":176982,"date":"2021-04-10T21:48:53","date_gmt":"2021-04-11T00:48:53","guid":{"rendered":"https:\/\/aconteceunovale.com.br\/portal\/?p=176982"},"modified":"2021-04-10T21:49:38","modified_gmt":"2021-04-11T00:49:38","slug":"governo-de-minas-quita-pagamento-do-13o-salario-dos-servidores-publicos","status":"publish","type":"post","link":"https:\/\/aconteceunovale.com.br\/portal\/?p=176982","title":{"rendered":"Governo de Minas quita pagamento do 13\u00ba sal\u00e1rio dos servidores p\u00fablicos"},"content":{"rendered":"\n<p class=\"wp-block-paragraph\">O pagamento do 13\u00ba sal\u00e1rio de todo&nbsp;o&nbsp;funcionalismo p\u00fablico mineiro, incluindo servidores ativos e inativos, foi quitado pelo governo nessa sexta-feira (9\/4\/2021). O abono, referente a 2020, come\u00e7ou a ser pago em dezembro do ano passado, quando 39% dos trabalhadores receberam o benef\u00edcio integralmente.<\/p>\n\n\n\n<p class=\"wp-block-paragraph\">Em janeiro, fevereiro e mar\u00e7o de 2021 tamb\u00e9m foram depositadas parcelas de at\u00e9 R$ 2 mil aos que ainda tinham valores a receber. <em>\u201cPegamos um Estado quebrado, mas essa \u00e9 uma gest\u00e3o focada na efici\u00eancia e comprometida em encontrar solu\u00e7\u00f5es para os problemas. Continuamos fazendo tudo o que est\u00e1 ao alcance para que os servidores possam receber em dia\u201d<\/em>, afirmou o governador Romeu Zema (Novo).<\/p>\n\n\n\n<p class=\"wp-block-paragraph\">Segundo o governo de Minas, o pagamento foi viabilizado a partir do <em>\u201cempenho fiscal e de gest\u00e3o da administra\u00e7\u00e3o estadual\u201d<\/em>, al\u00e9m da entrada de recursos extraordin\u00e1rios no caixa do Estado, como os&nbsp;decorrentes da Lei Kandir.<\/p>\n\n\n\n<p class=\"wp-block-paragraph\"><strong>Hist\u00f3rico<\/strong><\/p>\n\n\n\n<p class=\"wp-block-paragraph\">Al\u00e9m de herdar d\u00edvidas bilion\u00e1rias com os munic\u00edpios e fornecedores, o governador Romeu Zema teve que assumir, no in\u00edcio de sua gest\u00e3o, em 2019, o pagamento do 13\u00ba do funcionalismo estadual referente a 2018 \u2013 n\u00e3o efetuado pela administra\u00e7\u00e3o anterior. O benef\u00edcio foi quitado em outubro de 2019. J\u00e1 em 2020, o pagamento do 13\u00ba sal\u00e1rio referente a 2019 foi quitado em maio.<\/p>\n\n\n\n<p class=\"wp-block-paragraph\">&#8212;&#8212;&#8212;&#8212;&#8212;&#8212;<br><em>Quer receber as not\u00edcias do <strong>Aconteceu no Vale<\/strong> em primeira m\u00e3o? Siga-nos no Facebook <a rel=\"noreferrer noopener\" href=\"http:\/\/facebook.com\/aconteceunovale\" target=\"_blank\">@aconteceunovale<\/a>, Twitter <a rel=\"noreferrer noopener\" href=\"https:\/\/twitter.com\/noticiadosvales\" target=\"_blank\">@noticiadosvales<\/a> e Instagram <a rel=\"noreferrer noopener\" href=\"https:\/\/www.instagram.com\/aconteceunovale\" target=\"_blank\">@aconteceunovale<\/a>.<\/em><\/p>\n","protected":false},"excerpt":{"rendered":"<p>O pagamento do 13\u00ba sal\u00e1rio de todo&nbsp;o&nbsp;funcionalismo p\u00fablico mineiro, incluindo servidores ativos e inativos, foi quitado pelo governo nessa sexta-feira (9\/4\/2021). O abono, referente a 2020, come\u00e7ou a ser pago em dezembro do ano passado, quando 39% dos trabalhadores receberam o benef\u00edcio integralmente. Em janeiro, fevereiro e mar\u00e7o de 2021 tamb\u00e9m foram depositadas parcelas de [&hellip;]<\/p>\n","protected":false},"author":4,"featured_media":157588,"comment_status":"open","ping_status":"closed","sticky":false,"template":"","format":"standard","meta":{"amp_status":"","footnotes":""},"categories":[123,40240],"tags":[231557,1018,194304,194305,179027,179026,241247,217437,241248,217439,194306,51191,224971,222083,194307,242815,165569,241249,177628,194309,194308,241250],"class_list":["post-176982","post","type-post","status-publish","format-standard","has-post-thumbnail","hentry","category-gerais","category-politica","tag-13o-de-2020-governo-de-minas","tag-destaque","tag-escala-de-pagamento-do-mes-de-marco-para-os-servidores-publicos","tag-escala-de-pagamento-do-mes-de-marco-para-os-servidores-publicos-de-minas-gerais","tag-escala-de-pagamento-governo-de-minas-gerais","tag-escala-governo-de-minas-gerais","tag-governo-de-minas-anuncia-escala-de-pagamento-do-salario-de-marco-e-data-para-quitacao-do-13o-de-todos-os-servidores","tag-governo-de-minas-anuncia-escala-de-pagamento-para-marco","tag-governo-de-minas-anuncia-escala-de-pagamento-para-marco-e-quitacao-integral-do-13o-de-2020","tag-governo-de-minas-anuncia-escala-de-pagamento-para-o-mes-de-marco","tag-governo-de-minas-divulga-a-escala-de-pagamento-do-mes-de-marco","tag-governo-de-minas-gerais","tag-governo-de-minas-gerais-anuncia-escala-de-pagamento-dos-servidores","tag-governo-de-minas-gerais-anuncia-escala-de-pagamento-para-servidores","tag-governo-de-minas-gerais-divulga-escala-de-pagamento-de-marco-aos-servidores","tag-governo-de-minas-quita-pagamento-do-13o-salario-dos-servidores-publicos","tag-pagamento-13o-governo-de-minas","tag-pagamento-do-salario-de-marco-do-governo-de-minas","tag-pagamento-governo-de-minas-gerais","tag-pagamento-governo-de-minas-marco","tag-pagamento-marco-governo-de-minas","tag-salario-de-marco-governo-de-minas"],"yoast_head":"<!-- This site is optimized with the Yoast SEO plugin v28.3 - https:\/\/yoast.com\/product\/yoast-seo-wordpress\/ -->\n<title>Governo de Minas quita pagamento do 13\u00ba sal\u00e1rio dos servidores p\u00fablicos - Aconteceu no Vale<\/title>\n<meta name=\"robots\" content=\"index, follow, max-snippet:-1, max-image-preview:large, max-video-preview:-1\" \/>\n<link rel=\"canonical\" href=\"https:\/\/aconteceunovale.com.br\/portal\/?p=176982\" \/>\n<meta property=\"og:locale\" content=\"pt_BR\" \/>\n<meta property=\"og:type\" content=\"article\" \/>\n<meta property=\"og:title\" content=\"Governo de Minas quita pagamento do 13\u00ba sal\u00e1rio dos servidores p\u00fablicos - Aconteceu no Vale\" \/>\n<meta property=\"og:description\" content=\"O pagamento do 13\u00ba sal\u00e1rio de todo&nbsp;o&nbsp;funcionalismo p\u00fablico mineiro, incluindo servidores ativos e inativos, foi quitado pelo governo nessa sexta-feira (9\/4\/2021). O abono, referente a 2020, come\u00e7ou a ser pago em dezembro do ano passado, quando 39% dos trabalhadores receberam o benef\u00edcio integralmente. Em janeiro, fevereiro e mar\u00e7o de 2021 tamb\u00e9m foram depositadas parcelas de [&hellip;]\" \/>\n<meta property=\"og:url\" content=\"https:\/\/aconteceunovale.com.br\/portal\/?p=176982\" \/>\n<meta property=\"og:site_name\" content=\"Aconteceu no Vale\" \/>\n<meta property=\"article:publisher\" content=\"https:\/\/www.facebook.com\/aconteceunovale\/\" \/>\n<meta property=\"article:published_time\" content=\"2021-04-11T00:48:53+00:00\" \/>\n<meta property=\"article:modified_time\" content=\"2021-04-11T00:49:38+00:00\" \/>\n<meta property=\"og:image\" content=\"https:\/\/aconteceunovale.com.br\/portal\/wp-content\/uploads\/2020\/01\/cidade_adm_governo_mg.jpg\" \/>\n\t<meta property=\"og:image:width\" content=\"674\" \/>\n\t<meta property=\"og:image:height\" content=\"450\" \/>\n\t<meta property=\"og:image:type\" content=\"image\/jpeg\" \/>\n<meta name=\"author\" content=\"Reda\u00e7\u00e3o Aconteceu no Vale\" \/>\n<meta name=\"twitter:card\" content=\"summary_large_image\" \/>\n<meta name=\"twitter:creator\" content=\"@noticiadosvales\" \/>\n<meta name=\"twitter:site\" content=\"@noticiadosvales\" \/>\n<meta name=\"twitter:label1\" content=\"Escrito por\" \/>\n\t<meta name=\"twitter:data1\" content=\"Reda\u00e7\u00e3o Aconteceu no Vale\" \/>\n\t<meta name=\"twitter:label2\" content=\"Est. tempo de leitura\" \/>\n\t<meta name=\"twitter:data2\" content=\"1 minuto\" \/>\n<script type=\"application\/ld+json\" class=\"yoast-schema-graph\">{\"@context\":\"https:\\\/\\\/schema.org\",\"@graph\":[{\"@type\":\"Article\",\"@id\":\"https:\\\/\\\/aconteceunovale.com.br\\\/portal\\\/?p=176982#article\",\"isPartOf\":{\"@id\":\"https:\\\/\\\/aconteceunovale.com.br\\\/portal\\\/?p=176982\"},\"author\":{\"name\":\"Reda\u00e7\u00e3o Aconteceu no Vale\",\"@id\":\"https:\\\/\\\/aconteceunovale.com.br\\\/portal\\\/#\\\/schema\\\/person\\\/7d2f26d1483f8a63de73da1ee0754d35\"},\"headline\":\"Governo de Minas quita pagamento do 13\u00ba sal\u00e1rio dos servidores p\u00fablicos\",\"datePublished\":\"2021-04-11T00:48:53+00:00\",\"dateModified\":\"2021-04-11T00:49:38+00:00\",\"mainEntityOfPage\":{\"@id\":\"https:\\\/\\\/aconteceunovale.com.br\\\/portal\\\/?p=176982\"},\"wordCount\":257,\"commentCount\":0,\"image\":{\"@id\":\"https:\\\/\\\/aconteceunovale.com.br\\\/portal\\\/?p=176982#primaryimage\"},\"thumbnailUrl\":\"https:\\\/\\\/aconteceunovale.com.br\\\/portal\\\/wp-content\\\/uploads\\\/2020\\\/01\\\/cidade_adm_governo_mg.jpg\",\"keywords\":[\"13\u00ba de 2020 Governo de Minas\",\"destaque\",\"escala de pagamento do m\u00eas de mar\u00e7o para os servidores p\u00fablicos\",\"escala de pagamento do m\u00eas de mar\u00e7o para os servidores p\u00fablicos de Minas Gerais\",\"Escala de pagamento Governo de Minas Gerais\",\"Escala Governo de Minas Gerais\",\"Governo de Minas anuncia escala de pagamento do sal\u00e1rio de mar\u00e7o e data para quita\u00e7\u00e3o do 13\u00ba de todos os servidores\",\"Governo de Minas anuncia escala de pagamento para mar\u00e7o\",\"Governo de Minas anuncia escala de pagamento para mar\u00e7o e quita\u00e7\u00e3o integral do 13\u00ba de 2020\",\"Governo de Minas anuncia escala de pagamento para o m\u00eas de mar\u00e7o\",\"Governo de Minas divulga a escala de pagamento do m\u00eas de mar\u00e7o\",\"Governo de Minas Gerais\",\"Governo de Minas Gerais anuncia escala de pagamento dos servidores\",\"Governo de Minas Gerais anuncia escala de pagamento para servidores\",\"Governo de Minas Gerais divulga escala de pagamento de mar\u00e7o aos servidores\",\"Governo de Minas quita pagamento do 13\u00ba sal\u00e1rio dos servidores p\u00fablicos\",\"Pagamento 13\u00ba Governo de Minas\",\"Pagamento do sal\u00e1rio de mar\u00e7o do governo de Minas\",\"Pagamento Governo de Minas Gerais\",\"Pagamento governo de Minas mar\u00e7o\",\"Pagamento mar\u00e7o governo de minas\",\"Sal\u00e1rio de mar\u00e7o governo de Minas\"],\"articleSection\":[\"Minas Gerais\",\"Pol\u00edtica\"],\"inLanguage\":\"pt-BR\",\"potentialAction\":[{\"@type\":\"CommentAction\",\"name\":\"Comment\",\"target\":[\"https:\\\/\\\/aconteceunovale.com.br\\\/portal\\\/?p=176982#respond\"]}]},{\"@type\":\"WebPage\",\"@id\":\"https:\\\/\\\/aconteceunovale.com.br\\\/portal\\\/?p=176982\",\"url\":\"https:\\\/\\\/aconteceunovale.com.br\\\/portal\\\/?p=176982\",\"name\":\"Governo de Minas quita pagamento do 13\u00ba sal\u00e1rio dos servidores p\u00fablicos - Aconteceu no Vale\",\"isPartOf\":{\"@id\":\"https:\\\/\\\/aconteceunovale.com.br\\\/portal\\\/#website\"},\"primaryImageOfPage\":{\"@id\":\"https:\\\/\\\/aconteceunovale.com.br\\\/portal\\\/?p=176982#primaryimage\"},\"image\":{\"@id\":\"https:\\\/\\\/aconteceunovale.com.br\\\/portal\\\/?p=176982#primaryimage\"},\"thumbnailUrl\":\"https:\\\/\\\/aconteceunovale.com.br\\\/portal\\\/wp-content\\\/uploads\\\/2020\\\/01\\\/cidade_adm_governo_mg.jpg\",\"datePublished\":\"2021-04-11T00:48:53+00:00\",\"dateModified\":\"2021-04-11T00:49:38+00:00\",\"author\":{\"@id\":\"https:\\\/\\\/aconteceunovale.com.br\\\/portal\\\/#\\\/schema\\\/person\\\/7d2f26d1483f8a63de73da1ee0754d35\"},\"breadcrumb\":{\"@id\":\"https:\\\/\\\/aconteceunovale.com.br\\\/portal\\\/?p=176982#breadcrumb\"},\"inLanguage\":\"pt-BR\",\"potentialAction\":[{\"@type\":\"ReadAction\",\"target\":[\"https:\\\/\\\/aconteceunovale.com.br\\\/portal\\\/?p=176982\"]}]},{\"@type\":\"ImageObject\",\"inLanguage\":\"pt-BR\",\"@id\":\"https:\\\/\\\/aconteceunovale.com.br\\\/portal\\\/?p=176982#primaryimage\",\"url\":\"https:\\\/\\\/aconteceunovale.com.br\\\/portal\\\/wp-content\\\/uploads\\\/2020\\\/01\\\/cidade_adm_governo_mg.jpg\",\"contentUrl\":\"https:\\\/\\\/aconteceunovale.com.br\\\/portal\\\/wp-content\\\/uploads\\\/2020\\\/01\\\/cidade_adm_governo_mg.jpg\",\"width\":674,\"height\":450,\"caption\":\"Cidade Administrativa Presidente Tancredo Neves. Credito: Gil Leonardi\\\/Imprensa MG Data: 13-08-2013 Local: Belo Horizonte - MG\"},{\"@type\":\"BreadcrumbList\",\"@id\":\"https:\\\/\\\/aconteceunovale.com.br\\\/portal\\\/?p=176982#breadcrumb\",\"itemListElement\":[{\"@type\":\"ListItem\",\"position\":1,\"name\":\"In\u00edcio\",\"item\":\"https:\\\/\\\/aconteceunovale.com.br\\\/portal\\\/\"},{\"@type\":\"ListItem\",\"position\":2,\"name\":\"Governo de Minas quita pagamento do 13\u00ba sal\u00e1rio dos servidores p\u00fablicos\"}]},{\"@type\":\"WebSite\",\"@id\":\"https:\\\/\\\/aconteceunovale.com.br\\\/portal\\\/#website\",\"url\":\"https:\\\/\\\/aconteceunovale.com.br\\\/portal\\\/\",\"name\":\"Aconteceu no Vale\",\"description\":\"Portal de Not\u00edcias\",\"potentialAction\":[{\"@type\":\"SearchAction\",\"target\":{\"@type\":\"EntryPoint\",\"urlTemplate\":\"https:\\\/\\\/aconteceunovale.com.br\\\/portal\\\/?s={search_term_string}\"},\"query-input\":{\"@type\":\"PropertyValueSpecification\",\"valueRequired\":true,\"valueName\":\"search_term_string\"}}],\"inLanguage\":\"pt-BR\"},{\"@type\":\"Person\",\"@id\":\"https:\\\/\\\/aconteceunovale.com.br\\\/portal\\\/#\\\/schema\\\/person\\\/7d2f26d1483f8a63de73da1ee0754d35\",\"name\":\"Reda\u00e7\u00e3o Aconteceu no Vale\",\"description\":\"Equipe de reportagem do Aconteceu no Vale, portal de not\u00edcias do Vale do Jequitinhonha, em Minas Gerais. Cobrimos as 51 cidades do Vale desde 2013. Sugest\u00f5es de pauta e pedidos de corre\u00e7\u00e3o: contato@aconteceunovale.com.br\",\"url\":\"https:\\\/\\\/aconteceunovale.com.br\\\/portal\\\/?author=4\"}]}<\/script>\n<!-- \/ Yoast SEO plugin. -->","yoast_head_json":{"title":"Governo de Minas quita pagamento do 13\u00ba sal\u00e1rio dos servidores p\u00fablicos - Aconteceu no Vale","robots":{"index":"index","follow":"follow","max-snippet":"max-snippet:-1","max-image-preview":"max-image-preview:large","max-video-preview":"max-video-preview:-1"},"canonical":"https:\/\/aconteceunovale.com.br\/portal\/?p=176982","og_locale":"pt_BR","og_type":"article","og_title":"Governo de Minas quita pagamento do 13\u00ba sal\u00e1rio dos servidores p\u00fablicos - Aconteceu no Vale","og_description":"O pagamento do 13\u00ba sal\u00e1rio de todo&nbsp;o&nbsp;funcionalismo p\u00fablico mineiro, incluindo servidores ativos e inativos, foi quitado pelo governo nessa sexta-feira (9\/4\/2021). O abono, referente a 2020, come\u00e7ou a ser pago em dezembro do ano passado, quando 39% dos trabalhadores receberam o benef\u00edcio integralmente. Em janeiro, fevereiro e mar\u00e7o de 2021 tamb\u00e9m foram depositadas parcelas de [&hellip;]","og_url":"https:\/\/aconteceunovale.com.br\/portal\/?p=176982","og_site_name":"Aconteceu no Vale","article_publisher":"https:\/\/www.facebook.com\/aconteceunovale\/","article_published_time":"2021-04-11T00:48:53+00:00","article_modified_time":"2021-04-11T00:49:38+00:00","og_image":[{"width":674,"height":450,"url":"https:\/\/aconteceunovale.com.br\/portal\/wp-content\/uploads\/2020\/01\/cidade_adm_governo_mg.jpg","type":"image\/jpeg"}],"author":"Reda\u00e7\u00e3o Aconteceu no Vale","twitter_card":"summary_large_image","twitter_creator":"@noticiadosvales","twitter_site":"@noticiadosvales","twitter_misc":{"Escrito por":"Reda\u00e7\u00e3o Aconteceu no Vale","Est. tempo de leitura":"1 minuto"},"schema":{"@context":"https:\/\/schema.org","@graph":[{"@type":"Article","@id":"https:\/\/aconteceunovale.com.br\/portal\/?p=176982#article","isPartOf":{"@id":"https:\/\/aconteceunovale.com.br\/portal\/?p=176982"},"author":{"name":"Reda\u00e7\u00e3o Aconteceu no Vale","@id":"https:\/\/aconteceunovale.com.br\/portal\/#\/schema\/person\/7d2f26d1483f8a63de73da1ee0754d35"},"headline":"Governo de Minas quita pagamento do 13\u00ba sal\u00e1rio dos servidores p\u00fablicos","datePublished":"2021-04-11T00:48:53+00:00","dateModified":"2021-04-11T00:49:38+00:00","mainEntityOfPage":{"@id":"https:\/\/aconteceunovale.com.br\/portal\/?p=176982"},"wordCount":257,"commentCount":0,"image":{"@id":"https:\/\/aconteceunovale.com.br\/portal\/?p=176982#primaryimage"},"thumbnailUrl":"https:\/\/aconteceunovale.com.br\/portal\/wp-content\/uploads\/2020\/01\/cidade_adm_governo_mg.jpg","keywords":["13\u00ba de 2020 Governo de Minas","destaque","escala de pagamento do m\u00eas de mar\u00e7o para os servidores p\u00fablicos","escala de pagamento do m\u00eas de mar\u00e7o para os servidores p\u00fablicos de Minas Gerais","Escala de pagamento Governo de Minas Gerais","Escala Governo de Minas Gerais","Governo de Minas anuncia escala de pagamento do sal\u00e1rio de mar\u00e7o e data para quita\u00e7\u00e3o do 13\u00ba de todos os servidores","Governo de Minas anuncia escala de pagamento para mar\u00e7o","Governo de Minas anuncia escala de pagamento para mar\u00e7o e quita\u00e7\u00e3o integral do 13\u00ba de 2020","Governo de Minas anuncia escala de pagamento para o m\u00eas de mar\u00e7o","Governo de Minas divulga a escala de pagamento do m\u00eas de mar\u00e7o","Governo de Minas Gerais","Governo de Minas Gerais anuncia escala de pagamento dos servidores","Governo de Minas Gerais anuncia escala de pagamento para servidores","Governo de Minas Gerais divulga escala de pagamento de mar\u00e7o aos servidores","Governo de Minas quita pagamento do 13\u00ba sal\u00e1rio dos servidores p\u00fablicos","Pagamento 13\u00ba Governo de Minas","Pagamento do sal\u00e1rio de mar\u00e7o do governo de Minas","Pagamento Governo de Minas Gerais","Pagamento governo de Minas mar\u00e7o","Pagamento mar\u00e7o governo de minas","Sal\u00e1rio de mar\u00e7o governo de Minas"],"articleSection":["Minas Gerais","Pol\u00edtica"],"inLanguage":"pt-BR","potentialAction":[{"@type":"CommentAction","name":"Comment","target":["https:\/\/aconteceunovale.com.br\/portal\/?p=176982#respond"]}]},{"@type":"WebPage","@id":"https:\/\/aconteceunovale.com.br\/portal\/?p=176982","url":"https:\/\/aconteceunovale.com.br\/portal\/?p=176982","name":"Governo de Minas quita pagamento do 13\u00ba sal\u00e1rio dos servidores p\u00fablicos - Aconteceu no Vale","isPartOf":{"@id":"https:\/\/aconteceunovale.com.br\/portal\/#website"},"primaryImageOfPage":{"@id":"https:\/\/aconteceunovale.com.br\/portal\/?p=176982#primaryimage"},"image":{"@id":"https:\/\/aconteceunovale.com.br\/portal\/?p=176982#primaryimage"},"thumbnailUrl":"https:\/\/aconteceunovale.com.br\/portal\/wp-content\/uploads\/2020\/01\/cidade_adm_governo_mg.jpg","datePublished":"2021-04-11T00:48:53+00:00","dateModified":"2021-04-11T00:49:38+00:00","author":{"@id":"https:\/\/aconteceunovale.com.br\/portal\/#\/schema\/person\/7d2f26d1483f8a63de73da1ee0754d35"},"breadcrumb":{"@id":"https:\/\/aconteceunovale.com.br\/portal\/?p=176982#breadcrumb"},"inLanguage":"pt-BR","potentialAction":[{"@type":"ReadAction","target":["https:\/\/aconteceunovale.com.br\/portal\/?p=176982"]}]},{"@type":"ImageObject","inLanguage":"pt-BR","@id":"https:\/\/aconteceunovale.com.br\/portal\/?p=176982#primaryimage","url":"https:\/\/aconteceunovale.com.br\/portal\/wp-content\/uploads\/2020\/01\/cidade_adm_governo_mg.jpg","contentUrl":"https:\/\/aconteceunovale.com.br\/portal\/wp-content\/uploads\/2020\/01\/cidade_adm_governo_mg.jpg","width":674,"height":450,"caption":"Cidade Administrativa Presidente Tancredo Neves. Credito: Gil Leonardi\/Imprensa MG Data: 13-08-2013 Local: Belo Horizonte - MG"},{"@type":"BreadcrumbList","@id":"https:\/\/aconteceunovale.com.br\/portal\/?p=176982#breadcrumb","itemListElement":[{"@type":"ListItem","position":1,"name":"In\u00edcio","item":"https:\/\/aconteceunovale.com.br\/portal\/"},{"@type":"ListItem","position":2,"name":"Governo de Minas quita pagamento do 13\u00ba sal\u00e1rio dos servidores p\u00fablicos"}]},{"@type":"WebSite","@id":"https:\/\/aconteceunovale.com.br\/portal\/#website","url":"https:\/\/aconteceunovale.com.br\/portal\/","name":"Aconteceu no Vale","description":"Portal de Not\u00edcias","potentialAction":[{"@type":"SearchAction","target":{"@type":"EntryPoint","urlTemplate":"https:\/\/aconteceunovale.com.br\/portal\/?s={search_term_string}"},"query-input":{"@type":"PropertyValueSpecification","valueRequired":true,"valueName":"search_term_string"}}],"inLanguage":"pt-BR"},{"@type":"Person","@id":"https:\/\/aconteceunovale.com.br\/portal\/#\/schema\/person\/7d2f26d1483f8a63de73da1ee0754d35","name":"Reda\u00e7\u00e3o Aconteceu no Vale","description":"Equipe de reportagem do Aconteceu no Vale, portal de not\u00edcias do Vale do Jequitinhonha, em Minas Gerais. Cobrimos as 51 cidades do Vale desde 2013. Sugest\u00f5es de pauta e pedidos de corre\u00e7\u00e3o: contato@aconteceunovale.com.br","url":"https:\/\/aconteceunovale.com.br\/portal\/?author=4"}]}},"_links":{"self":[{"href":"https:\/\/aconteceunovale.com.br\/portal\/index.php?rest_route=\/wp\/v2\/posts\/176982","targetHints":{"allow":["GET"]}}],"collection":[{"href":"https:\/\/aconteceunovale.com.br\/portal\/index.php?rest_route=\/wp\/v2\/posts"}],"about":[{"href":"https:\/\/aconteceunovale.com.br\/portal\/index.php?rest_route=\/wp\/v2\/types\/post"}],"author":[{"embeddable":true,"href":"https:\/\/aconteceunovale.com.br\/portal\/index.php?rest_route=\/wp\/v2\/users\/4"}],"replies":[{"embeddable":true,"href":"https:\/\/aconteceunovale.com.br\/portal\/index.php?rest_route=%2Fwp%2Fv2%2Fcomments&post=176982"}],"version-history":[{"count":1,"href":"https:\/\/aconteceunovale.com.br\/portal\/index.php?rest_route=\/wp\/v2\/posts\/176982\/revisions"}],"predecessor-version":[{"id":176983,"href":"https:\/\/aconteceunovale.com.br\/portal\/index.php?rest_route=\/wp\/v2\/posts\/176982\/revisions\/176983"}],"wp:featuredmedia":[{"embeddable":true,"href":"https:\/\/aconteceunovale.com.br\/portal\/index.php?rest_route=\/wp\/v2\/media\/157588"}],"wp:attachment":[{"href":"https:\/\/aconteceunovale.com.br\/portal\/index.php?rest_route=%2Fwp%2Fv2%2Fmedia&parent=176982"}],"wp:term":[{"taxonomy":"category","embeddable":true,"href":"https:\/\/aconteceunovale.com.br\/portal\/index.php?rest_route=%2Fwp%2Fv2%2Fcategories&post=176982"},{"taxonomy":"post_tag","embeddable":true,"href":"https:\/\/aconteceunovale.com.br\/portal\/index.php?rest_route=%2Fwp%2Fv2%2Ftags&post=176982"}],"curies":[{"name":"wp","href":"https:\/\/api.w.org\/{rel}","templated":true}]}}