{"id":176948,"date":"2021-04-10T19:04:32","date_gmt":"2021-04-10T22:04:32","guid":{"rendered":"https:\/\/aconteceunovale.com.br\/portal\/?p=176948"},"modified":"2021-04-10T19:06:37","modified_gmt":"2021-04-10T22:06:37","slug":"preso-no-rio-de-janeiro-lider-de-faccao-acusado-de-mais-de-30-homicidios-em-minas-gerais","status":"publish","type":"post","link":"https:\/\/aconteceunovale.com.br\/portal\/?p=176948","title":{"rendered":"Preso no Rio de Janeiro l\u00edder de fac\u00e7\u00e3o acusado de mais de 30 homic\u00eddios em Minas Gerais"},"content":{"rendered":"\n<p class=\"wp-block-paragraph\">Uma a\u00e7\u00e3o conjunta, entre o Minist\u00e9rio P\u00fablico do Rio e de Minas, com apoio do Comando de Opera\u00e7\u00f5es Especiais da Pol\u00edcia Militar do Rio, resultou na pris\u00e3o hoje (10\/4\/2021) do l\u00edder da fac\u00e7\u00e3o criminosa Comando Vermelho, Roger Pereira Moizinho, vulgo \u201cMacarr\u00e3o\u201d. Ele \u00e9 apontado como chefe de organiza\u00e7\u00e3o criminosa respons\u00e1vel por mais de 30 homic\u00eddios nos \u00faltimos 26 meses, al\u00e9m de diversas tentativas, no Estado de Minas Gerais. Ele foi preso nesta manh\u00e3 no Morro da Provid\u00eancia, na regi\u00e3o central do Rio de Janeiro.<\/p>\n\n\n\n<p class=\"wp-block-paragraph\">Tamb\u00e9m foram cumpridos mandados de pris\u00e3o e busca e apreens\u00e3o expedidos contra Washington Willian Ven\u00e2ncio da Silva (conhecido como &#8216;Xarope&#8217;), que j\u00e1 se encontrava preso no Pres\u00eddio Elizabeth S\u00e1 Rego, em Bangu 5,&nbsp;no Complexo Penitenci\u00e1rio de Gericin\u00f3, zona oeste do Rio.<\/p>\n\n\n\n<p class=\"wp-block-paragraph\">&#8212;&#8212;&#8212;&#8212;&#8212;&#8212;<br><em>Quer receber as not\u00edcias do <strong>Aconteceu no Vale<\/strong> em primeira m\u00e3o? Siga-nos no Facebook <a rel=\"noreferrer noopener\" href=\"http:\/\/facebook.com\/aconteceunovale\" target=\"_blank\">@aconteceunovale<\/a>, Twitter <a rel=\"noreferrer noopener\" href=\"https:\/\/twitter.com\/noticiadosvales\" target=\"_blank\">@noticiadosvales<\/a> e Instagram <a rel=\"noreferrer noopener\" href=\"https:\/\/www.instagram.com\/aconteceunovale\" target=\"_blank\">@aconteceunovale<\/a>.<\/em><\/p>\n","protected":false},"excerpt":{"rendered":"<p>Uma a\u00e7\u00e3o conjunta, entre o Minist\u00e9rio P\u00fablico do Rio e de Minas, com apoio do Comando de Opera\u00e7\u00f5es Especiais da Pol\u00edcia Militar do Rio, resultou na pris\u00e3o hoje (10\/4\/2021) do l\u00edder da fac\u00e7\u00e3o criminosa Comando Vermelho, Roger Pereira Moizinho, vulgo \u201cMacarr\u00e3o\u201d. Ele \u00e9 apontado como chefe de organiza\u00e7\u00e3o criminosa respons\u00e1vel por mais de 30 homic\u00eddios [&hellip;]<\/p>\n","protected":false},"author":4,"featured_media":166359,"comment_status":"open","ping_status":"closed","sticky":false,"template":"","format":"standard","meta":{"amp_status":"","footnotes":""},"categories":[6,123],"tags":[242735,242745,193493,1018,19674,242736,19675,96508,242737,242744,242742,242734,242738,242740,242741,242739,242743],"class_list":["post-176948","post","type-post","status-publish","format-standard","has-post-thumbnail","hentry","category-br","category-gerais","tag-acusado-de-mais-de-30-homicidios-em-minas-gerais","tag-bangu-5","tag-complexo-penitenciario-de-gericino","tag-destaque","tag-ministerio-publico-de-minas-gerais","tag-ministerio-publico-do-rio","tag-mpmg","tag-mprj","tag-policia-militar-do-rio","tag-presidio-elizabeth-sa-rego","tag-preso-no-morro-da-providencia","tag-preso-no-rio-de-janeiro-lider-de-faccao-acusado-de-mais-de-30-homicidios-em-minas-gerais","tag-prisao-de-lider-do-comando-vermelho","tag-prisao-de-roger-pereira-moizinho","tag-prisao-do-macarrao","tag-roger-pereira-moizinho","tag-washington-willian-venancio-da-silva"],"yoast_head":"<!-- This site is optimized with the Yoast SEO plugin v28.3 - https:\/\/yoast.com\/product\/yoast-seo-wordpress\/ -->\n<title>Preso no Rio de Janeiro l\u00edder de fac\u00e7\u00e3o acusado de mais de 30 homic\u00eddios em Minas Gerais - Aconteceu no Vale<\/title>\n<meta name=\"robots\" content=\"index, follow, max-snippet:-1, max-image-preview:large, max-video-preview:-1\" \/>\n<link rel=\"canonical\" href=\"https:\/\/aconteceunovale.com.br\/portal\/?p=176948\" \/>\n<meta property=\"og:locale\" content=\"pt_BR\" \/>\n<meta property=\"og:type\" content=\"article\" \/>\n<meta property=\"og:title\" content=\"Preso no Rio de Janeiro l\u00edder de fac\u00e7\u00e3o acusado de mais de 30 homic\u00eddios em Minas Gerais - Aconteceu no Vale\" \/>\n<meta property=\"og:description\" content=\"Uma a\u00e7\u00e3o conjunta, entre o Minist\u00e9rio P\u00fablico do Rio e de Minas, com apoio do Comando de Opera\u00e7\u00f5es Especiais da Pol\u00edcia Militar do Rio, resultou na pris\u00e3o hoje (10\/4\/2021) do l\u00edder da fac\u00e7\u00e3o criminosa Comando Vermelho, Roger Pereira Moizinho, vulgo \u201cMacarr\u00e3o\u201d. Ele \u00e9 apontado como chefe de organiza\u00e7\u00e3o criminosa respons\u00e1vel por mais de 30 homic\u00eddios [&hellip;]\" \/>\n<meta property=\"og:url\" content=\"https:\/\/aconteceunovale.com.br\/portal\/?p=176948\" \/>\n<meta property=\"og:site_name\" content=\"Aconteceu no Vale\" \/>\n<meta property=\"article:publisher\" content=\"https:\/\/www.facebook.com\/aconteceunovale\/\" \/>\n<meta property=\"article:published_time\" content=\"2021-04-10T22:04:32+00:00\" \/>\n<meta property=\"article:modified_time\" content=\"2021-04-10T22:06:37+00:00\" \/>\n<meta property=\"og:image\" content=\"https:\/\/aconteceunovale.com.br\/portal\/wp-content\/uploads\/2020\/07\/preso_homem.jpg\" \/>\n\t<meta property=\"og:image:width\" content=\"675\" \/>\n\t<meta property=\"og:image:height\" content=\"450\" \/>\n\t<meta property=\"og:image:type\" content=\"image\/jpeg\" \/>\n<meta name=\"author\" content=\"Reda\u00e7\u00e3o Aconteceu no Vale\" \/>\n<meta name=\"twitter:card\" content=\"summary_large_image\" \/>\n<meta name=\"twitter:creator\" content=\"@noticiadosvales\" \/>\n<meta name=\"twitter:site\" content=\"@noticiadosvales\" \/>\n<meta name=\"twitter:label1\" content=\"Escrito por\" \/>\n\t<meta name=\"twitter:data1\" content=\"Reda\u00e7\u00e3o Aconteceu no Vale\" \/>\n\t<meta name=\"twitter:label2\" content=\"Est. tempo de leitura\" \/>\n\t<meta name=\"twitter:data2\" content=\"1 minuto\" \/>\n<script type=\"application\/ld+json\" class=\"yoast-schema-graph\">{\"@context\":\"https:\\\/\\\/schema.org\",\"@graph\":[{\"@type\":\"Article\",\"@id\":\"https:\\\/\\\/aconteceunovale.com.br\\\/portal\\\/?p=176948#article\",\"isPartOf\":{\"@id\":\"https:\\\/\\\/aconteceunovale.com.br\\\/portal\\\/?p=176948\"},\"author\":{\"name\":\"Reda\u00e7\u00e3o Aconteceu no Vale\",\"@id\":\"https:\\\/\\\/aconteceunovale.com.br\\\/portal\\\/#\\\/schema\\\/person\\\/7d2f26d1483f8a63de73da1ee0754d35\"},\"headline\":\"Preso no Rio de Janeiro l\u00edder de fac\u00e7\u00e3o acusado de mais de 30 homic\u00eddios em Minas Gerais\",\"datePublished\":\"2021-04-10T22:04:32+00:00\",\"dateModified\":\"2021-04-10T22:06:37+00:00\",\"mainEntityOfPage\":{\"@id\":\"https:\\\/\\\/aconteceunovale.com.br\\\/portal\\\/?p=176948\"},\"wordCount\":185,\"commentCount\":0,\"image\":{\"@id\":\"https:\\\/\\\/aconteceunovale.com.br\\\/portal\\\/?p=176948#primaryimage\"},\"thumbnailUrl\":\"https:\\\/\\\/aconteceunovale.com.br\\\/portal\\\/wp-content\\\/uploads\\\/2020\\\/07\\\/preso_homem.jpg\",\"keywords\":[\"Acusado de mais de 30 homic\u00eddios em Minas Gerais\",\"Bangu 5\",\"Complexo Penitenci\u00e1rio de Gericin\u00f3\",\"destaque\",\"Minist\u00e9rio P\u00fablico de Minas Gerais\",\"Minist\u00e9rio P\u00fablico do Rio\",\"MPMG\",\"MPRJ\",\"Pol\u00edcia Militar do Rio\",\"Pres\u00eddio Elizabeth S\u00e1 Rego\",\"Preso no Morro da Provid\u00eancia\",\"Preso no Rio de Janeiro l\u00edder de fac\u00e7\u00e3o acusado de mais de 30 homic\u00eddios em Minas Gerais\",\"Pris\u00e3o de l\u00edder do Comando Vermelho\",\"Pris\u00e3o de Roger Pereira Moizinho\",\"Pris\u00e3o do Macarr\u00e3o\",\"Roger Pereira Moizinho\",\"Washington Willian Ven\u00e2ncio da Silva\"],\"articleSection\":[\"Brasil\",\"Minas Gerais\"],\"inLanguage\":\"pt-BR\",\"potentialAction\":[{\"@type\":\"CommentAction\",\"name\":\"Comment\",\"target\":[\"https:\\\/\\\/aconteceunovale.com.br\\\/portal\\\/?p=176948#respond\"]}]},{\"@type\":\"WebPage\",\"@id\":\"https:\\\/\\\/aconteceunovale.com.br\\\/portal\\\/?p=176948\",\"url\":\"https:\\\/\\\/aconteceunovale.com.br\\\/portal\\\/?p=176948\",\"name\":\"Preso no Rio de Janeiro l\u00edder de fac\u00e7\u00e3o acusado de mais de 30 homic\u00eddios em Minas Gerais - Aconteceu no Vale\",\"isPartOf\":{\"@id\":\"https:\\\/\\\/aconteceunovale.com.br\\\/portal\\\/#website\"},\"primaryImageOfPage\":{\"@id\":\"https:\\\/\\\/aconteceunovale.com.br\\\/portal\\\/?p=176948#primaryimage\"},\"image\":{\"@id\":\"https:\\\/\\\/aconteceunovale.com.br\\\/portal\\\/?p=176948#primaryimage\"},\"thumbnailUrl\":\"https:\\\/\\\/aconteceunovale.com.br\\\/portal\\\/wp-content\\\/uploads\\\/2020\\\/07\\\/preso_homem.jpg\",\"datePublished\":\"2021-04-10T22:04:32+00:00\",\"dateModified\":\"2021-04-10T22:06:37+00:00\",\"author\":{\"@id\":\"https:\\\/\\\/aconteceunovale.com.br\\\/portal\\\/#\\\/schema\\\/person\\\/7d2f26d1483f8a63de73da1ee0754d35\"},\"breadcrumb\":{\"@id\":\"https:\\\/\\\/aconteceunovale.com.br\\\/portal\\\/?p=176948#breadcrumb\"},\"inLanguage\":\"pt-BR\",\"potentialAction\":[{\"@type\":\"ReadAction\",\"target\":[\"https:\\\/\\\/aconteceunovale.com.br\\\/portal\\\/?p=176948\"]}]},{\"@type\":\"ImageObject\",\"inLanguage\":\"pt-BR\",\"@id\":\"https:\\\/\\\/aconteceunovale.com.br\\\/portal\\\/?p=176948#primaryimage\",\"url\":\"https:\\\/\\\/aconteceunovale.com.br\\\/portal\\\/wp-content\\\/uploads\\\/2020\\\/07\\\/preso_homem.jpg\",\"contentUrl\":\"https:\\\/\\\/aconteceunovale.com.br\\\/portal\\\/wp-content\\\/uploads\\\/2020\\\/07\\\/preso_homem.jpg\",\"width\":675,\"height\":450},{\"@type\":\"BreadcrumbList\",\"@id\":\"https:\\\/\\\/aconteceunovale.com.br\\\/portal\\\/?p=176948#breadcrumb\",\"itemListElement\":[{\"@type\":\"ListItem\",\"position\":1,\"name\":\"In\u00edcio\",\"item\":\"https:\\\/\\\/aconteceunovale.com.br\\\/portal\\\/\"},{\"@type\":\"ListItem\",\"position\":2,\"name\":\"Preso no Rio de Janeiro l\u00edder de fac\u00e7\u00e3o acusado de mais de 30 homic\u00eddios em Minas Gerais\"}]},{\"@type\":\"WebSite\",\"@id\":\"https:\\\/\\\/aconteceunovale.com.br\\\/portal\\\/#website\",\"url\":\"https:\\\/\\\/aconteceunovale.com.br\\\/portal\\\/\",\"name\":\"Aconteceu no Vale\",\"description\":\"Portal de Not\u00edcias\",\"potentialAction\":[{\"@type\":\"SearchAction\",\"target\":{\"@type\":\"EntryPoint\",\"urlTemplate\":\"https:\\\/\\\/aconteceunovale.com.br\\\/portal\\\/?s={search_term_string}\"},\"query-input\":{\"@type\":\"PropertyValueSpecification\",\"valueRequired\":true,\"valueName\":\"search_term_string\"}}],\"inLanguage\":\"pt-BR\"},{\"@type\":\"Person\",\"@id\":\"https:\\\/\\\/aconteceunovale.com.br\\\/portal\\\/#\\\/schema\\\/person\\\/7d2f26d1483f8a63de73da1ee0754d35\",\"name\":\"Reda\u00e7\u00e3o Aconteceu no Vale\",\"description\":\"Equipe de reportagem do Aconteceu no Vale, portal de not\u00edcias do Vale do Jequitinhonha, em Minas Gerais. Cobrimos as 51 cidades do Vale desde 2013. Sugest\u00f5es de pauta e pedidos de corre\u00e7\u00e3o: contato@aconteceunovale.com.br\",\"url\":\"https:\\\/\\\/aconteceunovale.com.br\\\/portal\\\/?author=4\"}]}<\/script>\n<!-- \/ Yoast SEO plugin. -->","yoast_head_json":{"title":"Preso no Rio de Janeiro l\u00edder de fac\u00e7\u00e3o acusado de mais de 30 homic\u00eddios em Minas Gerais - Aconteceu no Vale","robots":{"index":"index","follow":"follow","max-snippet":"max-snippet:-1","max-image-preview":"max-image-preview:large","max-video-preview":"max-video-preview:-1"},"canonical":"https:\/\/aconteceunovale.com.br\/portal\/?p=176948","og_locale":"pt_BR","og_type":"article","og_title":"Preso no Rio de Janeiro l\u00edder de fac\u00e7\u00e3o acusado de mais de 30 homic\u00eddios em Minas Gerais - Aconteceu no Vale","og_description":"Uma a\u00e7\u00e3o conjunta, entre o Minist\u00e9rio P\u00fablico do Rio e de Minas, com apoio do Comando de Opera\u00e7\u00f5es Especiais da Pol\u00edcia Militar do Rio, resultou na pris\u00e3o hoje (10\/4\/2021) do l\u00edder da fac\u00e7\u00e3o criminosa Comando Vermelho, Roger Pereira Moizinho, vulgo \u201cMacarr\u00e3o\u201d. Ele \u00e9 apontado como chefe de organiza\u00e7\u00e3o criminosa respons\u00e1vel por mais de 30 homic\u00eddios [&hellip;]","og_url":"https:\/\/aconteceunovale.com.br\/portal\/?p=176948","og_site_name":"Aconteceu no Vale","article_publisher":"https:\/\/www.facebook.com\/aconteceunovale\/","article_published_time":"2021-04-10T22:04:32+00:00","article_modified_time":"2021-04-10T22:06:37+00:00","og_image":[{"width":675,"height":450,"url":"https:\/\/aconteceunovale.com.br\/portal\/wp-content\/uploads\/2020\/07\/preso_homem.jpg","type":"image\/jpeg"}],"author":"Reda\u00e7\u00e3o Aconteceu no Vale","twitter_card":"summary_large_image","twitter_creator":"@noticiadosvales","twitter_site":"@noticiadosvales","twitter_misc":{"Escrito por":"Reda\u00e7\u00e3o Aconteceu no Vale","Est. tempo de leitura":"1 minuto"},"schema":{"@context":"https:\/\/schema.org","@graph":[{"@type":"Article","@id":"https:\/\/aconteceunovale.com.br\/portal\/?p=176948#article","isPartOf":{"@id":"https:\/\/aconteceunovale.com.br\/portal\/?p=176948"},"author":{"name":"Reda\u00e7\u00e3o Aconteceu no Vale","@id":"https:\/\/aconteceunovale.com.br\/portal\/#\/schema\/person\/7d2f26d1483f8a63de73da1ee0754d35"},"headline":"Preso no Rio de Janeiro l\u00edder de fac\u00e7\u00e3o acusado de mais de 30 homic\u00eddios em Minas Gerais","datePublished":"2021-04-10T22:04:32+00:00","dateModified":"2021-04-10T22:06:37+00:00","mainEntityOfPage":{"@id":"https:\/\/aconteceunovale.com.br\/portal\/?p=176948"},"wordCount":185,"commentCount":0,"image":{"@id":"https:\/\/aconteceunovale.com.br\/portal\/?p=176948#primaryimage"},"thumbnailUrl":"https:\/\/aconteceunovale.com.br\/portal\/wp-content\/uploads\/2020\/07\/preso_homem.jpg","keywords":["Acusado de mais de 30 homic\u00eddios em Minas Gerais","Bangu 5","Complexo Penitenci\u00e1rio de Gericin\u00f3","destaque","Minist\u00e9rio P\u00fablico de Minas Gerais","Minist\u00e9rio P\u00fablico do Rio","MPMG","MPRJ","Pol\u00edcia Militar do Rio","Pres\u00eddio Elizabeth S\u00e1 Rego","Preso no Morro da Provid\u00eancia","Preso no Rio de Janeiro l\u00edder de fac\u00e7\u00e3o acusado de mais de 30 homic\u00eddios em Minas Gerais","Pris\u00e3o de l\u00edder do Comando Vermelho","Pris\u00e3o de Roger Pereira Moizinho","Pris\u00e3o do Macarr\u00e3o","Roger Pereira Moizinho","Washington Willian Ven\u00e2ncio da Silva"],"articleSection":["Brasil","Minas Gerais"],"inLanguage":"pt-BR","potentialAction":[{"@type":"CommentAction","name":"Comment","target":["https:\/\/aconteceunovale.com.br\/portal\/?p=176948#respond"]}]},{"@type":"WebPage","@id":"https:\/\/aconteceunovale.com.br\/portal\/?p=176948","url":"https:\/\/aconteceunovale.com.br\/portal\/?p=176948","name":"Preso no Rio de Janeiro l\u00edder de fac\u00e7\u00e3o acusado de mais de 30 homic\u00eddios em Minas Gerais - Aconteceu no Vale","isPartOf":{"@id":"https:\/\/aconteceunovale.com.br\/portal\/#website"},"primaryImageOfPage":{"@id":"https:\/\/aconteceunovale.com.br\/portal\/?p=176948#primaryimage"},"image":{"@id":"https:\/\/aconteceunovale.com.br\/portal\/?p=176948#primaryimage"},"thumbnailUrl":"https:\/\/aconteceunovale.com.br\/portal\/wp-content\/uploads\/2020\/07\/preso_homem.jpg","datePublished":"2021-04-10T22:04:32+00:00","dateModified":"2021-04-10T22:06:37+00:00","author":{"@id":"https:\/\/aconteceunovale.com.br\/portal\/#\/schema\/person\/7d2f26d1483f8a63de73da1ee0754d35"},"breadcrumb":{"@id":"https:\/\/aconteceunovale.com.br\/portal\/?p=176948#breadcrumb"},"inLanguage":"pt-BR","potentialAction":[{"@type":"ReadAction","target":["https:\/\/aconteceunovale.com.br\/portal\/?p=176948"]}]},{"@type":"ImageObject","inLanguage":"pt-BR","@id":"https:\/\/aconteceunovale.com.br\/portal\/?p=176948#primaryimage","url":"https:\/\/aconteceunovale.com.br\/portal\/wp-content\/uploads\/2020\/07\/preso_homem.jpg","contentUrl":"https:\/\/aconteceunovale.com.br\/portal\/wp-content\/uploads\/2020\/07\/preso_homem.jpg","width":675,"height":450},{"@type":"BreadcrumbList","@id":"https:\/\/aconteceunovale.com.br\/portal\/?p=176948#breadcrumb","itemListElement":[{"@type":"ListItem","position":1,"name":"In\u00edcio","item":"https:\/\/aconteceunovale.com.br\/portal\/"},{"@type":"ListItem","position":2,"name":"Preso no Rio de Janeiro l\u00edder de fac\u00e7\u00e3o acusado de mais de 30 homic\u00eddios em Minas Gerais"}]},{"@type":"WebSite","@id":"https:\/\/aconteceunovale.com.br\/portal\/#website","url":"https:\/\/aconteceunovale.com.br\/portal\/","name":"Aconteceu no Vale","description":"Portal de Not\u00edcias","potentialAction":[{"@type":"SearchAction","target":{"@type":"EntryPoint","urlTemplate":"https:\/\/aconteceunovale.com.br\/portal\/?s={search_term_string}"},"query-input":{"@type":"PropertyValueSpecification","valueRequired":true,"valueName":"search_term_string"}}],"inLanguage":"pt-BR"},{"@type":"Person","@id":"https:\/\/aconteceunovale.com.br\/portal\/#\/schema\/person\/7d2f26d1483f8a63de73da1ee0754d35","name":"Reda\u00e7\u00e3o Aconteceu no Vale","description":"Equipe de reportagem do Aconteceu no Vale, portal de not\u00edcias do Vale do Jequitinhonha, em Minas Gerais. Cobrimos as 51 cidades do Vale desde 2013. Sugest\u00f5es de pauta e pedidos de corre\u00e7\u00e3o: contato@aconteceunovale.com.br","url":"https:\/\/aconteceunovale.com.br\/portal\/?author=4"}]}},"_links":{"self":[{"href":"https:\/\/aconteceunovale.com.br\/portal\/index.php?rest_route=\/wp\/v2\/posts\/176948","targetHints":{"allow":["GET"]}}],"collection":[{"href":"https:\/\/aconteceunovale.com.br\/portal\/index.php?rest_route=\/wp\/v2\/posts"}],"about":[{"href":"https:\/\/aconteceunovale.com.br\/portal\/index.php?rest_route=\/wp\/v2\/types\/post"}],"author":[{"embeddable":true,"href":"https:\/\/aconteceunovale.com.br\/portal\/index.php?rest_route=\/wp\/v2\/users\/4"}],"replies":[{"embeddable":true,"href":"https:\/\/aconteceunovale.com.br\/portal\/index.php?rest_route=%2Fwp%2Fv2%2Fcomments&post=176948"}],"version-history":[{"count":2,"href":"https:\/\/aconteceunovale.com.br\/portal\/index.php?rest_route=\/wp\/v2\/posts\/176948\/revisions"}],"predecessor-version":[{"id":176950,"href":"https:\/\/aconteceunovale.com.br\/portal\/index.php?rest_route=\/wp\/v2\/posts\/176948\/revisions\/176950"}],"wp:featuredmedia":[{"embeddable":true,"href":"https:\/\/aconteceunovale.com.br\/portal\/index.php?rest_route=\/wp\/v2\/media\/166359"}],"wp:attachment":[{"href":"https:\/\/aconteceunovale.com.br\/portal\/index.php?rest_route=%2Fwp%2Fv2%2Fmedia&parent=176948"}],"wp:term":[{"taxonomy":"category","embeddable":true,"href":"https:\/\/aconteceunovale.com.br\/portal\/index.php?rest_route=%2Fwp%2Fv2%2Fcategories&post=176948"},{"taxonomy":"post_tag","embeddable":true,"href":"https:\/\/aconteceunovale.com.br\/portal\/index.php?rest_route=%2Fwp%2Fv2%2Ftags&post=176948"}],"curies":[{"name":"wp","href":"https:\/\/api.w.org\/{rel}","templated":true}]}}