{"id":176942,"date":"2021-04-10T18:38:20","date_gmt":"2021-04-10T21:38:20","guid":{"rendered":"https:\/\/aconteceunovale.com.br\/portal\/?p=176942"},"modified":"2021-04-10T18:43:38","modified_gmt":"2021-04-10T21:43:38","slug":"liminar-impoe-que-municipio-de-ipatinga-siga-onda-roxa-do-minas-consciente","status":"publish","type":"post","link":"https:\/\/aconteceunovale.com.br\/portal\/?p=176942","title":{"rendered":"Liminar imp\u00f5e que munic\u00edpio de Ipatinga siga onda roxa do Minas Consciente"},"content":{"rendered":"\n<p class=\"wp-block-paragraph\">Munic\u00edpio mais populoso do Vale do A\u00e7o, com mais de 260 mil habitantes,\u00a0Ipatinga recebeu ordem judicial, por meio de liminar em a\u00e7\u00e3o civil p\u00fablica ajuizada pela\u00a0Advocacia-Geral do Estado de Minas Gerais (AGE-MG), para suspender decreto municipal que flexibilizava a abertura de com\u00e9rcio n\u00e3o essencial.<\/p>\n\n\n\n<p class=\"wp-block-paragraph\">Com isso,\u00a0a cidade dever\u00e1 seguir imediatamente a onda roxa do plano Minas Consciente, sob pena de multa di\u00e1ria de R$ 50 mil.<\/p>\n\n\n\n<p class=\"wp-block-paragraph\">Em sua decis\u00e3o, o juiz Luiz Fl\u00e1vio Ferreira destacou, em mensagem inicial,\u00a0o est\u00e1gio mais dram\u00e1tico da pandemia e a necessidade absoluta de ado\u00e7\u00e3o de medidas coordenadas para assegurar o direito \u00e0 vida, principalmente em raz\u00e3o da inexist\u00eancia de leitos dispon\u00edveis de UTI.<\/p>\n\n\n\n<p class=\"wp-block-paragraph\">O magistrado citou, tamb\u00e9m, decis\u00f5es semelhantes deferidas pelo Supremo Tribunal Federal (STF) e pelo Tribunal de Justi\u00e7a de Minas Gerais (TJMG) para negar a tese de que o decreto municipal encontraria amparo constitucional. Reiterou, ainda, a necess\u00e1ria harmonia e coordena\u00e7\u00e3o entre as a\u00e7\u00f5es p\u00fablicas dos diversos entes federativos.<\/p>\n\n\n\n<p class=\"wp-block-paragraph\">Com o deferimento da a\u00e7\u00e3o da AGE-MG, consta na decis\u00e3o do juiz que, al\u00e9m de suspender os efeitos do decreto municipal, fica determinado ao munic\u00edpio de Ipatinga &#8220;que pro\u00edba as atividades n\u00e3o essenciais em todo o territ\u00f3rio&#8221; e &#8220;que siga na \u00edntegra o protocolo estadual da onda roxa, inclusive quanto \u00e0s atividades essenciais nele constantes, considerando o interesse regional das medidas de combate ao coronav\u00edrus&#8221;.<\/p>\n\n\n\n<h2 class=\"wp-block-heading\"><strong>Nota da prefeitura<\/strong><\/h2>\n\n\n\n<p class=\"wp-block-paragraph\"><em>A Prefeitura de Ipatinga informa que recebeu, no final da tarde desta sexta-feira (9), a decis\u00e3o do juiz da Vara da Fazenda P\u00fablica e Autarquias da comarca, que suspende os efeitos do Decreto Municipal n\u00ba 9636 e determina a retomada das restri\u00e7\u00f5es impostas na Onda Roxa aos estabelecimentos comerciais.<\/em><\/p>\n\n\n\n<p class=\"wp-block-paragraph\"><em>Esclarecemos que ser\u00e1 interposto, por parte do Munic\u00edpio, recurso junto ao Tribunal de Justi\u00e7a de Minas Gerais. Contudo, at\u00e9 que seja proferida nova decis\u00e3o, \u00e9 necess\u00e1rio que se obede\u00e7a a \u00edntegra da atual decis\u00e3o, com o cumprimento da Delibera\u00e7\u00e3o 130 do Governo do Estado sobre a Onda Roxa, inclusive no que se relaciona \u00e0 suspens\u00e3o das atividades do com\u00e9rcio.<\/em><\/p>\n\n\n\n<p class=\"wp-block-paragraph\">&#8212;&#8212;&#8212;&#8212;&#8212;&#8212;<br><em>Quer receber as not\u00edcias do <strong>Aconteceu no Vale<\/strong> em primeira m\u00e3o? Siga-nos no Facebook <a rel=\"noreferrer noopener\" href=\"http:\/\/facebook.com\/aconteceunovale\" target=\"_blank\">@aconteceunovale<\/a>, Twitter <a rel=\"noreferrer noopener\" href=\"https:\/\/twitter.com\/noticiadosvales\" target=\"_blank\">@noticiadosvales<\/a> e Instagram <a rel=\"noreferrer noopener\" href=\"https:\/\/www.instagram.com\/aconteceunovale\" target=\"_blank\">@aconteceunovale<\/a>.<\/em><\/p>\n","protected":false},"excerpt":{"rendered":"<p>Munic\u00edpio mais populoso do Vale do A\u00e7o, com mais de 260 mil habitantes,\u00a0Ipatinga recebeu ordem judicial, por meio de liminar em a\u00e7\u00e3o civil p\u00fablica ajuizada pela\u00a0Advocacia-Geral do Estado de Minas Gerais (AGE-MG), para suspender decreto municipal que flexibilizava a abertura de com\u00e9rcio n\u00e3o essencial. Com isso,\u00a0a cidade dever\u00e1 seguir imediatamente a onda roxa do plano [&hellip;]<\/p>\n","protected":false},"author":4,"featured_media":163432,"comment_status":"open","ping_status":"closed","sticky":false,"template":"","format":"standard","meta":{"amp_status":"","footnotes":""},"categories":[121,40242],"tags":[242727,58818,242729,242730,221491,201,242635,242722,220474,242728,242726,242723,242724,46322,242725],"class_list":["post-176942","post","type-post","status-publish","format-standard","has-post-thumbnail","hentry","category-leste","category-saude-2","tag-abertura-do-comercio-em-ipatinga","tag-age-mg","tag-decreto-9636-de-ipatinga","tag-deliberacao-130-onda-roxa","tag-fechamento-do-comercio-em-ipatinga","tag-ipatinga","tag-juiz-luiz-flavio-ferreira","tag-liminar-impoe-que-municipio-de-ipatinga-siga-onda-roxa-do-minas-consciente","tag-minas-consciente","tag-municipio-de-ipatinga","tag-municipio-mais-populoso-do-vale-do-aco","tag-onda-roxa-do-minas-consciente","tag-onda-roxa-em-ipatinga","tag-prefeitura-de-ipatinga","tag-restricoes-em-ipatinga"],"yoast_head":"<!-- This site is optimized with the Yoast SEO plugin v28.3 - https:\/\/yoast.com\/product\/yoast-seo-wordpress\/ -->\n<title>Liminar imp\u00f5e que munic\u00edpio de Ipatinga siga onda roxa do Minas Consciente - Aconteceu no Vale<\/title>\n<meta name=\"robots\" content=\"index, follow, max-snippet:-1, max-image-preview:large, max-video-preview:-1\" \/>\n<link rel=\"canonical\" href=\"https:\/\/aconteceunovale.com.br\/portal\/?p=176942\" \/>\n<meta property=\"og:locale\" content=\"pt_BR\" \/>\n<meta property=\"og:type\" content=\"article\" \/>\n<meta property=\"og:title\" content=\"Liminar imp\u00f5e que munic\u00edpio de Ipatinga siga onda roxa do Minas Consciente - Aconteceu no Vale\" \/>\n<meta property=\"og:description\" content=\"Munic\u00edpio mais populoso do Vale do A\u00e7o, com mais de 260 mil habitantes,\u00a0Ipatinga recebeu ordem judicial, por meio de liminar em a\u00e7\u00e3o civil p\u00fablica ajuizada pela\u00a0Advocacia-Geral do Estado de Minas Gerais (AGE-MG), para suspender decreto municipal que flexibilizava a abertura de com\u00e9rcio n\u00e3o essencial. Com isso,\u00a0a cidade dever\u00e1 seguir imediatamente a onda roxa do plano [&hellip;]\" \/>\n<meta property=\"og:url\" content=\"https:\/\/aconteceunovale.com.br\/portal\/?p=176942\" \/>\n<meta property=\"og:site_name\" content=\"Aconteceu no Vale\" \/>\n<meta property=\"article:publisher\" content=\"https:\/\/www.facebook.com\/aconteceunovale\/\" \/>\n<meta property=\"article:published_time\" content=\"2021-04-10T21:38:20+00:00\" \/>\n<meta property=\"article:modified_time\" content=\"2021-04-10T21:43:38+00:00\" \/>\n<meta property=\"og:image\" content=\"https:\/\/aconteceunovale.com.br\/portal\/wp-content\/uploads\/2020\/06\/ipatinga_mg.jpeg\" \/>\n\t<meta property=\"og:image:width\" content=\"601\" \/>\n\t<meta property=\"og:image:height\" content=\"450\" \/>\n\t<meta property=\"og:image:type\" content=\"image\/jpeg\" \/>\n<meta name=\"author\" content=\"Reda\u00e7\u00e3o Aconteceu no Vale\" \/>\n<meta name=\"twitter:card\" content=\"summary_large_image\" \/>\n<meta name=\"twitter:creator\" content=\"@noticiadosvales\" \/>\n<meta name=\"twitter:site\" content=\"@noticiadosvales\" \/>\n<meta name=\"twitter:label1\" content=\"Escrito por\" \/>\n\t<meta name=\"twitter:data1\" content=\"Reda\u00e7\u00e3o Aconteceu no Vale\" \/>\n\t<meta name=\"twitter:label2\" content=\"Est. tempo de leitura\" \/>\n\t<meta name=\"twitter:data2\" content=\"2 minutos\" \/>\n<script type=\"application\/ld+json\" class=\"yoast-schema-graph\">{\"@context\":\"https:\\\/\\\/schema.org\",\"@graph\":[{\"@type\":\"Article\",\"@id\":\"https:\\\/\\\/aconteceunovale.com.br\\\/portal\\\/?p=176942#article\",\"isPartOf\":{\"@id\":\"https:\\\/\\\/aconteceunovale.com.br\\\/portal\\\/?p=176942\"},\"author\":{\"name\":\"Reda\u00e7\u00e3o Aconteceu no Vale\",\"@id\":\"https:\\\/\\\/aconteceunovale.com.br\\\/portal\\\/#\\\/schema\\\/person\\\/7d2f26d1483f8a63de73da1ee0754d35\"},\"headline\":\"Liminar imp\u00f5e que munic\u00edpio de Ipatinga siga onda roxa do Minas Consciente\",\"datePublished\":\"2021-04-10T21:38:20+00:00\",\"dateModified\":\"2021-04-10T21:43:38+00:00\",\"mainEntityOfPage\":{\"@id\":\"https:\\\/\\\/aconteceunovale.com.br\\\/portal\\\/?p=176942\"},\"wordCount\":407,\"commentCount\":0,\"image\":{\"@id\":\"https:\\\/\\\/aconteceunovale.com.br\\\/portal\\\/?p=176942#primaryimage\"},\"thumbnailUrl\":\"https:\\\/\\\/aconteceunovale.com.br\\\/portal\\\/wp-content\\\/uploads\\\/2020\\\/06\\\/ipatinga_mg.jpeg\",\"keywords\":[\"Abertura do com\u00e9rcio em Ipatinga\",\"AGE-MG\",\"Decreto 9636 de Ipatinga\",\"Delibera\u00e7\u00e3o 130 onda roxa\",\"Fechamento do com\u00e9rcio em Ipatinga\",\"Ipatinga\",\"Juiz Luiz Fl\u00e1vio Ferreira\",\"Liminar imp\u00f5e que munic\u00edpio de Ipatinga siga onda roxa do Minas Consciente\",\"Minas Consciente\",\"Munic\u00edpio de Ipatinga\",\"Munic\u00edpio mais populoso do Vale do A\u00e7o\",\"Onda roxa do Minas Consciente\",\"Onda roxa em Ipatinga\",\"Prefeitura de Ipatinga\",\"Restri\u00e7\u00f5es em Ipatinga\"],\"articleSection\":[\"Leste de Minas\",\"Sa\u00fade\"],\"inLanguage\":\"pt-BR\",\"potentialAction\":[{\"@type\":\"CommentAction\",\"name\":\"Comment\",\"target\":[\"https:\\\/\\\/aconteceunovale.com.br\\\/portal\\\/?p=176942#respond\"]}]},{\"@type\":\"WebPage\",\"@id\":\"https:\\\/\\\/aconteceunovale.com.br\\\/portal\\\/?p=176942\",\"url\":\"https:\\\/\\\/aconteceunovale.com.br\\\/portal\\\/?p=176942\",\"name\":\"Liminar imp\u00f5e que munic\u00edpio de Ipatinga siga onda roxa do Minas Consciente - Aconteceu no Vale\",\"isPartOf\":{\"@id\":\"https:\\\/\\\/aconteceunovale.com.br\\\/portal\\\/#website\"},\"primaryImageOfPage\":{\"@id\":\"https:\\\/\\\/aconteceunovale.com.br\\\/portal\\\/?p=176942#primaryimage\"},\"image\":{\"@id\":\"https:\\\/\\\/aconteceunovale.com.br\\\/portal\\\/?p=176942#primaryimage\"},\"thumbnailUrl\":\"https:\\\/\\\/aconteceunovale.com.br\\\/portal\\\/wp-content\\\/uploads\\\/2020\\\/06\\\/ipatinga_mg.jpeg\",\"datePublished\":\"2021-04-10T21:38:20+00:00\",\"dateModified\":\"2021-04-10T21:43:38+00:00\",\"author\":{\"@id\":\"https:\\\/\\\/aconteceunovale.com.br\\\/portal\\\/#\\\/schema\\\/person\\\/7d2f26d1483f8a63de73da1ee0754d35\"},\"breadcrumb\":{\"@id\":\"https:\\\/\\\/aconteceunovale.com.br\\\/portal\\\/?p=176942#breadcrumb\"},\"inLanguage\":\"pt-BR\",\"potentialAction\":[{\"@type\":\"ReadAction\",\"target\":[\"https:\\\/\\\/aconteceunovale.com.br\\\/portal\\\/?p=176942\"]}]},{\"@type\":\"ImageObject\",\"inLanguage\":\"pt-BR\",\"@id\":\"https:\\\/\\\/aconteceunovale.com.br\\\/portal\\\/?p=176942#primaryimage\",\"url\":\"https:\\\/\\\/aconteceunovale.com.br\\\/portal\\\/wp-content\\\/uploads\\\/2020\\\/06\\\/ipatinga_mg.jpeg\",\"contentUrl\":\"https:\\\/\\\/aconteceunovale.com.br\\\/portal\\\/wp-content\\\/uploads\\\/2020\\\/06\\\/ipatinga_mg.jpeg\",\"width\":601,\"height\":450},{\"@type\":\"BreadcrumbList\",\"@id\":\"https:\\\/\\\/aconteceunovale.com.br\\\/portal\\\/?p=176942#breadcrumb\",\"itemListElement\":[{\"@type\":\"ListItem\",\"position\":1,\"name\":\"In\u00edcio\",\"item\":\"https:\\\/\\\/aconteceunovale.com.br\\\/portal\\\/\"},{\"@type\":\"ListItem\",\"position\":2,\"name\":\"Liminar imp\u00f5e que munic\u00edpio de Ipatinga siga onda roxa do Minas Consciente\"}]},{\"@type\":\"WebSite\",\"@id\":\"https:\\\/\\\/aconteceunovale.com.br\\\/portal\\\/#website\",\"url\":\"https:\\\/\\\/aconteceunovale.com.br\\\/portal\\\/\",\"name\":\"Aconteceu no Vale\",\"description\":\"Portal de Not\u00edcias\",\"potentialAction\":[{\"@type\":\"SearchAction\",\"target\":{\"@type\":\"EntryPoint\",\"urlTemplate\":\"https:\\\/\\\/aconteceunovale.com.br\\\/portal\\\/?s={search_term_string}\"},\"query-input\":{\"@type\":\"PropertyValueSpecification\",\"valueRequired\":true,\"valueName\":\"search_term_string\"}}],\"inLanguage\":\"pt-BR\"},{\"@type\":\"Person\",\"@id\":\"https:\\\/\\\/aconteceunovale.com.br\\\/portal\\\/#\\\/schema\\\/person\\\/7d2f26d1483f8a63de73da1ee0754d35\",\"name\":\"Reda\u00e7\u00e3o Aconteceu no Vale\",\"description\":\"Equipe de reportagem do Aconteceu no Vale, portal de not\u00edcias do Vale do Jequitinhonha, em Minas Gerais. Cobrimos as 51 cidades do Vale desde 2013. Sugest\u00f5es de pauta e pedidos de corre\u00e7\u00e3o: contato@aconteceunovale.com.br\",\"url\":\"https:\\\/\\\/aconteceunovale.com.br\\\/portal\\\/?author=4\"}]}<\/script>\n<!-- \/ Yoast SEO plugin. -->","yoast_head_json":{"title":"Liminar imp\u00f5e que munic\u00edpio de Ipatinga siga onda roxa do Minas Consciente - Aconteceu no Vale","robots":{"index":"index","follow":"follow","max-snippet":"max-snippet:-1","max-image-preview":"max-image-preview:large","max-video-preview":"max-video-preview:-1"},"canonical":"https:\/\/aconteceunovale.com.br\/portal\/?p=176942","og_locale":"pt_BR","og_type":"article","og_title":"Liminar imp\u00f5e que munic\u00edpio de Ipatinga siga onda roxa do Minas Consciente - Aconteceu no Vale","og_description":"Munic\u00edpio mais populoso do Vale do A\u00e7o, com mais de 260 mil habitantes,\u00a0Ipatinga recebeu ordem judicial, por meio de liminar em a\u00e7\u00e3o civil p\u00fablica ajuizada pela\u00a0Advocacia-Geral do Estado de Minas Gerais (AGE-MG), para suspender decreto municipal que flexibilizava a abertura de com\u00e9rcio n\u00e3o essencial. Com isso,\u00a0a cidade dever\u00e1 seguir imediatamente a onda roxa do plano [&hellip;]","og_url":"https:\/\/aconteceunovale.com.br\/portal\/?p=176942","og_site_name":"Aconteceu no Vale","article_publisher":"https:\/\/www.facebook.com\/aconteceunovale\/","article_published_time":"2021-04-10T21:38:20+00:00","article_modified_time":"2021-04-10T21:43:38+00:00","og_image":[{"width":601,"height":450,"url":"https:\/\/aconteceunovale.com.br\/portal\/wp-content\/uploads\/2020\/06\/ipatinga_mg.jpeg","type":"image\/jpeg"}],"author":"Reda\u00e7\u00e3o Aconteceu no Vale","twitter_card":"summary_large_image","twitter_creator":"@noticiadosvales","twitter_site":"@noticiadosvales","twitter_misc":{"Escrito por":"Reda\u00e7\u00e3o Aconteceu no Vale","Est. tempo de leitura":"2 minutos"},"schema":{"@context":"https:\/\/schema.org","@graph":[{"@type":"Article","@id":"https:\/\/aconteceunovale.com.br\/portal\/?p=176942#article","isPartOf":{"@id":"https:\/\/aconteceunovale.com.br\/portal\/?p=176942"},"author":{"name":"Reda\u00e7\u00e3o Aconteceu no Vale","@id":"https:\/\/aconteceunovale.com.br\/portal\/#\/schema\/person\/7d2f26d1483f8a63de73da1ee0754d35"},"headline":"Liminar imp\u00f5e que munic\u00edpio de Ipatinga siga onda roxa do Minas Consciente","datePublished":"2021-04-10T21:38:20+00:00","dateModified":"2021-04-10T21:43:38+00:00","mainEntityOfPage":{"@id":"https:\/\/aconteceunovale.com.br\/portal\/?p=176942"},"wordCount":407,"commentCount":0,"image":{"@id":"https:\/\/aconteceunovale.com.br\/portal\/?p=176942#primaryimage"},"thumbnailUrl":"https:\/\/aconteceunovale.com.br\/portal\/wp-content\/uploads\/2020\/06\/ipatinga_mg.jpeg","keywords":["Abertura do com\u00e9rcio em Ipatinga","AGE-MG","Decreto 9636 de Ipatinga","Delibera\u00e7\u00e3o 130 onda roxa","Fechamento do com\u00e9rcio em Ipatinga","Ipatinga","Juiz Luiz Fl\u00e1vio Ferreira","Liminar imp\u00f5e que munic\u00edpio de Ipatinga siga onda roxa do Minas Consciente","Minas Consciente","Munic\u00edpio de Ipatinga","Munic\u00edpio mais populoso do Vale do A\u00e7o","Onda roxa do Minas Consciente","Onda roxa em Ipatinga","Prefeitura de Ipatinga","Restri\u00e7\u00f5es em Ipatinga"],"articleSection":["Leste de Minas","Sa\u00fade"],"inLanguage":"pt-BR","potentialAction":[{"@type":"CommentAction","name":"Comment","target":["https:\/\/aconteceunovale.com.br\/portal\/?p=176942#respond"]}]},{"@type":"WebPage","@id":"https:\/\/aconteceunovale.com.br\/portal\/?p=176942","url":"https:\/\/aconteceunovale.com.br\/portal\/?p=176942","name":"Liminar imp\u00f5e que munic\u00edpio de Ipatinga siga onda roxa do Minas Consciente - Aconteceu no Vale","isPartOf":{"@id":"https:\/\/aconteceunovale.com.br\/portal\/#website"},"primaryImageOfPage":{"@id":"https:\/\/aconteceunovale.com.br\/portal\/?p=176942#primaryimage"},"image":{"@id":"https:\/\/aconteceunovale.com.br\/portal\/?p=176942#primaryimage"},"thumbnailUrl":"https:\/\/aconteceunovale.com.br\/portal\/wp-content\/uploads\/2020\/06\/ipatinga_mg.jpeg","datePublished":"2021-04-10T21:38:20+00:00","dateModified":"2021-04-10T21:43:38+00:00","author":{"@id":"https:\/\/aconteceunovale.com.br\/portal\/#\/schema\/person\/7d2f26d1483f8a63de73da1ee0754d35"},"breadcrumb":{"@id":"https:\/\/aconteceunovale.com.br\/portal\/?p=176942#breadcrumb"},"inLanguage":"pt-BR","potentialAction":[{"@type":"ReadAction","target":["https:\/\/aconteceunovale.com.br\/portal\/?p=176942"]}]},{"@type":"ImageObject","inLanguage":"pt-BR","@id":"https:\/\/aconteceunovale.com.br\/portal\/?p=176942#primaryimage","url":"https:\/\/aconteceunovale.com.br\/portal\/wp-content\/uploads\/2020\/06\/ipatinga_mg.jpeg","contentUrl":"https:\/\/aconteceunovale.com.br\/portal\/wp-content\/uploads\/2020\/06\/ipatinga_mg.jpeg","width":601,"height":450},{"@type":"BreadcrumbList","@id":"https:\/\/aconteceunovale.com.br\/portal\/?p=176942#breadcrumb","itemListElement":[{"@type":"ListItem","position":1,"name":"In\u00edcio","item":"https:\/\/aconteceunovale.com.br\/portal\/"},{"@type":"ListItem","position":2,"name":"Liminar imp\u00f5e que munic\u00edpio de Ipatinga siga onda roxa do Minas Consciente"}]},{"@type":"WebSite","@id":"https:\/\/aconteceunovale.com.br\/portal\/#website","url":"https:\/\/aconteceunovale.com.br\/portal\/","name":"Aconteceu no Vale","description":"Portal de Not\u00edcias","potentialAction":[{"@type":"SearchAction","target":{"@type":"EntryPoint","urlTemplate":"https:\/\/aconteceunovale.com.br\/portal\/?s={search_term_string}"},"query-input":{"@type":"PropertyValueSpecification","valueRequired":true,"valueName":"search_term_string"}}],"inLanguage":"pt-BR"},{"@type":"Person","@id":"https:\/\/aconteceunovale.com.br\/portal\/#\/schema\/person\/7d2f26d1483f8a63de73da1ee0754d35","name":"Reda\u00e7\u00e3o Aconteceu no Vale","description":"Equipe de reportagem do Aconteceu no Vale, portal de not\u00edcias do Vale do Jequitinhonha, em Minas Gerais. Cobrimos as 51 cidades do Vale desde 2013. Sugest\u00f5es de pauta e pedidos de corre\u00e7\u00e3o: contato@aconteceunovale.com.br","url":"https:\/\/aconteceunovale.com.br\/portal\/?author=4"}]}},"_links":{"self":[{"href":"https:\/\/aconteceunovale.com.br\/portal\/index.php?rest_route=\/wp\/v2\/posts\/176942","targetHints":{"allow":["GET"]}}],"collection":[{"href":"https:\/\/aconteceunovale.com.br\/portal\/index.php?rest_route=\/wp\/v2\/posts"}],"about":[{"href":"https:\/\/aconteceunovale.com.br\/portal\/index.php?rest_route=\/wp\/v2\/types\/post"}],"author":[{"embeddable":true,"href":"https:\/\/aconteceunovale.com.br\/portal\/index.php?rest_route=\/wp\/v2\/users\/4"}],"replies":[{"embeddable":true,"href":"https:\/\/aconteceunovale.com.br\/portal\/index.php?rest_route=%2Fwp%2Fv2%2Fcomments&post=176942"}],"version-history":[{"count":2,"href":"https:\/\/aconteceunovale.com.br\/portal\/index.php?rest_route=\/wp\/v2\/posts\/176942\/revisions"}],"predecessor-version":[{"id":176944,"href":"https:\/\/aconteceunovale.com.br\/portal\/index.php?rest_route=\/wp\/v2\/posts\/176942\/revisions\/176944"}],"wp:featuredmedia":[{"embeddable":true,"href":"https:\/\/aconteceunovale.com.br\/portal\/index.php?rest_route=\/wp\/v2\/media\/163432"}],"wp:attachment":[{"href":"https:\/\/aconteceunovale.com.br\/portal\/index.php?rest_route=%2Fwp%2Fv2%2Fmedia&parent=176942"}],"wp:term":[{"taxonomy":"category","embeddable":true,"href":"https:\/\/aconteceunovale.com.br\/portal\/index.php?rest_route=%2Fwp%2Fv2%2Fcategories&post=176942"},{"taxonomy":"post_tag","embeddable":true,"href":"https:\/\/aconteceunovale.com.br\/portal\/index.php?rest_route=%2Fwp%2Fv2%2Ftags&post=176942"}],"curies":[{"name":"wp","href":"https:\/\/api.w.org\/{rel}","templated":true}]}}