{"id":176938,"date":"2021-04-10T18:33:24","date_gmt":"2021-04-10T21:33:24","guid":{"rendered":"https:\/\/aconteceunovale.com.br\/portal\/?p=176938"},"modified":"2021-04-10T18:34:10","modified_gmt":"2021-04-10T21:34:10","slug":"estado-mantem-avanco-da-macro-triangulo-do-sul-e-de-tres-microrregioes-para-a-onda-vermelha-do-minas-consciente","status":"publish","type":"post","link":"https:\/\/aconteceunovale.com.br\/portal\/?p=176938","title":{"rendered":"Estado mant\u00e9m avan\u00e7o da macro Tri\u00e2ngulo do Sul e de tr\u00eas microrregi\u00f5es para a onda vermelha do Minas Consciente"},"content":{"rendered":"\n<p class=\"wp-block-paragraph\">O\u00a0Governo de Minas\u00a0vai manter a decis\u00e3o de avan\u00e7ar a macrorregi\u00e3o de Sa\u00fade Tri\u00e2ngulo do Sul e as microrregi\u00f5es de S\u00e3o Gotardo, Montes Claros\/Bocaiuva\/Francisco S\u00e1\/Cora\u00e7\u00e3o de Jesus e Taiobeiras para a onda vermelha do plano\u00a0<a rel=\"noreferrer noopener\" href=\"http:\/\/www.mg.gov.br\/minasconsciente\" target=\"_blank\">Minas Consciente<\/a>, a partir da pr\u00f3xima segunda-feira (12\/4\/2021). A decis\u00e3o foi tomada pela\u00a0Secretaria de Estado de Sa\u00fade (SES-MG)\u00a0nesta sexta-feira (9\/4), ap\u00f3s avalia\u00e7\u00e3o de que os indicadores, como taxa de incid\u00eancia da covid-19 e ocupa\u00e7\u00e3o de leitos, apresentaram melhora sustentada nas localidades.<\/p>\n\n\n\n<figure class=\"wp-block-image size-large\"><img loading=\"lazy\" decoding=\"async\" width=\"678\" height=\"409\" src=\"https:\/\/aconteceunovale.com.br\/portal\/wp-content\/uploads\/2021\/04\/mapa_microregioes.jpg\" alt=\"\" class=\"wp-image-176940\" srcset=\"https:\/\/aconteceunovale.com.br\/portal\/wp-content\/uploads\/2021\/04\/mapa_microregioes.jpg 678w, https:\/\/aconteceunovale.com.br\/portal\/wp-content\/uploads\/2021\/04\/mapa_microregioes-300x181.jpg 300w\" sizes=\"auto, (max-width: 678px) 100vw, 678px\" \/><\/figure>\n\n\n\n<p class=\"wp-block-paragraph\">A secretaria tamb\u00e9m aprovou, nesta sexta-feira, o avan\u00e7o de outras quatro microrregi\u00f5es: Jo\u00e3o Pinheiro, Una\u00ed, S\u00e3o Sebasti\u00e3o do Para\u00edso e Guaxup\u00e9. Elas tamb\u00e9m poder\u00e3o avan\u00e7ar para a onda vermelha na pr\u00f3xima segunda-feira.<\/p>\n\n\n\n<p class=\"wp-block-paragraph\">As demais regi\u00f5es do estado devem seguir, at\u00e9 o dia 18\/4, as medidas decretadas na semana passada. Tri\u00e2ngulo do Norte permanece na onda vermelha e as outras 12, na roxa.<\/p>\n\n\n\n<p class=\"wp-block-paragraph\">Na \u00faltima quarta-feira (7\/4), o Comit\u00ea Extraordin\u00e1rio Covid-19, grupo que se re\u00fane semanalmente para avaliar a situa\u00e7\u00e3o da pandemia no estado, indicou o avan\u00e7o da macrorregi\u00e3o Tri\u00e2ngulo do Sul e de tr\u00eas microrregi\u00f5es, mas a Secretaria de Sa\u00fade monitorou a situa\u00e7\u00e3o para garantir que o cen\u00e1rio positivo se manteria favor\u00e1vel, possibilitando a abertura segura de mais atividades nos munic\u00edpios.<\/p>\n\n\n\n<p class=\"wp-block-paragraph\">A Secretaria de Sa\u00fade continuar\u00e1 acompanhando os dados para regress\u00e3o \u00e0 onda roxa de forma imediata, em caso de necessidade.<\/p>\n\n\n\n<h2 class=\"wp-block-heading\"><strong>Onda vermelha<\/strong><\/h2>\n\n\n\n<p class=\"wp-block-paragraph\">Nesta fase do Minas Consciente, a onda vermelha permite o funcionamento de todas as atividades, desde que cumpram algumas regras, como distanciamento e limita\u00e7\u00e3o m\u00e1xima de pessoas.<\/p>\n\n\n\n<figure class=\"wp-block-image size-large\"><img loading=\"lazy\" decoding=\"async\" width=\"678\" height=\"422\" src=\"https:\/\/aconteceunovale.com.br\/portal\/wp-content\/uploads\/2021\/04\/ondas_mg_10abril.png\" alt=\"\" class=\"wp-image-176939\" srcset=\"https:\/\/aconteceunovale.com.br\/portal\/wp-content\/uploads\/2021\/04\/ondas_mg_10abril.png 678w, https:\/\/aconteceunovale.com.br\/portal\/wp-content\/uploads\/2021\/04\/ondas_mg_10abril-300x187.png 300w, https:\/\/aconteceunovale.com.br\/portal\/wp-content\/uploads\/2021\/04\/ondas_mg_10abril-675x420.png 675w\" sizes=\"auto, (max-width: 678px) 100vw, 678px\" \/><\/figure>\n\n\n\n<p class=\"wp-block-paragraph\">Devido \u00e0 melhora da incid\u00eancia e&nbsp;menor press\u00e3o por&nbsp;leitos, a macrorregi\u00e3o Tri\u00e2ngulo do Norte e a microrregi\u00e3o de Patos de Minas avan\u00e7aram para essa fase na semana anterior&nbsp;(31\/3) e ser\u00e3o mantidas nesta semana, conforme decis\u00e3o do Comit\u00ea Extraordin\u00e1rio Covid-19 na \u00faltima quarta-feira (7\/4).<\/p>\n\n\n\n<p class=\"wp-block-paragraph\">A macrorregi\u00e3o Tri\u00e2ngulo do Sul e as microrregi\u00f5es de S\u00e3o Gotardo, Montes Claros\/Bocai\u00fava e Taiobeiras tamb\u00e9m apresentaram melhora nos indicadores e poder\u00e3o avan\u00e7ar para a onda vermelha.&nbsp;A decis\u00e3o foi mantida pela Secretaria de Estado de Sa\u00fade nesta sexta-feira (9\/4).<\/p>\n\n\n\n<p class=\"wp-block-paragraph\">Al\u00e9m disso, a secretaria permitiu o avan\u00e7o das microrregi\u00f5es Jo\u00e3o Pinheiro, Una\u00ed, S\u00e3o Sebasti\u00e3o do Para\u00edso e Guaxup\u00e9, tamb\u00e9m na pr\u00f3xima segunda-feira (12\/4).<\/p>\n\n\n\n<p class=\"wp-block-paragraph\">Todas as outras regi\u00f5es do estado seguem na onda roxa. A evolu\u00e7\u00e3o \u00e9 acompanhada semanalmente pelo Comit\u00ea Extraordin\u00e1rio Covid-19.<\/p>\n\n\n\n<p class=\"wp-block-paragraph\">&#8212;&#8212;&#8212;&#8212;&#8212;&#8212;<br><em>Quer receber as not\u00edcias do <strong>Aconteceu no Vale<\/strong> em primeira m\u00e3o? Siga-nos no Facebook <a rel=\"noreferrer noopener\" href=\"http:\/\/facebook.com\/aconteceunovale\" target=\"_blank\">@aconteceunovale<\/a>, Twitter <a rel=\"noreferrer noopener\" href=\"https:\/\/twitter.com\/noticiadosvales\" target=\"_blank\">@noticiadosvales<\/a> e Instagram <a rel=\"noreferrer noopener\" href=\"https:\/\/www.instagram.com\/aconteceunovale\" target=\"_blank\">@aconteceunovale<\/a>.<\/em><\/p>\n","protected":false},"excerpt":{"rendered":"<p>O\u00a0Governo de Minas\u00a0vai manter a decis\u00e3o de avan\u00e7ar a macrorregi\u00e3o de Sa\u00fade Tri\u00e2ngulo do Sul e as microrregi\u00f5es de S\u00e3o Gotardo, Montes Claros\/Bocaiuva\/Francisco S\u00e1\/Cora\u00e7\u00e3o de Jesus e Taiobeiras para a onda vermelha do plano\u00a0Minas Consciente, a partir da pr\u00f3xima segunda-feira (12\/4\/2021). A decis\u00e3o foi tomada pela\u00a0Secretaria de Estado de Sa\u00fade (SES-MG)\u00a0nesta sexta-feira (9\/4), ap\u00f3s avalia\u00e7\u00e3o [&hellip;]<\/p>\n","protected":false},"author":4,"featured_media":176940,"comment_status":"open","ping_status":"closed","sticky":false,"template":"","format":"standard","meta":{"amp_status":"","footnotes":""},"categories":[123,40242],"tags":[226899,227899,227901,239840,1768,1615,752,1725,1769,1504,226639,1770,1342,238964,645,1799,1714,195,1535,1703,1616,1506,1429,236418,30518,3678,217799,219851,1800,219853,238963,238962,2801,1613,24845,3055,1607,225459,1801,214884,216498,1715,221718,1702,1617,1018,234208,142710,1728,1691,226771,226773,1278,236417,235795,242721,238965,239760,1692,1395,1554,1034,200,239841,239793,239794,4531,1693,238953,239759,239790,184213,239313,239314,239315,240513,240514,240518,225458,226298,241246,1153,1771,1694,41184,1695,1704,1803,239839,239838,3557,1696,1705,95132,1555,1058,204,205,3058,15524,3724,1043,2247,1697,1706,1698,2941,1611,223979,1796,1707,233652,228272,3673,1356,1708,1195,232016,226455,239792,240515,1699,3056,1709,1277,210,1009,219855,238961,226300,226452,226453,226451,1804,238958,238954,1805,226299,226772,215653,226301,4532,226535,221717,219854,238960,219852,207263,240516,240517,238955,1772,877,3059,217692,1700,3723,1608,3692,1773,1710,1618,254,222637,227897,30481,217,1711,1194,19967,236419,218482,230864,13983,227898,227900,221719,226454,238959,238957,1807,1556,1774,421,178207,852,1505,190,927,1775,1809,1609,1776,3352,1522,1614,963,3725,2448,1810,1701,1403,1729,1777,1811,220285,220287,1730,1720,2671,220286,419,7237,238956,1712,220,242171,1612,15513,1813,3046,1340,1713,239795,1814,1619,181383],"class_list":["post-176938","post","type-post","status-publish","format-standard","has-post-thumbnail","hentry","category-gerais","category-saude-2","tag-362-cidades-de-pequeno-porte-passarao-automaticamente-para-a-onda-amarela-do-minas-consciente","tag-abertura-das-academias-de-ginastica","tag-abertura-das-agencias-de-turismo","tag-abertura-de-igrejas-onda-roxa","tag-acaiaca","tag-agua-comprida","tag-almg","tag-alvinopolis","tag-amparo-do-serra","tag-araxa","tag-atividades-economicas-terao-protocolo-unico-na-nova-fase-do-plano-minas-consciente","tag-barra-longa","tag-berizal","tag-bloqueio-total-em-minas-gerais","tag-bocaiuva","tag-bonito-de-minas","tag-botumirim","tag-brasilia-de-minas","tag-buritizeiro","tag-campo-azul","tag-campo-florido","tag-campos-altos","tag-capitao-eneas","tag-carnaval-2021-em-minas-gerais","tag-carnaval-em-minas-gerais","tag-carneirinho","tag-casos-de-coronavirus-em-minas-gerais","tag-casos-de-covid-19-em-minas-gerais","tag-catuti","tag-cidades-com-casos-de-coronavirus-em-minas-gerais","tag-cidades-de-minas-gerais-na-onda-roxa","tag-cidades-na-onda-roxa","tag-claro-dos-pocoes","tag-comendador-gomes","tag-conceicao-das-alagoas","tag-conego-marinho","tag-conquista","tag-consulta-publica-minas-consciente","tag-coracao-de-jesus","tag-coronavirus","tag-covid-19","tag-cristalia","tag-curados-do-coronavirus-em-minas-gerais","tag-curral-de-dentro","tag-delta","tag-destaque","tag-dez-regioes-estao-na-fase-mais-restritiva-do-programa-minas-consciente","tag-diogo-de-vasconcelos","tag-dom-silverio","tag-engenheiro-navarro","tag-entenda-a-divisao-por-ondas-nas-novas-regras-do-plano-minas-consciente","tag-entenda-as-ondas-do-minas-consciente","tag-espinosa","tag-estado-atualiza-situacao-das-macrorregioes-no-minas-consciente-e-recomenda-a-proibicao-de-festas-de-carnaval","tag-estado-lanca-terceira-fase-do-minas-consciente","tag-estado-mantem-avanco-da-macro-triangulo-do-sul-e-de-tres-microrregioes-para-a-onda-vermelha-do-minas-consciente","tag-fase-critica-em-minas-gerais","tag-fechamento-de-minas-gerais","tag-francisco-dumont","tag-francisco-sa","tag-fronteira","tag-fruta-de-leite","tag-frutal","tag-funcionamento-de-igrejas-onda-roxa","tag-futebol-em-minas-gerais-durante-a-onda-roxa","tag-futebol-em-minas-gerais-durante-o-lockdown","tag-gameleiras","tag-glaucilandia","tag-governador-anuncia-onda-roxa-e-toque-de-recolher-em-duas-regioes-de-minas-gerais","tag-governador-decide-colocar-todos-os-municipios-de-minas-gerais-em-quarentena","tag-governador-faz-apelo-para-que-populacao-mude-o-comportamento-e-adote-medidas-contra-o-coronavirus","tag-governador-romeu-zema","tag-governo-coloca-mais-21-cidades-de-minas-gerais-na-onda-roxa-do-minas-consciente","tag-governo-coloca-mais-21-municipios-de-minas-gerais-em-quarentena","tag-governo-de-minas-coloca-mais-21-municipios-em-quarentena","tag-governo-de-minas-gerais-prorroga-onda-roxa-ate-4-de-abril","tag-governo-de-minas-gerais-prorroga-quarentena-ate-4-de-abril","tag-governo-de-minas-prorroga-onda-roxa-em-todos-as-macrorregioes-ate-4-de-abril","tag-governo-lanca-consulta-publica-sobre-o-plano-minas-consciente","tag-governo-lanca-novas-regras-para-o-plano-minas-consciente","tag-governo-mantem-onda-roxa-ate-11-de-abril-em-quase-todas-as-macrorregioes-de-minas","tag-grao-mogol","tag-guaraciaba","tag-guaraciama","tag-ibia","tag-ibiai","tag-ibiracatu","tag-icarai-de-minas","tag-igrejas-onda-roxa","tag-igrejas-podem-funcionar-na-onda-roxa-do-minas-consciente","tag-indaiabira","tag-itacambira","tag-itacarambi","tag-itapagipe","tag-iturama","tag-jaiba","tag-janauba","tag-januaria","tag-japonvar","tag-jequeri","tag-jequitai","tag-joaquim-felicio","tag-josenopolis","tag-juramento","tag-juvenilia","tag-lagoa-dos-patos","tag-lassance","tag-limeira-do-oeste","tag-lockdown-em-minas-gerais","tag-lontra","tag-luislandia","tag-mais-duas-regioes-regridem-para-a-onda-vermelha-do-minas-consciente","tag-mais-quatro-regioes-poderao-avancar-para-a-onda-amarela-do-plano-minas-consciente","tag-mamonas","tag-manga","tag-matias-cardoso","tag-mato-verde","tag-metade-do-estado-regride-para-fases-mais-restritivas-do-plano-minas-consciente","tag-microrregioes-minas-consciente","tag-minas-gerais-nao-tera-jogos-de-outros-estados-durante-lockdown-de-15-dias","tag-minas-gerais-permanecera-na-onda-roxa-ate-o-fim-da-semana-santa","tag-mirabela","tag-miravania","tag-montalvania","tag-monte-azul","tag-montes-claros","tag-montezuma","tag-mortes-por-coronavirus-em-minas-gerais","tag-mudancas-com-a-onda-roxa","tag-mudancas-no-minas-consciente","tag-municipios-pequenos","tag-municipios-pequenos-minas-consciente","tag-municipios-receberao-tratamento-individualizado-na-nova-fase-do-minas-consciente","tag-ninheira","tag-nova-fase-do-minas-consciente","tag-nova-onda-do-minas-consciente","tag-nova-porteirinha","tag-novas-regras-do-minas-consciente","tag-novas-regras-do-plano-minas-consciente","tag-novo-coronavirus","tag-novo-minas-consciente","tag-novorizonte","tag-novos-indicadores-do-plano-minas-consciente-vao-simplificar-tomada-de-decisao-de-prefeitos","tag-numero-de-curados-do-coronavirus-em-minas-gerais","tag-numeros-do-coronavirus-em-minas-gerais","tag-o-que-muda-com-a-onda-roxa","tag-obitos-por-coronavirus-em-minas-gerias","tag-olhos-dagua-2","tag-onda-roxa-ate-4-de-abril","tag-onda-roxa-ate-o-fim-da-semana-santa","tag-onda-roxa-minas-consciente","tag-oratorios","tag-padre-carvalho","tag-pai-pedro","tag-pandemia-de-coronavirus","tag-patis","tag-pedras-de-maria-da-cruz","tag-pedrinopolis","tag-perdizes","tag-piedade-de-ponte-nova","tag-pintopolis","tag-pirajuba","tag-pirapora","tag-plano-minas-consciente","tag-plano-minas-consciente-tera-protocolo-para-academias-de-ginastica-e-agencias-de-turismo-na-onda-amarela","tag-planura","tag-ponte-nova","tag-ponto-chique","tag-porteirinha","tag-pratinha","tag-proibicao-do-carnaval-em-minas-gerais","tag-quarentena-em-minas-gerais","tag-quatro-macrorregioes-regridem-para-fases-mais-restritivas-do-plano-minas-consciente","tag-raul-soares","tag-reabertura-das-academias-de-ginastica","tag-reabertura-das-agencia-de-turismo","tag-recuperados-do-coronavirus-em-minas-gerais","tag-regioes-minas-consciente","tag-regioes-na-onda-roxa","tag-restricoes-em-minas-gerais","tag-riacho-dos-machados","tag-rio-casca","tag-rio-doce","tag-rio-pardo-de-minas","tag-romeu-zema","tag-rubelita","tag-sacramento","tag-salinas","tag-santa-cruz-de-salinas","tag-santa-cruz-do-escalvado","tag-santa-fe-de-minas","tag-santa-juliana","tag-santo-antonio-do-grama","tag-santo-antonio-do-retiro","tag-sao-francisco","tag-sao-francisco-de-sales","tag-sao-gotardo","tag-sao-joao-da-lagoa","tag-sao-joao-da-ponte","tag-sao-joao-das-missoes","tag-sao-joao-do-pacui","tag-sao-joao-do-paraiso","tag-sao-jose-do-goiabal","tag-sao-pedro-dos-ferros","tag-sao-romao","tag-secretaria-de-saude-atualiza-numeros-do-coronavirus-em-minas-gerais","tag-secretaria-de-saude-de-minas-gerais-atualiza-numeros-do-coronavirus","tag-sem-peixe","tag-sericita","tag-serranopolis-de-minas","tag-ses-mg-atualiza-numeros-do-coronavirus","tag-taiobeiras","tag-tapira","tag-toque-de-recolher-em-minas-gerais","tag-ubai","tag-uberaba","tag-uma-macrorregiao-e-tres-microrregioes-poderao-avancar-para-a-onda-vermelha-do-minas-consciente-no-dia-12-de-abril","tag-uniao-de-minas","tag-urucania","tag-urucuia","tag-vargem-grande-do-rio-pardo","tag-varzea-da-palma","tag-varzelandia","tag-veja-quais-atividades-podem-funcionar-na-onda-roxa-em-minas-gerais","tag-verdelandia","tag-verissimo","tag-zema"],"yoast_head":"<!-- This site is optimized with the Yoast SEO plugin v28.3 - https:\/\/yoast.com\/product\/yoast-seo-wordpress\/ -->\n<title>Estado mant\u00e9m avan\u00e7o da macro Tri\u00e2ngulo do Sul e de tr\u00eas microrregi\u00f5es para a onda vermelha do Minas Consciente - Aconteceu no Vale<\/title>\n<meta name=\"robots\" content=\"index, follow, max-snippet:-1, max-image-preview:large, max-video-preview:-1\" \/>\n<link rel=\"canonical\" href=\"https:\/\/aconteceunovale.com.br\/portal\/?p=176938\" \/>\n<meta property=\"og:locale\" content=\"pt_BR\" \/>\n<meta property=\"og:type\" content=\"article\" \/>\n<meta property=\"og:title\" content=\"Estado mant\u00e9m avan\u00e7o da macro Tri\u00e2ngulo do Sul e de tr\u00eas microrregi\u00f5es para a onda vermelha do Minas Consciente - Aconteceu no Vale\" \/>\n<meta property=\"og:description\" content=\"O\u00a0Governo de Minas\u00a0vai manter a decis\u00e3o de avan\u00e7ar a macrorregi\u00e3o de Sa\u00fade Tri\u00e2ngulo do Sul e as microrregi\u00f5es de S\u00e3o Gotardo, Montes Claros\/Bocaiuva\/Francisco S\u00e1\/Cora\u00e7\u00e3o de Jesus e Taiobeiras para a onda vermelha do plano\u00a0Minas Consciente, a partir da pr\u00f3xima segunda-feira (12\/4\/2021). A decis\u00e3o foi tomada pela\u00a0Secretaria de Estado de Sa\u00fade (SES-MG)\u00a0nesta sexta-feira (9\/4), ap\u00f3s avalia\u00e7\u00e3o [&hellip;]\" \/>\n<meta property=\"og:url\" content=\"https:\/\/aconteceunovale.com.br\/portal\/?p=176938\" \/>\n<meta property=\"og:site_name\" content=\"Aconteceu no Vale\" \/>\n<meta property=\"article:publisher\" content=\"https:\/\/www.facebook.com\/aconteceunovale\/\" \/>\n<meta property=\"article:published_time\" content=\"2021-04-10T21:33:24+00:00\" \/>\n<meta property=\"article:modified_time\" content=\"2021-04-10T21:34:10+00:00\" \/>\n<meta property=\"og:image\" content=\"https:\/\/aconteceunovale.com.br\/portal\/wp-content\/uploads\/2021\/04\/mapa_microregioes.jpg\" \/>\n\t<meta property=\"og:image:width\" content=\"678\" \/>\n\t<meta property=\"og:image:height\" content=\"409\" \/>\n\t<meta property=\"og:image:type\" content=\"image\/jpeg\" \/>\n<meta name=\"author\" content=\"Reda\u00e7\u00e3o Aconteceu no Vale\" \/>\n<meta name=\"twitter:card\" content=\"summary_large_image\" \/>\n<meta name=\"twitter:creator\" content=\"@noticiadosvales\" \/>\n<meta name=\"twitter:site\" content=\"@noticiadosvales\" \/>\n<meta name=\"twitter:label1\" content=\"Escrito por\" \/>\n\t<meta name=\"twitter:data1\" content=\"Reda\u00e7\u00e3o Aconteceu no Vale\" \/>\n\t<meta name=\"twitter:label2\" content=\"Est. tempo de leitura\" \/>\n\t<meta name=\"twitter:data2\" content=\"2 minutos\" \/>\n<script type=\"application\/ld+json\" class=\"yoast-schema-graph\">{\"@context\":\"https:\\\/\\\/schema.org\",\"@graph\":[{\"@type\":\"Article\",\"@id\":\"https:\\\/\\\/aconteceunovale.com.br\\\/portal\\\/?p=176938#article\",\"isPartOf\":{\"@id\":\"https:\\\/\\\/aconteceunovale.com.br\\\/portal\\\/?p=176938\"},\"author\":{\"name\":\"Reda\u00e7\u00e3o Aconteceu no Vale\",\"@id\":\"https:\\\/\\\/aconteceunovale.com.br\\\/portal\\\/#\\\/schema\\\/person\\\/7d2f26d1483f8a63de73da1ee0754d35\"},\"headline\":\"Estado mant\u00e9m avan\u00e7o da macro Tri\u00e2ngulo do Sul e de tr\u00eas microrregi\u00f5es para a onda vermelha do Minas Consciente\",\"datePublished\":\"2021-04-10T21:33:24+00:00\",\"dateModified\":\"2021-04-10T21:34:10+00:00\",\"mainEntityOfPage\":{\"@id\":\"https:\\\/\\\/aconteceunovale.com.br\\\/portal\\\/?p=176938\"},\"wordCount\":495,\"commentCount\":0,\"image\":{\"@id\":\"https:\\\/\\\/aconteceunovale.com.br\\\/portal\\\/?p=176938#primaryimage\"},\"thumbnailUrl\":\"https:\\\/\\\/aconteceunovale.com.br\\\/portal\\\/wp-content\\\/uploads\\\/2021\\\/04\\\/mapa_microregioes.jpg\",\"keywords\":[\"362 cidades de pequeno porte passar\u00e3o automaticamente para a onda amarela do Minas Consciente\",\"Abertura das academias de gin\u00e1stica\",\"Abertura das ag\u00eancias de turismo\",\"Abertura de igrejas onda roxa\",\"Acaiaca\",\"\u00c1gua Comprida\",\"ALMG\",\"Alvin\u00f3polis\",\"Amparo do Serra\",\"Arax\u00e1\",\"Atividades econ\u00f4micas ter\u00e3o protocolo \u00fanico na nova fase do plano Minas Consciente\",\"Barra Longa\",\"berizal\",\"Bloqueio total em Minas Gerais\",\"Bocai\u00fava\",\"Bonito de Minas\",\"Botumirim\",\"Bras\u00edlia de Minas\",\"Buritizeiro\",\"Campo Azul\",\"Campo Florido\",\"Campos Altos\",\"capitao eneas\",\"Carnaval 2021 em Minas Gerais\",\"carnaval em Minas Gerais\",\"Carneirinho\",\"Casos de coronav\u00edrus em Minas Gerais\",\"Casos de covid-19 em Minas Gerais\",\"Catuti\",\"Cidades com casos de coronav\u00edrus em Minas Gerais\",\"Cidades de Minas Gerais na onda roxa\",\"Cidades na onda roxa\",\"Claro dos Po\u00e7\u00f5es\",\"Comendador Gomes\",\"Concei\u00e7\u00e3o das Alagoas\",\"C\u00f4nego Marinho\",\"Conquista\",\"Consulta p\u00fablica Minas Consciente\",\"Cora\u00e7\u00e3o de Jesus\",\"Coronav\u00edrus\",\"COVID-19\",\"Crist\u00e1lia\",\"Curados do coronav\u00edrus em Minas Gerais\",\"Curral de Dentro\",\"Delta\",\"destaque\",\"Dez regi\u00f5es est\u00e3o na fase mais restritiva do programa Minas Consciente\",\"Diogo de Vasconcelos\",\"Dom Silv\u00e9rio\",\"Engenheiro Navarro\",\"Entenda a divis\u00e3o por ondas nas novas regras do plano Minas Consciente\",\"Entenda as ondas do Minas Consciente\",\"espinosa\",\"Estado atualiza situa\u00e7\u00e3o das macrorregi\u00f5es no Minas Consciente e recomenda a proibi\u00e7\u00e3o de festas de Carnaval\",\"Estado lan\u00e7a terceira fase do Minas Consciente\",\"Estado mant\u00e9m avan\u00e7o da macro Tri\u00e2ngulo do Sul e de tr\u00eas microrregi\u00f5es para a onda vermelha do Minas Consciente\",\"Fase cr\u00edtica em Minas Gerais\",\"Fechamento de Minas Gerais\",\"Francisco Dumont\",\"francisco s\u00e1\",\"Fronteira\",\"fruta de leite\",\"Frutal\",\"Funcionamento de igrejas onda roxa\",\"Futebol em Minas Gerais durante a onda roxa\",\"Futebol em Minas Gerais durante o lockdown\",\"Gameleiras\",\"Glaucil\u00e2ndia\",\"Governador anuncia onda roxa e toque de recolher em duas regi\u00f5es de Minas Gerais\",\"Governador decide colocar todos os munic\u00edpios de Minas Gerais em quarentena\",\"Governador faz apelo para que popula\u00e7\u00e3o mude o comportamento e adote medidas contra o coronav\u00edrus\",\"Governador Romeu Zema\",\"Governo coloca mais 21 cidades de Minas Gerais na onda roxa do Minas Consciente\",\"Governo coloca mais 21 munic\u00edpios de Minas Gerais em quarentena\",\"Governo de Minas coloca mais 21 munic\u00edpios em quarentena\",\"Governo de Minas Gerais prorroga onda roxa at\u00e9 4 de abril\",\"Governo de Minas Gerais prorroga quarentena at\u00e9 4 de abril\",\"Governo de Minas prorroga onda roxa em todos as macrorregi\u00f5es at\u00e9 4 de abril\",\"Governo lan\u00e7a consulta p\u00fablica sobre o plano Minas Consciente\",\"Governo lan\u00e7a novas regras para o plano Minas Consciente\",\"Governo mant\u00e9m onda roxa at\u00e9 11 de abril em quase todas as macrorregi\u00f5es de Minas\",\"gr\u00e3o mogol\",\"Guaraciaba\",\"Guaraciama\",\"Ibi\u00e1\",\"Ibia\u00ed\",\"Ibiracatu\",\"Icara\u00ed de Minas\",\"Igrejas onda roxa\",\"Igrejas podem funcionar na onda roxa do Minas Consciente\",\"Indaiabira\",\"Itacambira\",\"Itacarambi\",\"Itapagipe\",\"Iturama\",\"ja\u00edba\",\"Jana\u00faba\",\"Janu\u00e1ria\",\"Japonvar\",\"Jequeri\",\"Jequita\u00ed\",\"Joaquim Fel\u00edcio\",\"Josen\u00f3polis\",\"Juramento\",\"Juven\u00edlia\",\"Lagoa dos Patos\",\"Lassance\",\"Limeira do Oeste\",\"Lockdown em Minas Gerais\",\"Lontra\",\"Luisl\u00e2ndia\",\"Mais duas regi\u00f5es regridem para a onda vermelha do Minas Consciente\",\"Mais quatro regi\u00f5es poder\u00e3o avan\u00e7ar para a Onda Amarela do plano Minas Consciente\",\"Mamonas\",\"manga\",\"Matias Cardoso\",\"mato verde\",\"Metade do Estado regride para fases mais restritivas do plano Minas Consciente\",\"Microrregi\u00f5es Minas Consciente\",\"Minas Gerais n\u00e3o ter\u00e1 jogos de outros estados durante lockdown de 15 dias\",\"Minas Gerais permanecer\u00e1 na onda roxa at\u00e9 o fim da Semana Santa\",\"Mirabela\",\"Mirav\u00e2nia\",\"Montalv\u00e2nia\",\"monte azul\",\"Montes Claros\",\"montezuma\",\"Mortes por coronav\u00edrus em Minas Gerais\",\"Mudan\u00e7as com a onda roxa\",\"Mudan\u00e7as no Minas Consciente\",\"Munic\u00edpios pequenos\",\"Munic\u00edpios pequenos Minas Consciente\",\"Munic\u00edpios receber\u00e3o tratamento individualizado na nova fase do Minas Consciente\",\"Ninheira\",\"Nova fase do Minas Consciente\",\"Nova onda do Minas Consciente\",\"Nova Porteirinha\",\"Novas regras do Minas Consciente\",\"Novas regras do plano Minas Consciente\",\"Novo coronav\u00edrus\",\"Novo Minas Consciente\",\"Novorizonte\",\"Novos indicadores do plano Minas Consciente v\u00e3o simplificar tomada de decis\u00e3o de prefeitos\",\"N\u00famero de curados do coronav\u00edrus em Minas Gerais\",\"N\u00fameros do coronav\u00edrus em Minas Gerais\",\"O que muda com a onda roxa\",\"\u00d3bitos por coronav\u00edrus em Minas Gerias\",\"Olhos D\u2019agua\",\"Onda roxa at\u00e9 4 de abril\",\"Onda roxa at\u00e9 o fim da Semana Santa\",\"Onda roxa Minas Consciente\",\"Orat\u00f3rios\",\"padre carvalho\",\"Pai Pedro\",\"Pandemia de coronav\u00edrus\",\"Patis\",\"Pedras de Maria da Cruz\",\"Pedrin\u00f3polis\",\"Perdizes\",\"Piedade de Ponte Nova\",\"Pint\u00f3polis\",\"Pirajuba\",\"Pirapora\",\"Plano Minas Consciente\",\"Plano Minas Consciente ter\u00e1 protocolo para academias de gin\u00e1stica e ag\u00eancias de turismo na Onda Amarela\",\"Planura\",\"Ponte Nova\",\"Ponto Chique\",\"porteirinha\",\"Pratinha\",\"Proibi\u00e7\u00e3o do carnaval em Minas Gerais\",\"Quarentena em Minas Gerais\",\"Quatro macrorregi\u00f5es regridem para fases mais restritivas do plano Minas Consciente\",\"Raul Soares\",\"Reabertura das academias de gin\u00e1stica\",\"Reabertura das ag\u00eancia de turismo\",\"Recuperados do coronav\u00edrus em Minas Gerais\",\"Regi\u00f5es Minas Consciente\",\"Regi\u00f5es na onda roxa\",\"Restri\u00e7\u00f5es em Minas Gerais\",\"Riacho dos Machados\",\"Rio Casca.\",\"Rio Doce\",\"Rio Pardo de Minas\",\"Romeu Zema\",\"rubelita\",\"Sacramento\",\"Salinas\",\"Santa Cruz de Salinas\",\"Santa Cruz do Escalvado\",\"Santa F\u00e9 de Minas\",\"Santa Juliana\",\"Santo Ant\u00f4nio do Grama\",\"Santo Ant\u00f4nio do Retiro\",\"S\u00e3o Francisco\",\"S\u00e3o Francisco de Sales\",\"S\u00e3o Gotardo\",\"S\u00e3o Jo\u00e3o da Lagoa\",\"S\u00e3o Jo\u00e3o da Ponte\",\"S\u00e3o Jo\u00e3o das Miss\u00f5es\",\"S\u00e3o Jo\u00e3o do Pacu\u00ed\",\"S\u00e3o Jo\u00e3o do Para\u00edso\",\"S\u00e3o Jos\u00e9 do Goiabal\",\"S\u00e3o Pedro dos Ferros.\",\"S\u00e3o Rom\u00e3o\",\"Secretaria de Sa\u00fade atualiza n\u00fameros do coronav\u00edrus em Minas Gerais\",\"Secretaria de Sa\u00fade de Minas Gerais atualiza n\u00fameros do coronav\u00edrus\",\"Sem-Peixe\",\"Sericita\",\"Serran\u00f3polis de Minas\",\"SES-MG atualiza n\u00fameros do coronav\u00edrus\",\"Taiobeiras\",\"Tapira\",\"Toque de recolher em Minas Gerais\",\"Uba\u00ed\",\"Uberaba\",\"Uma macrorregi\u00e3o e tr\u00eas microrregi\u00f5es poder\u00e3o avan\u00e7ar para a onda vermelha do Minas Consciente no dia 12 de abril\",\"Uni\u00e3o de Minas\",\"Uruc\u00e2nia\",\"Urucuia\",\"Vargem Grande do Rio Pardo\",\"v\u00e1rzea da palma\",\"Varzel\u00e2ndia\",\"Veja quais atividades podem funcionar na onda roxa em Minas Gerais\",\"Verdel\u00e2ndia\",\"Ver\u00edssimo\",\"Zema\"],\"articleSection\":[\"Minas Gerais\",\"Sa\u00fade\"],\"inLanguage\":\"pt-BR\",\"potentialAction\":[{\"@type\":\"CommentAction\",\"name\":\"Comment\",\"target\":[\"https:\\\/\\\/aconteceunovale.com.br\\\/portal\\\/?p=176938#respond\"]}]},{\"@type\":\"WebPage\",\"@id\":\"https:\\\/\\\/aconteceunovale.com.br\\\/portal\\\/?p=176938\",\"url\":\"https:\\\/\\\/aconteceunovale.com.br\\\/portal\\\/?p=176938\",\"name\":\"Estado mant\u00e9m avan\u00e7o da macro Tri\u00e2ngulo do Sul e de tr\u00eas microrregi\u00f5es para a onda vermelha do Minas Consciente - Aconteceu no Vale\",\"isPartOf\":{\"@id\":\"https:\\\/\\\/aconteceunovale.com.br\\\/portal\\\/#website\"},\"primaryImageOfPage\":{\"@id\":\"https:\\\/\\\/aconteceunovale.com.br\\\/portal\\\/?p=176938#primaryimage\"},\"image\":{\"@id\":\"https:\\\/\\\/aconteceunovale.com.br\\\/portal\\\/?p=176938#primaryimage\"},\"thumbnailUrl\":\"https:\\\/\\\/aconteceunovale.com.br\\\/portal\\\/wp-content\\\/uploads\\\/2021\\\/04\\\/mapa_microregioes.jpg\",\"datePublished\":\"2021-04-10T21:33:24+00:00\",\"dateModified\":\"2021-04-10T21:34:10+00:00\",\"author\":{\"@id\":\"https:\\\/\\\/aconteceunovale.com.br\\\/portal\\\/#\\\/schema\\\/person\\\/7d2f26d1483f8a63de73da1ee0754d35\"},\"breadcrumb\":{\"@id\":\"https:\\\/\\\/aconteceunovale.com.br\\\/portal\\\/?p=176938#breadcrumb\"},\"inLanguage\":\"pt-BR\",\"potentialAction\":[{\"@type\":\"ReadAction\",\"target\":[\"https:\\\/\\\/aconteceunovale.com.br\\\/portal\\\/?p=176938\"]}]},{\"@type\":\"ImageObject\",\"inLanguage\":\"pt-BR\",\"@id\":\"https:\\\/\\\/aconteceunovale.com.br\\\/portal\\\/?p=176938#primaryimage\",\"url\":\"https:\\\/\\\/aconteceunovale.com.br\\\/portal\\\/wp-content\\\/uploads\\\/2021\\\/04\\\/mapa_microregioes.jpg\",\"contentUrl\":\"https:\\\/\\\/aconteceunovale.com.br\\\/portal\\\/wp-content\\\/uploads\\\/2021\\\/04\\\/mapa_microregioes.jpg\",\"width\":678,\"height\":409},{\"@type\":\"BreadcrumbList\",\"@id\":\"https:\\\/\\\/aconteceunovale.com.br\\\/portal\\\/?p=176938#breadcrumb\",\"itemListElement\":[{\"@type\":\"ListItem\",\"position\":1,\"name\":\"In\u00edcio\",\"item\":\"https:\\\/\\\/aconteceunovale.com.br\\\/portal\\\/\"},{\"@type\":\"ListItem\",\"position\":2,\"name\":\"Estado mant\u00e9m avan\u00e7o da macro Tri\u00e2ngulo do Sul e de tr\u00eas microrregi\u00f5es para a onda vermelha do Minas Consciente\"}]},{\"@type\":\"WebSite\",\"@id\":\"https:\\\/\\\/aconteceunovale.com.br\\\/portal\\\/#website\",\"url\":\"https:\\\/\\\/aconteceunovale.com.br\\\/portal\\\/\",\"name\":\"Aconteceu no Vale\",\"description\":\"Portal de Not\u00edcias\",\"potentialAction\":[{\"@type\":\"SearchAction\",\"target\":{\"@type\":\"EntryPoint\",\"urlTemplate\":\"https:\\\/\\\/aconteceunovale.com.br\\\/portal\\\/?s={search_term_string}\"},\"query-input\":{\"@type\":\"PropertyValueSpecification\",\"valueRequired\":true,\"valueName\":\"search_term_string\"}}],\"inLanguage\":\"pt-BR\"},{\"@type\":\"Person\",\"@id\":\"https:\\\/\\\/aconteceunovale.com.br\\\/portal\\\/#\\\/schema\\\/person\\\/7d2f26d1483f8a63de73da1ee0754d35\",\"name\":\"Reda\u00e7\u00e3o Aconteceu no Vale\",\"description\":\"Equipe de reportagem do Aconteceu no Vale, portal de not\u00edcias do Vale do Jequitinhonha, em Minas Gerais. Cobrimos as 51 cidades do Vale desde 2013. Sugest\u00f5es de pauta e pedidos de corre\u00e7\u00e3o: contato@aconteceunovale.com.br\",\"url\":\"https:\\\/\\\/aconteceunovale.com.br\\\/portal\\\/?author=4\"}]}<\/script>\n<!-- \/ Yoast SEO plugin. -->","yoast_head_json":{"title":"Estado mant\u00e9m avan\u00e7o da macro Tri\u00e2ngulo do Sul e de tr\u00eas microrregi\u00f5es para a onda vermelha do Minas Consciente - Aconteceu no Vale","robots":{"index":"index","follow":"follow","max-snippet":"max-snippet:-1","max-image-preview":"max-image-preview:large","max-video-preview":"max-video-preview:-1"},"canonical":"https:\/\/aconteceunovale.com.br\/portal\/?p=176938","og_locale":"pt_BR","og_type":"article","og_title":"Estado mant\u00e9m avan\u00e7o da macro Tri\u00e2ngulo do Sul e de tr\u00eas microrregi\u00f5es para a onda vermelha do Minas Consciente - Aconteceu no Vale","og_description":"O\u00a0Governo de Minas\u00a0vai manter a decis\u00e3o de avan\u00e7ar a macrorregi\u00e3o de Sa\u00fade Tri\u00e2ngulo do Sul e as microrregi\u00f5es de S\u00e3o Gotardo, Montes Claros\/Bocaiuva\/Francisco S\u00e1\/Cora\u00e7\u00e3o de Jesus e Taiobeiras para a onda vermelha do plano\u00a0Minas Consciente, a partir da pr\u00f3xima segunda-feira (12\/4\/2021). A decis\u00e3o foi tomada pela\u00a0Secretaria de Estado de Sa\u00fade (SES-MG)\u00a0nesta sexta-feira (9\/4), ap\u00f3s avalia\u00e7\u00e3o [&hellip;]","og_url":"https:\/\/aconteceunovale.com.br\/portal\/?p=176938","og_site_name":"Aconteceu no Vale","article_publisher":"https:\/\/www.facebook.com\/aconteceunovale\/","article_published_time":"2021-04-10T21:33:24+00:00","article_modified_time":"2021-04-10T21:34:10+00:00","og_image":[{"width":678,"height":409,"url":"https:\/\/aconteceunovale.com.br\/portal\/wp-content\/uploads\/2021\/04\/mapa_microregioes.jpg","type":"image\/jpeg"}],"author":"Reda\u00e7\u00e3o Aconteceu no Vale","twitter_card":"summary_large_image","twitter_creator":"@noticiadosvales","twitter_site":"@noticiadosvales","twitter_misc":{"Escrito por":"Reda\u00e7\u00e3o Aconteceu no Vale","Est. tempo de leitura":"2 minutos"},"schema":{"@context":"https:\/\/schema.org","@graph":[{"@type":"Article","@id":"https:\/\/aconteceunovale.com.br\/portal\/?p=176938#article","isPartOf":{"@id":"https:\/\/aconteceunovale.com.br\/portal\/?p=176938"},"author":{"name":"Reda\u00e7\u00e3o Aconteceu no Vale","@id":"https:\/\/aconteceunovale.com.br\/portal\/#\/schema\/person\/7d2f26d1483f8a63de73da1ee0754d35"},"headline":"Estado mant\u00e9m avan\u00e7o da macro Tri\u00e2ngulo do Sul e de tr\u00eas microrregi\u00f5es para a onda vermelha do Minas Consciente","datePublished":"2021-04-10T21:33:24+00:00","dateModified":"2021-04-10T21:34:10+00:00","mainEntityOfPage":{"@id":"https:\/\/aconteceunovale.com.br\/portal\/?p=176938"},"wordCount":495,"commentCount":0,"image":{"@id":"https:\/\/aconteceunovale.com.br\/portal\/?p=176938#primaryimage"},"thumbnailUrl":"https:\/\/aconteceunovale.com.br\/portal\/wp-content\/uploads\/2021\/04\/mapa_microregioes.jpg","keywords":["362 cidades de pequeno porte passar\u00e3o automaticamente para a onda amarela do Minas Consciente","Abertura das academias de gin\u00e1stica","Abertura das ag\u00eancias de turismo","Abertura de igrejas onda roxa","Acaiaca","\u00c1gua Comprida","ALMG","Alvin\u00f3polis","Amparo do Serra","Arax\u00e1","Atividades econ\u00f4micas ter\u00e3o protocolo \u00fanico na nova fase do plano Minas Consciente","Barra Longa","berizal","Bloqueio total em Minas Gerais","Bocai\u00fava","Bonito de Minas","Botumirim","Bras\u00edlia de Minas","Buritizeiro","Campo Azul","Campo Florido","Campos Altos","capitao eneas","Carnaval 2021 em Minas Gerais","carnaval em Minas Gerais","Carneirinho","Casos de coronav\u00edrus em Minas Gerais","Casos de covid-19 em Minas Gerais","Catuti","Cidades com casos de coronav\u00edrus em Minas Gerais","Cidades de Minas Gerais na onda roxa","Cidades na onda roxa","Claro dos Po\u00e7\u00f5es","Comendador Gomes","Concei\u00e7\u00e3o das Alagoas","C\u00f4nego Marinho","Conquista","Consulta p\u00fablica Minas Consciente","Cora\u00e7\u00e3o de Jesus","Coronav\u00edrus","COVID-19","Crist\u00e1lia","Curados do coronav\u00edrus em Minas Gerais","Curral de Dentro","Delta","destaque","Dez regi\u00f5es est\u00e3o na fase mais restritiva do programa Minas Consciente","Diogo de Vasconcelos","Dom Silv\u00e9rio","Engenheiro Navarro","Entenda a divis\u00e3o por ondas nas novas regras do plano Minas Consciente","Entenda as ondas do Minas Consciente","espinosa","Estado atualiza situa\u00e7\u00e3o das macrorregi\u00f5es no Minas Consciente e recomenda a proibi\u00e7\u00e3o de festas de Carnaval","Estado lan\u00e7a terceira fase do Minas Consciente","Estado mant\u00e9m avan\u00e7o da macro Tri\u00e2ngulo do Sul e de tr\u00eas microrregi\u00f5es para a onda vermelha do Minas Consciente","Fase cr\u00edtica em Minas Gerais","Fechamento de Minas Gerais","Francisco Dumont","francisco s\u00e1","Fronteira","fruta de leite","Frutal","Funcionamento de igrejas onda roxa","Futebol em Minas Gerais durante a onda roxa","Futebol em Minas Gerais durante o lockdown","Gameleiras","Glaucil\u00e2ndia","Governador anuncia onda roxa e toque de recolher em duas regi\u00f5es de Minas Gerais","Governador decide colocar todos os munic\u00edpios de Minas Gerais em quarentena","Governador faz apelo para que popula\u00e7\u00e3o mude o comportamento e adote medidas contra o coronav\u00edrus","Governador Romeu Zema","Governo coloca mais 21 cidades de Minas Gerais na onda roxa do Minas Consciente","Governo coloca mais 21 munic\u00edpios de Minas Gerais em quarentena","Governo de Minas coloca mais 21 munic\u00edpios em quarentena","Governo de Minas Gerais prorroga onda roxa at\u00e9 4 de abril","Governo de Minas Gerais prorroga quarentena at\u00e9 4 de abril","Governo de Minas prorroga onda roxa em todos as macrorregi\u00f5es at\u00e9 4 de abril","Governo lan\u00e7a consulta p\u00fablica sobre o plano Minas Consciente","Governo lan\u00e7a novas regras para o plano Minas Consciente","Governo mant\u00e9m onda roxa at\u00e9 11 de abril em quase todas as macrorregi\u00f5es de Minas","gr\u00e3o mogol","Guaraciaba","Guaraciama","Ibi\u00e1","Ibia\u00ed","Ibiracatu","Icara\u00ed de Minas","Igrejas onda roxa","Igrejas podem funcionar na onda roxa do Minas Consciente","Indaiabira","Itacambira","Itacarambi","Itapagipe","Iturama","ja\u00edba","Jana\u00faba","Janu\u00e1ria","Japonvar","Jequeri","Jequita\u00ed","Joaquim Fel\u00edcio","Josen\u00f3polis","Juramento","Juven\u00edlia","Lagoa dos Patos","Lassance","Limeira do Oeste","Lockdown em Minas Gerais","Lontra","Luisl\u00e2ndia","Mais duas regi\u00f5es regridem para a onda vermelha do Minas Consciente","Mais quatro regi\u00f5es poder\u00e3o avan\u00e7ar para a Onda Amarela do plano Minas Consciente","Mamonas","manga","Matias Cardoso","mato verde","Metade do Estado regride para fases mais restritivas do plano Minas Consciente","Microrregi\u00f5es Minas Consciente","Minas Gerais n\u00e3o ter\u00e1 jogos de outros estados durante lockdown de 15 dias","Minas Gerais permanecer\u00e1 na onda roxa at\u00e9 o fim da Semana Santa","Mirabela","Mirav\u00e2nia","Montalv\u00e2nia","monte azul","Montes Claros","montezuma","Mortes por coronav\u00edrus em Minas Gerais","Mudan\u00e7as com a onda roxa","Mudan\u00e7as no Minas Consciente","Munic\u00edpios pequenos","Munic\u00edpios pequenos Minas Consciente","Munic\u00edpios receber\u00e3o tratamento individualizado na nova fase do Minas Consciente","Ninheira","Nova fase do Minas Consciente","Nova onda do Minas Consciente","Nova Porteirinha","Novas regras do Minas Consciente","Novas regras do plano Minas Consciente","Novo coronav\u00edrus","Novo Minas Consciente","Novorizonte","Novos indicadores do plano Minas Consciente v\u00e3o simplificar tomada de decis\u00e3o de prefeitos","N\u00famero de curados do coronav\u00edrus em Minas Gerais","N\u00fameros do coronav\u00edrus em Minas Gerais","O que muda com a onda roxa","\u00d3bitos por coronav\u00edrus em Minas Gerias","Olhos D\u2019agua","Onda roxa at\u00e9 4 de abril","Onda roxa at\u00e9 o fim da Semana Santa","Onda roxa Minas Consciente","Orat\u00f3rios","padre carvalho","Pai Pedro","Pandemia de coronav\u00edrus","Patis","Pedras de Maria da Cruz","Pedrin\u00f3polis","Perdizes","Piedade de Ponte Nova","Pint\u00f3polis","Pirajuba","Pirapora","Plano Minas Consciente","Plano Minas Consciente ter\u00e1 protocolo para academias de gin\u00e1stica e ag\u00eancias de turismo na Onda Amarela","Planura","Ponte Nova","Ponto Chique","porteirinha","Pratinha","Proibi\u00e7\u00e3o do carnaval em Minas Gerais","Quarentena em Minas Gerais","Quatro macrorregi\u00f5es regridem para fases mais restritivas do plano Minas Consciente","Raul Soares","Reabertura das academias de gin\u00e1stica","Reabertura das ag\u00eancia de turismo","Recuperados do coronav\u00edrus em Minas Gerais","Regi\u00f5es Minas Consciente","Regi\u00f5es na onda roxa","Restri\u00e7\u00f5es em Minas Gerais","Riacho dos Machados","Rio Casca.","Rio Doce","Rio Pardo de Minas","Romeu Zema","rubelita","Sacramento","Salinas","Santa Cruz de Salinas","Santa Cruz do Escalvado","Santa F\u00e9 de Minas","Santa Juliana","Santo Ant\u00f4nio do Grama","Santo Ant\u00f4nio do Retiro","S\u00e3o Francisco","S\u00e3o Francisco de Sales","S\u00e3o Gotardo","S\u00e3o Jo\u00e3o da Lagoa","S\u00e3o Jo\u00e3o da Ponte","S\u00e3o Jo\u00e3o das Miss\u00f5es","S\u00e3o Jo\u00e3o do Pacu\u00ed","S\u00e3o Jo\u00e3o do Para\u00edso","S\u00e3o Jos\u00e9 do Goiabal","S\u00e3o Pedro dos Ferros.","S\u00e3o Rom\u00e3o","Secretaria de Sa\u00fade atualiza n\u00fameros do coronav\u00edrus em Minas Gerais","Secretaria de Sa\u00fade de Minas Gerais atualiza n\u00fameros do coronav\u00edrus","Sem-Peixe","Sericita","Serran\u00f3polis de Minas","SES-MG atualiza n\u00fameros do coronav\u00edrus","Taiobeiras","Tapira","Toque de recolher em Minas Gerais","Uba\u00ed","Uberaba","Uma macrorregi\u00e3o e tr\u00eas microrregi\u00f5es poder\u00e3o avan\u00e7ar para a onda vermelha do Minas Consciente no dia 12 de abril","Uni\u00e3o de Minas","Uruc\u00e2nia","Urucuia","Vargem Grande do Rio Pardo","v\u00e1rzea da palma","Varzel\u00e2ndia","Veja quais atividades podem funcionar na onda roxa em Minas Gerais","Verdel\u00e2ndia","Ver\u00edssimo","Zema"],"articleSection":["Minas Gerais","Sa\u00fade"],"inLanguage":"pt-BR","potentialAction":[{"@type":"CommentAction","name":"Comment","target":["https:\/\/aconteceunovale.com.br\/portal\/?p=176938#respond"]}]},{"@type":"WebPage","@id":"https:\/\/aconteceunovale.com.br\/portal\/?p=176938","url":"https:\/\/aconteceunovale.com.br\/portal\/?p=176938","name":"Estado mant\u00e9m avan\u00e7o da macro Tri\u00e2ngulo do Sul e de tr\u00eas microrregi\u00f5es para a onda vermelha do Minas Consciente - Aconteceu no Vale","isPartOf":{"@id":"https:\/\/aconteceunovale.com.br\/portal\/#website"},"primaryImageOfPage":{"@id":"https:\/\/aconteceunovale.com.br\/portal\/?p=176938#primaryimage"},"image":{"@id":"https:\/\/aconteceunovale.com.br\/portal\/?p=176938#primaryimage"},"thumbnailUrl":"https:\/\/aconteceunovale.com.br\/portal\/wp-content\/uploads\/2021\/04\/mapa_microregioes.jpg","datePublished":"2021-04-10T21:33:24+00:00","dateModified":"2021-04-10T21:34:10+00:00","author":{"@id":"https:\/\/aconteceunovale.com.br\/portal\/#\/schema\/person\/7d2f26d1483f8a63de73da1ee0754d35"},"breadcrumb":{"@id":"https:\/\/aconteceunovale.com.br\/portal\/?p=176938#breadcrumb"},"inLanguage":"pt-BR","potentialAction":[{"@type":"ReadAction","target":["https:\/\/aconteceunovale.com.br\/portal\/?p=176938"]}]},{"@type":"ImageObject","inLanguage":"pt-BR","@id":"https:\/\/aconteceunovale.com.br\/portal\/?p=176938#primaryimage","url":"https:\/\/aconteceunovale.com.br\/portal\/wp-content\/uploads\/2021\/04\/mapa_microregioes.jpg","contentUrl":"https:\/\/aconteceunovale.com.br\/portal\/wp-content\/uploads\/2021\/04\/mapa_microregioes.jpg","width":678,"height":409},{"@type":"BreadcrumbList","@id":"https:\/\/aconteceunovale.com.br\/portal\/?p=176938#breadcrumb","itemListElement":[{"@type":"ListItem","position":1,"name":"In\u00edcio","item":"https:\/\/aconteceunovale.com.br\/portal\/"},{"@type":"ListItem","position":2,"name":"Estado mant\u00e9m avan\u00e7o da macro Tri\u00e2ngulo do Sul e de tr\u00eas microrregi\u00f5es para a onda vermelha do Minas Consciente"}]},{"@type":"WebSite","@id":"https:\/\/aconteceunovale.com.br\/portal\/#website","url":"https:\/\/aconteceunovale.com.br\/portal\/","name":"Aconteceu no Vale","description":"Portal de Not\u00edcias","potentialAction":[{"@type":"SearchAction","target":{"@type":"EntryPoint","urlTemplate":"https:\/\/aconteceunovale.com.br\/portal\/?s={search_term_string}"},"query-input":{"@type":"PropertyValueSpecification","valueRequired":true,"valueName":"search_term_string"}}],"inLanguage":"pt-BR"},{"@type":"Person","@id":"https:\/\/aconteceunovale.com.br\/portal\/#\/schema\/person\/7d2f26d1483f8a63de73da1ee0754d35","name":"Reda\u00e7\u00e3o Aconteceu no Vale","description":"Equipe de reportagem do Aconteceu no Vale, portal de not\u00edcias do Vale do Jequitinhonha, em Minas Gerais. Cobrimos as 51 cidades do Vale desde 2013. Sugest\u00f5es de pauta e pedidos de corre\u00e7\u00e3o: contato@aconteceunovale.com.br","url":"https:\/\/aconteceunovale.com.br\/portal\/?author=4"}]}},"_links":{"self":[{"href":"https:\/\/aconteceunovale.com.br\/portal\/index.php?rest_route=\/wp\/v2\/posts\/176938","targetHints":{"allow":["GET"]}}],"collection":[{"href":"https:\/\/aconteceunovale.com.br\/portal\/index.php?rest_route=\/wp\/v2\/posts"}],"about":[{"href":"https:\/\/aconteceunovale.com.br\/portal\/index.php?rest_route=\/wp\/v2\/types\/post"}],"author":[{"embeddable":true,"href":"https:\/\/aconteceunovale.com.br\/portal\/index.php?rest_route=\/wp\/v2\/users\/4"}],"replies":[{"embeddable":true,"href":"https:\/\/aconteceunovale.com.br\/portal\/index.php?rest_route=%2Fwp%2Fv2%2Fcomments&post=176938"}],"version-history":[{"count":1,"href":"https:\/\/aconteceunovale.com.br\/portal\/index.php?rest_route=\/wp\/v2\/posts\/176938\/revisions"}],"predecessor-version":[{"id":176941,"href":"https:\/\/aconteceunovale.com.br\/portal\/index.php?rest_route=\/wp\/v2\/posts\/176938\/revisions\/176941"}],"wp:featuredmedia":[{"embeddable":true,"href":"https:\/\/aconteceunovale.com.br\/portal\/index.php?rest_route=\/wp\/v2\/media\/176940"}],"wp:attachment":[{"href":"https:\/\/aconteceunovale.com.br\/portal\/index.php?rest_route=%2Fwp%2Fv2%2Fmedia&parent=176938"}],"wp:term":[{"taxonomy":"category","embeddable":true,"href":"https:\/\/aconteceunovale.com.br\/portal\/index.php?rest_route=%2Fwp%2Fv2%2Fcategories&post=176938"},{"taxonomy":"post_tag","embeddable":true,"href":"https:\/\/aconteceunovale.com.br\/portal\/index.php?rest_route=%2Fwp%2Fv2%2Ftags&post=176938"}],"curies":[{"name":"wp","href":"https:\/\/api.w.org\/{rel}","templated":true}]}}