{"id":176921,"date":"2021-04-10T00:16:27","date_gmt":"2021-04-10T03:16:27","guid":{"rendered":"https:\/\/aconteceunovale.com.br\/portal\/?p=176921"},"modified":"2021-04-10T00:19:49","modified_gmt":"2021-04-10T03:19:49","slug":"casal-suspeito-de-tentar-matar-filho-de-11-meses-e-preso-no-municipio-de-itambacuri","status":"publish","type":"post","link":"https:\/\/aconteceunovale.com.br\/portal\/?p=176921","title":{"rendered":"Casal suspeito de tentar matar filho de 11 meses \u00e9 preso no munic\u00edpio de Itambacuri"},"content":{"rendered":"\n<p class=\"wp-block-paragraph\">A Pol\u00edcia Civil de Minas Gerais (PCMG) cumpriu mandado de pris\u00e3o expedido contra um casal em raz\u00e3o da tentativa de homic\u00eddio do filho, de apenas 11 meses \u00e0 \u00e9poca dos fatos. Os dois foram presos na quinta-feira (8\/4\/2021), no distrito de Frei Serafim, munic\u00edpio de Itambacuri, regi\u00e3o do Rio Doce.<\/p>\n\n\n\n<p class=\"wp-block-paragraph\">O crime foi noticiado \u00e0 PCMG em mar\u00e7o deste ano, por meio do Conselho Tutelar da cidade, ap\u00f3s o \u00f3rg\u00e3o ser informado de que a mulher, de 24 anos, teria tentado esganar o beb\u00ea. A agress\u00e3o foi presenciada pelo pai, tamb\u00e9m de 24, que n\u00e3o interveio na a\u00e7\u00e3o delitiva.<\/p>\n\n\n\n<p class=\"wp-block-paragraph\">A pol\u00edcia acredita que a crian\u00e7a j\u00e1 vinha sofrendo outras agress\u00f5es por parte dos pais, situa\u00e7\u00e3o que est\u00e1 sob investiga\u00e7\u00e3o.<\/p>\n\n\n\n<h2 class=\"wp-block-heading\"><strong>Reincid\u00eancia<\/strong><\/h2>\n\n\n\n<p class=\"wp-block-paragraph\">Ainda de acordo com levantamentos, os suspeitos j\u00e1 haviam sido presos em 2019 pelos crimes de tortura e homic\u00eddio tentado, cometidos contra outra filha do casal. Na ocasi\u00e3o, foram encontrados sinais de agress\u00e3o no corpo da menina, com utiliza\u00e7\u00e3o de cinto, constatando os maus tratos sofridos por ela. A guarda da crian\u00e7a, que tinha menos de 1 ano \u00e0 \u00e9poca dos fatos, foi retirada dos pais, assim como foi feito com o beb\u00ea de 11 meses.<\/p>\n\n\n\n<p class=\"wp-block-paragraph\">Segundo o delegado que coordena as investiga\u00e7\u00f5es, Eduardo Gil, a presa est\u00e1 gr\u00e1vida do terceiro filho. Os suspeitos, que estavam em liberdade condicional, foram encaminhados ao Sistema Prisional, onde est\u00e3o \u00e0 disposi\u00e7\u00e3o da Justi\u00e7a.<\/p>\n\n\n\n<p class=\"wp-block-paragraph\">Os trabalhos policiais foram realizados pela 5\u00aa Delegacia de Pol\u00edcia Civil em Itambacuri.<\/p>\n\n\n\n<p class=\"wp-block-paragraph\">&#8212;&#8212;&#8212;&#8212;&#8212;&#8212;<br><em>Quer receber as not\u00edcias do <strong>Aconteceu no Vale<\/strong> em primeira m\u00e3o? Siga-nos no Facebook <a rel=\"noreferrer noopener\" href=\"http:\/\/facebook.com\/aconteceunovale\" target=\"_blank\">@aconteceunovale<\/a>, Twitter <a rel=\"noreferrer noopener\" href=\"https:\/\/twitter.com\/noticiadosvales\" target=\"_blank\">@noticiadosvales<\/a> e Instagram <a rel=\"noreferrer noopener\" href=\"https:\/\/www.instagram.com\/aconteceunovale\" target=\"_blank\">@aconteceunovale<\/a>.<\/em><\/p>\n","protected":false},"excerpt":{"rendered":"<p>A Pol\u00edcia Civil de Minas Gerais (PCMG) cumpriu mandado de pris\u00e3o expedido contra um casal em raz\u00e3o da tentativa de homic\u00eddio do filho, de apenas 11 meses \u00e0 \u00e9poca dos fatos. Os dois foram presos na quinta-feira (8\/4\/2021), no distrito de Frei Serafim, munic\u00edpio de Itambacuri, regi\u00e3o do Rio Doce. O crime foi noticiado \u00e0 [&hellip;]<\/p>\n","protected":false},"author":4,"featured_media":162079,"comment_status":"open","ping_status":"closed","sticky":false,"template":"","format":"standard","meta":{"amp_status":"","footnotes":""},"categories":[121],"tags":[242681,242687,178855,242685,188,604,242682,242686,242683,242684],"class_list":["post-176921","post","type-post","status-publish","format-standard","has-post-thumbnail","hentry","category-leste","tag-casal-suspeito-de-tentar-matar-filho-de-11-meses-e-preso-no-municipio-de-itambacuri","tag-delegacia-de-policia-civil-em-itambacuri","tag-delegado-eduardo-gil","tag-frei-serafim-itambacuri","tag-itambacuri","tag-pcmg","tag-preso-em-itambacuri","tag-presos-em-frei-serafim","tag-presos-por-tentar-matar-bebe-em-itambacuri","tag-presos-por-tentar-matar-crianca-em-itambacuri"],"yoast_head":"<!-- This site is optimized with the Yoast SEO plugin v28.3 - https:\/\/yoast.com\/product\/yoast-seo-wordpress\/ -->\n<title>Casal suspeito de tentar matar filho de 11 meses \u00e9 preso no munic\u00edpio de Itambacuri - Aconteceu no Vale<\/title>\n<meta name=\"robots\" content=\"index, follow, max-snippet:-1, max-image-preview:large, max-video-preview:-1\" \/>\n<link rel=\"canonical\" href=\"https:\/\/aconteceunovale.com.br\/portal\/?p=176921\" \/>\n<meta property=\"og:locale\" content=\"pt_BR\" \/>\n<meta property=\"og:type\" content=\"article\" \/>\n<meta property=\"og:title\" content=\"Casal suspeito de tentar matar filho de 11 meses \u00e9 preso no munic\u00edpio de Itambacuri - Aconteceu no Vale\" \/>\n<meta property=\"og:description\" content=\"A Pol\u00edcia Civil de Minas Gerais (PCMG) cumpriu mandado de pris\u00e3o expedido contra um casal em raz\u00e3o da tentativa de homic\u00eddio do filho, de apenas 11 meses \u00e0 \u00e9poca dos fatos. Os dois foram presos na quinta-feira (8\/4\/2021), no distrito de Frei Serafim, munic\u00edpio de Itambacuri, regi\u00e3o do Rio Doce. O crime foi noticiado \u00e0 [&hellip;]\" \/>\n<meta property=\"og:url\" content=\"https:\/\/aconteceunovale.com.br\/portal\/?p=176921\" \/>\n<meta property=\"og:site_name\" content=\"Aconteceu no Vale\" \/>\n<meta property=\"article:publisher\" content=\"https:\/\/www.facebook.com\/aconteceunovale\/\" \/>\n<meta property=\"article:published_time\" content=\"2021-04-10T03:16:27+00:00\" \/>\n<meta property=\"article:modified_time\" content=\"2021-04-10T03:19:49+00:00\" \/>\n<meta property=\"og:image\" content=\"https:\/\/aconteceunovale.com.br\/portal\/wp-content\/uploads\/2020\/05\/pcmg.jpg\" \/>\n\t<meta property=\"og:image:width\" content=\"650\" \/>\n\t<meta property=\"og:image:height\" content=\"402\" \/>\n\t<meta property=\"og:image:type\" content=\"image\/jpeg\" \/>\n<meta name=\"author\" content=\"Reda\u00e7\u00e3o Aconteceu no Vale\" \/>\n<meta name=\"twitter:card\" content=\"summary_large_image\" \/>\n<meta name=\"twitter:creator\" content=\"@noticiadosvales\" \/>\n<meta name=\"twitter:site\" content=\"@noticiadosvales\" \/>\n<meta name=\"twitter:label1\" content=\"Escrito por\" \/>\n\t<meta name=\"twitter:data1\" content=\"Reda\u00e7\u00e3o Aconteceu no Vale\" \/>\n\t<meta name=\"twitter:label2\" content=\"Est. tempo de leitura\" \/>\n\t<meta name=\"twitter:data2\" content=\"1 minuto\" \/>\n<script type=\"application\/ld+json\" class=\"yoast-schema-graph\">{\"@context\":\"https:\\\/\\\/schema.org\",\"@graph\":[{\"@type\":\"Article\",\"@id\":\"https:\\\/\\\/aconteceunovale.com.br\\\/portal\\\/?p=176921#article\",\"isPartOf\":{\"@id\":\"https:\\\/\\\/aconteceunovale.com.br\\\/portal\\\/?p=176921\"},\"author\":{\"name\":\"Reda\u00e7\u00e3o Aconteceu no Vale\",\"@id\":\"https:\\\/\\\/aconteceunovale.com.br\\\/portal\\\/#\\\/schema\\\/person\\\/7d2f26d1483f8a63de73da1ee0754d35\"},\"headline\":\"Casal suspeito de tentar matar filho de 11 meses \u00e9 preso no munic\u00edpio de Itambacuri\",\"datePublished\":\"2021-04-10T03:16:27+00:00\",\"dateModified\":\"2021-04-10T03:19:49+00:00\",\"mainEntityOfPage\":{\"@id\":\"https:\\\/\\\/aconteceunovale.com.br\\\/portal\\\/?p=176921\"},\"wordCount\":298,\"commentCount\":0,\"image\":{\"@id\":\"https:\\\/\\\/aconteceunovale.com.br\\\/portal\\\/?p=176921#primaryimage\"},\"thumbnailUrl\":\"https:\\\/\\\/aconteceunovale.com.br\\\/portal\\\/wp-content\\\/uploads\\\/2020\\\/05\\\/pcmg.jpg\",\"keywords\":[\"Casal suspeito de tentar matar filho de 11 meses \u00e9 preso no munic\u00edpio de Itambacuri\",\"Delegacia de Pol\u00edcia Civil em Itambacuri\",\"delegado Eduardo Gil\",\"Frei Serafim Itambacuri\",\"Itambacuri\",\"PCMG\",\"Preso em Itambacuri\",\"Presos em Frei Serafim\",\"Presos por tentar matar beb\u00ea em Itambacuri\",\"Presos por tentar matar crian\u00e7a em Itambacuri\"],\"articleSection\":[\"Leste de Minas\"],\"inLanguage\":\"pt-BR\",\"potentialAction\":[{\"@type\":\"CommentAction\",\"name\":\"Comment\",\"target\":[\"https:\\\/\\\/aconteceunovale.com.br\\\/portal\\\/?p=176921#respond\"]}]},{\"@type\":\"WebPage\",\"@id\":\"https:\\\/\\\/aconteceunovale.com.br\\\/portal\\\/?p=176921\",\"url\":\"https:\\\/\\\/aconteceunovale.com.br\\\/portal\\\/?p=176921\",\"name\":\"Casal suspeito de tentar matar filho de 11 meses \u00e9 preso no munic\u00edpio de Itambacuri - Aconteceu no Vale\",\"isPartOf\":{\"@id\":\"https:\\\/\\\/aconteceunovale.com.br\\\/portal\\\/#website\"},\"primaryImageOfPage\":{\"@id\":\"https:\\\/\\\/aconteceunovale.com.br\\\/portal\\\/?p=176921#primaryimage\"},\"image\":{\"@id\":\"https:\\\/\\\/aconteceunovale.com.br\\\/portal\\\/?p=176921#primaryimage\"},\"thumbnailUrl\":\"https:\\\/\\\/aconteceunovale.com.br\\\/portal\\\/wp-content\\\/uploads\\\/2020\\\/05\\\/pcmg.jpg\",\"datePublished\":\"2021-04-10T03:16:27+00:00\",\"dateModified\":\"2021-04-10T03:19:49+00:00\",\"author\":{\"@id\":\"https:\\\/\\\/aconteceunovale.com.br\\\/portal\\\/#\\\/schema\\\/person\\\/7d2f26d1483f8a63de73da1ee0754d35\"},\"breadcrumb\":{\"@id\":\"https:\\\/\\\/aconteceunovale.com.br\\\/portal\\\/?p=176921#breadcrumb\"},\"inLanguage\":\"pt-BR\",\"potentialAction\":[{\"@type\":\"ReadAction\",\"target\":[\"https:\\\/\\\/aconteceunovale.com.br\\\/portal\\\/?p=176921\"]}]},{\"@type\":\"ImageObject\",\"inLanguage\":\"pt-BR\",\"@id\":\"https:\\\/\\\/aconteceunovale.com.br\\\/portal\\\/?p=176921#primaryimage\",\"url\":\"https:\\\/\\\/aconteceunovale.com.br\\\/portal\\\/wp-content\\\/uploads\\\/2020\\\/05\\\/pcmg.jpg\",\"contentUrl\":\"https:\\\/\\\/aconteceunovale.com.br\\\/portal\\\/wp-content\\\/uploads\\\/2020\\\/05\\\/pcmg.jpg\",\"width\":650,\"height\":402},{\"@type\":\"BreadcrumbList\",\"@id\":\"https:\\\/\\\/aconteceunovale.com.br\\\/portal\\\/?p=176921#breadcrumb\",\"itemListElement\":[{\"@type\":\"ListItem\",\"position\":1,\"name\":\"In\u00edcio\",\"item\":\"https:\\\/\\\/aconteceunovale.com.br\\\/portal\\\/\"},{\"@type\":\"ListItem\",\"position\":2,\"name\":\"Casal suspeito de tentar matar filho de 11 meses \u00e9 preso no munic\u00edpio de Itambacuri\"}]},{\"@type\":\"WebSite\",\"@id\":\"https:\\\/\\\/aconteceunovale.com.br\\\/portal\\\/#website\",\"url\":\"https:\\\/\\\/aconteceunovale.com.br\\\/portal\\\/\",\"name\":\"Aconteceu no Vale\",\"description\":\"Portal de Not\u00edcias\",\"potentialAction\":[{\"@type\":\"SearchAction\",\"target\":{\"@type\":\"EntryPoint\",\"urlTemplate\":\"https:\\\/\\\/aconteceunovale.com.br\\\/portal\\\/?s={search_term_string}\"},\"query-input\":{\"@type\":\"PropertyValueSpecification\",\"valueRequired\":true,\"valueName\":\"search_term_string\"}}],\"inLanguage\":\"pt-BR\"},{\"@type\":\"Person\",\"@id\":\"https:\\\/\\\/aconteceunovale.com.br\\\/portal\\\/#\\\/schema\\\/person\\\/7d2f26d1483f8a63de73da1ee0754d35\",\"name\":\"Reda\u00e7\u00e3o Aconteceu no Vale\",\"description\":\"Equipe de reportagem do Aconteceu no Vale, portal de not\u00edcias do Vale do Jequitinhonha, em Minas Gerais. Cobrimos as 51 cidades do Vale desde 2013. Sugest\u00f5es de pauta e pedidos de corre\u00e7\u00e3o: contato@aconteceunovale.com.br\",\"url\":\"https:\\\/\\\/aconteceunovale.com.br\\\/portal\\\/?author=4\"}]}<\/script>\n<!-- \/ Yoast SEO plugin. -->","yoast_head_json":{"title":"Casal suspeito de tentar matar filho de 11 meses \u00e9 preso no munic\u00edpio de Itambacuri - Aconteceu no Vale","robots":{"index":"index","follow":"follow","max-snippet":"max-snippet:-1","max-image-preview":"max-image-preview:large","max-video-preview":"max-video-preview:-1"},"canonical":"https:\/\/aconteceunovale.com.br\/portal\/?p=176921","og_locale":"pt_BR","og_type":"article","og_title":"Casal suspeito de tentar matar filho de 11 meses \u00e9 preso no munic\u00edpio de Itambacuri - Aconteceu no Vale","og_description":"A Pol\u00edcia Civil de Minas Gerais (PCMG) cumpriu mandado de pris\u00e3o expedido contra um casal em raz\u00e3o da tentativa de homic\u00eddio do filho, de apenas 11 meses \u00e0 \u00e9poca dos fatos. Os dois foram presos na quinta-feira (8\/4\/2021), no distrito de Frei Serafim, munic\u00edpio de Itambacuri, regi\u00e3o do Rio Doce. O crime foi noticiado \u00e0 [&hellip;]","og_url":"https:\/\/aconteceunovale.com.br\/portal\/?p=176921","og_site_name":"Aconteceu no Vale","article_publisher":"https:\/\/www.facebook.com\/aconteceunovale\/","article_published_time":"2021-04-10T03:16:27+00:00","article_modified_time":"2021-04-10T03:19:49+00:00","og_image":[{"width":650,"height":402,"url":"https:\/\/aconteceunovale.com.br\/portal\/wp-content\/uploads\/2020\/05\/pcmg.jpg","type":"image\/jpeg"}],"author":"Reda\u00e7\u00e3o Aconteceu no Vale","twitter_card":"summary_large_image","twitter_creator":"@noticiadosvales","twitter_site":"@noticiadosvales","twitter_misc":{"Escrito por":"Reda\u00e7\u00e3o Aconteceu no Vale","Est. tempo de leitura":"1 minuto"},"schema":{"@context":"https:\/\/schema.org","@graph":[{"@type":"Article","@id":"https:\/\/aconteceunovale.com.br\/portal\/?p=176921#article","isPartOf":{"@id":"https:\/\/aconteceunovale.com.br\/portal\/?p=176921"},"author":{"name":"Reda\u00e7\u00e3o Aconteceu no Vale","@id":"https:\/\/aconteceunovale.com.br\/portal\/#\/schema\/person\/7d2f26d1483f8a63de73da1ee0754d35"},"headline":"Casal suspeito de tentar matar filho de 11 meses \u00e9 preso no munic\u00edpio de Itambacuri","datePublished":"2021-04-10T03:16:27+00:00","dateModified":"2021-04-10T03:19:49+00:00","mainEntityOfPage":{"@id":"https:\/\/aconteceunovale.com.br\/portal\/?p=176921"},"wordCount":298,"commentCount":0,"image":{"@id":"https:\/\/aconteceunovale.com.br\/portal\/?p=176921#primaryimage"},"thumbnailUrl":"https:\/\/aconteceunovale.com.br\/portal\/wp-content\/uploads\/2020\/05\/pcmg.jpg","keywords":["Casal suspeito de tentar matar filho de 11 meses \u00e9 preso no munic\u00edpio de Itambacuri","Delegacia de Pol\u00edcia Civil em Itambacuri","delegado Eduardo Gil","Frei Serafim Itambacuri","Itambacuri","PCMG","Preso em Itambacuri","Presos em Frei Serafim","Presos por tentar matar beb\u00ea em Itambacuri","Presos por tentar matar crian\u00e7a em Itambacuri"],"articleSection":["Leste de Minas"],"inLanguage":"pt-BR","potentialAction":[{"@type":"CommentAction","name":"Comment","target":["https:\/\/aconteceunovale.com.br\/portal\/?p=176921#respond"]}]},{"@type":"WebPage","@id":"https:\/\/aconteceunovale.com.br\/portal\/?p=176921","url":"https:\/\/aconteceunovale.com.br\/portal\/?p=176921","name":"Casal suspeito de tentar matar filho de 11 meses \u00e9 preso no munic\u00edpio de Itambacuri - Aconteceu no Vale","isPartOf":{"@id":"https:\/\/aconteceunovale.com.br\/portal\/#website"},"primaryImageOfPage":{"@id":"https:\/\/aconteceunovale.com.br\/portal\/?p=176921#primaryimage"},"image":{"@id":"https:\/\/aconteceunovale.com.br\/portal\/?p=176921#primaryimage"},"thumbnailUrl":"https:\/\/aconteceunovale.com.br\/portal\/wp-content\/uploads\/2020\/05\/pcmg.jpg","datePublished":"2021-04-10T03:16:27+00:00","dateModified":"2021-04-10T03:19:49+00:00","author":{"@id":"https:\/\/aconteceunovale.com.br\/portal\/#\/schema\/person\/7d2f26d1483f8a63de73da1ee0754d35"},"breadcrumb":{"@id":"https:\/\/aconteceunovale.com.br\/portal\/?p=176921#breadcrumb"},"inLanguage":"pt-BR","potentialAction":[{"@type":"ReadAction","target":["https:\/\/aconteceunovale.com.br\/portal\/?p=176921"]}]},{"@type":"ImageObject","inLanguage":"pt-BR","@id":"https:\/\/aconteceunovale.com.br\/portal\/?p=176921#primaryimage","url":"https:\/\/aconteceunovale.com.br\/portal\/wp-content\/uploads\/2020\/05\/pcmg.jpg","contentUrl":"https:\/\/aconteceunovale.com.br\/portal\/wp-content\/uploads\/2020\/05\/pcmg.jpg","width":650,"height":402},{"@type":"BreadcrumbList","@id":"https:\/\/aconteceunovale.com.br\/portal\/?p=176921#breadcrumb","itemListElement":[{"@type":"ListItem","position":1,"name":"In\u00edcio","item":"https:\/\/aconteceunovale.com.br\/portal\/"},{"@type":"ListItem","position":2,"name":"Casal suspeito de tentar matar filho de 11 meses \u00e9 preso no munic\u00edpio de Itambacuri"}]},{"@type":"WebSite","@id":"https:\/\/aconteceunovale.com.br\/portal\/#website","url":"https:\/\/aconteceunovale.com.br\/portal\/","name":"Aconteceu no Vale","description":"Portal de Not\u00edcias","potentialAction":[{"@type":"SearchAction","target":{"@type":"EntryPoint","urlTemplate":"https:\/\/aconteceunovale.com.br\/portal\/?s={search_term_string}"},"query-input":{"@type":"PropertyValueSpecification","valueRequired":true,"valueName":"search_term_string"}}],"inLanguage":"pt-BR"},{"@type":"Person","@id":"https:\/\/aconteceunovale.com.br\/portal\/#\/schema\/person\/7d2f26d1483f8a63de73da1ee0754d35","name":"Reda\u00e7\u00e3o Aconteceu no Vale","description":"Equipe de reportagem do Aconteceu no Vale, portal de not\u00edcias do Vale do Jequitinhonha, em Minas Gerais. Cobrimos as 51 cidades do Vale desde 2013. Sugest\u00f5es de pauta e pedidos de corre\u00e7\u00e3o: contato@aconteceunovale.com.br","url":"https:\/\/aconteceunovale.com.br\/portal\/?author=4"}]}},"_links":{"self":[{"href":"https:\/\/aconteceunovale.com.br\/portal\/index.php?rest_route=\/wp\/v2\/posts\/176921","targetHints":{"allow":["GET"]}}],"collection":[{"href":"https:\/\/aconteceunovale.com.br\/portal\/index.php?rest_route=\/wp\/v2\/posts"}],"about":[{"href":"https:\/\/aconteceunovale.com.br\/portal\/index.php?rest_route=\/wp\/v2\/types\/post"}],"author":[{"embeddable":true,"href":"https:\/\/aconteceunovale.com.br\/portal\/index.php?rest_route=\/wp\/v2\/users\/4"}],"replies":[{"embeddable":true,"href":"https:\/\/aconteceunovale.com.br\/portal\/index.php?rest_route=%2Fwp%2Fv2%2Fcomments&post=176921"}],"version-history":[{"count":1,"href":"https:\/\/aconteceunovale.com.br\/portal\/index.php?rest_route=\/wp\/v2\/posts\/176921\/revisions"}],"predecessor-version":[{"id":176922,"href":"https:\/\/aconteceunovale.com.br\/portal\/index.php?rest_route=\/wp\/v2\/posts\/176921\/revisions\/176922"}],"wp:featuredmedia":[{"embeddable":true,"href":"https:\/\/aconteceunovale.com.br\/portal\/index.php?rest_route=\/wp\/v2\/media\/162079"}],"wp:attachment":[{"href":"https:\/\/aconteceunovale.com.br\/portal\/index.php?rest_route=%2Fwp%2Fv2%2Fmedia&parent=176921"}],"wp:term":[{"taxonomy":"category","embeddable":true,"href":"https:\/\/aconteceunovale.com.br\/portal\/index.php?rest_route=%2Fwp%2Fv2%2Fcategories&post=176921"},{"taxonomy":"post_tag","embeddable":true,"href":"https:\/\/aconteceunovale.com.br\/portal\/index.php?rest_route=%2Fwp%2Fv2%2Ftags&post=176921"}],"curies":[{"name":"wp","href":"https:\/\/api.w.org\/{rel}","templated":true}]}}