{"id":176902,"date":"2021-04-09T18:28:30","date_gmt":"2021-04-09T21:28:30","guid":{"rendered":"https:\/\/aconteceunovale.com.br\/portal\/?p=176902"},"modified":"2021-04-09T18:30:48","modified_gmt":"2021-04-09T21:30:48","slug":"governo-de-minas-gerais-anuncia-troca-de-dois-secretarios","status":"publish","type":"post","link":"https:\/\/aconteceunovale.com.br\/portal\/?p=176902","title":{"rendered":"Governo de Minas Gerais anuncia troca de dois secret\u00e1rios"},"content":{"rendered":"\n<p class=\"wp-block-paragraph\">O\u00a0Governo do Estado de Minas Gerais\u00a0anunciou, na tarde desta sexta-feira (9\/4\/2021), que o secret\u00e1rio de Estado de\u00a0Planejamento e Gest\u00e3o (Seplag), Otto Levy Reis, e o secret\u00e1rio de\u00a0Desenvolvimento Econ\u00f4mico (Sede), C\u00e1ssio Rocha de Azevedo, est\u00e3o deixando os respectivos cargos por decis\u00e3o pessoal. C\u00e1ssio Azevedo solicitou o desligamento do governo por motivo de tratamento de sa\u00fade. Otto Levy informou que vai se dedicar a projetos pessoais.<\/p>\n\n\n\n<p class=\"wp-block-paragraph\">A Secretaria de Estado de Planejamento e Gest\u00e3o ser\u00e1 comandada por Lu\u00edsa Cardoso Barreto, servidora de carreira da Seplag e atual presidente da\u00a0Emater-MG. Lu\u00edsa ocupou o cargo de secret\u00e1ria adjunta da pasta entre 2019 e 2020.<\/p>\n\n\n\n<p class=\"wp-block-paragraph\">O secret\u00e1rio adjunto da Secretaria de Estado de Desenvolvimento Econ\u00f4mico, Fernando Passalio de Avelar, tamb\u00e9m servidor de carreira, passa a ocupar o cargo de secret\u00e1rio.<\/p>\n\n\n\n<p class=\"wp-block-paragraph\"><em>\u201cO governador Romeu Zema agradece o trabalho realizado por C\u00e1ssio Rocha de Azevedo e Otto Levy Reis \u00e0 frente das respectivas secretarias, desempenhando um papel fundamental para a retomada da economia mineira e o reequil\u00edbrio das finan\u00e7as do Estado\u201d<\/em>, diz nota do Governo.<\/p>\n\n\n\n<p class=\"wp-block-paragraph\">A nomea\u00e7\u00e3o do secret\u00e1rio Passalio ser\u00e1 publicada no Di\u00e1rio Oficial deste s\u00e1bado (10\/4). J\u00e1 as altera\u00e7\u00f5es na Secretaria de Planejamento ser\u00e3o efetivadas a partir do dia 15 de abril.<\/p>\n\n\n\n<p class=\"wp-block-paragraph\">O Governo do Estado apresentar\u00e1 ao Conselho de Administra\u00e7\u00e3o da Emater o Especialista em Pol\u00edticas P\u00fablicas e Gest\u00e3o Governamental (EPPGG), Ot\u00e1vio Maia, para comandar a empresa. Maia tem 16 anos de experi\u00eancia no Governo de Minas Gerais, ocupando v\u00e1rios cargos, entre eles o de subsecret\u00e1rio de Gest\u00e3o Estrat\u00e9gica. \u00c9 p\u00f3s-graduado em Administra\u00e7\u00e3o P\u00fablica pela Funda\u00e7\u00e3o Jo\u00e3o Pinheiro e mestre em Economia de Empresas pela FEAD.<\/p>\n\n\n\n<h2 class=\"wp-block-heading\"><strong>Perfil dos novos secret\u00e1rios<\/strong><\/h2>\n\n\n\n<h3 class=\"wp-block-heading\">Secretaria de Estado de Planejamento e Gest\u00e3o<\/h3>\n\n\n\n<p class=\"wp-block-paragraph\"><strong>Lu\u00edsa Cardoso Barreto<\/strong>\u00a0&#8211; Natural de Belo Horizonte, graduada em Administra\u00e7\u00e3o P\u00fablica na Escola de Governo da Funda\u00e7\u00e3o Jo\u00e3o Pinheiro, com p\u00f3s-gradua\u00e7\u00e3o em Gest\u00e3o Estrat\u00e9gica pela mesma institui\u00e7\u00e3o. Servidora de carreira da Secretaria de Estado de Planejamento e Gest\u00e3o, ocupou o cargo de secret\u00e1ria adjunta entre 2019 e 2020. Foi respons\u00e1vel por Programas Estruturadores, Acordos de Resultados e por contratos de opera\u00e7\u00f5es de cr\u00e9dito junto a bancos e organismos de fomento nacionais e internacionais \u2013 BNDES, Banco Mundial, Banco Interamericano, dentre outros. Atua como professora convidada em Gest\u00e3o P\u00fablica na Funda\u00e7\u00e3o Dom Cabral. \u00c9 a primeira mulher a presidir a Empresa de Assist\u00eancia T\u00e9cnica e Extens\u00e3o Rural do Estado de Minas Gerais (Emater-MG).<\/p>\n\n\n\n<h3 class=\"wp-block-heading\">Secretaria de Estado de Desenvolvimento Econ\u00f4mico<\/h3>\n\n\n\n<p class=\"wp-block-paragraph\"><strong>Fernando Passalio de Avelar<\/strong>\u00a0\u2013 Natural de Belo Horizonte, \u00e9 Administrador de Empresas e Gestor de Institui\u00e7\u00f5es Financeiras pela Pontif\u00edcia Universidade Cat\u00f3lica de Minas Gerais.\u00a0 P\u00f3s-graduado em Auditoria Governamental pela Universidade Gama Filho. Formado em Pol\u00edticas de Ci\u00eancia, Tecnologia e Inova\u00e7\u00e3o para o Desenvolvimento Sustent\u00e1vel, pela Universidade de Medellin, na Col\u00f4mbia (ONU\/UNCTAD). \u00a0Foi empres\u00e1rio em diferentes ramos e possui mais de 15 anos de experi\u00eancia no setor financeiro. Ingressou como servidor de carreira pela Secretaria de Estado de Fazenda \u2013 Receita Estadual, em 2008.\u00a0 Iniciou sua trajet\u00f3ria na Secretaria de Estado de Desenvolvimento Econ\u00f4mico em 2009, atuando como Superintendente Estadual em diversas \u00e1reas tem\u00e1ticas de apoio ao setor produtivo.<\/p>\n\n\n\n<p class=\"wp-block-paragraph\">&#8212;&#8212;&#8212;&#8212;&#8212;&#8212;<br><em>Quer receber as not\u00edcias do <strong>Aconteceu no Vale<\/strong> em primeira m\u00e3o? Siga-nos no Facebook <a rel=\"noreferrer noopener\" href=\"http:\/\/facebook.com\/aconteceunovale\" target=\"_blank\">@aconteceunovale<\/a>, Twitter <a rel=\"noreferrer noopener\" href=\"https:\/\/twitter.com\/noticiadosvales\" target=\"_blank\">@noticiadosvales<\/a> e Instagram <a rel=\"noreferrer noopener\" href=\"https:\/\/www.instagram.com\/aconteceunovale\" target=\"_blank\">@aconteceunovale<\/a>.<\/em><\/p>\n","protected":false},"excerpt":{"rendered":"<p>O\u00a0Governo do Estado de Minas Gerais\u00a0anunciou, na tarde desta sexta-feira (9\/4\/2021), que o secret\u00e1rio de Estado de\u00a0Planejamento e Gest\u00e3o (Seplag), Otto Levy Reis, e o secret\u00e1rio de\u00a0Desenvolvimento Econ\u00f4mico (Sede), C\u00e1ssio Rocha de Azevedo, est\u00e3o deixando os respectivos cargos por decis\u00e3o pessoal. C\u00e1ssio Azevedo solicitou o desligamento do governo por motivo de tratamento de sa\u00fade. Otto [&hellip;]<\/p>\n","protected":false},"author":4,"featured_media":157588,"comment_status":"open","ping_status":"closed","sticky":false,"template":"","format":"standard","meta":{"amp_status":"","footnotes":""},"categories":[123,40240],"tags":[242643,242642,1018,25775,242645,17334,6546,242638,242644,242647,194179,187146,242646,178207,220764,159231,242641,242640,242639],"class_list":["post-176902","post","type-post","status-publish","format-standard","has-post-thumbnail","hentry","category-gerais","category-politica","tag-cassio-azevedo","tag-cassio-rocha-de-azevedo","tag-destaque","tag-emater-mg","tag-fernando-passalio-de-avelar","tag-governador-de-minas-gerais","tag-governo-de-minas","tag-governo-de-minas-gerais-anuncia-troca-de-dois-secretarios","tag-luisa-cardoso-barreto","tag-otavio-maia","tag-otto-levy","tag-otto-levy-reis","tag-passalio","tag-romeu-zema","tag-sede-mg","tag-seplag-mg","tag-troca-de-secretariado-governo-de-minas-gerais","tag-troca-de-secretarios-do-governo-de-minas-gerais","tag-troca-governo-de-minas-gerais"],"yoast_head":"<!-- This site is optimized with the Yoast SEO plugin v28.3 - https:\/\/yoast.com\/product\/yoast-seo-wordpress\/ -->\n<title>Governo de Minas Gerais anuncia troca de dois secret\u00e1rios - Aconteceu no Vale<\/title>\n<meta name=\"robots\" content=\"index, follow, max-snippet:-1, max-image-preview:large, max-video-preview:-1\" \/>\n<link rel=\"canonical\" href=\"https:\/\/aconteceunovale.com.br\/portal\/?p=176902\" \/>\n<meta property=\"og:locale\" content=\"pt_BR\" \/>\n<meta property=\"og:type\" content=\"article\" \/>\n<meta property=\"og:title\" content=\"Governo de Minas Gerais anuncia troca de dois secret\u00e1rios - Aconteceu no Vale\" \/>\n<meta property=\"og:description\" content=\"O\u00a0Governo do Estado de Minas Gerais\u00a0anunciou, na tarde desta sexta-feira (9\/4\/2021), que o secret\u00e1rio de Estado de\u00a0Planejamento e Gest\u00e3o (Seplag), Otto Levy Reis, e o secret\u00e1rio de\u00a0Desenvolvimento Econ\u00f4mico (Sede), C\u00e1ssio Rocha de Azevedo, est\u00e3o deixando os respectivos cargos por decis\u00e3o pessoal. C\u00e1ssio Azevedo solicitou o desligamento do governo por motivo de tratamento de sa\u00fade. Otto [&hellip;]\" \/>\n<meta property=\"og:url\" content=\"https:\/\/aconteceunovale.com.br\/portal\/?p=176902\" \/>\n<meta property=\"og:site_name\" content=\"Aconteceu no Vale\" \/>\n<meta property=\"article:publisher\" content=\"https:\/\/www.facebook.com\/aconteceunovale\/\" \/>\n<meta property=\"article:published_time\" content=\"2021-04-09T21:28:30+00:00\" \/>\n<meta property=\"article:modified_time\" content=\"2021-04-09T21:30:48+00:00\" \/>\n<meta property=\"og:image\" content=\"https:\/\/aconteceunovale.com.br\/portal\/wp-content\/uploads\/2020\/01\/cidade_adm_governo_mg.jpg\" \/>\n\t<meta property=\"og:image:width\" content=\"674\" \/>\n\t<meta property=\"og:image:height\" content=\"450\" \/>\n\t<meta property=\"og:image:type\" content=\"image\/jpeg\" \/>\n<meta name=\"author\" content=\"Reda\u00e7\u00e3o Aconteceu no Vale\" \/>\n<meta name=\"twitter:card\" content=\"summary_large_image\" \/>\n<meta name=\"twitter:creator\" content=\"@noticiadosvales\" \/>\n<meta name=\"twitter:site\" content=\"@noticiadosvales\" \/>\n<meta name=\"twitter:label1\" content=\"Escrito por\" \/>\n\t<meta name=\"twitter:data1\" content=\"Reda\u00e7\u00e3o Aconteceu no Vale\" \/>\n\t<meta name=\"twitter:label2\" content=\"Est. tempo de leitura\" \/>\n\t<meta name=\"twitter:data2\" content=\"3 minutos\" \/>\n<script type=\"application\/ld+json\" class=\"yoast-schema-graph\">{\"@context\":\"https:\\\/\\\/schema.org\",\"@graph\":[{\"@type\":\"Article\",\"@id\":\"https:\\\/\\\/aconteceunovale.com.br\\\/portal\\\/?p=176902#article\",\"isPartOf\":{\"@id\":\"https:\\\/\\\/aconteceunovale.com.br\\\/portal\\\/?p=176902\"},\"author\":{\"name\":\"Reda\u00e7\u00e3o Aconteceu no Vale\",\"@id\":\"https:\\\/\\\/aconteceunovale.com.br\\\/portal\\\/#\\\/schema\\\/person\\\/7d2f26d1483f8a63de73da1ee0754d35\"},\"headline\":\"Governo de Minas Gerais anuncia troca de dois secret\u00e1rios\",\"datePublished\":\"2021-04-09T21:28:30+00:00\",\"dateModified\":\"2021-04-09T21:30:48+00:00\",\"mainEntityOfPage\":{\"@id\":\"https:\\\/\\\/aconteceunovale.com.br\\\/portal\\\/?p=176902\"},\"wordCount\":601,\"commentCount\":0,\"image\":{\"@id\":\"https:\\\/\\\/aconteceunovale.com.br\\\/portal\\\/?p=176902#primaryimage\"},\"thumbnailUrl\":\"https:\\\/\\\/aconteceunovale.com.br\\\/portal\\\/wp-content\\\/uploads\\\/2020\\\/01\\\/cidade_adm_governo_mg.jpg\",\"keywords\":[\"C\u00e1ssio Azevedo\",\"C\u00e1ssio Rocha de Azevedo\",\"destaque\",\"Emater-MG\",\"Fernando Passalio de Avelar\",\"governador de minas gerais\",\"Governo de Minas\",\"Governo de Minas Gerais anuncia troca de dois secret\u00e1rios\",\"Lu\u00edsa Cardoso Barreto\",\"Ot\u00e1vio Maia\",\"Otto Levy\",\"Otto Levy Reis\",\"Passalio\",\"Romeu Zema\",\"Sede-MG\",\"Seplag MG\",\"Troca de secretariado Governo de Minas Gerais\",\"Troca de secret\u00e1rios do Governo de Minas Gerais\",\"Troca Governo de Minas Gerais\"],\"articleSection\":[\"Minas Gerais\",\"Pol\u00edtica\"],\"inLanguage\":\"pt-BR\",\"potentialAction\":[{\"@type\":\"CommentAction\",\"name\":\"Comment\",\"target\":[\"https:\\\/\\\/aconteceunovale.com.br\\\/portal\\\/?p=176902#respond\"]}]},{\"@type\":\"WebPage\",\"@id\":\"https:\\\/\\\/aconteceunovale.com.br\\\/portal\\\/?p=176902\",\"url\":\"https:\\\/\\\/aconteceunovale.com.br\\\/portal\\\/?p=176902\",\"name\":\"Governo de Minas Gerais anuncia troca de dois secret\u00e1rios - Aconteceu no Vale\",\"isPartOf\":{\"@id\":\"https:\\\/\\\/aconteceunovale.com.br\\\/portal\\\/#website\"},\"primaryImageOfPage\":{\"@id\":\"https:\\\/\\\/aconteceunovale.com.br\\\/portal\\\/?p=176902#primaryimage\"},\"image\":{\"@id\":\"https:\\\/\\\/aconteceunovale.com.br\\\/portal\\\/?p=176902#primaryimage\"},\"thumbnailUrl\":\"https:\\\/\\\/aconteceunovale.com.br\\\/portal\\\/wp-content\\\/uploads\\\/2020\\\/01\\\/cidade_adm_governo_mg.jpg\",\"datePublished\":\"2021-04-09T21:28:30+00:00\",\"dateModified\":\"2021-04-09T21:30:48+00:00\",\"author\":{\"@id\":\"https:\\\/\\\/aconteceunovale.com.br\\\/portal\\\/#\\\/schema\\\/person\\\/7d2f26d1483f8a63de73da1ee0754d35\"},\"breadcrumb\":{\"@id\":\"https:\\\/\\\/aconteceunovale.com.br\\\/portal\\\/?p=176902#breadcrumb\"},\"inLanguage\":\"pt-BR\",\"potentialAction\":[{\"@type\":\"ReadAction\",\"target\":[\"https:\\\/\\\/aconteceunovale.com.br\\\/portal\\\/?p=176902\"]}]},{\"@type\":\"ImageObject\",\"inLanguage\":\"pt-BR\",\"@id\":\"https:\\\/\\\/aconteceunovale.com.br\\\/portal\\\/?p=176902#primaryimage\",\"url\":\"https:\\\/\\\/aconteceunovale.com.br\\\/portal\\\/wp-content\\\/uploads\\\/2020\\\/01\\\/cidade_adm_governo_mg.jpg\",\"contentUrl\":\"https:\\\/\\\/aconteceunovale.com.br\\\/portal\\\/wp-content\\\/uploads\\\/2020\\\/01\\\/cidade_adm_governo_mg.jpg\",\"width\":674,\"height\":450,\"caption\":\"Cidade Administrativa Presidente Tancredo Neves. Credito: Gil Leonardi\\\/Imprensa MG Data: 13-08-2013 Local: Belo Horizonte - MG\"},{\"@type\":\"BreadcrumbList\",\"@id\":\"https:\\\/\\\/aconteceunovale.com.br\\\/portal\\\/?p=176902#breadcrumb\",\"itemListElement\":[{\"@type\":\"ListItem\",\"position\":1,\"name\":\"In\u00edcio\",\"item\":\"https:\\\/\\\/aconteceunovale.com.br\\\/portal\\\/\"},{\"@type\":\"ListItem\",\"position\":2,\"name\":\"Governo de Minas Gerais anuncia troca de dois secret\u00e1rios\"}]},{\"@type\":\"WebSite\",\"@id\":\"https:\\\/\\\/aconteceunovale.com.br\\\/portal\\\/#website\",\"url\":\"https:\\\/\\\/aconteceunovale.com.br\\\/portal\\\/\",\"name\":\"Aconteceu no Vale\",\"description\":\"Portal de Not\u00edcias\",\"potentialAction\":[{\"@type\":\"SearchAction\",\"target\":{\"@type\":\"EntryPoint\",\"urlTemplate\":\"https:\\\/\\\/aconteceunovale.com.br\\\/portal\\\/?s={search_term_string}\"},\"query-input\":{\"@type\":\"PropertyValueSpecification\",\"valueRequired\":true,\"valueName\":\"search_term_string\"}}],\"inLanguage\":\"pt-BR\"},{\"@type\":\"Person\",\"@id\":\"https:\\\/\\\/aconteceunovale.com.br\\\/portal\\\/#\\\/schema\\\/person\\\/7d2f26d1483f8a63de73da1ee0754d35\",\"name\":\"Reda\u00e7\u00e3o Aconteceu no Vale\",\"description\":\"Equipe de reportagem do Aconteceu no Vale, portal de not\u00edcias do Vale do Jequitinhonha, em Minas Gerais. Cobrimos as 51 cidades do Vale desde 2013. Sugest\u00f5es de pauta e pedidos de corre\u00e7\u00e3o: contato@aconteceunovale.com.br\",\"url\":\"https:\\\/\\\/aconteceunovale.com.br\\\/portal\\\/?author=4\"}]}<\/script>\n<!-- \/ Yoast SEO plugin. -->","yoast_head_json":{"title":"Governo de Minas Gerais anuncia troca de dois secret\u00e1rios - Aconteceu no Vale","robots":{"index":"index","follow":"follow","max-snippet":"max-snippet:-1","max-image-preview":"max-image-preview:large","max-video-preview":"max-video-preview:-1"},"canonical":"https:\/\/aconteceunovale.com.br\/portal\/?p=176902","og_locale":"pt_BR","og_type":"article","og_title":"Governo de Minas Gerais anuncia troca de dois secret\u00e1rios - Aconteceu no Vale","og_description":"O\u00a0Governo do Estado de Minas Gerais\u00a0anunciou, na tarde desta sexta-feira (9\/4\/2021), que o secret\u00e1rio de Estado de\u00a0Planejamento e Gest\u00e3o (Seplag), Otto Levy Reis, e o secret\u00e1rio de\u00a0Desenvolvimento Econ\u00f4mico (Sede), C\u00e1ssio Rocha de Azevedo, est\u00e3o deixando os respectivos cargos por decis\u00e3o pessoal. C\u00e1ssio Azevedo solicitou o desligamento do governo por motivo de tratamento de sa\u00fade. Otto [&hellip;]","og_url":"https:\/\/aconteceunovale.com.br\/portal\/?p=176902","og_site_name":"Aconteceu no Vale","article_publisher":"https:\/\/www.facebook.com\/aconteceunovale\/","article_published_time":"2021-04-09T21:28:30+00:00","article_modified_time":"2021-04-09T21:30:48+00:00","og_image":[{"width":674,"height":450,"url":"https:\/\/aconteceunovale.com.br\/portal\/wp-content\/uploads\/2020\/01\/cidade_adm_governo_mg.jpg","type":"image\/jpeg"}],"author":"Reda\u00e7\u00e3o Aconteceu no Vale","twitter_card":"summary_large_image","twitter_creator":"@noticiadosvales","twitter_site":"@noticiadosvales","twitter_misc":{"Escrito por":"Reda\u00e7\u00e3o Aconteceu no Vale","Est. tempo de leitura":"3 minutos"},"schema":{"@context":"https:\/\/schema.org","@graph":[{"@type":"Article","@id":"https:\/\/aconteceunovale.com.br\/portal\/?p=176902#article","isPartOf":{"@id":"https:\/\/aconteceunovale.com.br\/portal\/?p=176902"},"author":{"name":"Reda\u00e7\u00e3o Aconteceu no Vale","@id":"https:\/\/aconteceunovale.com.br\/portal\/#\/schema\/person\/7d2f26d1483f8a63de73da1ee0754d35"},"headline":"Governo de Minas Gerais anuncia troca de dois secret\u00e1rios","datePublished":"2021-04-09T21:28:30+00:00","dateModified":"2021-04-09T21:30:48+00:00","mainEntityOfPage":{"@id":"https:\/\/aconteceunovale.com.br\/portal\/?p=176902"},"wordCount":601,"commentCount":0,"image":{"@id":"https:\/\/aconteceunovale.com.br\/portal\/?p=176902#primaryimage"},"thumbnailUrl":"https:\/\/aconteceunovale.com.br\/portal\/wp-content\/uploads\/2020\/01\/cidade_adm_governo_mg.jpg","keywords":["C\u00e1ssio Azevedo","C\u00e1ssio Rocha de Azevedo","destaque","Emater-MG","Fernando Passalio de Avelar","governador de minas gerais","Governo de Minas","Governo de Minas Gerais anuncia troca de dois secret\u00e1rios","Lu\u00edsa Cardoso Barreto","Ot\u00e1vio Maia","Otto Levy","Otto Levy Reis","Passalio","Romeu Zema","Sede-MG","Seplag MG","Troca de secretariado Governo de Minas Gerais","Troca de secret\u00e1rios do Governo de Minas Gerais","Troca Governo de Minas Gerais"],"articleSection":["Minas Gerais","Pol\u00edtica"],"inLanguage":"pt-BR","potentialAction":[{"@type":"CommentAction","name":"Comment","target":["https:\/\/aconteceunovale.com.br\/portal\/?p=176902#respond"]}]},{"@type":"WebPage","@id":"https:\/\/aconteceunovale.com.br\/portal\/?p=176902","url":"https:\/\/aconteceunovale.com.br\/portal\/?p=176902","name":"Governo de Minas Gerais anuncia troca de dois secret\u00e1rios - Aconteceu no Vale","isPartOf":{"@id":"https:\/\/aconteceunovale.com.br\/portal\/#website"},"primaryImageOfPage":{"@id":"https:\/\/aconteceunovale.com.br\/portal\/?p=176902#primaryimage"},"image":{"@id":"https:\/\/aconteceunovale.com.br\/portal\/?p=176902#primaryimage"},"thumbnailUrl":"https:\/\/aconteceunovale.com.br\/portal\/wp-content\/uploads\/2020\/01\/cidade_adm_governo_mg.jpg","datePublished":"2021-04-09T21:28:30+00:00","dateModified":"2021-04-09T21:30:48+00:00","author":{"@id":"https:\/\/aconteceunovale.com.br\/portal\/#\/schema\/person\/7d2f26d1483f8a63de73da1ee0754d35"},"breadcrumb":{"@id":"https:\/\/aconteceunovale.com.br\/portal\/?p=176902#breadcrumb"},"inLanguage":"pt-BR","potentialAction":[{"@type":"ReadAction","target":["https:\/\/aconteceunovale.com.br\/portal\/?p=176902"]}]},{"@type":"ImageObject","inLanguage":"pt-BR","@id":"https:\/\/aconteceunovale.com.br\/portal\/?p=176902#primaryimage","url":"https:\/\/aconteceunovale.com.br\/portal\/wp-content\/uploads\/2020\/01\/cidade_adm_governo_mg.jpg","contentUrl":"https:\/\/aconteceunovale.com.br\/portal\/wp-content\/uploads\/2020\/01\/cidade_adm_governo_mg.jpg","width":674,"height":450,"caption":"Cidade Administrativa Presidente Tancredo Neves. Credito: Gil Leonardi\/Imprensa MG Data: 13-08-2013 Local: Belo Horizonte - MG"},{"@type":"BreadcrumbList","@id":"https:\/\/aconteceunovale.com.br\/portal\/?p=176902#breadcrumb","itemListElement":[{"@type":"ListItem","position":1,"name":"In\u00edcio","item":"https:\/\/aconteceunovale.com.br\/portal\/"},{"@type":"ListItem","position":2,"name":"Governo de Minas Gerais anuncia troca de dois secret\u00e1rios"}]},{"@type":"WebSite","@id":"https:\/\/aconteceunovale.com.br\/portal\/#website","url":"https:\/\/aconteceunovale.com.br\/portal\/","name":"Aconteceu no Vale","description":"Portal de Not\u00edcias","potentialAction":[{"@type":"SearchAction","target":{"@type":"EntryPoint","urlTemplate":"https:\/\/aconteceunovale.com.br\/portal\/?s={search_term_string}"},"query-input":{"@type":"PropertyValueSpecification","valueRequired":true,"valueName":"search_term_string"}}],"inLanguage":"pt-BR"},{"@type":"Person","@id":"https:\/\/aconteceunovale.com.br\/portal\/#\/schema\/person\/7d2f26d1483f8a63de73da1ee0754d35","name":"Reda\u00e7\u00e3o Aconteceu no Vale","description":"Equipe de reportagem do Aconteceu no Vale, portal de not\u00edcias do Vale do Jequitinhonha, em Minas Gerais. Cobrimos as 51 cidades do Vale desde 2013. Sugest\u00f5es de pauta e pedidos de corre\u00e7\u00e3o: contato@aconteceunovale.com.br","url":"https:\/\/aconteceunovale.com.br\/portal\/?author=4"}]}},"_links":{"self":[{"href":"https:\/\/aconteceunovale.com.br\/portal\/index.php?rest_route=\/wp\/v2\/posts\/176902","targetHints":{"allow":["GET"]}}],"collection":[{"href":"https:\/\/aconteceunovale.com.br\/portal\/index.php?rest_route=\/wp\/v2\/posts"}],"about":[{"href":"https:\/\/aconteceunovale.com.br\/portal\/index.php?rest_route=\/wp\/v2\/types\/post"}],"author":[{"embeddable":true,"href":"https:\/\/aconteceunovale.com.br\/portal\/index.php?rest_route=\/wp\/v2\/users\/4"}],"replies":[{"embeddable":true,"href":"https:\/\/aconteceunovale.com.br\/portal\/index.php?rest_route=%2Fwp%2Fv2%2Fcomments&post=176902"}],"version-history":[{"count":1,"href":"https:\/\/aconteceunovale.com.br\/portal\/index.php?rest_route=\/wp\/v2\/posts\/176902\/revisions"}],"predecessor-version":[{"id":176903,"href":"https:\/\/aconteceunovale.com.br\/portal\/index.php?rest_route=\/wp\/v2\/posts\/176902\/revisions\/176903"}],"wp:featuredmedia":[{"embeddable":true,"href":"https:\/\/aconteceunovale.com.br\/portal\/index.php?rest_route=\/wp\/v2\/media\/157588"}],"wp:attachment":[{"href":"https:\/\/aconteceunovale.com.br\/portal\/index.php?rest_route=%2Fwp%2Fv2%2Fmedia&parent=176902"}],"wp:term":[{"taxonomy":"category","embeddable":true,"href":"https:\/\/aconteceunovale.com.br\/portal\/index.php?rest_route=%2Fwp%2Fv2%2Fcategories&post=176902"},{"taxonomy":"post_tag","embeddable":true,"href":"https:\/\/aconteceunovale.com.br\/portal\/index.php?rest_route=%2Fwp%2Fv2%2Ftags&post=176902"}],"curies":[{"name":"wp","href":"https:\/\/api.w.org\/{rel}","templated":true}]}}