{"id":176896,"date":"2021-04-09T17:40:40","date_gmt":"2021-04-09T20:40:40","guid":{"rendered":"https:\/\/aconteceunovale.com.br\/portal\/?p=176896"},"modified":"2021-04-09T17:46:09","modified_gmt":"2021-04-09T20:46:09","slug":"conheca-as-principais-mudancas-no-codigo-de-transito-brasileiro","status":"publish","type":"post","link":"https:\/\/aconteceunovale.com.br\/portal\/?p=176896","title":{"rendered":"Conhe\u00e7a as principais mudan\u00e7as no C\u00f3digo de Tr\u00e2nsito Brasileiro"},"content":{"rendered":"\n<h4 class=\"has-text-align-center wp-block-heading\"><em>Lei que entra\u00a0em vigor\u00a0na pr\u00f3xima segunda-feira (12\/4\/2021)\u00a0traz altera\u00e7\u00f5es como amplia\u00e7\u00e3o da validade da CNH e do limite de pontos para suspens\u00e3o do direito de dirigir<\/em><\/h4>\n\n\n\n<p class=\"wp-block-paragraph\">Na segunda-feira (12\/4\/2021) entra em vigor a Lei n\u00b0 14.071\/2020, que promove mais de 50 altera\u00e7\u00f5es no C\u00f3digo de Tr\u00e2nsito Brasileiro (CTB). Algumas das principais mudan\u00e7as est\u00e3o relacionadas \u00e0 Carteira Nacional de Habilita\u00e7\u00e3o (CNH), como a extens\u00e3o do prazo de validade do documento e o aumento do n\u00famero de pontos para a suspens\u00e3o do direito de dirigir.<\/p>\n\n\n\n<figure class=\"wp-block-gallery columns-1 is-cropped wp-block-gallery-1 is-layout-flex wp-block-gallery-is-layout-flex\"><ul class=\"blocks-gallery-grid\"><li class=\"blocks-gallery-item\"><figure><img loading=\"lazy\" decoding=\"async\" width=\"678\" height=\"406\" src=\"https:\/\/aconteceunovale.com.br\/portal\/wp-content\/uploads\/2021\/04\/transito_br.jpg\" alt=\"\" data-id=\"176432\" data-full-url=\"https:\/\/aconteceunovale.com.br\/portal\/wp-content\/uploads\/2021\/04\/transito_br.jpg\" data-link=\"https:\/\/aconteceunovale.com.br\/portal\/?attachment_id=176432\" class=\"wp-image-176432\" srcset=\"https:\/\/aconteceunovale.com.br\/portal\/wp-content\/uploads\/2021\/04\/transito_br.jpg 678w, https:\/\/aconteceunovale.com.br\/portal\/wp-content\/uploads\/2021\/04\/transito_br-300x180.jpg 300w\" sizes=\"auto, (max-width: 678px) 100vw, 678px\" \/><figcaption class=\"blocks-gallery-item__caption\"><em>Tr\u00e2nsito na Barra da Tijuca &#8211; Foto: Fernando Fraz\u00e3o \/ Ag\u00eancia Brasil<\/em><\/figcaption><\/figure><\/li><\/ul><\/figure>\n\n\n\n<p class=\"wp-block-paragraph\">&#8220;Acompanhamos, ao longo dos anos, as mudan\u00e7as no C\u00f3digo de Tr\u00e2nsito Brasileiro. Este material tem o objetivo de ajudar a popula\u00e7\u00e3o a compreender as informa\u00e7\u00f5es de forma plena. O conhecimento das regras de circula\u00e7\u00e3o e conduta promove a seguran\u00e7a no tr\u00e2nsito, com reflexo no objetivo de reduzir acidentes\u201d, afirma o delegado Eurico da Cunha, diretor do Departamento de Tr\u00e2nsito de Minas Gerais (Detran-MG).<\/p>\n\n\n\n<p class=\"wp-block-paragraph\">Com o objetivo de ajudar motoristas e propriet\u00e1rios de ve\u00edculos a compreenderem tantas mudan\u00e7as, a Pol\u00edcia Civil de Minas Gerais (PCMG) lista, a seguir, os principais pontos da lei.<\/p>\n\n\n\n<h2 class=\"wp-block-heading\">Validade da habilita\u00e7\u00e3o<\/h2>\n\n\n\n<p class=\"wp-block-paragraph\">As CNHs, expedidas a partir do dia 12\/4, passam a ter validade de dez anos para condutores com at\u00e9 50 anos de idade; cinco anos para condutores de 50 a 70 anos; e de tr\u00eas anos para condutores acima de 70 anos. Os prazos poder\u00e3o ser diminu\u00eddos a crit\u00e9rio do m\u00e9dico perito quando houver ind\u00edcios de defici\u00eancia f\u00edsica ou mental, bem como progressividade de doen\u00e7a que comprometa a capacidade para a condu\u00e7\u00e3o de ve\u00edculo.<\/p>\n\n\n\n<h2 class=\"wp-block-heading\">Limite de pontos<\/h2>\n\n\n\n<p class=\"wp-block-paragraph\">O limite de pontos para a suspens\u00e3o da CNH ser\u00e1 ampliado. O motorista que n\u00e3o cometer infra\u00e7\u00e3o grav\u00edssima em 12 meses passa a responder processo administrativo para suspens\u00e3o da habilita\u00e7\u00e3o a partir de 40 pontos. Se tiver cometido uma infra\u00e7\u00e3o grav\u00edssima, o limite de pontua\u00e7\u00e3o ser\u00e1 de 30. Com duas infra\u00e7\u00f5es grav\u00edssimas em um ano, permanece o limite de 20 pontos.<\/p>\n\n\n\n<p class=\"wp-block-paragraph\">Motoristas profissionais ter\u00e3o limite de 40 pontos, independente da natureza das infra\u00e7\u00f5es, e poder\u00e3o fazer curso de reciclagem sempre que atingirem 30 pontos, em at\u00e9 12 meses.<\/p>\n\n\n\n<h2 class=\"wp-block-heading\">Forma\u00e7\u00e3o de condutores<\/h2>\n\n\n\n<p class=\"wp-block-paragraph\">Com a lei, os candidatos \u00e0 habilita\u00e7\u00e3o n\u00e3o precisam mais aguardar 15 dias para realizar novo exame de legisla\u00e7\u00e3o ou dire\u00e7\u00e3o.<\/p>\n\n\n\n<p class=\"wp-block-paragraph\">J\u00e1 as aulas noturnas do curso pr\u00e1tico de forma\u00e7\u00e3o de condutores deixam de ser obrigat\u00f3rias.<\/p>\n\n\n\n<h2 class=\"wp-block-heading\">Exame toxicol\u00f3gico<\/h2>\n\n\n\n<p class=\"wp-block-paragraph\">O exame toxicol\u00f3gico ser\u00e1 obrigat\u00f3rio para a altera\u00e7\u00e3o de categoria e renova\u00e7\u00e3o das CNHs nas categorias C, D e E. Os condutores com idade inferior a 70 anos dever\u00e3o realizar o exame a cada dois anos e meio, independentemente da validade dos demais exames. Se o resultado for positivo, haver\u00e1 a suspens\u00e3o do direito de dirigir por tr\u00eas meses.<\/p>\n\n\n\n<p class=\"wp-block-paragraph\">Caso o motorista de uma dessas categorias for flagrado dirigindo sem realizar o exame toxicol\u00f3gico, ap\u00f3s 30 dias do prazo estabelecido, ser\u00e1 aplicada multa grav\u00edssima no valor de R$1.467,35, al\u00e9m de tr\u00eas meses de suspens\u00e3o do direito de dirigir.<\/p>\n\n\n\n<h2 class=\"wp-block-heading\">Porte da habilita\u00e7\u00e3o<\/h2>\n\n\n\n<p class=\"wp-block-paragraph\">O porte da CNH, em meio f\u00edsico ou digital, ser\u00e1 dispensado quando, no momento da fiscaliza\u00e7\u00e3o, for poss\u00edvel ter acesso ao sistema para verificar a habilita\u00e7\u00e3o do condutor.<\/p>\n\n\n\n<h2 class=\"wp-block-heading\">Transporte de crian\u00e7as<\/h2>\n\n\n\n<p class=\"wp-block-paragraph\">A nova lei estabelece que crian\u00e7as com at\u00e9 10 anos, e que n\u00e3o tenham atingido 1,45 metro de altura, dever\u00e3o ser transportadas em banco traseiro e com dispositivo de reten\u00e7\u00e3o adequado considerando idade, peso e altura. Motoristas que descumprirem a regra receber\u00e3o multa grav\u00edssima, no valor de R$293,47 e sete pontos na habilita\u00e7\u00e3o.<\/p>\n\n\n\n<p class=\"wp-block-paragraph\">N\u00e3o ser\u00e1 permitido o transporte de crian\u00e7as menores de 10 anos, bem como de pessoas impossibilitadas de cuidarem da pr\u00f3pria seguran\u00e7a, na garupa de motocicletas. Nessas infra\u00e7\u00f5es, o motociclista recebe multa de R$293,47 e suspens\u00e3o do direito de dirigir.<\/p>\n\n\n\n<h2 class=\"wp-block-heading\">Advert\u00eancia por escrito<\/h2>\n\n\n\n<p class=\"wp-block-paragraph\">Caso o condutor n\u00e3o tenha cometido nenhuma outra infra\u00e7\u00e3o nos \u00faltimos 12 meses, a penalidade para infra\u00e7\u00f5es de natureza leve ou m\u00e9dia, pass\u00edvel de multa, ser\u00e1 convertida em advert\u00eancia por escrito.<\/p>\n\n\n\n<h2 class=\"wp-block-heading\">Cadastro positivo<\/h2>\n\n\n\n<p class=\"wp-block-paragraph\">Por meio da Lei 14.071\/20, foi criado o Registro Nacional Positivo de Condutores (RNPC), no qual ser\u00e3o cadastrados motoristas que n\u00e3o cometeram infra\u00e7\u00e3o de tr\u00e2nsito sujeita \u00e0 pontua\u00e7\u00e3o nos \u00faltimos 12 meses. O RNPC ainda ser\u00e1 regulamentado pelos \u00f3rg\u00e3os competentes.<\/p>\n\n\n\n<h2 class=\"wp-block-heading\">Sistema de notifica\u00e7\u00e3o eletr\u00f4nica<\/h2>\n\n\n\n<p class=\"wp-block-paragraph\">Os \u00f3rg\u00e3os de tr\u00e2nsito dever\u00e3o implantar o Sistema de Notifica\u00e7\u00e3o Eletr\u00f4nica (SNE). Ao optar pela utiliza\u00e7\u00e3o do SNE, o propriet\u00e1rio do ve\u00edculo passa a ser notificado eletronicamente sobre as infra\u00e7\u00f5es de tr\u00e2nsito e tem a possibilidade de pagar as multas com 40% de desconto. O sistema tamb\u00e9m permitir\u00e1 que o cidad\u00e3o protocole defesas e recursos.<\/p>\n\n\n\n<h2 class=\"wp-block-heading\">Prazos para notifica\u00e7\u00e3o de penalidade<\/h2>\n\n\n\n<p class=\"wp-block-paragraph\">A nova lei prev\u00ea prazos para a expedi\u00e7\u00e3o da notifica\u00e7\u00e3o de penalidade pelo \u00f3rg\u00e3o de tr\u00e2nsito. Caso a defesa pr\u00e9via n\u00e3o seja apresentada no prazo ou receba indeferimento, o limite para expedi\u00e7\u00e3o da multa ser\u00e1 de 180 dias, a partir da data da infra\u00e7\u00e3o. Se a defesa for apresentada conforme o prazo, o \u00f3rg\u00e3o de tr\u00e2nsito dever\u00e1 julg\u00e1-la e expedir a notifica\u00e7\u00e3o de penalidade em at\u00e9 360 dias. N\u00e3o sendo cumpridos os prazos, a penalidade n\u00e3o poder\u00e1 ser aplicada.<\/p>\n\n\n\n<h2 class=\"wp-block-heading\">Indica\u00e7\u00e3o de real condutor e defesa<\/h2>\n\n\n\n<p class=\"wp-block-paragraph\">Quando n\u00e3o for imediata a identifica\u00e7\u00e3o do real condutor, o prazo para indica\u00e7\u00e3o do infrator e defesa pr\u00e9via aumenta de 15 para 30 dias, contados a partir da notifica\u00e7\u00e3o da autua\u00e7\u00e3o.<\/p>\n\n\n\n<h2 class=\"wp-block-heading\">Comunica\u00e7\u00e3o de venda do ve\u00edculo<\/h2>\n\n\n\n<p class=\"wp-block-paragraph\">O prazo para o antigo propriet\u00e1rio realizar a comunica\u00e7\u00e3o de venda do ve\u00edculo passa a ser de 60 dias, o dobro do tempo estipulado anteriormente.<\/p>\n\n\n\n<h2 class=\"wp-block-heading\">Mais prote\u00e7\u00e3o para ciclistas<\/h2>\n\n\n\n<p class=\"wp-block-paragraph\">Passa a ser infra\u00e7\u00e3o grav\u00edssima n\u00e3o reduzir a velocidade ao ultrapassar ciclistas, e infra\u00e7\u00e3o grave estacionar sobre ciclovias ou ciclofaixas.<\/p>\n\n\n\n<h2 class=\"wp-block-heading\">Recall<\/h2>\n\n\n\n<p class=\"wp-block-paragraph\">As campanhas para chamamento de fabricante visando a substitui\u00e7\u00e3o ou o reparo do ve\u00edculo dever\u00e3o constar no Certificado de Licenciamento Anual (CLA), se n\u00e3o atendidas no prazo de um ano. Caso o propriet\u00e1rio n\u00e3o atenda \u00e0 convoca\u00e7\u00e3o, o ve\u00edculo n\u00e3o ser\u00e1 licenciado.<\/p>\n\n\n\n<h2 class=\"wp-block-heading\">Luz baixa em rodovias<\/h2>\n\n\n\n<p class=\"wp-block-paragraph\">Para ve\u00edculos que n\u00e3o dispuserem de luzes de rodagem diurna, o uso de far\u00f3is acesos durante o dia ser\u00e1 obrigat\u00f3rio em rodovias de pistas simples que estejam fora do per\u00edmetro urbano, dentro de t\u00faneis, assim como em casos de neblina, chuva ou cerra\u00e7\u00e3o.<\/p>\n\n\n\n<h2 class=\"wp-block-heading\">Penas alternativas<\/h2>\n\n\n\n<p class=\"wp-block-paragraph\">De acordo com o novo CTB, motoristas envolvidos em homic\u00eddio culposo ou les\u00e3o corporal culposa &#8211; qualificados pela condu\u00e7\u00e3o sob efeito de \u00e1lcool ou drogas &#8211; n\u00e3o poder\u00e3o solicitar a convers\u00e3o de penas privativas de liberdade para penas restritivas de direito, tamb\u00e9m conhecidas como penas alternativas, em que s\u00e3o prestados servi\u00e7os \u00e0 sociedade, por exemplo.<\/p>\n\n\n\n<ul class=\"has-background wp-block-list\" style=\"background-color:#e7ecf1\"><li><a href=\"https:\/\/www.detran.mg.gov.br\/publico\/files\/upload\/Cartilha%20lei%2014.071%20-%20CTB.pdf\" target=\"_blank\" rel=\"noreferrer noopener\">Cartilha com todas as mudan\u00e7as (clique aqui)<\/a><\/li><\/ul>\n\n\n\n<p class=\"wp-block-paragraph\">&#8212;&#8212;&#8212;&#8212;&#8212;&#8212;<br><em>Quer receber as not\u00edcias do <strong>Aconteceu no Vale<\/strong> em primeira m\u00e3o? Siga-nos no Facebook <a rel=\"noreferrer noopener\" href=\"http:\/\/facebook.com\/aconteceunovale\" target=\"_blank\">@aconteceunovale<\/a>, Twitter <a rel=\"noreferrer noopener\" href=\"https:\/\/twitter.com\/noticiadosvales\" target=\"_blank\">@noticiadosvales<\/a> e Instagram <a rel=\"noreferrer noopener\" href=\"https:\/\/www.instagram.com\/aconteceunovale\" target=\"_blank\">@aconteceunovale<\/a>.<\/em><\/p>\n","protected":false},"excerpt":{"rendered":"<p>Lei que entra\u00a0em vigor\u00a0na pr\u00f3xima segunda-feira (12\/4\/2021)\u00a0traz altera\u00e7\u00f5es como amplia\u00e7\u00e3o da validade da CNH e do limite de pontos para suspens\u00e3o do direito de dirigir Na segunda-feira (12\/4\/2021) entra em vigor a Lei n\u00b0 14.071\/2020, que promove mais de 50 altera\u00e7\u00f5es no C\u00f3digo de Tr\u00e2nsito Brasileiro (CTB). Algumas das principais mudan\u00e7as est\u00e3o relacionadas \u00e0 Carteira [&hellip;]<\/p>\n","protected":false},"author":4,"featured_media":176898,"comment_status":"open","ping_status":"closed","sticky":false,"template":"","format":"standard","meta":{"amp_status":"","footnotes":""},"categories":[6,123],"tags":[242607,242608,242617,242604,242618,241764,242627,242626,31722,242622,242602,81043,1018,1243,242609,80598,242614,241760,242621,242606,241752,241751,241761,242613,242612,242605,242611,242610,242624,242623,136856,122969,87507,241758,241762,241763,241756,241755,242625,242615,241753,241750,240685,241754,242620,242603,241759,241757,16538,242619,229328,114500,242616,194610,211804],"class_list":["post-176896","post","type-post","status-publish","format-standard","has-post-thumbnail","hentry","category-br","category-gerais","tag-50-alteracoes-no-codigo-de-transito-brasileiro","tag-50-alteracoes-no-ctb","tag-advertencia-por-escrito","tag-ampliacao-da-validade-da-cnh","tag-cadastro-positivo-transito","tag-cadeirinhas","tag-cartilha-mudancas-codigo-de-transito-brasileiro","tag-cartilha-mudancas-ctb","tag-codigo-de-transito-brasileiro","tag-comunicacao-de-venda-do-veiculo","tag-conheca-as-principais-mudancas-no-codigo-de-transito-brasileiro","tag-departamento-de-transito-de-minas-gerais","tag-destaque","tag-detran-mg","tag-eurico-da-cunha","tag-exame-toxicologico","tag-formacao-de-condutores","tag-homicidio-culposo-transito","tag-indicacao-de-real-condutor-e-defesa","tag-lei-n-14-071-2020","tag-lei-que-muda-o-codigo-de-transito-brasileiro","tag-lei-que-muda-o-ctb","tag-lesao-corporal-no-transito","tag-limite-de-pontos-cnh","tag-limite-de-pontos-habilitacao","tag-limite-de-pontos-para-suspensao-do-direito-de-dirigir","tag-lista-de-mudancas-no-codigo-de-transito-brasileiro","tag-lista-de-mudancas-no-ctb","tag-luz-baixa-em-rodovias","tag-mais-protecao-para-ciclistas","tag-mudancas-no-codigo-brasileiro-de-transito","tag-mudancas-no-codigo-de-transito-brasileiro","tag-mudancas-no-ctb","tag-nova-punicao-para-morte-no-transito","tag-novas-regras-para-cadeirinhas","tag-novas-regras-para-recall","tag-numero-de-pontos-para-suspender-carteira-de-motorista","tag-numero-de-pontos-para-suspender-cnh","tag-penas-alternativas","tag-porte-da-habilitacao","tag-prazo-para-renovacao-da-cnh","tag-prazo-para-renovacao-da-cnh-e-outras-mudancas-no-codigo-de-transito-brasileiro-comecam-a-valer-neste-mes","tag-prazo-para-renovar-carteira-de-habilitacao","tag-prazo-para-renovar-habilitacao","tag-prazos-para-notificacao-de-penalidade","tag-principais-mudancas-no-codigo-de-transito-brasileiro","tag-punicao-para-quem-matar-no-transito","tag-punicao-por-morte-no-transito","tag-recall","tag-registro-nacional-positivo-de-condutores","tag-rnpc","tag-sistema-de-notificacao-eletronica","tag-transporte-de-criancas","tag-validade-da-cnh","tag-validade-da-habilitacao"],"yoast_head":"<!-- This site is optimized with the Yoast SEO plugin v28.3 - https:\/\/yoast.com\/product\/yoast-seo-wordpress\/ -->\n<title>Conhe\u00e7a as principais mudan\u00e7as no C\u00f3digo de Tr\u00e2nsito Brasileiro - Aconteceu no Vale<\/title>\n<meta name=\"robots\" content=\"index, follow, max-snippet:-1, max-image-preview:large, max-video-preview:-1\" \/>\n<link rel=\"canonical\" href=\"https:\/\/aconteceunovale.com.br\/portal\/?p=176896\" \/>\n<meta property=\"og:locale\" content=\"pt_BR\" \/>\n<meta property=\"og:type\" content=\"article\" \/>\n<meta property=\"og:title\" content=\"Conhe\u00e7a as principais mudan\u00e7as no C\u00f3digo de Tr\u00e2nsito Brasileiro - Aconteceu no Vale\" \/>\n<meta property=\"og:description\" content=\"Lei que entra\u00a0em vigor\u00a0na pr\u00f3xima segunda-feira (12\/4\/2021)\u00a0traz altera\u00e7\u00f5es como amplia\u00e7\u00e3o da validade da CNH e do limite de pontos para suspens\u00e3o do direito de dirigir Na segunda-feira (12\/4\/2021) entra em vigor a Lei n\u00b0 14.071\/2020, que promove mais de 50 altera\u00e7\u00f5es no C\u00f3digo de Tr\u00e2nsito Brasileiro (CTB). Algumas das principais mudan\u00e7as est\u00e3o relacionadas \u00e0 Carteira [&hellip;]\" \/>\n<meta property=\"og:url\" content=\"https:\/\/aconteceunovale.com.br\/portal\/?p=176896\" \/>\n<meta property=\"og:site_name\" content=\"Aconteceu no Vale\" \/>\n<meta property=\"article:publisher\" content=\"https:\/\/www.facebook.com\/aconteceunovale\/\" \/>\n<meta property=\"article:published_time\" content=\"2021-04-09T20:40:40+00:00\" \/>\n<meta property=\"article:modified_time\" content=\"2021-04-09T20:46:09+00:00\" \/>\n<meta property=\"og:image\" content=\"https:\/\/aconteceunovale.com.br\/portal\/wp-content\/uploads\/2021\/04\/placa_ctb.png\" \/>\n\t<meta property=\"og:image:width\" content=\"678\" \/>\n\t<meta property=\"og:image:height\" content=\"373\" \/>\n\t<meta property=\"og:image:type\" content=\"image\/png\" \/>\n<meta name=\"author\" content=\"Reda\u00e7\u00e3o Aconteceu no Vale\" \/>\n<meta name=\"twitter:card\" content=\"summary_large_image\" \/>\n<meta name=\"twitter:creator\" content=\"@noticiadosvales\" \/>\n<meta name=\"twitter:site\" content=\"@noticiadosvales\" \/>\n<meta name=\"twitter:label1\" content=\"Escrito por\" \/>\n\t<meta name=\"twitter:data1\" content=\"Reda\u00e7\u00e3o Aconteceu no Vale\" \/>\n\t<meta name=\"twitter:label2\" content=\"Est. tempo de leitura\" \/>\n\t<meta name=\"twitter:data2\" content=\"6 minutos\" \/>\n<script type=\"application\/ld+json\" class=\"yoast-schema-graph\">{\"@context\":\"https:\\\/\\\/schema.org\",\"@graph\":[{\"@type\":\"Article\",\"@id\":\"https:\\\/\\\/aconteceunovale.com.br\\\/portal\\\/?p=176896#article\",\"isPartOf\":{\"@id\":\"https:\\\/\\\/aconteceunovale.com.br\\\/portal\\\/?p=176896\"},\"author\":{\"name\":\"Reda\u00e7\u00e3o Aconteceu no Vale\",\"@id\":\"https:\\\/\\\/aconteceunovale.com.br\\\/portal\\\/#\\\/schema\\\/person\\\/7d2f26d1483f8a63de73da1ee0754d35\"},\"headline\":\"Conhe\u00e7a as principais mudan\u00e7as no C\u00f3digo de Tr\u00e2nsito Brasileiro\",\"datePublished\":\"2021-04-09T20:40:40+00:00\",\"dateModified\":\"2021-04-09T20:46:09+00:00\",\"mainEntityOfPage\":{\"@id\":\"https:\\\/\\\/aconteceunovale.com.br\\\/portal\\\/?p=176896\"},\"wordCount\":1266,\"commentCount\":0,\"image\":{\"@id\":\"https:\\\/\\\/aconteceunovale.com.br\\\/portal\\\/?p=176896#primaryimage\"},\"thumbnailUrl\":\"https:\\\/\\\/aconteceunovale.com.br\\\/portal\\\/wp-content\\\/uploads\\\/2021\\\/04\\\/placa_ctb.png\",\"keywords\":[\"50 altera\u00e7\u00f5es no C\u00f3digo de Tr\u00e2nsito Brasileiro\",\"50 altera\u00e7\u00f5es no CTB\",\"Advert\u00eancia por escrito\",\"Amplia\u00e7\u00e3o da validade da CNH\",\"Cadastro positivo tr\u00e2nsito\",\"Cadeirinhas\",\"Cartilha mudan\u00e7as C\u00f3digo de Tr\u00e2nsito Brasileiro\",\"Cartilha mudan\u00e7as CTB\",\"C\u00f3digo de Tr\u00e2nsito Brasileiro\",\"Comunica\u00e7\u00e3o de venda do ve\u00edculo\",\"Conhe\u00e7a as principais mudan\u00e7as no C\u00f3digo de Tr\u00e2nsito Brasileiro\",\"Departamento de Tr\u00e2nsito de Minas Gerais\",\"destaque\",\"detran-mg\",\"Eurico da Cunha\",\"Exame toxicol\u00f3gico\",\"Forma\u00e7\u00e3o de condutores\",\"Homic\u00eddio culposo tr\u00e2nsito\",\"Indica\u00e7\u00e3o de real condutor e defesa\",\"Lei n\u00b0 14.071\\\/2020\",\"Lei que muda o c\u00f3digo de tr\u00e2nsito brasileiro\",\"Lei que muda o CTB\",\"Les\u00e3o corporal no tr\u00e2nsito\",\"Limite de pontos CNH\",\"Limite de pontos habilita\u00e7\u00e3o\",\"Limite de pontos para suspens\u00e3o do direito de dirigir\",\"Lista de mudan\u00e7as no C\u00f3digo de Tr\u00e2nsito Brasileiro\",\"Lista de mudan\u00e7as no CTB\",\"Luz baixa em rodovias\",\"Mais prote\u00e7\u00e3o para ciclistas\",\"Mudan\u00e7as no C\u00f3digo Brasileiro de Tr\u00e2nsito\",\"Mudan\u00e7as no C\u00f3digo de Tr\u00e2nsito Brasileiro\",\"Mudan\u00e7as no CTB\",\"Nova puni\u00e7\u00e3o para morte no tr\u00e2nsito\",\"Novas regras para cadeirinhas\",\"Novas regras para recall\",\"N\u00famero de pontos para suspender carteira de motorista\",\"N\u00famero de pontos para suspender CNH\",\"Penas alternativas\",\"Porte da habilita\u00e7\u00e3o\",\"Prazo para renova\u00e7\u00e3o da CNH\",\"Prazo para renova\u00e7\u00e3o da CNH e outras mudan\u00e7as no C\u00f3digo de Tr\u00e2nsito Brasileiro come\u00e7am a valer neste m\u00eas\",\"Prazo para renovar carteira de habilita\u00e7\u00e3o\",\"Prazo para renovar habilita\u00e7\u00e3o\",\"Prazos para notifica\u00e7\u00e3o de penalidade\",\"Principais mudan\u00e7as no C\u00f3digo de Tr\u00e2nsito Brasileiro\",\"Puni\u00e7\u00e3o para quem matar no tr\u00e2nsito\",\"Puni\u00e7\u00e3o por morte no tr\u00e2nsito\",\"recall\",\"Registro Nacional Positivo de Condutores\",\"RNPC\",\"Sistema de Notifica\u00e7\u00e3o Eletr\u00f4nica\",\"Transporte de crian\u00e7as\",\"Validade da CNH\",\"Validade da habilita\u00e7\u00e3o\"],\"articleSection\":[\"Brasil\",\"Minas Gerais\"],\"inLanguage\":\"pt-BR\",\"potentialAction\":[{\"@type\":\"CommentAction\",\"name\":\"Comment\",\"target\":[\"https:\\\/\\\/aconteceunovale.com.br\\\/portal\\\/?p=176896#respond\"]}]},{\"@type\":\"WebPage\",\"@id\":\"https:\\\/\\\/aconteceunovale.com.br\\\/portal\\\/?p=176896\",\"url\":\"https:\\\/\\\/aconteceunovale.com.br\\\/portal\\\/?p=176896\",\"name\":\"Conhe\u00e7a as principais mudan\u00e7as no C\u00f3digo de Tr\u00e2nsito Brasileiro - Aconteceu no Vale\",\"isPartOf\":{\"@id\":\"https:\\\/\\\/aconteceunovale.com.br\\\/portal\\\/#website\"},\"primaryImageOfPage\":{\"@id\":\"https:\\\/\\\/aconteceunovale.com.br\\\/portal\\\/?p=176896#primaryimage\"},\"image\":{\"@id\":\"https:\\\/\\\/aconteceunovale.com.br\\\/portal\\\/?p=176896#primaryimage\"},\"thumbnailUrl\":\"https:\\\/\\\/aconteceunovale.com.br\\\/portal\\\/wp-content\\\/uploads\\\/2021\\\/04\\\/placa_ctb.png\",\"datePublished\":\"2021-04-09T20:40:40+00:00\",\"dateModified\":\"2021-04-09T20:46:09+00:00\",\"author\":{\"@id\":\"https:\\\/\\\/aconteceunovale.com.br\\\/portal\\\/#\\\/schema\\\/person\\\/7d2f26d1483f8a63de73da1ee0754d35\"},\"breadcrumb\":{\"@id\":\"https:\\\/\\\/aconteceunovale.com.br\\\/portal\\\/?p=176896#breadcrumb\"},\"inLanguage\":\"pt-BR\",\"potentialAction\":[{\"@type\":\"ReadAction\",\"target\":[\"https:\\\/\\\/aconteceunovale.com.br\\\/portal\\\/?p=176896\"]}]},{\"@type\":\"ImageObject\",\"inLanguage\":\"pt-BR\",\"@id\":\"https:\\\/\\\/aconteceunovale.com.br\\\/portal\\\/?p=176896#primaryimage\",\"url\":\"https:\\\/\\\/aconteceunovale.com.br\\\/portal\\\/wp-content\\\/uploads\\\/2021\\\/04\\\/placa_ctb.png\",\"contentUrl\":\"https:\\\/\\\/aconteceunovale.com.br\\\/portal\\\/wp-content\\\/uploads\\\/2021\\\/04\\\/placa_ctb.png\",\"width\":678,\"height\":373},{\"@type\":\"BreadcrumbList\",\"@id\":\"https:\\\/\\\/aconteceunovale.com.br\\\/portal\\\/?p=176896#breadcrumb\",\"itemListElement\":[{\"@type\":\"ListItem\",\"position\":1,\"name\":\"In\u00edcio\",\"item\":\"https:\\\/\\\/aconteceunovale.com.br\\\/portal\\\/\"},{\"@type\":\"ListItem\",\"position\":2,\"name\":\"Conhe\u00e7a as principais mudan\u00e7as no C\u00f3digo de Tr\u00e2nsito Brasileiro\"}]},{\"@type\":\"WebSite\",\"@id\":\"https:\\\/\\\/aconteceunovale.com.br\\\/portal\\\/#website\",\"url\":\"https:\\\/\\\/aconteceunovale.com.br\\\/portal\\\/\",\"name\":\"Aconteceu no Vale\",\"description\":\"Portal de Not\u00edcias\",\"potentialAction\":[{\"@type\":\"SearchAction\",\"target\":{\"@type\":\"EntryPoint\",\"urlTemplate\":\"https:\\\/\\\/aconteceunovale.com.br\\\/portal\\\/?s={search_term_string}\"},\"query-input\":{\"@type\":\"PropertyValueSpecification\",\"valueRequired\":true,\"valueName\":\"search_term_string\"}}],\"inLanguage\":\"pt-BR\"},{\"@type\":\"Person\",\"@id\":\"https:\\\/\\\/aconteceunovale.com.br\\\/portal\\\/#\\\/schema\\\/person\\\/7d2f26d1483f8a63de73da1ee0754d35\",\"name\":\"Reda\u00e7\u00e3o Aconteceu no Vale\",\"description\":\"Equipe de reportagem do Aconteceu no Vale, portal de not\u00edcias do Vale do Jequitinhonha, em Minas Gerais. Cobrimos as 51 cidades do Vale desde 2013. Sugest\u00f5es de pauta e pedidos de corre\u00e7\u00e3o: contato@aconteceunovale.com.br\",\"url\":\"https:\\\/\\\/aconteceunovale.com.br\\\/portal\\\/?author=4\"}]}<\/script>\n<!-- \/ Yoast SEO plugin. -->","yoast_head_json":{"title":"Conhe\u00e7a as principais mudan\u00e7as no C\u00f3digo de Tr\u00e2nsito Brasileiro - Aconteceu no Vale","robots":{"index":"index","follow":"follow","max-snippet":"max-snippet:-1","max-image-preview":"max-image-preview:large","max-video-preview":"max-video-preview:-1"},"canonical":"https:\/\/aconteceunovale.com.br\/portal\/?p=176896","og_locale":"pt_BR","og_type":"article","og_title":"Conhe\u00e7a as principais mudan\u00e7as no C\u00f3digo de Tr\u00e2nsito Brasileiro - Aconteceu no Vale","og_description":"Lei que entra\u00a0em vigor\u00a0na pr\u00f3xima segunda-feira (12\/4\/2021)\u00a0traz altera\u00e7\u00f5es como amplia\u00e7\u00e3o da validade da CNH e do limite de pontos para suspens\u00e3o do direito de dirigir Na segunda-feira (12\/4\/2021) entra em vigor a Lei n\u00b0 14.071\/2020, que promove mais de 50 altera\u00e7\u00f5es no C\u00f3digo de Tr\u00e2nsito Brasileiro (CTB). Algumas das principais mudan\u00e7as est\u00e3o relacionadas \u00e0 Carteira [&hellip;]","og_url":"https:\/\/aconteceunovale.com.br\/portal\/?p=176896","og_site_name":"Aconteceu no Vale","article_publisher":"https:\/\/www.facebook.com\/aconteceunovale\/","article_published_time":"2021-04-09T20:40:40+00:00","article_modified_time":"2021-04-09T20:46:09+00:00","og_image":[{"width":678,"height":373,"url":"https:\/\/aconteceunovale.com.br\/portal\/wp-content\/uploads\/2021\/04\/placa_ctb.png","type":"image\/png"}],"author":"Reda\u00e7\u00e3o Aconteceu no Vale","twitter_card":"summary_large_image","twitter_creator":"@noticiadosvales","twitter_site":"@noticiadosvales","twitter_misc":{"Escrito por":"Reda\u00e7\u00e3o Aconteceu no Vale","Est. tempo de leitura":"6 minutos"},"schema":{"@context":"https:\/\/schema.org","@graph":[{"@type":"Article","@id":"https:\/\/aconteceunovale.com.br\/portal\/?p=176896#article","isPartOf":{"@id":"https:\/\/aconteceunovale.com.br\/portal\/?p=176896"},"author":{"name":"Reda\u00e7\u00e3o Aconteceu no Vale","@id":"https:\/\/aconteceunovale.com.br\/portal\/#\/schema\/person\/7d2f26d1483f8a63de73da1ee0754d35"},"headline":"Conhe\u00e7a as principais mudan\u00e7as no C\u00f3digo de Tr\u00e2nsito Brasileiro","datePublished":"2021-04-09T20:40:40+00:00","dateModified":"2021-04-09T20:46:09+00:00","mainEntityOfPage":{"@id":"https:\/\/aconteceunovale.com.br\/portal\/?p=176896"},"wordCount":1266,"commentCount":0,"image":{"@id":"https:\/\/aconteceunovale.com.br\/portal\/?p=176896#primaryimage"},"thumbnailUrl":"https:\/\/aconteceunovale.com.br\/portal\/wp-content\/uploads\/2021\/04\/placa_ctb.png","keywords":["50 altera\u00e7\u00f5es no C\u00f3digo de Tr\u00e2nsito Brasileiro","50 altera\u00e7\u00f5es no CTB","Advert\u00eancia por escrito","Amplia\u00e7\u00e3o da validade da CNH","Cadastro positivo tr\u00e2nsito","Cadeirinhas","Cartilha mudan\u00e7as C\u00f3digo de Tr\u00e2nsito Brasileiro","Cartilha mudan\u00e7as CTB","C\u00f3digo de Tr\u00e2nsito Brasileiro","Comunica\u00e7\u00e3o de venda do ve\u00edculo","Conhe\u00e7a as principais mudan\u00e7as no C\u00f3digo de Tr\u00e2nsito Brasileiro","Departamento de Tr\u00e2nsito de Minas Gerais","destaque","detran-mg","Eurico da Cunha","Exame toxicol\u00f3gico","Forma\u00e7\u00e3o de condutores","Homic\u00eddio culposo tr\u00e2nsito","Indica\u00e7\u00e3o de real condutor e defesa","Lei n\u00b0 14.071\/2020","Lei que muda o c\u00f3digo de tr\u00e2nsito brasileiro","Lei que muda o CTB","Les\u00e3o corporal no tr\u00e2nsito","Limite de pontos CNH","Limite de pontos habilita\u00e7\u00e3o","Limite de pontos para suspens\u00e3o do direito de dirigir","Lista de mudan\u00e7as no C\u00f3digo de Tr\u00e2nsito Brasileiro","Lista de mudan\u00e7as no CTB","Luz baixa em rodovias","Mais prote\u00e7\u00e3o para ciclistas","Mudan\u00e7as no C\u00f3digo Brasileiro de Tr\u00e2nsito","Mudan\u00e7as no C\u00f3digo de Tr\u00e2nsito Brasileiro","Mudan\u00e7as no CTB","Nova puni\u00e7\u00e3o para morte no tr\u00e2nsito","Novas regras para cadeirinhas","Novas regras para recall","N\u00famero de pontos para suspender carteira de motorista","N\u00famero de pontos para suspender CNH","Penas alternativas","Porte da habilita\u00e7\u00e3o","Prazo para renova\u00e7\u00e3o da CNH","Prazo para renova\u00e7\u00e3o da CNH e outras mudan\u00e7as no C\u00f3digo de Tr\u00e2nsito Brasileiro come\u00e7am a valer neste m\u00eas","Prazo para renovar carteira de habilita\u00e7\u00e3o","Prazo para renovar habilita\u00e7\u00e3o","Prazos para notifica\u00e7\u00e3o de penalidade","Principais mudan\u00e7as no C\u00f3digo de Tr\u00e2nsito Brasileiro","Puni\u00e7\u00e3o para quem matar no tr\u00e2nsito","Puni\u00e7\u00e3o por morte no tr\u00e2nsito","recall","Registro Nacional Positivo de Condutores","RNPC","Sistema de Notifica\u00e7\u00e3o Eletr\u00f4nica","Transporte de crian\u00e7as","Validade da CNH","Validade da habilita\u00e7\u00e3o"],"articleSection":["Brasil","Minas Gerais"],"inLanguage":"pt-BR","potentialAction":[{"@type":"CommentAction","name":"Comment","target":["https:\/\/aconteceunovale.com.br\/portal\/?p=176896#respond"]}]},{"@type":"WebPage","@id":"https:\/\/aconteceunovale.com.br\/portal\/?p=176896","url":"https:\/\/aconteceunovale.com.br\/portal\/?p=176896","name":"Conhe\u00e7a as principais mudan\u00e7as no C\u00f3digo de Tr\u00e2nsito Brasileiro - Aconteceu no Vale","isPartOf":{"@id":"https:\/\/aconteceunovale.com.br\/portal\/#website"},"primaryImageOfPage":{"@id":"https:\/\/aconteceunovale.com.br\/portal\/?p=176896#primaryimage"},"image":{"@id":"https:\/\/aconteceunovale.com.br\/portal\/?p=176896#primaryimage"},"thumbnailUrl":"https:\/\/aconteceunovale.com.br\/portal\/wp-content\/uploads\/2021\/04\/placa_ctb.png","datePublished":"2021-04-09T20:40:40+00:00","dateModified":"2021-04-09T20:46:09+00:00","author":{"@id":"https:\/\/aconteceunovale.com.br\/portal\/#\/schema\/person\/7d2f26d1483f8a63de73da1ee0754d35"},"breadcrumb":{"@id":"https:\/\/aconteceunovale.com.br\/portal\/?p=176896#breadcrumb"},"inLanguage":"pt-BR","potentialAction":[{"@type":"ReadAction","target":["https:\/\/aconteceunovale.com.br\/portal\/?p=176896"]}]},{"@type":"ImageObject","inLanguage":"pt-BR","@id":"https:\/\/aconteceunovale.com.br\/portal\/?p=176896#primaryimage","url":"https:\/\/aconteceunovale.com.br\/portal\/wp-content\/uploads\/2021\/04\/placa_ctb.png","contentUrl":"https:\/\/aconteceunovale.com.br\/portal\/wp-content\/uploads\/2021\/04\/placa_ctb.png","width":678,"height":373},{"@type":"BreadcrumbList","@id":"https:\/\/aconteceunovale.com.br\/portal\/?p=176896#breadcrumb","itemListElement":[{"@type":"ListItem","position":1,"name":"In\u00edcio","item":"https:\/\/aconteceunovale.com.br\/portal\/"},{"@type":"ListItem","position":2,"name":"Conhe\u00e7a as principais mudan\u00e7as no C\u00f3digo de Tr\u00e2nsito Brasileiro"}]},{"@type":"WebSite","@id":"https:\/\/aconteceunovale.com.br\/portal\/#website","url":"https:\/\/aconteceunovale.com.br\/portal\/","name":"Aconteceu no Vale","description":"Portal de Not\u00edcias","potentialAction":[{"@type":"SearchAction","target":{"@type":"EntryPoint","urlTemplate":"https:\/\/aconteceunovale.com.br\/portal\/?s={search_term_string}"},"query-input":{"@type":"PropertyValueSpecification","valueRequired":true,"valueName":"search_term_string"}}],"inLanguage":"pt-BR"},{"@type":"Person","@id":"https:\/\/aconteceunovale.com.br\/portal\/#\/schema\/person\/7d2f26d1483f8a63de73da1ee0754d35","name":"Reda\u00e7\u00e3o Aconteceu no Vale","description":"Equipe de reportagem do Aconteceu no Vale, portal de not\u00edcias do Vale do Jequitinhonha, em Minas Gerais. Cobrimos as 51 cidades do Vale desde 2013. Sugest\u00f5es de pauta e pedidos de corre\u00e7\u00e3o: contato@aconteceunovale.com.br","url":"https:\/\/aconteceunovale.com.br\/portal\/?author=4"}]}},"_links":{"self":[{"href":"https:\/\/aconteceunovale.com.br\/portal\/index.php?rest_route=\/wp\/v2\/posts\/176896","targetHints":{"allow":["GET"]}}],"collection":[{"href":"https:\/\/aconteceunovale.com.br\/portal\/index.php?rest_route=\/wp\/v2\/posts"}],"about":[{"href":"https:\/\/aconteceunovale.com.br\/portal\/index.php?rest_route=\/wp\/v2\/types\/post"}],"author":[{"embeddable":true,"href":"https:\/\/aconteceunovale.com.br\/portal\/index.php?rest_route=\/wp\/v2\/users\/4"}],"replies":[{"embeddable":true,"href":"https:\/\/aconteceunovale.com.br\/portal\/index.php?rest_route=%2Fwp%2Fv2%2Fcomments&post=176896"}],"version-history":[{"count":1,"href":"https:\/\/aconteceunovale.com.br\/portal\/index.php?rest_route=\/wp\/v2\/posts\/176896\/revisions"}],"predecessor-version":[{"id":176899,"href":"https:\/\/aconteceunovale.com.br\/portal\/index.php?rest_route=\/wp\/v2\/posts\/176896\/revisions\/176899"}],"wp:featuredmedia":[{"embeddable":true,"href":"https:\/\/aconteceunovale.com.br\/portal\/index.php?rest_route=\/wp\/v2\/media\/176898"}],"wp:attachment":[{"href":"https:\/\/aconteceunovale.com.br\/portal\/index.php?rest_route=%2Fwp%2Fv2%2Fmedia&parent=176896"}],"wp:term":[{"taxonomy":"category","embeddable":true,"href":"https:\/\/aconteceunovale.com.br\/portal\/index.php?rest_route=%2Fwp%2Fv2%2Fcategories&post=176896"},{"taxonomy":"post_tag","embeddable":true,"href":"https:\/\/aconteceunovale.com.br\/portal\/index.php?rest_route=%2Fwp%2Fv2%2Ftags&post=176896"}],"curies":[{"name":"wp","href":"https:\/\/api.w.org\/{rel}","templated":true}]}}