{"id":176893,"date":"2021-04-09T12:03:40","date_gmt":"2021-04-09T15:03:40","guid":{"rendered":"https:\/\/aconteceunovale.com.br\/portal\/?p=176893"},"modified":"2021-04-09T12:04:59","modified_gmt":"2021-04-09T15:04:59","slug":"policia-civil-prende-suspeito-de-tentativa-de-homicidio-em-sao-joao-do-paraiso","status":"publish","type":"post","link":"https:\/\/aconteceunovale.com.br\/portal\/?p=176893","title":{"rendered":"Pol\u00edcia Civil prende suspeito de tentativa de homic\u00eddio em S\u00e3o Jo\u00e3o do Para\u00edso"},"content":{"rendered":"\n<p class=\"wp-block-paragraph\">A Pol\u00edcia Civil de Minas Gerais (PCMG) cumpriu, nessa quinta-feira (8\/4\/2021), mandado de pris\u00e3o contra um homem, de 26 anos, suspeito de praticar o crime de homic\u00eddio tentado, na zona rural de S\u00e3o Jo\u00e3o do Para\u00edso, quatro dias antes. Na data dos fatos, o investigado estava em liberdade provis\u00f3ria, respondendo por roubo cometido na cidade de Montezuma, localizada na mesma regi\u00e3o.<\/p>\n\n\n\n<figure class=\"wp-block-gallery columns-1 is-cropped wp-block-gallery-1 is-layout-flex wp-block-gallery-is-layout-flex\"><ul class=\"blocks-gallery-grid\"><li class=\"blocks-gallery-item\"><figure><img loading=\"lazy\" decoding=\"async\" width=\"659\" height=\"450\" src=\"https:\/\/aconteceunovale.com.br\/portal\/wp-content\/uploads\/2021\/04\/preso_sao_joao_do_paraiso.jpg\" alt=\"\" data-id=\"176894\" data-full-url=\"https:\/\/aconteceunovale.com.br\/portal\/wp-content\/uploads\/2021\/04\/preso_sao_joao_do_paraiso.jpg\" data-link=\"https:\/\/aconteceunovale.com.br\/portal\/?attachment_id=176894\" class=\"wp-image-176894\" srcset=\"https:\/\/aconteceunovale.com.br\/portal\/wp-content\/uploads\/2021\/04\/preso_sao_joao_do_paraiso.jpg 659w, https:\/\/aconteceunovale.com.br\/portal\/wp-content\/uploads\/2021\/04\/preso_sao_joao_do_paraiso-300x205.jpg 300w, https:\/\/aconteceunovale.com.br\/portal\/wp-content\/uploads\/2021\/04\/preso_sao_joao_do_paraiso-218x150.jpg 218w, https:\/\/aconteceunovale.com.br\/portal\/wp-content\/uploads\/2021\/04\/preso_sao_joao_do_paraiso-615x420.jpg 615w\" sizes=\"auto, (max-width: 659px) 100vw, 659px\" \/><figcaption class=\"blocks-gallery-item__caption\"><em>Foto: Divulga\u00e7\u00e3o\/PCMG<\/em><\/figcaption><\/figure><\/li><\/ul><\/figure>\n\n\n\n<p class=\"wp-block-paragraph\">A tentativa de homic\u00eddio ocorreu no domingo (4\/4), no distrito de Boa Sorte, quando a v\u00edtima estava na sala da casa dela e foi surpreendida pelo suspeito, que, portando uma arma de fogo, atirou contra o alvo.<\/p>\n\n\n\n<p class=\"wp-block-paragraph\">A v\u00edtima conseguiu correr para os fundos da casa e foi socorrida. J\u00e1 o suspeito fugiu em seguida.<\/p>\n\n\n\n<p class=\"wp-block-paragraph\">O investigado prestou declara\u00e7\u00f5es \u00e0 PCMG e admitiu ter efetuado os tiros, informando que foram seis disparos. Sobre a motiva\u00e7\u00e3o, o homem alegou diverg\u00eancias anteriores entre ele e a v\u00edtima.<\/p>\n\n\n\n<p class=\"wp-block-paragraph\"><em>\u201cNo decorrer das investiga\u00e7\u00f5es, a liberdade provis\u00f3ria do investigado foi revogada, e a Justi\u00e7a expediu mandado de pris\u00e3o, representado pelo delegado Everson Francisco de Moura, que preside o inqu\u00e9rito policial. As investiga\u00e7\u00f5es prosseguem pela equipe da Delegacia de Pol\u00edcia Civil em S\u00e3o Jo\u00e3o do Para\u00edso\u201d<\/em>, informou a PCMG.<\/p>\n\n\n\n<p class=\"wp-block-paragraph\">&#8212;&#8212;&#8212;&#8212;&#8212;&#8212;<br><em>Quer receber as not\u00edcias do <strong>Aconteceu no Vale<\/strong> em primeira m\u00e3o? Siga-nos no Facebook <a rel=\"noreferrer noopener\" href=\"http:\/\/facebook.com\/aconteceunovale\" target=\"_blank\">@aconteceunovale<\/a>, Twitter <a rel=\"noreferrer noopener\" href=\"https:\/\/twitter.com\/noticiadosvales\" target=\"_blank\">@noticiadosvales<\/a> e Instagram <a rel=\"noreferrer noopener\" href=\"https:\/\/www.instagram.com\/aconteceunovale\" target=\"_blank\">@aconteceunovale<\/a>.<\/em><\/p>\n","protected":false},"excerpt":{"rendered":"<p>A Pol\u00edcia Civil de Minas Gerais (PCMG) cumpriu, nessa quinta-feira (8\/4\/2021), mandado de pris\u00e3o contra um homem, de 26 anos, suspeito de praticar o crime de homic\u00eddio tentado, na zona rural de S\u00e3o Jo\u00e3o do Para\u00edso, quatro dias antes. Na data dos fatos, o investigado estava em liberdade provis\u00f3ria, respondendo por roubo cometido na cidade [&hellip;]<\/p>\n","protected":false},"author":4,"featured_media":176894,"comment_status":"open","ping_status":"closed","sticky":false,"template":"","format":"standard","meta":{"amp_status":"","footnotes":""},"categories":[1236],"tags":[242600,242601,238499,238494,242597,148711,242598,1403,238495,242599],"class_list":["post-176893","post","type-post","status-publish","format-standard","has-post-thumbnail","hentry","category-norte_de_minas","tag-baleado-em-sao-joao-do-paraiso","tag-baleado-no-distrito-de-boa-sorte-em-sao-joao-do-paraiso","tag-delegado-everson-francisco-de-moura","tag-pcmg-sao-joao-do-paraiso","tag-policia-civil-prende-suspeito-de-tentativa-de-homicidio-em-sao-joao-do-paraiso","tag-preso-em-sao-joao-do-paraiso","tag-preso-pela-policia-civil-em-sao-joao-do-paraiso","tag-sao-joao-do-paraiso","tag-sao-joao-do-paraiso-pcmg","tag-tentativa-de-homicidio-em-sao-joao-do-paraiso"],"yoast_head":"<!-- This site is optimized with the Yoast SEO plugin v28.3 - https:\/\/yoast.com\/product\/yoast-seo-wordpress\/ -->\n<title>Pol\u00edcia Civil prende suspeito de tentativa de homic\u00eddio em S\u00e3o Jo\u00e3o do Para\u00edso - Aconteceu no Vale<\/title>\n<meta name=\"robots\" content=\"index, follow, max-snippet:-1, max-image-preview:large, max-video-preview:-1\" \/>\n<link rel=\"canonical\" href=\"https:\/\/aconteceunovale.com.br\/portal\/?p=176893\" \/>\n<meta property=\"og:locale\" content=\"pt_BR\" \/>\n<meta property=\"og:type\" content=\"article\" \/>\n<meta property=\"og:title\" content=\"Pol\u00edcia Civil prende suspeito de tentativa de homic\u00eddio em S\u00e3o Jo\u00e3o do Para\u00edso - Aconteceu no Vale\" \/>\n<meta property=\"og:description\" content=\"A Pol\u00edcia Civil de Minas Gerais (PCMG) cumpriu, nessa quinta-feira (8\/4\/2021), mandado de pris\u00e3o contra um homem, de 26 anos, suspeito de praticar o crime de homic\u00eddio tentado, na zona rural de S\u00e3o Jo\u00e3o do Para\u00edso, quatro dias antes. Na data dos fatos, o investigado estava em liberdade provis\u00f3ria, respondendo por roubo cometido na cidade [&hellip;]\" \/>\n<meta property=\"og:url\" content=\"https:\/\/aconteceunovale.com.br\/portal\/?p=176893\" \/>\n<meta property=\"og:site_name\" content=\"Aconteceu no Vale\" \/>\n<meta property=\"article:publisher\" content=\"https:\/\/www.facebook.com\/aconteceunovale\/\" \/>\n<meta property=\"article:published_time\" content=\"2021-04-09T15:03:40+00:00\" \/>\n<meta property=\"article:modified_time\" content=\"2021-04-09T15:04:59+00:00\" \/>\n<meta property=\"og:image\" content=\"https:\/\/aconteceunovale.com.br\/portal\/wp-content\/uploads\/2021\/04\/preso_sao_joao_do_paraiso.jpg\" \/>\n\t<meta property=\"og:image:width\" content=\"659\" \/>\n\t<meta property=\"og:image:height\" content=\"450\" \/>\n\t<meta property=\"og:image:type\" content=\"image\/jpeg\" \/>\n<meta name=\"author\" content=\"Reda\u00e7\u00e3o Aconteceu no Vale\" \/>\n<meta name=\"twitter:card\" content=\"summary_large_image\" \/>\n<meta name=\"twitter:creator\" content=\"@noticiadosvales\" \/>\n<meta name=\"twitter:site\" content=\"@noticiadosvales\" \/>\n<meta name=\"twitter:label1\" content=\"Escrito por\" \/>\n\t<meta name=\"twitter:data1\" content=\"Reda\u00e7\u00e3o Aconteceu no Vale\" \/>\n\t<meta name=\"twitter:label2\" content=\"Est. tempo de leitura\" \/>\n\t<meta name=\"twitter:data2\" content=\"1 minuto\" \/>\n<script type=\"application\/ld+json\" class=\"yoast-schema-graph\">{\"@context\":\"https:\\\/\\\/schema.org\",\"@graph\":[{\"@type\":\"Article\",\"@id\":\"https:\\\/\\\/aconteceunovale.com.br\\\/portal\\\/?p=176893#article\",\"isPartOf\":{\"@id\":\"https:\\\/\\\/aconteceunovale.com.br\\\/portal\\\/?p=176893\"},\"author\":{\"name\":\"Reda\u00e7\u00e3o Aconteceu no Vale\",\"@id\":\"https:\\\/\\\/aconteceunovale.com.br\\\/portal\\\/#\\\/schema\\\/person\\\/7d2f26d1483f8a63de73da1ee0754d35\"},\"headline\":\"Pol\u00edcia Civil prende suspeito de tentativa de homic\u00eddio em S\u00e3o Jo\u00e3o do Para\u00edso\",\"datePublished\":\"2021-04-09T15:03:40+00:00\",\"dateModified\":\"2021-04-09T15:04:59+00:00\",\"mainEntityOfPage\":{\"@id\":\"https:\\\/\\\/aconteceunovale.com.br\\\/portal\\\/?p=176893\"},\"wordCount\":260,\"commentCount\":0,\"image\":{\"@id\":\"https:\\\/\\\/aconteceunovale.com.br\\\/portal\\\/?p=176893#primaryimage\"},\"thumbnailUrl\":\"https:\\\/\\\/aconteceunovale.com.br\\\/portal\\\/wp-content\\\/uploads\\\/2021\\\/04\\\/preso_sao_joao_do_paraiso.jpg\",\"keywords\":[\"Baleado em S\u00e3o Jo\u00e3o do Para\u00edso\",\"Baleado no distrito de Boa Sorte em S\u00e3o Jo\u00e3o do Para\u00edso\",\"Delegado Everson Francisco de Moura\",\"PCMG S\u00e3o Jo\u00e3o do Para\u00edso\",\"Pol\u00edcia Civil prende suspeito de tentativa de homic\u00eddio em S\u00e3o Jo\u00e3o do Para\u00edso\",\"Preso em S\u00e3o Jo\u00e3o do Para\u00edso\",\"Preso pela Pol\u00edcia Civil em S\u00e3o Jo\u00e3o do Para\u00edso\",\"S\u00e3o Jo\u00e3o do Para\u00edso\",\"S\u00e3o Jo\u00e3o do Para\u00edso PCMG\",\"Tentativa de homic\u00eddio em S\u00e3o Jo\u00e3o do Para\u00edso\"],\"articleSection\":[\"Norte de Minas\"],\"inLanguage\":\"pt-BR\",\"potentialAction\":[{\"@type\":\"CommentAction\",\"name\":\"Comment\",\"target\":[\"https:\\\/\\\/aconteceunovale.com.br\\\/portal\\\/?p=176893#respond\"]}]},{\"@type\":\"WebPage\",\"@id\":\"https:\\\/\\\/aconteceunovale.com.br\\\/portal\\\/?p=176893\",\"url\":\"https:\\\/\\\/aconteceunovale.com.br\\\/portal\\\/?p=176893\",\"name\":\"Pol\u00edcia Civil prende suspeito de tentativa de homic\u00eddio em S\u00e3o Jo\u00e3o do Para\u00edso - Aconteceu no Vale\",\"isPartOf\":{\"@id\":\"https:\\\/\\\/aconteceunovale.com.br\\\/portal\\\/#website\"},\"primaryImageOfPage\":{\"@id\":\"https:\\\/\\\/aconteceunovale.com.br\\\/portal\\\/?p=176893#primaryimage\"},\"image\":{\"@id\":\"https:\\\/\\\/aconteceunovale.com.br\\\/portal\\\/?p=176893#primaryimage\"},\"thumbnailUrl\":\"https:\\\/\\\/aconteceunovale.com.br\\\/portal\\\/wp-content\\\/uploads\\\/2021\\\/04\\\/preso_sao_joao_do_paraiso.jpg\",\"datePublished\":\"2021-04-09T15:03:40+00:00\",\"dateModified\":\"2021-04-09T15:04:59+00:00\",\"author\":{\"@id\":\"https:\\\/\\\/aconteceunovale.com.br\\\/portal\\\/#\\\/schema\\\/person\\\/7d2f26d1483f8a63de73da1ee0754d35\"},\"breadcrumb\":{\"@id\":\"https:\\\/\\\/aconteceunovale.com.br\\\/portal\\\/?p=176893#breadcrumb\"},\"inLanguage\":\"pt-BR\",\"potentialAction\":[{\"@type\":\"ReadAction\",\"target\":[\"https:\\\/\\\/aconteceunovale.com.br\\\/portal\\\/?p=176893\"]}]},{\"@type\":\"ImageObject\",\"inLanguage\":\"pt-BR\",\"@id\":\"https:\\\/\\\/aconteceunovale.com.br\\\/portal\\\/?p=176893#primaryimage\",\"url\":\"https:\\\/\\\/aconteceunovale.com.br\\\/portal\\\/wp-content\\\/uploads\\\/2021\\\/04\\\/preso_sao_joao_do_paraiso.jpg\",\"contentUrl\":\"https:\\\/\\\/aconteceunovale.com.br\\\/portal\\\/wp-content\\\/uploads\\\/2021\\\/04\\\/preso_sao_joao_do_paraiso.jpg\",\"width\":659,\"height\":450},{\"@type\":\"BreadcrumbList\",\"@id\":\"https:\\\/\\\/aconteceunovale.com.br\\\/portal\\\/?p=176893#breadcrumb\",\"itemListElement\":[{\"@type\":\"ListItem\",\"position\":1,\"name\":\"In\u00edcio\",\"item\":\"https:\\\/\\\/aconteceunovale.com.br\\\/portal\\\/\"},{\"@type\":\"ListItem\",\"position\":2,\"name\":\"Pol\u00edcia Civil prende suspeito de tentativa de homic\u00eddio em S\u00e3o Jo\u00e3o do Para\u00edso\"}]},{\"@type\":\"WebSite\",\"@id\":\"https:\\\/\\\/aconteceunovale.com.br\\\/portal\\\/#website\",\"url\":\"https:\\\/\\\/aconteceunovale.com.br\\\/portal\\\/\",\"name\":\"Aconteceu no Vale\",\"description\":\"Portal de Not\u00edcias\",\"potentialAction\":[{\"@type\":\"SearchAction\",\"target\":{\"@type\":\"EntryPoint\",\"urlTemplate\":\"https:\\\/\\\/aconteceunovale.com.br\\\/portal\\\/?s={search_term_string}\"},\"query-input\":{\"@type\":\"PropertyValueSpecification\",\"valueRequired\":true,\"valueName\":\"search_term_string\"}}],\"inLanguage\":\"pt-BR\"},{\"@type\":\"Person\",\"@id\":\"https:\\\/\\\/aconteceunovale.com.br\\\/portal\\\/#\\\/schema\\\/person\\\/7d2f26d1483f8a63de73da1ee0754d35\",\"name\":\"Reda\u00e7\u00e3o Aconteceu no Vale\",\"description\":\"Equipe de reportagem do Aconteceu no Vale, portal de not\u00edcias do Vale do Jequitinhonha, em Minas Gerais. Cobrimos as 51 cidades do Vale desde 2013. Sugest\u00f5es de pauta e pedidos de corre\u00e7\u00e3o: contato@aconteceunovale.com.br\",\"url\":\"https:\\\/\\\/aconteceunovale.com.br\\\/portal\\\/?author=4\"}]}<\/script>\n<!-- \/ Yoast SEO plugin. -->","yoast_head_json":{"title":"Pol\u00edcia Civil prende suspeito de tentativa de homic\u00eddio em S\u00e3o Jo\u00e3o do Para\u00edso - Aconteceu no Vale","robots":{"index":"index","follow":"follow","max-snippet":"max-snippet:-1","max-image-preview":"max-image-preview:large","max-video-preview":"max-video-preview:-1"},"canonical":"https:\/\/aconteceunovale.com.br\/portal\/?p=176893","og_locale":"pt_BR","og_type":"article","og_title":"Pol\u00edcia Civil prende suspeito de tentativa de homic\u00eddio em S\u00e3o Jo\u00e3o do Para\u00edso - Aconteceu no Vale","og_description":"A Pol\u00edcia Civil de Minas Gerais (PCMG) cumpriu, nessa quinta-feira (8\/4\/2021), mandado de pris\u00e3o contra um homem, de 26 anos, suspeito de praticar o crime de homic\u00eddio tentado, na zona rural de S\u00e3o Jo\u00e3o do Para\u00edso, quatro dias antes. Na data dos fatos, o investigado estava em liberdade provis\u00f3ria, respondendo por roubo cometido na cidade [&hellip;]","og_url":"https:\/\/aconteceunovale.com.br\/portal\/?p=176893","og_site_name":"Aconteceu no Vale","article_publisher":"https:\/\/www.facebook.com\/aconteceunovale\/","article_published_time":"2021-04-09T15:03:40+00:00","article_modified_time":"2021-04-09T15:04:59+00:00","og_image":[{"width":659,"height":450,"url":"https:\/\/aconteceunovale.com.br\/portal\/wp-content\/uploads\/2021\/04\/preso_sao_joao_do_paraiso.jpg","type":"image\/jpeg"}],"author":"Reda\u00e7\u00e3o Aconteceu no Vale","twitter_card":"summary_large_image","twitter_creator":"@noticiadosvales","twitter_site":"@noticiadosvales","twitter_misc":{"Escrito por":"Reda\u00e7\u00e3o Aconteceu no Vale","Est. tempo de leitura":"1 minuto"},"schema":{"@context":"https:\/\/schema.org","@graph":[{"@type":"Article","@id":"https:\/\/aconteceunovale.com.br\/portal\/?p=176893#article","isPartOf":{"@id":"https:\/\/aconteceunovale.com.br\/portal\/?p=176893"},"author":{"name":"Reda\u00e7\u00e3o Aconteceu no Vale","@id":"https:\/\/aconteceunovale.com.br\/portal\/#\/schema\/person\/7d2f26d1483f8a63de73da1ee0754d35"},"headline":"Pol\u00edcia Civil prende suspeito de tentativa de homic\u00eddio em S\u00e3o Jo\u00e3o do Para\u00edso","datePublished":"2021-04-09T15:03:40+00:00","dateModified":"2021-04-09T15:04:59+00:00","mainEntityOfPage":{"@id":"https:\/\/aconteceunovale.com.br\/portal\/?p=176893"},"wordCount":260,"commentCount":0,"image":{"@id":"https:\/\/aconteceunovale.com.br\/portal\/?p=176893#primaryimage"},"thumbnailUrl":"https:\/\/aconteceunovale.com.br\/portal\/wp-content\/uploads\/2021\/04\/preso_sao_joao_do_paraiso.jpg","keywords":["Baleado em S\u00e3o Jo\u00e3o do Para\u00edso","Baleado no distrito de Boa Sorte em S\u00e3o Jo\u00e3o do Para\u00edso","Delegado Everson Francisco de Moura","PCMG S\u00e3o Jo\u00e3o do Para\u00edso","Pol\u00edcia Civil prende suspeito de tentativa de homic\u00eddio em S\u00e3o Jo\u00e3o do Para\u00edso","Preso em S\u00e3o Jo\u00e3o do Para\u00edso","Preso pela Pol\u00edcia Civil em S\u00e3o Jo\u00e3o do Para\u00edso","S\u00e3o Jo\u00e3o do Para\u00edso","S\u00e3o Jo\u00e3o do Para\u00edso PCMG","Tentativa de homic\u00eddio em S\u00e3o Jo\u00e3o do Para\u00edso"],"articleSection":["Norte de Minas"],"inLanguage":"pt-BR","potentialAction":[{"@type":"CommentAction","name":"Comment","target":["https:\/\/aconteceunovale.com.br\/portal\/?p=176893#respond"]}]},{"@type":"WebPage","@id":"https:\/\/aconteceunovale.com.br\/portal\/?p=176893","url":"https:\/\/aconteceunovale.com.br\/portal\/?p=176893","name":"Pol\u00edcia Civil prende suspeito de tentativa de homic\u00eddio em S\u00e3o Jo\u00e3o do Para\u00edso - Aconteceu no Vale","isPartOf":{"@id":"https:\/\/aconteceunovale.com.br\/portal\/#website"},"primaryImageOfPage":{"@id":"https:\/\/aconteceunovale.com.br\/portal\/?p=176893#primaryimage"},"image":{"@id":"https:\/\/aconteceunovale.com.br\/portal\/?p=176893#primaryimage"},"thumbnailUrl":"https:\/\/aconteceunovale.com.br\/portal\/wp-content\/uploads\/2021\/04\/preso_sao_joao_do_paraiso.jpg","datePublished":"2021-04-09T15:03:40+00:00","dateModified":"2021-04-09T15:04:59+00:00","author":{"@id":"https:\/\/aconteceunovale.com.br\/portal\/#\/schema\/person\/7d2f26d1483f8a63de73da1ee0754d35"},"breadcrumb":{"@id":"https:\/\/aconteceunovale.com.br\/portal\/?p=176893#breadcrumb"},"inLanguage":"pt-BR","potentialAction":[{"@type":"ReadAction","target":["https:\/\/aconteceunovale.com.br\/portal\/?p=176893"]}]},{"@type":"ImageObject","inLanguage":"pt-BR","@id":"https:\/\/aconteceunovale.com.br\/portal\/?p=176893#primaryimage","url":"https:\/\/aconteceunovale.com.br\/portal\/wp-content\/uploads\/2021\/04\/preso_sao_joao_do_paraiso.jpg","contentUrl":"https:\/\/aconteceunovale.com.br\/portal\/wp-content\/uploads\/2021\/04\/preso_sao_joao_do_paraiso.jpg","width":659,"height":450},{"@type":"BreadcrumbList","@id":"https:\/\/aconteceunovale.com.br\/portal\/?p=176893#breadcrumb","itemListElement":[{"@type":"ListItem","position":1,"name":"In\u00edcio","item":"https:\/\/aconteceunovale.com.br\/portal\/"},{"@type":"ListItem","position":2,"name":"Pol\u00edcia Civil prende suspeito de tentativa de homic\u00eddio em S\u00e3o Jo\u00e3o do Para\u00edso"}]},{"@type":"WebSite","@id":"https:\/\/aconteceunovale.com.br\/portal\/#website","url":"https:\/\/aconteceunovale.com.br\/portal\/","name":"Aconteceu no Vale","description":"Portal de Not\u00edcias","potentialAction":[{"@type":"SearchAction","target":{"@type":"EntryPoint","urlTemplate":"https:\/\/aconteceunovale.com.br\/portal\/?s={search_term_string}"},"query-input":{"@type":"PropertyValueSpecification","valueRequired":true,"valueName":"search_term_string"}}],"inLanguage":"pt-BR"},{"@type":"Person","@id":"https:\/\/aconteceunovale.com.br\/portal\/#\/schema\/person\/7d2f26d1483f8a63de73da1ee0754d35","name":"Reda\u00e7\u00e3o Aconteceu no Vale","description":"Equipe de reportagem do Aconteceu no Vale, portal de not\u00edcias do Vale do Jequitinhonha, em Minas Gerais. Cobrimos as 51 cidades do Vale desde 2013. Sugest\u00f5es de pauta e pedidos de corre\u00e7\u00e3o: contato@aconteceunovale.com.br","url":"https:\/\/aconteceunovale.com.br\/portal\/?author=4"}]}},"_links":{"self":[{"href":"https:\/\/aconteceunovale.com.br\/portal\/index.php?rest_route=\/wp\/v2\/posts\/176893","targetHints":{"allow":["GET"]}}],"collection":[{"href":"https:\/\/aconteceunovale.com.br\/portal\/index.php?rest_route=\/wp\/v2\/posts"}],"about":[{"href":"https:\/\/aconteceunovale.com.br\/portal\/index.php?rest_route=\/wp\/v2\/types\/post"}],"author":[{"embeddable":true,"href":"https:\/\/aconteceunovale.com.br\/portal\/index.php?rest_route=\/wp\/v2\/users\/4"}],"replies":[{"embeddable":true,"href":"https:\/\/aconteceunovale.com.br\/portal\/index.php?rest_route=%2Fwp%2Fv2%2Fcomments&post=176893"}],"version-history":[{"count":1,"href":"https:\/\/aconteceunovale.com.br\/portal\/index.php?rest_route=\/wp\/v2\/posts\/176893\/revisions"}],"predecessor-version":[{"id":176895,"href":"https:\/\/aconteceunovale.com.br\/portal\/index.php?rest_route=\/wp\/v2\/posts\/176893\/revisions\/176895"}],"wp:featuredmedia":[{"embeddable":true,"href":"https:\/\/aconteceunovale.com.br\/portal\/index.php?rest_route=\/wp\/v2\/media\/176894"}],"wp:attachment":[{"href":"https:\/\/aconteceunovale.com.br\/portal\/index.php?rest_route=%2Fwp%2Fv2%2Fmedia&parent=176893"}],"wp:term":[{"taxonomy":"category","embeddable":true,"href":"https:\/\/aconteceunovale.com.br\/portal\/index.php?rest_route=%2Fwp%2Fv2%2Fcategories&post=176893"},{"taxonomy":"post_tag","embeddable":true,"href":"https:\/\/aconteceunovale.com.br\/portal\/index.php?rest_route=%2Fwp%2Fv2%2Ftags&post=176893"}],"curies":[{"name":"wp","href":"https:\/\/api.w.org\/{rel}","templated":true}]}}