{"id":176885,"date":"2021-04-09T09:52:46","date_gmt":"2021-04-09T12:52:46","guid":{"rendered":"https:\/\/aconteceunovale.com.br\/portal\/?p=176885"},"modified":"2021-04-09T09:55:10","modified_gmt":"2021-04-09T12:55:10","slug":"campanha-de-imunizacao-contra-a-gripe-comeca-no-dia-12-de-abril","status":"publish","type":"post","link":"https:\/\/aconteceunovale.com.br\/portal\/?p=176885","title":{"rendered":"Campanha de imuniza\u00e7\u00e3o contra a gripe come\u00e7a no dia 12 de abril"},"content":{"rendered":"\n<p class=\"wp-block-paragraph\">O Minist\u00e9rio da Sa\u00fade e as secretarias estaduais e municipais de sa\u00fade come\u00e7am na segunda-feira (12\/4\/2021) a campanha de vacina\u00e7\u00e3o contra a gripe. Al\u00e9m de evitar complica\u00e7\u00f5es decorrentes da gripe causada pelo v\u00edrus, a vacina\u00e7\u00e3o ganha uma outra import\u00e2ncia no momento.<\/p>\n\n\n\n<p class=\"wp-block-paragraph\">Com diversos estados com leitos de unidades de terapia intensiva (UTI) lotados e filas de espera em fun\u00e7\u00e3o da pandemia do novo coronav\u00edrus, a iniciativa tamb\u00e9m \u00e9 importante para evitar uma sobrecarga nos sistemas de sa\u00fade.<\/p>\n\n\n\n<p class=\"wp-block-paragraph\">O p\u00fablico estimado pelo minist\u00e9rio \u00e9 de 79,7 milh\u00f5es de pessoas e o objetivo \u00e9 vacinar pelo menos nove em cada dez pessoas dos grupos priorit\u00e1rios.<\/p>\n\n\n\n<p class=\"wp-block-paragraph\">Os grupos ser\u00e3o organizados para vacina\u00e7\u00e3o em tr\u00eas etapas. Os dias de mobiliza\u00e7\u00e3o, chamados de dias D, ser\u00e3o definidos em cada munic\u00edpio pela Secretaria de Sa\u00fade local.<\/p>\n\n\n\n<p class=\"wp-block-paragraph\"><strong>Os grupos priorit\u00e1rios s\u00e3o:<\/strong><\/p>\n\n\n\n<ul class=\"wp-block-list\"><li>Crian\u00e7as de 6 meses a menores de 6 anos;<\/li><li>Gestantes;<\/li><li>Pu\u00e9rperas;<\/li><li>Povos ind\u00edgenas;<\/li><li>Trabalhadores de sa\u00fade;<\/li><li>Pessoas com 60 anos ou mais;<\/li><li>Professores;<\/li><li>Portadores de doen\u00e7as cr\u00f4nicas n\u00e3o transmiss\u00edveis;<\/li><li>Pessoas com defici\u00eancia permanente;<\/li><li>For\u00e7as de seguran\u00e7a, de salvamento e armadas;<\/li><li>Caminhoneiros;<\/li><li>Trabalhadores do transporte coletivo de passageiros;<\/li><li>Funcion\u00e1rios trabalhando em pris\u00f5es e unidades de interna\u00e7\u00e3o;<\/li><li>Adolescentes cumprindo medidas socioeducativas em unidades de interna\u00e7\u00e3o;<\/li><li>Popula\u00e7\u00e3o privada de liberdade.<\/li><\/ul>\n\n\n\n<h2 class=\"wp-block-heading\">Covid-19<\/h2>\n\n\n\n<p class=\"wp-block-paragraph\">O Minist\u00e9rio da Sa\u00fade n\u00e3o recomenda que seja feita a aplica\u00e7\u00e3o das vacinas contra a covid-19 e contra a influenza conjuntamente. A pasta recomenda que as pessoas que estiverem nos grupos priorit\u00e1rios procurem se vacinar antes contra a covid-19. Especialistas recomendam pelo menos uma diferen\u00e7a de 14 dias entre uma e outra.<\/p>\n\n\n\n<p class=\"wp-block-paragraph\">&#8212;&#8212;&#8212;&#8212;&#8212;&#8212;<br><em>Quer receber as not\u00edcias do <strong>Aconteceu no Vale<\/strong> em primeira m\u00e3o? Siga-nos no Facebook <a rel=\"noreferrer noopener\" href=\"http:\/\/facebook.com\/aconteceunovale\" target=\"_blank\">@aconteceunovale<\/a>, Twitter <a rel=\"noreferrer noopener\" href=\"https:\/\/twitter.com\/noticiadosvales\" target=\"_blank\">@noticiadosvales<\/a> e Instagram <a rel=\"noreferrer noopener\" href=\"https:\/\/www.instagram.com\/aconteceunovale\" target=\"_blank\">@aconteceunovale<\/a>.<\/em><\/p>\n","protected":false},"excerpt":{"rendered":"<p>O Minist\u00e9rio da Sa\u00fade e as secretarias estaduais e municipais de sa\u00fade come\u00e7am na segunda-feira (12\/4\/2021) a campanha de vacina\u00e7\u00e3o contra a gripe. Al\u00e9m de evitar complica\u00e7\u00f5es decorrentes da gripe causada pelo v\u00edrus, a vacina\u00e7\u00e3o ganha uma outra import\u00e2ncia no momento. Com diversos estados com leitos de unidades de terapia intensiva (UTI) lotados e filas [&hellip;]<\/p>\n","protected":false},"author":4,"featured_media":149028,"comment_status":"open","ping_status":"closed","sticky":false,"template":"","format":"standard","meta":{"amp_status":"","footnotes":""},"categories":[6,40242],"tags":[242589,242588,6224,214884,216498,43373,147989,150317,19326,140166,242593,242592,242591,174897,242594,242590,43700],"class_list":["post-176885","post","type-post","status-publish","format-standard","has-post-thumbnail","hentry","category-br","category-saude-2","tag-campanha-de-imunizacao-contra-a-gripe","tag-campanha-de-imunizacao-contra-a-gripe-comeca-no-dia-12-de-abril","tag-campanha-de-vacinacao-contra-a-gripe","tag-coronavirus","tag-covid-19","tag-gripe","tag-imunizacao-contra-a-gripe","tag-influenza","tag-ministerio-da-saude","tag-pandemia","tag-publico-alvo-da-vacina-da-gripe","tag-publico-alvo-da-vacinacao-contra-a-gripe","tag-publico-prioritario-de-vacinacao-contra-a-gripe","tag-vacina-da-gripe","tag-vacina-da-gripe-e-covid-19","tag-vacina-gripe","tag-vacinacao-contra-a-gripe"],"yoast_head":"<!-- This site is optimized with the Yoast SEO plugin v28.3 - https:\/\/yoast.com\/product\/yoast-seo-wordpress\/ -->\n<title>Campanha de imuniza\u00e7\u00e3o contra a gripe come\u00e7a no dia 12 de abril - Aconteceu no Vale<\/title>\n<meta name=\"robots\" content=\"index, follow, max-snippet:-1, max-image-preview:large, max-video-preview:-1\" \/>\n<link rel=\"canonical\" href=\"https:\/\/aconteceunovale.com.br\/portal\/?p=176885\" \/>\n<meta property=\"og:locale\" content=\"pt_BR\" \/>\n<meta property=\"og:type\" content=\"article\" \/>\n<meta property=\"og:title\" content=\"Campanha de imuniza\u00e7\u00e3o contra a gripe come\u00e7a no dia 12 de abril - Aconteceu no Vale\" \/>\n<meta property=\"og:description\" content=\"O Minist\u00e9rio da Sa\u00fade e as secretarias estaduais e municipais de sa\u00fade come\u00e7am na segunda-feira (12\/4\/2021) a campanha de vacina\u00e7\u00e3o contra a gripe. Al\u00e9m de evitar complica\u00e7\u00f5es decorrentes da gripe causada pelo v\u00edrus, a vacina\u00e7\u00e3o ganha uma outra import\u00e2ncia no momento. Com diversos estados com leitos de unidades de terapia intensiva (UTI) lotados e filas [&hellip;]\" \/>\n<meta property=\"og:url\" content=\"https:\/\/aconteceunovale.com.br\/portal\/?p=176885\" \/>\n<meta property=\"og:site_name\" content=\"Aconteceu no Vale\" \/>\n<meta property=\"article:publisher\" content=\"https:\/\/www.facebook.com\/aconteceunovale\/\" \/>\n<meta property=\"article:published_time\" content=\"2021-04-09T12:52:46+00:00\" \/>\n<meta property=\"article:modified_time\" content=\"2021-04-09T12:55:10+00:00\" \/>\n<meta property=\"og:image\" content=\"https:\/\/aconteceunovale.com.br\/portal\/wp-content\/uploads\/2019\/05\/vacina_gripe1.jpg\" \/>\n\t<meta property=\"og:image:width\" content=\"674\" \/>\n\t<meta property=\"og:image:height\" content=\"450\" \/>\n\t<meta property=\"og:image:type\" content=\"image\/jpeg\" \/>\n<meta name=\"author\" content=\"Reda\u00e7\u00e3o Aconteceu no Vale\" \/>\n<meta name=\"twitter:card\" content=\"summary_large_image\" \/>\n<meta name=\"twitter:creator\" content=\"@noticiadosvales\" \/>\n<meta name=\"twitter:site\" content=\"@noticiadosvales\" \/>\n<meta name=\"twitter:label1\" content=\"Escrito por\" \/>\n\t<meta name=\"twitter:data1\" content=\"Reda\u00e7\u00e3o Aconteceu no Vale\" \/>\n\t<meta name=\"twitter:label2\" content=\"Est. tempo de leitura\" \/>\n\t<meta name=\"twitter:data2\" content=\"2 minutos\" \/>\n<script type=\"application\/ld+json\" class=\"yoast-schema-graph\">{\"@context\":\"https:\\\/\\\/schema.org\",\"@graph\":[{\"@type\":\"Article\",\"@id\":\"https:\\\/\\\/aconteceunovale.com.br\\\/portal\\\/?p=176885#article\",\"isPartOf\":{\"@id\":\"https:\\\/\\\/aconteceunovale.com.br\\\/portal\\\/?p=176885\"},\"author\":{\"name\":\"Reda\u00e7\u00e3o Aconteceu no Vale\",\"@id\":\"https:\\\/\\\/aconteceunovale.com.br\\\/portal\\\/#\\\/schema\\\/person\\\/7d2f26d1483f8a63de73da1ee0754d35\"},\"headline\":\"Campanha de imuniza\u00e7\u00e3o contra a gripe come\u00e7a no dia 12 de abril\",\"datePublished\":\"2021-04-09T12:52:46+00:00\",\"dateModified\":\"2021-04-09T12:55:10+00:00\",\"mainEntityOfPage\":{\"@id\":\"https:\\\/\\\/aconteceunovale.com.br\\\/portal\\\/?p=176885\"},\"wordCount\":330,\"commentCount\":0,\"image\":{\"@id\":\"https:\\\/\\\/aconteceunovale.com.br\\\/portal\\\/?p=176885#primaryimage\"},\"thumbnailUrl\":\"https:\\\/\\\/aconteceunovale.com.br\\\/portal\\\/wp-content\\\/uploads\\\/2019\\\/05\\\/vacina_gripe1.jpg\",\"keywords\":[\"Campanha de imuniza\u00e7\u00e3o contra a gripe\",\"Campanha de imuniza\u00e7\u00e3o contra a gripe come\u00e7a no dia 12 de abril\",\"Campanha de Vacina\u00e7\u00e3o contra a Gripe\",\"Coronav\u00edrus\",\"COVID-19\",\"gripe\",\"Imuniza\u00e7\u00e3o contra a gripe\",\"Influenza\",\"Minist\u00e9rio da Sa\u00fade\",\"pandemia\",\"P\u00fablico alvo da vacina da gripe\",\"P\u00fablico alvo da vacina\u00e7\u00e3o contra a gripe\",\"P\u00fablico priorit\u00e1rio de vacina\u00e7\u00e3o contra a gripe\",\"Vacina da gripe\",\"Vacina da gripe e Covid-19\",\"Vacina gripe\",\"Vacina\u00e7\u00e3o contra a Gripe\"],\"articleSection\":[\"Brasil\",\"Sa\u00fade\"],\"inLanguage\":\"pt-BR\",\"potentialAction\":[{\"@type\":\"CommentAction\",\"name\":\"Comment\",\"target\":[\"https:\\\/\\\/aconteceunovale.com.br\\\/portal\\\/?p=176885#respond\"]}]},{\"@type\":\"WebPage\",\"@id\":\"https:\\\/\\\/aconteceunovale.com.br\\\/portal\\\/?p=176885\",\"url\":\"https:\\\/\\\/aconteceunovale.com.br\\\/portal\\\/?p=176885\",\"name\":\"Campanha de imuniza\u00e7\u00e3o contra a gripe come\u00e7a no dia 12 de abril - Aconteceu no Vale\",\"isPartOf\":{\"@id\":\"https:\\\/\\\/aconteceunovale.com.br\\\/portal\\\/#website\"},\"primaryImageOfPage\":{\"@id\":\"https:\\\/\\\/aconteceunovale.com.br\\\/portal\\\/?p=176885#primaryimage\"},\"image\":{\"@id\":\"https:\\\/\\\/aconteceunovale.com.br\\\/portal\\\/?p=176885#primaryimage\"},\"thumbnailUrl\":\"https:\\\/\\\/aconteceunovale.com.br\\\/portal\\\/wp-content\\\/uploads\\\/2019\\\/05\\\/vacina_gripe1.jpg\",\"datePublished\":\"2021-04-09T12:52:46+00:00\",\"dateModified\":\"2021-04-09T12:55:10+00:00\",\"author\":{\"@id\":\"https:\\\/\\\/aconteceunovale.com.br\\\/portal\\\/#\\\/schema\\\/person\\\/7d2f26d1483f8a63de73da1ee0754d35\"},\"breadcrumb\":{\"@id\":\"https:\\\/\\\/aconteceunovale.com.br\\\/portal\\\/?p=176885#breadcrumb\"},\"inLanguage\":\"pt-BR\",\"potentialAction\":[{\"@type\":\"ReadAction\",\"target\":[\"https:\\\/\\\/aconteceunovale.com.br\\\/portal\\\/?p=176885\"]}]},{\"@type\":\"ImageObject\",\"inLanguage\":\"pt-BR\",\"@id\":\"https:\\\/\\\/aconteceunovale.com.br\\\/portal\\\/?p=176885#primaryimage\",\"url\":\"https:\\\/\\\/aconteceunovale.com.br\\\/portal\\\/wp-content\\\/uploads\\\/2019\\\/05\\\/vacina_gripe1.jpg\",\"contentUrl\":\"https:\\\/\\\/aconteceunovale.com.br\\\/portal\\\/wp-content\\\/uploads\\\/2019\\\/05\\\/vacina_gripe1.jpg\",\"width\":674,\"height\":450},{\"@type\":\"BreadcrumbList\",\"@id\":\"https:\\\/\\\/aconteceunovale.com.br\\\/portal\\\/?p=176885#breadcrumb\",\"itemListElement\":[{\"@type\":\"ListItem\",\"position\":1,\"name\":\"In\u00edcio\",\"item\":\"https:\\\/\\\/aconteceunovale.com.br\\\/portal\\\/\"},{\"@type\":\"ListItem\",\"position\":2,\"name\":\"Campanha de imuniza\u00e7\u00e3o contra a gripe come\u00e7a no dia 12 de abril\"}]},{\"@type\":\"WebSite\",\"@id\":\"https:\\\/\\\/aconteceunovale.com.br\\\/portal\\\/#website\",\"url\":\"https:\\\/\\\/aconteceunovale.com.br\\\/portal\\\/\",\"name\":\"Aconteceu no Vale\",\"description\":\"Portal de Not\u00edcias\",\"potentialAction\":[{\"@type\":\"SearchAction\",\"target\":{\"@type\":\"EntryPoint\",\"urlTemplate\":\"https:\\\/\\\/aconteceunovale.com.br\\\/portal\\\/?s={search_term_string}\"},\"query-input\":{\"@type\":\"PropertyValueSpecification\",\"valueRequired\":true,\"valueName\":\"search_term_string\"}}],\"inLanguage\":\"pt-BR\"},{\"@type\":\"Person\",\"@id\":\"https:\\\/\\\/aconteceunovale.com.br\\\/portal\\\/#\\\/schema\\\/person\\\/7d2f26d1483f8a63de73da1ee0754d35\",\"name\":\"Reda\u00e7\u00e3o Aconteceu no Vale\",\"description\":\"Equipe de reportagem do Aconteceu no Vale, portal de not\u00edcias do Vale do Jequitinhonha, em Minas Gerais. Cobrimos as 51 cidades do Vale desde 2013. Sugest\u00f5es de pauta e pedidos de corre\u00e7\u00e3o: contato@aconteceunovale.com.br\",\"url\":\"https:\\\/\\\/aconteceunovale.com.br\\\/portal\\\/?author=4\"}]}<\/script>\n<!-- \/ Yoast SEO plugin. -->","yoast_head_json":{"title":"Campanha de imuniza\u00e7\u00e3o contra a gripe come\u00e7a no dia 12 de abril - Aconteceu no Vale","robots":{"index":"index","follow":"follow","max-snippet":"max-snippet:-1","max-image-preview":"max-image-preview:large","max-video-preview":"max-video-preview:-1"},"canonical":"https:\/\/aconteceunovale.com.br\/portal\/?p=176885","og_locale":"pt_BR","og_type":"article","og_title":"Campanha de imuniza\u00e7\u00e3o contra a gripe come\u00e7a no dia 12 de abril - Aconteceu no Vale","og_description":"O Minist\u00e9rio da Sa\u00fade e as secretarias estaduais e municipais de sa\u00fade come\u00e7am na segunda-feira (12\/4\/2021) a campanha de vacina\u00e7\u00e3o contra a gripe. Al\u00e9m de evitar complica\u00e7\u00f5es decorrentes da gripe causada pelo v\u00edrus, a vacina\u00e7\u00e3o ganha uma outra import\u00e2ncia no momento. Com diversos estados com leitos de unidades de terapia intensiva (UTI) lotados e filas [&hellip;]","og_url":"https:\/\/aconteceunovale.com.br\/portal\/?p=176885","og_site_name":"Aconteceu no Vale","article_publisher":"https:\/\/www.facebook.com\/aconteceunovale\/","article_published_time":"2021-04-09T12:52:46+00:00","article_modified_time":"2021-04-09T12:55:10+00:00","og_image":[{"width":674,"height":450,"url":"https:\/\/aconteceunovale.com.br\/portal\/wp-content\/uploads\/2019\/05\/vacina_gripe1.jpg","type":"image\/jpeg"}],"author":"Reda\u00e7\u00e3o Aconteceu no Vale","twitter_card":"summary_large_image","twitter_creator":"@noticiadosvales","twitter_site":"@noticiadosvales","twitter_misc":{"Escrito por":"Reda\u00e7\u00e3o Aconteceu no Vale","Est. tempo de leitura":"2 minutos"},"schema":{"@context":"https:\/\/schema.org","@graph":[{"@type":"Article","@id":"https:\/\/aconteceunovale.com.br\/portal\/?p=176885#article","isPartOf":{"@id":"https:\/\/aconteceunovale.com.br\/portal\/?p=176885"},"author":{"name":"Reda\u00e7\u00e3o Aconteceu no Vale","@id":"https:\/\/aconteceunovale.com.br\/portal\/#\/schema\/person\/7d2f26d1483f8a63de73da1ee0754d35"},"headline":"Campanha de imuniza\u00e7\u00e3o contra a gripe come\u00e7a no dia 12 de abril","datePublished":"2021-04-09T12:52:46+00:00","dateModified":"2021-04-09T12:55:10+00:00","mainEntityOfPage":{"@id":"https:\/\/aconteceunovale.com.br\/portal\/?p=176885"},"wordCount":330,"commentCount":0,"image":{"@id":"https:\/\/aconteceunovale.com.br\/portal\/?p=176885#primaryimage"},"thumbnailUrl":"https:\/\/aconteceunovale.com.br\/portal\/wp-content\/uploads\/2019\/05\/vacina_gripe1.jpg","keywords":["Campanha de imuniza\u00e7\u00e3o contra a gripe","Campanha de imuniza\u00e7\u00e3o contra a gripe come\u00e7a no dia 12 de abril","Campanha de Vacina\u00e7\u00e3o contra a Gripe","Coronav\u00edrus","COVID-19","gripe","Imuniza\u00e7\u00e3o contra a gripe","Influenza","Minist\u00e9rio da Sa\u00fade","pandemia","P\u00fablico alvo da vacina da gripe","P\u00fablico alvo da vacina\u00e7\u00e3o contra a gripe","P\u00fablico priorit\u00e1rio de vacina\u00e7\u00e3o contra a gripe","Vacina da gripe","Vacina da gripe e Covid-19","Vacina gripe","Vacina\u00e7\u00e3o contra a Gripe"],"articleSection":["Brasil","Sa\u00fade"],"inLanguage":"pt-BR","potentialAction":[{"@type":"CommentAction","name":"Comment","target":["https:\/\/aconteceunovale.com.br\/portal\/?p=176885#respond"]}]},{"@type":"WebPage","@id":"https:\/\/aconteceunovale.com.br\/portal\/?p=176885","url":"https:\/\/aconteceunovale.com.br\/portal\/?p=176885","name":"Campanha de imuniza\u00e7\u00e3o contra a gripe come\u00e7a no dia 12 de abril - Aconteceu no Vale","isPartOf":{"@id":"https:\/\/aconteceunovale.com.br\/portal\/#website"},"primaryImageOfPage":{"@id":"https:\/\/aconteceunovale.com.br\/portal\/?p=176885#primaryimage"},"image":{"@id":"https:\/\/aconteceunovale.com.br\/portal\/?p=176885#primaryimage"},"thumbnailUrl":"https:\/\/aconteceunovale.com.br\/portal\/wp-content\/uploads\/2019\/05\/vacina_gripe1.jpg","datePublished":"2021-04-09T12:52:46+00:00","dateModified":"2021-04-09T12:55:10+00:00","author":{"@id":"https:\/\/aconteceunovale.com.br\/portal\/#\/schema\/person\/7d2f26d1483f8a63de73da1ee0754d35"},"breadcrumb":{"@id":"https:\/\/aconteceunovale.com.br\/portal\/?p=176885#breadcrumb"},"inLanguage":"pt-BR","potentialAction":[{"@type":"ReadAction","target":["https:\/\/aconteceunovale.com.br\/portal\/?p=176885"]}]},{"@type":"ImageObject","inLanguage":"pt-BR","@id":"https:\/\/aconteceunovale.com.br\/portal\/?p=176885#primaryimage","url":"https:\/\/aconteceunovale.com.br\/portal\/wp-content\/uploads\/2019\/05\/vacina_gripe1.jpg","contentUrl":"https:\/\/aconteceunovale.com.br\/portal\/wp-content\/uploads\/2019\/05\/vacina_gripe1.jpg","width":674,"height":450},{"@type":"BreadcrumbList","@id":"https:\/\/aconteceunovale.com.br\/portal\/?p=176885#breadcrumb","itemListElement":[{"@type":"ListItem","position":1,"name":"In\u00edcio","item":"https:\/\/aconteceunovale.com.br\/portal\/"},{"@type":"ListItem","position":2,"name":"Campanha de imuniza\u00e7\u00e3o contra a gripe come\u00e7a no dia 12 de abril"}]},{"@type":"WebSite","@id":"https:\/\/aconteceunovale.com.br\/portal\/#website","url":"https:\/\/aconteceunovale.com.br\/portal\/","name":"Aconteceu no Vale","description":"Portal de Not\u00edcias","potentialAction":[{"@type":"SearchAction","target":{"@type":"EntryPoint","urlTemplate":"https:\/\/aconteceunovale.com.br\/portal\/?s={search_term_string}"},"query-input":{"@type":"PropertyValueSpecification","valueRequired":true,"valueName":"search_term_string"}}],"inLanguage":"pt-BR"},{"@type":"Person","@id":"https:\/\/aconteceunovale.com.br\/portal\/#\/schema\/person\/7d2f26d1483f8a63de73da1ee0754d35","name":"Reda\u00e7\u00e3o Aconteceu no Vale","description":"Equipe de reportagem do Aconteceu no Vale, portal de not\u00edcias do Vale do Jequitinhonha, em Minas Gerais. Cobrimos as 51 cidades do Vale desde 2013. Sugest\u00f5es de pauta e pedidos de corre\u00e7\u00e3o: contato@aconteceunovale.com.br","url":"https:\/\/aconteceunovale.com.br\/portal\/?author=4"}]}},"_links":{"self":[{"href":"https:\/\/aconteceunovale.com.br\/portal\/index.php?rest_route=\/wp\/v2\/posts\/176885","targetHints":{"allow":["GET"]}}],"collection":[{"href":"https:\/\/aconteceunovale.com.br\/portal\/index.php?rest_route=\/wp\/v2\/posts"}],"about":[{"href":"https:\/\/aconteceunovale.com.br\/portal\/index.php?rest_route=\/wp\/v2\/types\/post"}],"author":[{"embeddable":true,"href":"https:\/\/aconteceunovale.com.br\/portal\/index.php?rest_route=\/wp\/v2\/users\/4"}],"replies":[{"embeddable":true,"href":"https:\/\/aconteceunovale.com.br\/portal\/index.php?rest_route=%2Fwp%2Fv2%2Fcomments&post=176885"}],"version-history":[{"count":2,"href":"https:\/\/aconteceunovale.com.br\/portal\/index.php?rest_route=\/wp\/v2\/posts\/176885\/revisions"}],"predecessor-version":[{"id":176887,"href":"https:\/\/aconteceunovale.com.br\/portal\/index.php?rest_route=\/wp\/v2\/posts\/176885\/revisions\/176887"}],"wp:featuredmedia":[{"embeddable":true,"href":"https:\/\/aconteceunovale.com.br\/portal\/index.php?rest_route=\/wp\/v2\/media\/149028"}],"wp:attachment":[{"href":"https:\/\/aconteceunovale.com.br\/portal\/index.php?rest_route=%2Fwp%2Fv2%2Fmedia&parent=176885"}],"wp:term":[{"taxonomy":"category","embeddable":true,"href":"https:\/\/aconteceunovale.com.br\/portal\/index.php?rest_route=%2Fwp%2Fv2%2Fcategories&post=176885"},{"taxonomy":"post_tag","embeddable":true,"href":"https:\/\/aconteceunovale.com.br\/portal\/index.php?rest_route=%2Fwp%2Fv2%2Ftags&post=176885"}],"curies":[{"name":"wp","href":"https:\/\/api.w.org\/{rel}","templated":true}]}}