{"id":176878,"date":"2021-04-09T09:39:13","date_gmt":"2021-04-09T12:39:13","guid":{"rendered":"https:\/\/aconteceunovale.com.br\/portal\/?p=176878"},"modified":"2021-04-09T09:39:54","modified_gmt":"2021-04-09T12:39:54","slug":"prazo-de-inscricoes-para-o-sisu-2021-termina-hoje","status":"publish","type":"post","link":"https:\/\/aconteceunovale.com.br\/portal\/?p=176878","title":{"rendered":"Prazo de inscri\u00e7\u00f5es para o Sisu 2021 termina hoje"},"content":{"rendered":"\n<p class=\"wp-block-paragraph\">As inscri\u00e7\u00f5es para o processo seletivo do Sistema de Sele\u00e7\u00e3o Unificada (Sisu) do primeiro semestre de 2021 terminam, \u00e0s 23h59, desta sexta-feira (9\/4\/2021). Para a inscri\u00e7\u00e3o, n\u00e3o h\u00e1 qualquer cobran\u00e7a de taxa. O resultado est\u00e1 previsto para ser divulgado no dia 13 de abril.<\/p>\n\n\n\n<p class=\"wp-block-paragraph\">De acordo com o Minist\u00e9rio da Educa\u00e7\u00e3o, o primeiro processo seletivo de 2021 ultrapassou a marca de 2 milh\u00f5es de inscri\u00e7\u00f5es, nessa quinta-feira. At\u00e9 as 18h de ontem&nbsp;(98) foram registradas&nbsp;2,031 milh\u00f5es de inscri\u00e7\u00f5es. J\u00e1 o total de estudantes inscritos estava em 1,057 milh\u00e3o. Cada inscrito pode fazer inscri\u00e7\u00e3o em at\u00e9 dois cursos de sua escolha, por isso o dado de inscri\u00e7\u00e3o pode ser at\u00e9 o dobro do de inscritos.<\/p>\n\n\n\n<p class=\"wp-block-paragraph\">Para participar do Sisu ser\u00e1 exigido do candidato que ele tenha feito o Exame Nacional do Ensino M\u00e9dio (Enem), edi\u00e7\u00e3o de 2020, cujo\u00a0resultado\u00a0foi divulgado no \u00faltimo dia 29, obtido nota superior a zero na prova de reda\u00e7\u00e3o, e n\u00e3o tenha participado do Enem na condi\u00e7\u00e3o de treineiro.<\/p>\n\n\n\n<h2 class=\"wp-block-heading\">Inscri\u00e7\u00e3o<\/h2>\n\n\n\n<p class=\"wp-block-paragraph\">Para se inscrever o candidato deve utilizar o mesmo<em>&nbsp;login&nbsp;<\/em>cadastrado no portal de servi\u00e7os do governo federal (<a href=\"http:\/\/acesso.gov.br\/\" target=\"_blank\" rel=\"noreferrer noopener\"><strong>acesso.gov.br<\/strong><\/a>), da mesma forma que fez para acessar o resultado do Enem 2020. Por isso, o candidato deve se preparar com anteced\u00eancia para n\u00e3o ter problemas no ato da inscri\u00e7\u00e3o do Sisu, quando \u00e9 exigida a senha do cadastro no portal de servi\u00e7os. Quem precisar recuperar esses dados j\u00e1 deve providenci\u00e1-los.<\/p>\n\n\n\n<p class=\"wp-block-paragraph\">As mais de 209 mil vagas ofertadas, a maioria delas em universidades e institutos federais,&nbsp;est\u00e3o dispon\u00edveis para consulta&nbsp;desde o dia 5 de mar\u00e7o, na&nbsp;<a href=\"https:\/\/sisu.mec.gov.br\/#\/vagas\" target=\"_blank\" rel=\"noreferrer noopener\"><strong>p\u00e1gina do Sisu, na aba \u201cvagas\u201d<\/strong><\/a>.<\/p>\n\n\n\n<h2 class=\"wp-block-heading\">Cronograma<\/h2>\n\n\n\n<ul class=\"wp-block-list\"><li>Inscri\u00e7\u00f5es: de 6 a 9 de abril;<\/li><li>Resultado da chamada \u00fanica: 13 de abril;<\/li><li>Matr\u00edcula ou registro acad\u00eamico: de 14 a 19 de abril;<\/li><li>Manifestar interesse em participar da lista de espera: de 13 a 19 de abril.<\/li><\/ul>\n\n\n\n<p class=\"wp-block-paragraph\">&#8212;&#8212;&#8212;&#8212;&#8212;&#8212;<br><em>Quer receber as not\u00edcias do <strong>Aconteceu no Vale<\/strong> em primeira m\u00e3o? Siga-nos no Facebook <a rel=\"noreferrer noopener\" href=\"http:\/\/facebook.com\/aconteceunovale\" target=\"_blank\">@aconteceunovale<\/a>, Twitter <a rel=\"noreferrer noopener\" href=\"https:\/\/twitter.com\/noticiadosvales\" target=\"_blank\">@noticiadosvales<\/a> e Instagram <a rel=\"noreferrer noopener\" href=\"https:\/\/www.instagram.com\/aconteceunovale\" target=\"_blank\">@aconteceunovale<\/a>.<\/em><\/p>\n","protected":false},"excerpt":{"rendered":"<p>As inscri\u00e7\u00f5es para o processo seletivo do Sistema de Sele\u00e7\u00e3o Unificada (Sisu) do primeiro semestre de 2021 terminam, \u00e0s 23h59, desta sexta-feira (9\/4\/2021). Para a inscri\u00e7\u00e3o, n\u00e3o h\u00e1 qualquer cobran\u00e7a de taxa. O resultado est\u00e1 previsto para ser divulgado no dia 13 de abril. De acordo com o Minist\u00e9rio da Educa\u00e7\u00e3o, o primeiro processo seletivo [&hellip;]<\/p>\n","protected":false},"author":4,"featured_media":176879,"comment_status":"open","ping_status":"closed","sticky":false,"template":"","format":"standard","meta":{"amp_status":"","footnotes":""},"categories":[6,40238],"tags":[142,186,1514,253,192,195,241933,1527,241442,241446,154389,198,524,1278,1513,247,1494,160,241440,255,241443,241958,241849,241852,201,1499,204,205,1168,22390,210,1529,211,212,254,1783,217,211444,30117,3674,1779,190,1498,1522,162,152545,241850,241439,211888,241445,73555,45561,241960,241437,164,250,241436,222,241959,18174,7129,154392,241961,211889,241441,161184,241444,241851,167658,208505,154391,241438,45562],"class_list":["post-176878","post","type-post","status-publish","format-standard","has-post-thumbnail","hentry","category-br","category-educacao-2","tag-almenara","tag-aracuai","tag-arcos","tag-arinos","tag-bambui","tag-brasilia-de-minas","tag-comecam-hoje-inscricoes-para-o-sisu-2021","tag-congonhas","tag-cursos-sisu-ifmg","tag-cursos-sisu-ifnmg","tag-cursos-unimontes","tag-diamantina","tag-enem","tag-espinosa","tag-formiga","tag-governador-valadares","tag-ibirite","tag-ifmg","tag-ifmg-vai-ofertar-932-vagas-no-sisu","tag-ifnmg","tag-ifnmg-oferece-656-vagas-pelo-sisu","tag-inscricoes-para-cursos-de-graduacao-da-unimontes","tag-inscricoes-para-o-sisu-2021-comecam-amanha","tag-inscricoes-sisu-2021","tag-ipatinga","tag-itabirito","tag-janauba","tag-januaria","tag-mec","tag-ministerio-da-educacao","tag-montes-claros","tag-ouro-branco","tag-ouro-preto","tag-paracatu","tag-pirapora","tag-piumhi","tag-ponte-nova","tag-processo-seletivo-ifmg","tag-processo-seletivo-ifnmg","tag-ribeirao-das-neves","tag-sabara","tag-salinas","tag-santa-luzia","tag-sao-francisco","tag-sao-joao-evangelista","tag-selecao-unimontes","tag-sisu-2021","tag-sisu-2021-ufvjm","tag-sisu-ifmg","tag-sisu-ifnmg","tag-sisu-ufvjm","tag-sisu-unimontes","tag-sisu-unimontes-1-2021","tag-sisu-universidade-federal-dos-vales-do-jequitinhonha-e-mucuri","tag-teofilo-otoni","tag-ufvjm","tag-ufvjm-oferece-652-vagas-pelo-sisu","tag-unai","tag-unimontes-oferece-1-535-vagas-pelo-sisu","tag-universidade-estadual-de-montes-claros","tag-universidade-federal-dos-vales-do-jequitinhonha-e-mucuri","tag-vagas-em-cursos-da-unimontes","tag-vagas-em-vestibular-da-unimontes","tag-vagas-ifmg","tag-vagas-ifmg-sisu","tag-vagas-ifnmg","tag-vagas-ifnmg-sisu","tag-vagas-sisu-2021","tag-vagas-sisu-ufvjm","tag-vagas-ufvjm","tag-vagas-unimontes","tag-vagas-universidade-federal-dos-vales-do-jequitinhonha-e-mucuri","tag-vestibular-unimontes"],"yoast_head":"<!-- This site is optimized with the Yoast SEO plugin v28.3 - https:\/\/yoast.com\/product\/yoast-seo-wordpress\/ -->\n<title>Prazo de inscri\u00e7\u00f5es para o Sisu 2021 termina hoje - Aconteceu no Vale<\/title>\n<meta name=\"robots\" content=\"index, follow, max-snippet:-1, max-image-preview:large, max-video-preview:-1\" \/>\n<link rel=\"canonical\" href=\"https:\/\/aconteceunovale.com.br\/portal\/?p=176878\" \/>\n<meta property=\"og:locale\" content=\"pt_BR\" \/>\n<meta property=\"og:type\" content=\"article\" \/>\n<meta property=\"og:title\" content=\"Prazo de inscri\u00e7\u00f5es para o Sisu 2021 termina hoje - Aconteceu no Vale\" \/>\n<meta property=\"og:description\" content=\"As inscri\u00e7\u00f5es para o processo seletivo do Sistema de Sele\u00e7\u00e3o Unificada (Sisu) do primeiro semestre de 2021 terminam, \u00e0s 23h59, desta sexta-feira (9\/4\/2021). Para a inscri\u00e7\u00e3o, n\u00e3o h\u00e1 qualquer cobran\u00e7a de taxa. O resultado est\u00e1 previsto para ser divulgado no dia 13 de abril. De acordo com o Minist\u00e9rio da Educa\u00e7\u00e3o, o primeiro processo seletivo [&hellip;]\" \/>\n<meta property=\"og:url\" content=\"https:\/\/aconteceunovale.com.br\/portal\/?p=176878\" \/>\n<meta property=\"og:site_name\" content=\"Aconteceu no Vale\" \/>\n<meta property=\"article:publisher\" content=\"https:\/\/www.facebook.com\/aconteceunovale\/\" \/>\n<meta property=\"article:published_time\" content=\"2021-04-09T12:39:13+00:00\" \/>\n<meta property=\"article:modified_time\" content=\"2021-04-09T12:39:54+00:00\" \/>\n<meta property=\"og:image\" content=\"https:\/\/aconteceunovale.com.br\/portal\/wp-content\/uploads\/2021\/04\/sisu_2021.jpg\" \/>\n\t<meta property=\"og:image:width\" content=\"678\" \/>\n\t<meta property=\"og:image:height\" content=\"406\" \/>\n\t<meta property=\"og:image:type\" content=\"image\/jpeg\" \/>\n<meta name=\"author\" content=\"Reda\u00e7\u00e3o Aconteceu no Vale\" \/>\n<meta name=\"twitter:card\" content=\"summary_large_image\" \/>\n<meta name=\"twitter:creator\" content=\"@noticiadosvales\" \/>\n<meta name=\"twitter:site\" content=\"@noticiadosvales\" \/>\n<meta name=\"twitter:label1\" content=\"Escrito por\" \/>\n\t<meta name=\"twitter:data1\" content=\"Reda\u00e7\u00e3o Aconteceu no Vale\" \/>\n\t<meta name=\"twitter:label2\" content=\"Est. tempo de leitura\" \/>\n\t<meta name=\"twitter:data2\" content=\"2 minutos\" \/>\n<script type=\"application\/ld+json\" class=\"yoast-schema-graph\">{\"@context\":\"https:\\\/\\\/schema.org\",\"@graph\":[{\"@type\":\"Article\",\"@id\":\"https:\\\/\\\/aconteceunovale.com.br\\\/portal\\\/?p=176878#article\",\"isPartOf\":{\"@id\":\"https:\\\/\\\/aconteceunovale.com.br\\\/portal\\\/?p=176878\"},\"author\":{\"name\":\"Reda\u00e7\u00e3o Aconteceu no Vale\",\"@id\":\"https:\\\/\\\/aconteceunovale.com.br\\\/portal\\\/#\\\/schema\\\/person\\\/7d2f26d1483f8a63de73da1ee0754d35\"},\"headline\":\"Prazo de inscri\u00e7\u00f5es para o Sisu 2021 termina hoje\",\"datePublished\":\"2021-04-09T12:39:13+00:00\",\"dateModified\":\"2021-04-09T12:39:54+00:00\",\"mainEntityOfPage\":{\"@id\":\"https:\\\/\\\/aconteceunovale.com.br\\\/portal\\\/?p=176878\"},\"wordCount\":358,\"commentCount\":0,\"image\":{\"@id\":\"https:\\\/\\\/aconteceunovale.com.br\\\/portal\\\/?p=176878#primaryimage\"},\"thumbnailUrl\":\"https:\\\/\\\/aconteceunovale.com.br\\\/portal\\\/wp-content\\\/uploads\\\/2021\\\/04\\\/sisu_2021.jpg\",\"keywords\":[\"Almenara\",\"Ara\u00e7ua\u00ed\",\"Arcos\",\"Arinos\",\"Bambu\u00ed\",\"Bras\u00edlia de Minas\",\"Come\u00e7am hoje inscri\u00e7\u00f5es para o Sisu 2021\",\"Congonhas\",\"Cursos Sisu IFMG\",\"Cursos Sisu IFNMG\",\"Cursos Unimontes\",\"Diamantina\",\"Enem\",\"espinosa\",\"Formiga\",\"Governador Valadares\",\"Ibirit\u00e9\",\"IFMG\",\"IFMG vai ofertar 932 vagas no SISU\",\"IFNMG\",\"IFNMG oferece 656 vagas pelo Sisu\",\"Inscri\u00e7\u00f5es para cursos de gradua\u00e7\u00e3o da Unimontes\",\"Inscri\u00e7\u00f5es para o Sisu 2021 come\u00e7am amanh\u00e3\",\"Inscri\u00e7\u00f5es Sisu 2021\",\"Ipatinga\",\"Itabirito\",\"Jana\u00faba\",\"Janu\u00e1ria\",\"mec\",\"Minist\u00e9rio da Educa\u00e7\u00e3o\",\"Montes Claros\",\"Ouro Branco\",\"Ouro Preto\",\"Paracatu\",\"Pirapora\",\"Piumhi\",\"Ponte Nova\",\"Processo seletivo IFMG\",\"processo seletivo ifnmg\",\"Ribeir\u00e3o das Neves\",\"Sabar\u00e1\",\"Salinas\",\"Santa Luzia\",\"S\u00e3o Francisco\",\"S\u00e3o Jo\u00e3o Evangelista\",\"Sele\u00e7\u00e3o Unimontes\",\"Sisu 2021\",\"Sisu 2021 UFVJM\",\"Sisu IFMG\",\"Sisu IFNMG\",\"Sisu UFVJM\",\"Sisu Unimontes\",\"Sisu Unimontes 1\\\/2021\",\"Sisu Universidade Federal dos Vales do Jequitinhonha e Mucuri\",\"Te\u00f3filo Otoni\",\"UFVJM\",\"UFVJM oferece 652 vagas pelo Sisu\",\"Una\u00ed\",\"Unimontes oferece 1.535 vagas pelo Sisu\",\"Universidade Estadual de Montes Claros\",\"Universidade Federal dos Vales do Jequitinhonha e Mucuri\",\"Vagas em cursos da Unimontes\",\"Vagas em vestibular da Unimontes\",\"Vagas IFMG\",\"Vagas IFMG Sisu\",\"Vagas IFNMG\",\"Vagas IFNMG Sisu\",\"Vagas Sisu 2021\",\"Vagas Sisu UFVJM\",\"Vagas UFVJM\",\"Vagas Unimontes\",\"Vagas Universidade Federal dos Vales do Jequitinhonha e Mucuri\",\"Vestibular Unimontes\"],\"articleSection\":[\"Brasil\",\"Educa\u00e7\u00e3o\"],\"inLanguage\":\"pt-BR\",\"potentialAction\":[{\"@type\":\"CommentAction\",\"name\":\"Comment\",\"target\":[\"https:\\\/\\\/aconteceunovale.com.br\\\/portal\\\/?p=176878#respond\"]}]},{\"@type\":\"WebPage\",\"@id\":\"https:\\\/\\\/aconteceunovale.com.br\\\/portal\\\/?p=176878\",\"url\":\"https:\\\/\\\/aconteceunovale.com.br\\\/portal\\\/?p=176878\",\"name\":\"Prazo de inscri\u00e7\u00f5es para o Sisu 2021 termina hoje - Aconteceu no Vale\",\"isPartOf\":{\"@id\":\"https:\\\/\\\/aconteceunovale.com.br\\\/portal\\\/#website\"},\"primaryImageOfPage\":{\"@id\":\"https:\\\/\\\/aconteceunovale.com.br\\\/portal\\\/?p=176878#primaryimage\"},\"image\":{\"@id\":\"https:\\\/\\\/aconteceunovale.com.br\\\/portal\\\/?p=176878#primaryimage\"},\"thumbnailUrl\":\"https:\\\/\\\/aconteceunovale.com.br\\\/portal\\\/wp-content\\\/uploads\\\/2021\\\/04\\\/sisu_2021.jpg\",\"datePublished\":\"2021-04-09T12:39:13+00:00\",\"dateModified\":\"2021-04-09T12:39:54+00:00\",\"author\":{\"@id\":\"https:\\\/\\\/aconteceunovale.com.br\\\/portal\\\/#\\\/schema\\\/person\\\/7d2f26d1483f8a63de73da1ee0754d35\"},\"breadcrumb\":{\"@id\":\"https:\\\/\\\/aconteceunovale.com.br\\\/portal\\\/?p=176878#breadcrumb\"},\"inLanguage\":\"pt-BR\",\"potentialAction\":[{\"@type\":\"ReadAction\",\"target\":[\"https:\\\/\\\/aconteceunovale.com.br\\\/portal\\\/?p=176878\"]}]},{\"@type\":\"ImageObject\",\"inLanguage\":\"pt-BR\",\"@id\":\"https:\\\/\\\/aconteceunovale.com.br\\\/portal\\\/?p=176878#primaryimage\",\"url\":\"https:\\\/\\\/aconteceunovale.com.br\\\/portal\\\/wp-content\\\/uploads\\\/2021\\\/04\\\/sisu_2021.jpg\",\"contentUrl\":\"https:\\\/\\\/aconteceunovale.com.br\\\/portal\\\/wp-content\\\/uploads\\\/2021\\\/04\\\/sisu_2021.jpg\",\"width\":678,\"height\":406},{\"@type\":\"BreadcrumbList\",\"@id\":\"https:\\\/\\\/aconteceunovale.com.br\\\/portal\\\/?p=176878#breadcrumb\",\"itemListElement\":[{\"@type\":\"ListItem\",\"position\":1,\"name\":\"In\u00edcio\",\"item\":\"https:\\\/\\\/aconteceunovale.com.br\\\/portal\\\/\"},{\"@type\":\"ListItem\",\"position\":2,\"name\":\"Prazo de inscri\u00e7\u00f5es para o Sisu 2021 termina hoje\"}]},{\"@type\":\"WebSite\",\"@id\":\"https:\\\/\\\/aconteceunovale.com.br\\\/portal\\\/#website\",\"url\":\"https:\\\/\\\/aconteceunovale.com.br\\\/portal\\\/\",\"name\":\"Aconteceu no Vale\",\"description\":\"Portal de Not\u00edcias\",\"potentialAction\":[{\"@type\":\"SearchAction\",\"target\":{\"@type\":\"EntryPoint\",\"urlTemplate\":\"https:\\\/\\\/aconteceunovale.com.br\\\/portal\\\/?s={search_term_string}\"},\"query-input\":{\"@type\":\"PropertyValueSpecification\",\"valueRequired\":true,\"valueName\":\"search_term_string\"}}],\"inLanguage\":\"pt-BR\"},{\"@type\":\"Person\",\"@id\":\"https:\\\/\\\/aconteceunovale.com.br\\\/portal\\\/#\\\/schema\\\/person\\\/7d2f26d1483f8a63de73da1ee0754d35\",\"name\":\"Reda\u00e7\u00e3o Aconteceu no Vale\",\"description\":\"Equipe de reportagem do Aconteceu no Vale, portal de not\u00edcias do Vale do Jequitinhonha, em Minas Gerais. Cobrimos as 51 cidades do Vale desde 2013. Sugest\u00f5es de pauta e pedidos de corre\u00e7\u00e3o: contato@aconteceunovale.com.br\",\"url\":\"https:\\\/\\\/aconteceunovale.com.br\\\/portal\\\/?author=4\"}]}<\/script>\n<!-- \/ Yoast SEO plugin. -->","yoast_head_json":{"title":"Prazo de inscri\u00e7\u00f5es para o Sisu 2021 termina hoje - Aconteceu no Vale","robots":{"index":"index","follow":"follow","max-snippet":"max-snippet:-1","max-image-preview":"max-image-preview:large","max-video-preview":"max-video-preview:-1"},"canonical":"https:\/\/aconteceunovale.com.br\/portal\/?p=176878","og_locale":"pt_BR","og_type":"article","og_title":"Prazo de inscri\u00e7\u00f5es para o Sisu 2021 termina hoje - Aconteceu no Vale","og_description":"As inscri\u00e7\u00f5es para o processo seletivo do Sistema de Sele\u00e7\u00e3o Unificada (Sisu) do primeiro semestre de 2021 terminam, \u00e0s 23h59, desta sexta-feira (9\/4\/2021). Para a inscri\u00e7\u00e3o, n\u00e3o h\u00e1 qualquer cobran\u00e7a de taxa. O resultado est\u00e1 previsto para ser divulgado no dia 13 de abril. De acordo com o Minist\u00e9rio da Educa\u00e7\u00e3o, o primeiro processo seletivo [&hellip;]","og_url":"https:\/\/aconteceunovale.com.br\/portal\/?p=176878","og_site_name":"Aconteceu no Vale","article_publisher":"https:\/\/www.facebook.com\/aconteceunovale\/","article_published_time":"2021-04-09T12:39:13+00:00","article_modified_time":"2021-04-09T12:39:54+00:00","og_image":[{"width":678,"height":406,"url":"https:\/\/aconteceunovale.com.br\/portal\/wp-content\/uploads\/2021\/04\/sisu_2021.jpg","type":"image\/jpeg"}],"author":"Reda\u00e7\u00e3o Aconteceu no Vale","twitter_card":"summary_large_image","twitter_creator":"@noticiadosvales","twitter_site":"@noticiadosvales","twitter_misc":{"Escrito por":"Reda\u00e7\u00e3o Aconteceu no Vale","Est. tempo de leitura":"2 minutos"},"schema":{"@context":"https:\/\/schema.org","@graph":[{"@type":"Article","@id":"https:\/\/aconteceunovale.com.br\/portal\/?p=176878#article","isPartOf":{"@id":"https:\/\/aconteceunovale.com.br\/portal\/?p=176878"},"author":{"name":"Reda\u00e7\u00e3o Aconteceu no Vale","@id":"https:\/\/aconteceunovale.com.br\/portal\/#\/schema\/person\/7d2f26d1483f8a63de73da1ee0754d35"},"headline":"Prazo de inscri\u00e7\u00f5es para o Sisu 2021 termina hoje","datePublished":"2021-04-09T12:39:13+00:00","dateModified":"2021-04-09T12:39:54+00:00","mainEntityOfPage":{"@id":"https:\/\/aconteceunovale.com.br\/portal\/?p=176878"},"wordCount":358,"commentCount":0,"image":{"@id":"https:\/\/aconteceunovale.com.br\/portal\/?p=176878#primaryimage"},"thumbnailUrl":"https:\/\/aconteceunovale.com.br\/portal\/wp-content\/uploads\/2021\/04\/sisu_2021.jpg","keywords":["Almenara","Ara\u00e7ua\u00ed","Arcos","Arinos","Bambu\u00ed","Bras\u00edlia de Minas","Come\u00e7am hoje inscri\u00e7\u00f5es para o Sisu 2021","Congonhas","Cursos Sisu IFMG","Cursos Sisu IFNMG","Cursos Unimontes","Diamantina","Enem","espinosa","Formiga","Governador Valadares","Ibirit\u00e9","IFMG","IFMG vai ofertar 932 vagas no SISU","IFNMG","IFNMG oferece 656 vagas pelo Sisu","Inscri\u00e7\u00f5es para cursos de gradua\u00e7\u00e3o da Unimontes","Inscri\u00e7\u00f5es para o Sisu 2021 come\u00e7am amanh\u00e3","Inscri\u00e7\u00f5es Sisu 2021","Ipatinga","Itabirito","Jana\u00faba","Janu\u00e1ria","mec","Minist\u00e9rio da Educa\u00e7\u00e3o","Montes Claros","Ouro Branco","Ouro Preto","Paracatu","Pirapora","Piumhi","Ponte Nova","Processo seletivo IFMG","processo seletivo ifnmg","Ribeir\u00e3o das Neves","Sabar\u00e1","Salinas","Santa Luzia","S\u00e3o Francisco","S\u00e3o Jo\u00e3o Evangelista","Sele\u00e7\u00e3o Unimontes","Sisu 2021","Sisu 2021 UFVJM","Sisu IFMG","Sisu IFNMG","Sisu UFVJM","Sisu Unimontes","Sisu Unimontes 1\/2021","Sisu Universidade Federal dos Vales do Jequitinhonha e Mucuri","Te\u00f3filo Otoni","UFVJM","UFVJM oferece 652 vagas pelo Sisu","Una\u00ed","Unimontes oferece 1.535 vagas pelo Sisu","Universidade Estadual de Montes Claros","Universidade Federal dos Vales do Jequitinhonha e Mucuri","Vagas em cursos da Unimontes","Vagas em vestibular da Unimontes","Vagas IFMG","Vagas IFMG Sisu","Vagas IFNMG","Vagas IFNMG Sisu","Vagas Sisu 2021","Vagas Sisu UFVJM","Vagas UFVJM","Vagas Unimontes","Vagas Universidade Federal dos Vales do Jequitinhonha e Mucuri","Vestibular Unimontes"],"articleSection":["Brasil","Educa\u00e7\u00e3o"],"inLanguage":"pt-BR","potentialAction":[{"@type":"CommentAction","name":"Comment","target":["https:\/\/aconteceunovale.com.br\/portal\/?p=176878#respond"]}]},{"@type":"WebPage","@id":"https:\/\/aconteceunovale.com.br\/portal\/?p=176878","url":"https:\/\/aconteceunovale.com.br\/portal\/?p=176878","name":"Prazo de inscri\u00e7\u00f5es para o Sisu 2021 termina hoje - Aconteceu no Vale","isPartOf":{"@id":"https:\/\/aconteceunovale.com.br\/portal\/#website"},"primaryImageOfPage":{"@id":"https:\/\/aconteceunovale.com.br\/portal\/?p=176878#primaryimage"},"image":{"@id":"https:\/\/aconteceunovale.com.br\/portal\/?p=176878#primaryimage"},"thumbnailUrl":"https:\/\/aconteceunovale.com.br\/portal\/wp-content\/uploads\/2021\/04\/sisu_2021.jpg","datePublished":"2021-04-09T12:39:13+00:00","dateModified":"2021-04-09T12:39:54+00:00","author":{"@id":"https:\/\/aconteceunovale.com.br\/portal\/#\/schema\/person\/7d2f26d1483f8a63de73da1ee0754d35"},"breadcrumb":{"@id":"https:\/\/aconteceunovale.com.br\/portal\/?p=176878#breadcrumb"},"inLanguage":"pt-BR","potentialAction":[{"@type":"ReadAction","target":["https:\/\/aconteceunovale.com.br\/portal\/?p=176878"]}]},{"@type":"ImageObject","inLanguage":"pt-BR","@id":"https:\/\/aconteceunovale.com.br\/portal\/?p=176878#primaryimage","url":"https:\/\/aconteceunovale.com.br\/portal\/wp-content\/uploads\/2021\/04\/sisu_2021.jpg","contentUrl":"https:\/\/aconteceunovale.com.br\/portal\/wp-content\/uploads\/2021\/04\/sisu_2021.jpg","width":678,"height":406},{"@type":"BreadcrumbList","@id":"https:\/\/aconteceunovale.com.br\/portal\/?p=176878#breadcrumb","itemListElement":[{"@type":"ListItem","position":1,"name":"In\u00edcio","item":"https:\/\/aconteceunovale.com.br\/portal\/"},{"@type":"ListItem","position":2,"name":"Prazo de inscri\u00e7\u00f5es para o Sisu 2021 termina hoje"}]},{"@type":"WebSite","@id":"https:\/\/aconteceunovale.com.br\/portal\/#website","url":"https:\/\/aconteceunovale.com.br\/portal\/","name":"Aconteceu no Vale","description":"Portal de Not\u00edcias","potentialAction":[{"@type":"SearchAction","target":{"@type":"EntryPoint","urlTemplate":"https:\/\/aconteceunovale.com.br\/portal\/?s={search_term_string}"},"query-input":{"@type":"PropertyValueSpecification","valueRequired":true,"valueName":"search_term_string"}}],"inLanguage":"pt-BR"},{"@type":"Person","@id":"https:\/\/aconteceunovale.com.br\/portal\/#\/schema\/person\/7d2f26d1483f8a63de73da1ee0754d35","name":"Reda\u00e7\u00e3o Aconteceu no Vale","description":"Equipe de reportagem do Aconteceu no Vale, portal de not\u00edcias do Vale do Jequitinhonha, em Minas Gerais. Cobrimos as 51 cidades do Vale desde 2013. Sugest\u00f5es de pauta e pedidos de corre\u00e7\u00e3o: contato@aconteceunovale.com.br","url":"https:\/\/aconteceunovale.com.br\/portal\/?author=4"}]}},"_links":{"self":[{"href":"https:\/\/aconteceunovale.com.br\/portal\/index.php?rest_route=\/wp\/v2\/posts\/176878","targetHints":{"allow":["GET"]}}],"collection":[{"href":"https:\/\/aconteceunovale.com.br\/portal\/index.php?rest_route=\/wp\/v2\/posts"}],"about":[{"href":"https:\/\/aconteceunovale.com.br\/portal\/index.php?rest_route=\/wp\/v2\/types\/post"}],"author":[{"embeddable":true,"href":"https:\/\/aconteceunovale.com.br\/portal\/index.php?rest_route=\/wp\/v2\/users\/4"}],"replies":[{"embeddable":true,"href":"https:\/\/aconteceunovale.com.br\/portal\/index.php?rest_route=%2Fwp%2Fv2%2Fcomments&post=176878"}],"version-history":[{"count":1,"href":"https:\/\/aconteceunovale.com.br\/portal\/index.php?rest_route=\/wp\/v2\/posts\/176878\/revisions"}],"predecessor-version":[{"id":176880,"href":"https:\/\/aconteceunovale.com.br\/portal\/index.php?rest_route=\/wp\/v2\/posts\/176878\/revisions\/176880"}],"wp:featuredmedia":[{"embeddable":true,"href":"https:\/\/aconteceunovale.com.br\/portal\/index.php?rest_route=\/wp\/v2\/media\/176879"}],"wp:attachment":[{"href":"https:\/\/aconteceunovale.com.br\/portal\/index.php?rest_route=%2Fwp%2Fv2%2Fmedia&parent=176878"}],"wp:term":[{"taxonomy":"category","embeddable":true,"href":"https:\/\/aconteceunovale.com.br\/portal\/index.php?rest_route=%2Fwp%2Fv2%2Fcategories&post=176878"},{"taxonomy":"post_tag","embeddable":true,"href":"https:\/\/aconteceunovale.com.br\/portal\/index.php?rest_route=%2Fwp%2Fv2%2Ftags&post=176878"}],"curies":[{"name":"wp","href":"https:\/\/api.w.org\/{rel}","templated":true}]}}