{"id":176871,"date":"2021-04-09T09:12:29","date_gmt":"2021-04-09T12:12:29","guid":{"rendered":"https:\/\/aconteceunovale.com.br\/portal\/?p=176871"},"modified":"2021-04-09T09:15:17","modified_gmt":"2021-04-09T12:15:17","slug":"requerimentos-pelo-retiro-da-cidadania-portuguesa-continuam-a-subir","status":"publish","type":"post","link":"https:\/\/aconteceunovale.com.br\/portal\/?p=176871","title":{"rendered":"Requerimentos pelo retiro da cidadania portuguesa continuam a subir"},"content":{"rendered":"\n<p class=\"wp-block-paragraph\">Os requerimentos de estrangeiros continuam a aumentar e atingiram o m\u00e1ximo de todos os tempos, alcan\u00e7ando o pico de 74.000 em 2019. Portugal tornou-se, nos \u00faltimos anos, um dos locais mais disputados da Europa, situando-se frequentemente nos cinco primeiros pa\u00edses em in\u00fameras categorias de escolha por expatriados, incluindo facilidade de instala\u00e7\u00e3o e <a rel=\"noreferrer noopener\" href=\"https:\/\/aconteceunovale.com.br\/portal\/?p=131617\" target=\"_blank\">qualidade de vida local<\/a>. O apelo de Portugal \u00e9 evidente, pois eles ganham pr\u00eamios consistentemente pela beleza de suas praias, e suas cidades s\u00e3o modernas, ricas em cultura e v\u00eam sem os pre\u00e7os de aluguel excessivamente inflacionados que voc\u00ea v\u00ea nas cidades mais ao norte da Europa. Ent\u00e3o, de quem v\u00eam estes pedidos e porque querem viver em Portugal?<\/p>\n\n\n\n<figure class=\"wp-block-gallery columns-1 is-cropped wp-block-gallery-1 is-layout-flex wp-block-gallery-is-layout-flex\"><ul class=\"blocks-gallery-grid\"><li class=\"blocks-gallery-item\"><figure><img loading=\"lazy\" decoding=\"async\" width=\"675\" height=\"450\" src=\"https:\/\/aconteceunovale.com.br\/portal\/wp-content\/uploads\/2021\/04\/foto_portugal.jpg\" alt=\"\" data-id=\"176872\" data-full-url=\"https:\/\/aconteceunovale.com.br\/portal\/wp-content\/uploads\/2021\/04\/foto_portugal.jpg\" data-link=\"https:\/\/aconteceunovale.com.br\/portal\/?attachment_id=176872\" class=\"wp-image-176872\" srcset=\"https:\/\/aconteceunovale.com.br\/portal\/wp-content\/uploads\/2021\/04\/foto_portugal.jpg 675w, https:\/\/aconteceunovale.com.br\/portal\/wp-content\/uploads\/2021\/04\/foto_portugal-300x200.jpg 300w, https:\/\/aconteceunovale.com.br\/portal\/wp-content\/uploads\/2021\/04\/foto_portugal-630x420.jpg 630w\" sizes=\"auto, (max-width: 675px) 100vw, 675px\" \/><figcaption class=\"blocks-gallery-item__caption\"><em>Photo by Pedro Santos on Unsplash<\/em><\/figcaption><\/figure><\/li><\/ul><\/figure>\n\n\n\n<p class=\"wp-block-paragraph\">O n\u00famero de estrangeiros em Portugal tem aumentado continuamente ao longo da \u00faltima metade da d\u00e9cada, de 2015-2019 o pa\u00eds registou um crescimento de mais de 200.000 pessoas, o que n\u00e3o \u00e9 pequeno para um pa\u00eds com apenas 10,3 milh\u00f5es de habitantes. Os estrangeiros procuram tirar partido da elevada qualidade de vida e do r\u00e1cio de renda razo\u00e1vel que parece atrair tantos a Portugal. O aluguel em Lisboa, em m\u00e9dia, \u00e9 40,8% inferior a Paris e 59,28% inferior a Londres. Ent\u00e3o, para um brasileiro que quer se mudar para a Europa, por que escolheria um lugar mais ao norte apenas para ser explorado por pre\u00e7os exorbitantes de aluguel?<\/p>\n\n\n\n<p class=\"wp-block-paragraph\">A maioria dos estrangeiros residentes no pa\u00eds continua sendo brasileira. Compartilhar uma l\u00edngua e ter uma cultura n\u00e3o t\u00e3o diferente da sua continuam sendo fatores fortes no fasc\u00ednio do pa\u00eds ib\u00e9rico pelos jovens brasileiros. O maior grupo demogr\u00e1fico que procura por apartamentos no Brasil parece ser das gera\u00e7\u00f5es mais jovens, j\u00e1 que os jovens de 25 a 34 anos s\u00e3o os que mais visitam os sites de compra e aluguel imobili\u00e1rios. Na verdade, os brasileiros tamb\u00e9m ocupam o primeiro lugar para a maioria das visitas a Imovirtual do exterior, ent\u00e3o todos os indicadores sugerem que seu primeiro lugar como a maior comunidade estrangeira em Portugal permanecer\u00e1 incontest\u00e1vel no futuro pr\u00f3ximo.<\/p>\n\n\n\n<p class=\"wp-block-paragraph\">Em seguida na lista das maiores comunidades est\u00e3o o povo de Cabo Verde, outra na\u00e7\u00e3o de l\u00edngua portuguesa, e depois os brit\u00e2nicos. Os brit\u00e2nicos constituem a maior comunidade de expatriados do Algarve, derrotando os brasileiros no ensolarado distrito do sul, pois eles provavelmente est\u00e3o atr\u00e1s do sol, de belas praias e de uma aposentadoria calorosa.<\/p>\n\n\n\n<p class=\"wp-block-paragraph\">Para os <a href=\"https:\/\/www.etiaseu.com.br\/morar-na-europa\/\" target=\"_blank\" rel=\"noreferrer noopener\">brasileiros que procuram se mudar<\/a>, na maioria das vezes n\u00e3o \u00e9 uma casa de praia aconchegante no sul que procuram, mas <a href=\"https:\/\/www.imovirtual.com\/comprar\/apartamento\/lisboa\/\" target=\"_blank\" rel=\"noreferrer noopener\">um apartamento na cidade<\/a> com oportunidades de emprego otimistas. Lisboa, Braga e Porto encabe\u00e7am a lista das cidades mais olhadas, o que, juntamente com a maioria dos brasileiros na faixa demogr\u00e1fica mais jovem, sugere que veem o pa\u00eds como uma nova oportunidade de trabalho na Europa, e que Lisboa \u00e9 o melhor lugar para se fazer isto.<\/p>\n","protected":false},"excerpt":{"rendered":"<p>Os requerimentos de estrangeiros continuam a aumentar e atingiram o m\u00e1ximo de todos os tempos, alcan\u00e7ando o pico de 74.000 em 2019. Portugal tornou-se, nos \u00faltimos anos, um dos locais mais disputados da Europa, situando-se frequentemente nos cinco primeiros pa\u00edses em in\u00fameras categorias de escolha por expatriados, incluindo facilidade de instala\u00e7\u00e3o e qualidade de vida [&hellip;]<\/p>\n","protected":false},"author":4,"featured_media":176872,"comment_status":"open","ping_status":"closed","sticky":false,"template":"","format":"standard","meta":{"amp_status":"","footnotes":""},"categories":[28848],"tags":[242554,242549,242548,109659,174065,21036,242547,242544,242546,242545,242551,242550,242552,25559,242555,174066,242542,174067,242541,109661,18919,242553,242543,242556],"class_list":["post-176871","post","type-post","status-publish","format-standard","has-post-thumbnail","hentry","category-mundo","tag-algarve","tag-aluguel-em-lisboa","tag-aluguel-em-portugal","tag-braga","tag-brasileiros-em-portugal","tag-cabo-verde","tag-comprar-imovel-em-portugal","tag-escolha-por-portugal","tag-estrangeiros-em-portugal","tag-imoveis-em-portugal","tag-imoveis-imovirtual","tag-imovirtual","tag-imovirtual-portugal","tag-lisboa","tag-migracao-de-brasileiros-para-portugal","tag-migracao-para-portugal","tag-migrar-para-portugal","tag-mudanca-de-brasileiros-para-portugal","tag-mudanca-para-portugal","tag-porto","tag-portugal","tag-portugal-imovirtual","tag-qualidade-de-vida-em-portugal","tag-vida-em-portugal"],"yoast_head":"<!-- This site is optimized with the Yoast SEO plugin v28.3 - https:\/\/yoast.com\/product\/yoast-seo-wordpress\/ -->\n<title>Requerimentos pelo retiro da cidadania portuguesa continuam a subir - Aconteceu no Vale<\/title>\n<meta name=\"robots\" content=\"index, follow, max-snippet:-1, max-image-preview:large, max-video-preview:-1\" \/>\n<link rel=\"canonical\" href=\"https:\/\/aconteceunovale.com.br\/portal\/?p=176871\" \/>\n<meta property=\"og:locale\" content=\"pt_BR\" \/>\n<meta property=\"og:type\" content=\"article\" \/>\n<meta property=\"og:title\" content=\"Requerimentos pelo retiro da cidadania portuguesa continuam a subir - Aconteceu no Vale\" \/>\n<meta property=\"og:description\" content=\"Os requerimentos de estrangeiros continuam a aumentar e atingiram o m\u00e1ximo de todos os tempos, alcan\u00e7ando o pico de 74.000 em 2019. Portugal tornou-se, nos \u00faltimos anos, um dos locais mais disputados da Europa, situando-se frequentemente nos cinco primeiros pa\u00edses em in\u00fameras categorias de escolha por expatriados, incluindo facilidade de instala\u00e7\u00e3o e qualidade de vida [&hellip;]\" \/>\n<meta property=\"og:url\" content=\"https:\/\/aconteceunovale.com.br\/portal\/?p=176871\" \/>\n<meta property=\"og:site_name\" content=\"Aconteceu no Vale\" \/>\n<meta property=\"article:publisher\" content=\"https:\/\/www.facebook.com\/aconteceunovale\/\" \/>\n<meta property=\"article:published_time\" content=\"2021-04-09T12:12:29+00:00\" \/>\n<meta property=\"article:modified_time\" content=\"2021-04-09T12:15:17+00:00\" \/>\n<meta property=\"og:image\" content=\"https:\/\/aconteceunovale.com.br\/portal\/wp-content\/uploads\/2021\/04\/foto_portugal.jpg\" \/>\n\t<meta property=\"og:image:width\" content=\"675\" \/>\n\t<meta property=\"og:image:height\" content=\"450\" \/>\n\t<meta property=\"og:image:type\" content=\"image\/jpeg\" \/>\n<meta name=\"author\" content=\"Reda\u00e7\u00e3o Aconteceu no Vale\" \/>\n<meta name=\"twitter:card\" content=\"summary_large_image\" \/>\n<meta name=\"twitter:creator\" content=\"@noticiadosvales\" \/>\n<meta name=\"twitter:site\" content=\"@noticiadosvales\" \/>\n<meta name=\"twitter:label1\" content=\"Escrito por\" \/>\n\t<meta name=\"twitter:data1\" content=\"Reda\u00e7\u00e3o Aconteceu no Vale\" \/>\n\t<meta name=\"twitter:label2\" content=\"Est. tempo de leitura\" \/>\n\t<meta name=\"twitter:data2\" content=\"3 minutos\" \/>\n<script type=\"application\/ld+json\" class=\"yoast-schema-graph\">{\"@context\":\"https:\\\/\\\/schema.org\",\"@graph\":[{\"@type\":\"Article\",\"@id\":\"https:\\\/\\\/aconteceunovale.com.br\\\/portal\\\/?p=176871#article\",\"isPartOf\":{\"@id\":\"https:\\\/\\\/aconteceunovale.com.br\\\/portal\\\/?p=176871\"},\"author\":{\"name\":\"Reda\u00e7\u00e3o Aconteceu no Vale\",\"@id\":\"https:\\\/\\\/aconteceunovale.com.br\\\/portal\\\/#\\\/schema\\\/person\\\/7d2f26d1483f8a63de73da1ee0754d35\"},\"headline\":\"Requerimentos pelo retiro da cidadania portuguesa continuam a subir\",\"datePublished\":\"2021-04-09T12:12:29+00:00\",\"dateModified\":\"2021-04-09T12:15:17+00:00\",\"mainEntityOfPage\":{\"@id\":\"https:\\\/\\\/aconteceunovale.com.br\\\/portal\\\/?p=176871\"},\"wordCount\":514,\"commentCount\":0,\"image\":{\"@id\":\"https:\\\/\\\/aconteceunovale.com.br\\\/portal\\\/?p=176871#primaryimage\"},\"thumbnailUrl\":\"https:\\\/\\\/aconteceunovale.com.br\\\/portal\\\/wp-content\\\/uploads\\\/2021\\\/04\\\/foto_portugal.jpg\",\"keywords\":[\"Algarve\",\"Aluguel em Lisboa\",\"Aluguel em Portugal\",\"Braga\",\"Brasileiros em Portugal\",\"Cabo Verde\",\"Comprar im\u00f3vel em Portugal\",\"Escolha por Portugal\",\"Estrangeiros em Portugal\",\"Im\u00f3veis em Portugal\",\"Im\u00f3veis Imovirtual\",\"Imovirtual\",\"Imovirtual Portugal\",\"Lisboa\",\"Migra\u00e7\u00e3o de brasileiros para Portugal\",\"Migra\u00e7\u00e3o para portugal\",\"Migrar para Portugal\",\"Mudan\u00e7a de brasileiros para Portugal\",\"Mudan\u00e7a para Portugal\",\"Porto\",\"Portugal\",\"Portugal Imovirtual\",\"Qualidade de vida em Portugal\",\"Vida em Portugal\"],\"articleSection\":[\"Mundo\"],\"inLanguage\":\"pt-BR\",\"potentialAction\":[{\"@type\":\"CommentAction\",\"name\":\"Comment\",\"target\":[\"https:\\\/\\\/aconteceunovale.com.br\\\/portal\\\/?p=176871#respond\"]}]},{\"@type\":\"WebPage\",\"@id\":\"https:\\\/\\\/aconteceunovale.com.br\\\/portal\\\/?p=176871\",\"url\":\"https:\\\/\\\/aconteceunovale.com.br\\\/portal\\\/?p=176871\",\"name\":\"Requerimentos pelo retiro da cidadania portuguesa continuam a subir - Aconteceu no Vale\",\"isPartOf\":{\"@id\":\"https:\\\/\\\/aconteceunovale.com.br\\\/portal\\\/#website\"},\"primaryImageOfPage\":{\"@id\":\"https:\\\/\\\/aconteceunovale.com.br\\\/portal\\\/?p=176871#primaryimage\"},\"image\":{\"@id\":\"https:\\\/\\\/aconteceunovale.com.br\\\/portal\\\/?p=176871#primaryimage\"},\"thumbnailUrl\":\"https:\\\/\\\/aconteceunovale.com.br\\\/portal\\\/wp-content\\\/uploads\\\/2021\\\/04\\\/foto_portugal.jpg\",\"datePublished\":\"2021-04-09T12:12:29+00:00\",\"dateModified\":\"2021-04-09T12:15:17+00:00\",\"author\":{\"@id\":\"https:\\\/\\\/aconteceunovale.com.br\\\/portal\\\/#\\\/schema\\\/person\\\/7d2f26d1483f8a63de73da1ee0754d35\"},\"breadcrumb\":{\"@id\":\"https:\\\/\\\/aconteceunovale.com.br\\\/portal\\\/?p=176871#breadcrumb\"},\"inLanguage\":\"pt-BR\",\"potentialAction\":[{\"@type\":\"ReadAction\",\"target\":[\"https:\\\/\\\/aconteceunovale.com.br\\\/portal\\\/?p=176871\"]}]},{\"@type\":\"ImageObject\",\"inLanguage\":\"pt-BR\",\"@id\":\"https:\\\/\\\/aconteceunovale.com.br\\\/portal\\\/?p=176871#primaryimage\",\"url\":\"https:\\\/\\\/aconteceunovale.com.br\\\/portal\\\/wp-content\\\/uploads\\\/2021\\\/04\\\/foto_portugal.jpg\",\"contentUrl\":\"https:\\\/\\\/aconteceunovale.com.br\\\/portal\\\/wp-content\\\/uploads\\\/2021\\\/04\\\/foto_portugal.jpg\",\"width\":675,\"height\":450},{\"@type\":\"BreadcrumbList\",\"@id\":\"https:\\\/\\\/aconteceunovale.com.br\\\/portal\\\/?p=176871#breadcrumb\",\"itemListElement\":[{\"@type\":\"ListItem\",\"position\":1,\"name\":\"In\u00edcio\",\"item\":\"https:\\\/\\\/aconteceunovale.com.br\\\/portal\\\/\"},{\"@type\":\"ListItem\",\"position\":2,\"name\":\"Requerimentos pelo retiro da cidadania portuguesa continuam a subir\"}]},{\"@type\":\"WebSite\",\"@id\":\"https:\\\/\\\/aconteceunovale.com.br\\\/portal\\\/#website\",\"url\":\"https:\\\/\\\/aconteceunovale.com.br\\\/portal\\\/\",\"name\":\"Aconteceu no Vale\",\"description\":\"Portal de Not\u00edcias\",\"potentialAction\":[{\"@type\":\"SearchAction\",\"target\":{\"@type\":\"EntryPoint\",\"urlTemplate\":\"https:\\\/\\\/aconteceunovale.com.br\\\/portal\\\/?s={search_term_string}\"},\"query-input\":{\"@type\":\"PropertyValueSpecification\",\"valueRequired\":true,\"valueName\":\"search_term_string\"}}],\"inLanguage\":\"pt-BR\"},{\"@type\":\"Person\",\"@id\":\"https:\\\/\\\/aconteceunovale.com.br\\\/portal\\\/#\\\/schema\\\/person\\\/7d2f26d1483f8a63de73da1ee0754d35\",\"name\":\"Reda\u00e7\u00e3o Aconteceu no Vale\",\"description\":\"Equipe de reportagem do Aconteceu no Vale, portal de not\u00edcias do Vale do Jequitinhonha, em Minas Gerais. Cobrimos as 51 cidades do Vale desde 2013. Sugest\u00f5es de pauta e pedidos de corre\u00e7\u00e3o: contato@aconteceunovale.com.br\",\"url\":\"https:\\\/\\\/aconteceunovale.com.br\\\/portal\\\/?author=4\"}]}<\/script>\n<!-- \/ Yoast SEO plugin. -->","yoast_head_json":{"title":"Requerimentos pelo retiro da cidadania portuguesa continuam a subir - Aconteceu no Vale","robots":{"index":"index","follow":"follow","max-snippet":"max-snippet:-1","max-image-preview":"max-image-preview:large","max-video-preview":"max-video-preview:-1"},"canonical":"https:\/\/aconteceunovale.com.br\/portal\/?p=176871","og_locale":"pt_BR","og_type":"article","og_title":"Requerimentos pelo retiro da cidadania portuguesa continuam a subir - Aconteceu no Vale","og_description":"Os requerimentos de estrangeiros continuam a aumentar e atingiram o m\u00e1ximo de todos os tempos, alcan\u00e7ando o pico de 74.000 em 2019. Portugal tornou-se, nos \u00faltimos anos, um dos locais mais disputados da Europa, situando-se frequentemente nos cinco primeiros pa\u00edses em in\u00fameras categorias de escolha por expatriados, incluindo facilidade de instala\u00e7\u00e3o e qualidade de vida [&hellip;]","og_url":"https:\/\/aconteceunovale.com.br\/portal\/?p=176871","og_site_name":"Aconteceu no Vale","article_publisher":"https:\/\/www.facebook.com\/aconteceunovale\/","article_published_time":"2021-04-09T12:12:29+00:00","article_modified_time":"2021-04-09T12:15:17+00:00","og_image":[{"width":675,"height":450,"url":"https:\/\/aconteceunovale.com.br\/portal\/wp-content\/uploads\/2021\/04\/foto_portugal.jpg","type":"image\/jpeg"}],"author":"Reda\u00e7\u00e3o Aconteceu no Vale","twitter_card":"summary_large_image","twitter_creator":"@noticiadosvales","twitter_site":"@noticiadosvales","twitter_misc":{"Escrito por":"Reda\u00e7\u00e3o Aconteceu no Vale","Est. tempo de leitura":"3 minutos"},"schema":{"@context":"https:\/\/schema.org","@graph":[{"@type":"Article","@id":"https:\/\/aconteceunovale.com.br\/portal\/?p=176871#article","isPartOf":{"@id":"https:\/\/aconteceunovale.com.br\/portal\/?p=176871"},"author":{"name":"Reda\u00e7\u00e3o Aconteceu no Vale","@id":"https:\/\/aconteceunovale.com.br\/portal\/#\/schema\/person\/7d2f26d1483f8a63de73da1ee0754d35"},"headline":"Requerimentos pelo retiro da cidadania portuguesa continuam a subir","datePublished":"2021-04-09T12:12:29+00:00","dateModified":"2021-04-09T12:15:17+00:00","mainEntityOfPage":{"@id":"https:\/\/aconteceunovale.com.br\/portal\/?p=176871"},"wordCount":514,"commentCount":0,"image":{"@id":"https:\/\/aconteceunovale.com.br\/portal\/?p=176871#primaryimage"},"thumbnailUrl":"https:\/\/aconteceunovale.com.br\/portal\/wp-content\/uploads\/2021\/04\/foto_portugal.jpg","keywords":["Algarve","Aluguel em Lisboa","Aluguel em Portugal","Braga","Brasileiros em Portugal","Cabo Verde","Comprar im\u00f3vel em Portugal","Escolha por Portugal","Estrangeiros em Portugal","Im\u00f3veis em Portugal","Im\u00f3veis Imovirtual","Imovirtual","Imovirtual Portugal","Lisboa","Migra\u00e7\u00e3o de brasileiros para Portugal","Migra\u00e7\u00e3o para portugal","Migrar para Portugal","Mudan\u00e7a de brasileiros para Portugal","Mudan\u00e7a para Portugal","Porto","Portugal","Portugal Imovirtual","Qualidade de vida em Portugal","Vida em Portugal"],"articleSection":["Mundo"],"inLanguage":"pt-BR","potentialAction":[{"@type":"CommentAction","name":"Comment","target":["https:\/\/aconteceunovale.com.br\/portal\/?p=176871#respond"]}]},{"@type":"WebPage","@id":"https:\/\/aconteceunovale.com.br\/portal\/?p=176871","url":"https:\/\/aconteceunovale.com.br\/portal\/?p=176871","name":"Requerimentos pelo retiro da cidadania portuguesa continuam a subir - Aconteceu no Vale","isPartOf":{"@id":"https:\/\/aconteceunovale.com.br\/portal\/#website"},"primaryImageOfPage":{"@id":"https:\/\/aconteceunovale.com.br\/portal\/?p=176871#primaryimage"},"image":{"@id":"https:\/\/aconteceunovale.com.br\/portal\/?p=176871#primaryimage"},"thumbnailUrl":"https:\/\/aconteceunovale.com.br\/portal\/wp-content\/uploads\/2021\/04\/foto_portugal.jpg","datePublished":"2021-04-09T12:12:29+00:00","dateModified":"2021-04-09T12:15:17+00:00","author":{"@id":"https:\/\/aconteceunovale.com.br\/portal\/#\/schema\/person\/7d2f26d1483f8a63de73da1ee0754d35"},"breadcrumb":{"@id":"https:\/\/aconteceunovale.com.br\/portal\/?p=176871#breadcrumb"},"inLanguage":"pt-BR","potentialAction":[{"@type":"ReadAction","target":["https:\/\/aconteceunovale.com.br\/portal\/?p=176871"]}]},{"@type":"ImageObject","inLanguage":"pt-BR","@id":"https:\/\/aconteceunovale.com.br\/portal\/?p=176871#primaryimage","url":"https:\/\/aconteceunovale.com.br\/portal\/wp-content\/uploads\/2021\/04\/foto_portugal.jpg","contentUrl":"https:\/\/aconteceunovale.com.br\/portal\/wp-content\/uploads\/2021\/04\/foto_portugal.jpg","width":675,"height":450},{"@type":"BreadcrumbList","@id":"https:\/\/aconteceunovale.com.br\/portal\/?p=176871#breadcrumb","itemListElement":[{"@type":"ListItem","position":1,"name":"In\u00edcio","item":"https:\/\/aconteceunovale.com.br\/portal\/"},{"@type":"ListItem","position":2,"name":"Requerimentos pelo retiro da cidadania portuguesa continuam a subir"}]},{"@type":"WebSite","@id":"https:\/\/aconteceunovale.com.br\/portal\/#website","url":"https:\/\/aconteceunovale.com.br\/portal\/","name":"Aconteceu no Vale","description":"Portal de Not\u00edcias","potentialAction":[{"@type":"SearchAction","target":{"@type":"EntryPoint","urlTemplate":"https:\/\/aconteceunovale.com.br\/portal\/?s={search_term_string}"},"query-input":{"@type":"PropertyValueSpecification","valueRequired":true,"valueName":"search_term_string"}}],"inLanguage":"pt-BR"},{"@type":"Person","@id":"https:\/\/aconteceunovale.com.br\/portal\/#\/schema\/person\/7d2f26d1483f8a63de73da1ee0754d35","name":"Reda\u00e7\u00e3o Aconteceu no Vale","description":"Equipe de reportagem do Aconteceu no Vale, portal de not\u00edcias do Vale do Jequitinhonha, em Minas Gerais. Cobrimos as 51 cidades do Vale desde 2013. Sugest\u00f5es de pauta e pedidos de corre\u00e7\u00e3o: contato@aconteceunovale.com.br","url":"https:\/\/aconteceunovale.com.br\/portal\/?author=4"}]}},"_links":{"self":[{"href":"https:\/\/aconteceunovale.com.br\/portal\/index.php?rest_route=\/wp\/v2\/posts\/176871","targetHints":{"allow":["GET"]}}],"collection":[{"href":"https:\/\/aconteceunovale.com.br\/portal\/index.php?rest_route=\/wp\/v2\/posts"}],"about":[{"href":"https:\/\/aconteceunovale.com.br\/portal\/index.php?rest_route=\/wp\/v2\/types\/post"}],"author":[{"embeddable":true,"href":"https:\/\/aconteceunovale.com.br\/portal\/index.php?rest_route=\/wp\/v2\/users\/4"}],"replies":[{"embeddable":true,"href":"https:\/\/aconteceunovale.com.br\/portal\/index.php?rest_route=%2Fwp%2Fv2%2Fcomments&post=176871"}],"version-history":[{"count":1,"href":"https:\/\/aconteceunovale.com.br\/portal\/index.php?rest_route=\/wp\/v2\/posts\/176871\/revisions"}],"predecessor-version":[{"id":176873,"href":"https:\/\/aconteceunovale.com.br\/portal\/index.php?rest_route=\/wp\/v2\/posts\/176871\/revisions\/176873"}],"wp:featuredmedia":[{"embeddable":true,"href":"https:\/\/aconteceunovale.com.br\/portal\/index.php?rest_route=\/wp\/v2\/media\/176872"}],"wp:attachment":[{"href":"https:\/\/aconteceunovale.com.br\/portal\/index.php?rest_route=%2Fwp%2Fv2%2Fmedia&parent=176871"}],"wp:term":[{"taxonomy":"category","embeddable":true,"href":"https:\/\/aconteceunovale.com.br\/portal\/index.php?rest_route=%2Fwp%2Fv2%2Fcategories&post=176871"},{"taxonomy":"post_tag","embeddable":true,"href":"https:\/\/aconteceunovale.com.br\/portal\/index.php?rest_route=%2Fwp%2Fv2%2Ftags&post=176871"}],"curies":[{"name":"wp","href":"https:\/\/api.w.org\/{rel}","templated":true}]}}