{"id":176863,"date":"2021-04-08T22:42:51","date_gmt":"2021-04-09T01:42:51","guid":{"rendered":"https:\/\/aconteceunovale.com.br\/portal\/?p=176863"},"modified":"2021-04-08T22:43:43","modified_gmt":"2021-04-09T01:43:43","slug":"rodrigo-pacheco-considera-inapropriada-a-instalacao-da-cpi-da-pandemia","status":"publish","type":"post","link":"https:\/\/aconteceunovale.com.br\/portal\/?p=176863","title":{"rendered":"Rodrigo Pacheco considera &#8220;inapropriada&#8221; a instala\u00e7\u00e3o da CPI da Pandemia"},"content":{"rendered":"\n<p class=\"wp-block-paragraph\">O presidente do Senado, Rodrigo Pacheco, afirmou que \u00e9 \u201cabsolutamente inapropriada\u201d a instala\u00e7\u00e3o neste momento de uma Comiss\u00e3o Parlamentar de Inqu\u00e9rito (CPI) para investigar eventuais omiss\u00f5es do governo federal no combate \u00e0 pandemia de covid-19. Na opini\u00e3o dele, a CPI n\u00e3o far\u00e1 o papel de investiga\u00e7\u00e3o cab\u00edvel ao Minist\u00e9rio P\u00fablico, \u00e0 pol\u00edcia e aos \u00f3rg\u00e3os de controle. Servir\u00e1 apenas, disse ele, para antecipar a campanha eleitoral de 2022.<img decoding=\"async\" src=\"https:\/\/agenciabrasil.ebc.com.br\/ebc.png?id=1406296&amp;o=node\"><img decoding=\"async\" src=\"https:\/\/agenciabrasil.ebc.com.br\/ebc.gif?id=1406296&amp;o=node\"><\/p>\n\n\n\n<figure class=\"wp-block-gallery columns-1 is-cropped wp-block-gallery-1 is-layout-flex wp-block-gallery-is-layout-flex\"><ul class=\"blocks-gallery-grid\"><li class=\"blocks-gallery-item\"><figure><img loading=\"lazy\" decoding=\"async\" width=\"676\" height=\"450\" src=\"https:\/\/aconteceunovale.com.br\/portal\/wp-content\/uploads\/2021\/04\/pacheco_cpi.jpg\" alt=\"\" data-id=\"176864\" data-full-url=\"https:\/\/aconteceunovale.com.br\/portal\/wp-content\/uploads\/2021\/04\/pacheco_cpi.jpg\" data-link=\"https:\/\/aconteceunovale.com.br\/portal\/?attachment_id=176864\" class=\"wp-image-176864\" srcset=\"https:\/\/aconteceunovale.com.br\/portal\/wp-content\/uploads\/2021\/04\/pacheco_cpi.jpg 676w, https:\/\/aconteceunovale.com.br\/portal\/wp-content\/uploads\/2021\/04\/pacheco_cpi-300x200.jpg 300w, https:\/\/aconteceunovale.com.br\/portal\/wp-content\/uploads\/2021\/04\/pacheco_cpi-631x420.jpg 631w\" sizes=\"auto, (max-width: 676px) 100vw, 676px\" \/><figcaption class=\"blocks-gallery-item__caption\"><em>Foto: Divulga\u00e7\u00e3o <\/em><\/figcaption><\/figure><\/li><\/ul><\/figure>\n\n\n\n<p class=\"wp-block-paragraph\">\u201cA CPI poder\u00e1 ser um papel de antecipa\u00e7\u00e3o de discuss\u00e3o pol\u00edtico-eleitoral de 2022, de palanque pol\u00edtico que \u00e9 absolutamente inapropriado para esse momento da na\u00e7\u00e3o. Essas foram as raz\u00f5es pelas quais que me fizeram n\u00e3o instalar a Comiss\u00e3o Parlamentar de Inqu\u00e9rito at\u00e9 aqui, mas respeito a decis\u00e3o do Supremo Tribunal Federal\u201d, disse.<\/p>\n\n\n\n<p class=\"wp-block-paragraph\">No in\u00edcio da noite de hoje, o ministro do Supremo Tribunal Federal (STF) Lu\u00eds Roberto Barroso determinou que o Senado adote as medidas necess\u00e1rias para a\u00a0instala\u00e7\u00e3o da CPI. A medida foi resposta a mandado de seguran\u00e7a\u00a0dos senadores Jorge Kajuru (GO) e Alessandro Vieira (RS), ambos do Cidadania. Ao analisar o pedido de liminar, o ministro entendeu que a CPI deve ser instalada porque preenche os requisitos constitucionais, como n\u00famero m\u00ednimo de assinaturas e a exist\u00eancia de um fato determinado.\u00a0<\/p>\n\n\n\n<p class=\"wp-block-paragraph\">Mesmo contrariado, Pacheco afirmou que \u201cdecis\u00e3o judicial se cumpre\u201d e proceder\u00e1 com a instala\u00e7\u00e3o da CPI na pr\u00f3xima semana, pedindo a indica\u00e7\u00e3o dos partidos para a composi\u00e7\u00e3o da comiss\u00e3o. Pacheco falou aos jornalistas ap\u00f3s a Ordem do Dia de hoje e n\u00e3o escondeu sua contrariedade com a decis\u00e3o do Supremo. Para ele, o funcionamento da CPI neste momento poder\u00e1 coroar o fracasso do pa\u00eds no enfrentamento \u00e0 pandemia.<\/p>\n\n\n\n<p class=\"wp-block-paragraph\">\u201cPode ser o coroamento do insucesso nacional no enfrentamento da pandemia. Como se pretende apurar o passado se n\u00e3o conseguimos definir nosso presente e nosso futuro, com a\u00e7\u00f5es concretas?\u201d, disse. Para ele, Barroso n\u00e3o considerou a excepcionalidade vivida no pa\u00eds e afirmou que o funcionamento da CPI ir\u00e1 exp\u00f4r senadores, servidores e jornalistas a riscos, uma vez que a comiss\u00e3o exige a presen\u00e7a f\u00edsica dos envolvidos.<\/p>\n\n\n\n<p class=\"wp-block-paragraph\">Pacheco vinha sendo pressionado h\u00e1 v\u00e1rias semanas por v\u00e1rios senadores, sobretudo de oposi\u00e7\u00e3o, para instalar a CPI, mas sempre evitou entrar em debate com os colegas durante as sess\u00f5es. Hoje, explicou que sua decis\u00e3o se baseava na inten\u00e7\u00e3o de evitar o uso pol\u00edtico da comiss\u00e3o, freando um \u201cum ju\u00edzo de oportunidade e conveni\u00eancia\u201d da CPI.<\/p>\n\n\n\n<p class=\"wp-block-paragraph\">As CPIs s\u00e3o criadas para apurar um fato determinado e por um prazo certo. Ela pode convocar pessoas para depor, ouvir testemunhas, requisitar documentos e determinar dilig\u00eancias, entre outras medidas. Ao final dos trabalhos, a comiss\u00e3o envia \u00e0 Mesa, para conhecimento do Plen\u00e1rio, relat\u00f3rio e conclus\u00f5es. Se for o caso, suas conclus\u00f5es ser\u00e3o remetidas ao Minist\u00e9rio P\u00fablico, para que promova a responsabiliza\u00e7\u00e3o civil e criminal dos infratores.<\/p>\n\n\n\n<h2 class=\"wp-block-heading\">Governo<\/h2>\n\n\n\n<p class=\"wp-block-paragraph\">O ministro das Comunica\u00e7\u00f5es, Fabio Faria, escreveu na noite de hoje (8) em seu Twitter que, se a CPI for criada ser\u00e1 uma &#8220;vit\u00f3ria antecipada&#8221; do presidente Jair Bolsonaro. Ele tamb\u00e9m disse que em nada uma CPI vai contribuir para vencer a pandemia.<\/p>\n\n\n\n<p class=\"wp-block-paragraph\">&#8212;&#8212;&#8212;&#8212;&#8212;&#8212;<br><em>Quer receber as not\u00edcias do <strong>Aconteceu no Vale<\/strong> em primeira m\u00e3o? Siga-nos no Facebook <a rel=\"noreferrer noopener\" href=\"http:\/\/facebook.com\/aconteceunovale\" target=\"_blank\">@aconteceunovale<\/a>, Twitter <a rel=\"noreferrer noopener\" href=\"https:\/\/twitter.com\/noticiadosvales\" target=\"_blank\">@noticiadosvales<\/a> e Instagram <a rel=\"noreferrer noopener\" href=\"https:\/\/www.instagram.com\/aconteceunovale\" target=\"_blank\">@aconteceunovale<\/a>.<\/em><\/p>\n","protected":false},"excerpt":{"rendered":"<p>O presidente do Senado, Rodrigo Pacheco, afirmou que \u00e9 \u201cabsolutamente inapropriada\u201d a instala\u00e7\u00e3o neste momento de uma Comiss\u00e3o Parlamentar de Inqu\u00e9rito (CPI) para investigar eventuais omiss\u00f5es do governo federal no combate \u00e0 pandemia de covid-19. Na opini\u00e3o dele, a CPI n\u00e3o far\u00e1 o papel de investiga\u00e7\u00e3o cab\u00edvel ao Minist\u00e9rio P\u00fablico, \u00e0 pol\u00edcia e aos \u00f3rg\u00e3os [&hellip;]<\/p>\n","protected":false},"author":4,"featured_media":176864,"comment_status":"open","ping_status":"closed","sticky":false,"template":"","format":"standard","meta":{"amp_status":"","footnotes":""},"categories":[6,40240],"tags":[242521,242517,242520,214884,216498,242518,242519,102944,35138,179739,236384,140166,242522,41221,242532,242533,21938,224293,93812,213044,28511,28510],"class_list":["post-176863","post","type-post","status-publish","format-standard","has-post-thumbnail","hentry","category-br","category-politica","tag-alessandro-vieira","tag-barroso-manda-abrir-a-cpi-da-pandemia","tag-combate-a-pandemia","tag-coronavirus","tag-covid-19","tag-cpi-da-pandemia","tag-cpi-para-investigar-omissoes-do-governo-federal-no-combate-a-pandemia","tag-jorge-kajuru","tag-luis-roberto-barroso","tag-ministro-luis-roberto-barroso","tag-pacheco","tag-pandemia","tag-partido-cidadania","tag-rodrigo-pacheco","tag-rodrigo-pacheco-considera-absolutamente-inapropriada-a-instalacao-da-cpi-da-pandemia","tag-rodrigo-pacheco-considera-inapropriada-a-instalacao-da-cpi-da-pandemia","tag-senado","tag-senado-brasileiro","tag-senado-federal","tag-senador-rodrigo-pacheco","tag-stf","tag-supremo-tribunal-federal"],"yoast_head":"<!-- This site is optimized with the Yoast SEO plugin v28.3 - https:\/\/yoast.com\/product\/yoast-seo-wordpress\/ -->\n<title>Rodrigo Pacheco considera &quot;inapropriada&quot; a instala\u00e7\u00e3o da CPI da Pandemia - Aconteceu no Vale<\/title>\n<meta name=\"robots\" content=\"index, follow, max-snippet:-1, max-image-preview:large, max-video-preview:-1\" \/>\n<link rel=\"canonical\" href=\"https:\/\/aconteceunovale.com.br\/portal\/?p=176863\" \/>\n<meta property=\"og:locale\" content=\"pt_BR\" \/>\n<meta property=\"og:type\" content=\"article\" \/>\n<meta property=\"og:title\" content=\"Rodrigo Pacheco considera &quot;inapropriada&quot; a instala\u00e7\u00e3o da CPI da Pandemia - Aconteceu no Vale\" \/>\n<meta property=\"og:description\" content=\"O presidente do Senado, Rodrigo Pacheco, afirmou que \u00e9 \u201cabsolutamente inapropriada\u201d a instala\u00e7\u00e3o neste momento de uma Comiss\u00e3o Parlamentar de Inqu\u00e9rito (CPI) para investigar eventuais omiss\u00f5es do governo federal no combate \u00e0 pandemia de covid-19. Na opini\u00e3o dele, a CPI n\u00e3o far\u00e1 o papel de investiga\u00e7\u00e3o cab\u00edvel ao Minist\u00e9rio P\u00fablico, \u00e0 pol\u00edcia e aos \u00f3rg\u00e3os [&hellip;]\" \/>\n<meta property=\"og:url\" content=\"https:\/\/aconteceunovale.com.br\/portal\/?p=176863\" \/>\n<meta property=\"og:site_name\" content=\"Aconteceu no Vale\" \/>\n<meta property=\"article:publisher\" content=\"https:\/\/www.facebook.com\/aconteceunovale\/\" \/>\n<meta property=\"article:published_time\" content=\"2021-04-09T01:42:51+00:00\" \/>\n<meta property=\"article:modified_time\" content=\"2021-04-09T01:43:43+00:00\" \/>\n<meta property=\"og:image\" content=\"https:\/\/aconteceunovale.com.br\/portal\/wp-content\/uploads\/2021\/04\/pacheco_cpi.jpg\" \/>\n\t<meta property=\"og:image:width\" content=\"676\" \/>\n\t<meta property=\"og:image:height\" content=\"450\" \/>\n\t<meta property=\"og:image:type\" content=\"image\/jpeg\" \/>\n<meta name=\"author\" content=\"Reda\u00e7\u00e3o Aconteceu no Vale\" \/>\n<meta name=\"twitter:card\" content=\"summary_large_image\" \/>\n<meta name=\"twitter:creator\" content=\"@noticiadosvales\" \/>\n<meta name=\"twitter:site\" content=\"@noticiadosvales\" \/>\n<meta name=\"twitter:label1\" content=\"Escrito por\" \/>\n\t<meta name=\"twitter:data1\" content=\"Reda\u00e7\u00e3o Aconteceu no Vale\" \/>\n\t<meta name=\"twitter:label2\" content=\"Est. tempo de leitura\" \/>\n\t<meta name=\"twitter:data2\" content=\"3 minutos\" \/>\n<script type=\"application\/ld+json\" class=\"yoast-schema-graph\">{\"@context\":\"https:\\\/\\\/schema.org\",\"@graph\":[{\"@type\":\"Article\",\"@id\":\"https:\\\/\\\/aconteceunovale.com.br\\\/portal\\\/?p=176863#article\",\"isPartOf\":{\"@id\":\"https:\\\/\\\/aconteceunovale.com.br\\\/portal\\\/?p=176863\"},\"author\":{\"name\":\"Reda\u00e7\u00e3o Aconteceu no Vale\",\"@id\":\"https:\\\/\\\/aconteceunovale.com.br\\\/portal\\\/#\\\/schema\\\/person\\\/7d2f26d1483f8a63de73da1ee0754d35\"},\"headline\":\"Rodrigo Pacheco considera &#8220;inapropriada&#8221; a instala\u00e7\u00e3o da CPI da Pandemia\",\"datePublished\":\"2021-04-09T01:42:51+00:00\",\"dateModified\":\"2021-04-09T01:43:43+00:00\",\"mainEntityOfPage\":{\"@id\":\"https:\\\/\\\/aconteceunovale.com.br\\\/portal\\\/?p=176863\"},\"wordCount\":601,\"commentCount\":0,\"image\":{\"@id\":\"https:\\\/\\\/aconteceunovale.com.br\\\/portal\\\/?p=176863#primaryimage\"},\"thumbnailUrl\":\"https:\\\/\\\/aconteceunovale.com.br\\\/portal\\\/wp-content\\\/uploads\\\/2021\\\/04\\\/pacheco_cpi.jpg\",\"keywords\":[\"Alessandro Vieira\",\"Barroso manda abrir a CPI da Pandemia\",\"Combate \u00e0 pandemia\",\"Coronav\u00edrus\",\"COVID-19\",\"CPI da Pandemia\",\"CPI para investigar omiss\u00f5es do governo federal no combate \u00e0 pandemia\",\"Jorge Kajuru\",\"Luis Roberto Barroso\",\"ministro Lu\u00eds Roberto Barroso\",\"Pacheco\",\"pandemia\",\"Partido Cidadania\",\"Rodrigo Pacheco\",\"Rodrigo Pacheco considera absolutamente inapropriada a instala\u00e7\u00e3o da CPI da Pandemia\",\"Rodrigo Pacheco considera inapropriada a instala\u00e7\u00e3o da CPI da Pandemia\",\"Senado\",\"Senado brasileiro\",\"Senado Federal\",\"Senador Rodrigo Pacheco\",\"STF\",\"Supremo Tribunal Federal\"],\"articleSection\":[\"Brasil\",\"Pol\u00edtica\"],\"inLanguage\":\"pt-BR\",\"potentialAction\":[{\"@type\":\"CommentAction\",\"name\":\"Comment\",\"target\":[\"https:\\\/\\\/aconteceunovale.com.br\\\/portal\\\/?p=176863#respond\"]}]},{\"@type\":\"WebPage\",\"@id\":\"https:\\\/\\\/aconteceunovale.com.br\\\/portal\\\/?p=176863\",\"url\":\"https:\\\/\\\/aconteceunovale.com.br\\\/portal\\\/?p=176863\",\"name\":\"Rodrigo Pacheco considera \\\"inapropriada\\\" a instala\u00e7\u00e3o da CPI da Pandemia - Aconteceu no Vale\",\"isPartOf\":{\"@id\":\"https:\\\/\\\/aconteceunovale.com.br\\\/portal\\\/#website\"},\"primaryImageOfPage\":{\"@id\":\"https:\\\/\\\/aconteceunovale.com.br\\\/portal\\\/?p=176863#primaryimage\"},\"image\":{\"@id\":\"https:\\\/\\\/aconteceunovale.com.br\\\/portal\\\/?p=176863#primaryimage\"},\"thumbnailUrl\":\"https:\\\/\\\/aconteceunovale.com.br\\\/portal\\\/wp-content\\\/uploads\\\/2021\\\/04\\\/pacheco_cpi.jpg\",\"datePublished\":\"2021-04-09T01:42:51+00:00\",\"dateModified\":\"2021-04-09T01:43:43+00:00\",\"author\":{\"@id\":\"https:\\\/\\\/aconteceunovale.com.br\\\/portal\\\/#\\\/schema\\\/person\\\/7d2f26d1483f8a63de73da1ee0754d35\"},\"breadcrumb\":{\"@id\":\"https:\\\/\\\/aconteceunovale.com.br\\\/portal\\\/?p=176863#breadcrumb\"},\"inLanguage\":\"pt-BR\",\"potentialAction\":[{\"@type\":\"ReadAction\",\"target\":[\"https:\\\/\\\/aconteceunovale.com.br\\\/portal\\\/?p=176863\"]}]},{\"@type\":\"ImageObject\",\"inLanguage\":\"pt-BR\",\"@id\":\"https:\\\/\\\/aconteceunovale.com.br\\\/portal\\\/?p=176863#primaryimage\",\"url\":\"https:\\\/\\\/aconteceunovale.com.br\\\/portal\\\/wp-content\\\/uploads\\\/2021\\\/04\\\/pacheco_cpi.jpg\",\"contentUrl\":\"https:\\\/\\\/aconteceunovale.com.br\\\/portal\\\/wp-content\\\/uploads\\\/2021\\\/04\\\/pacheco_cpi.jpg\",\"width\":676,\"height\":450},{\"@type\":\"BreadcrumbList\",\"@id\":\"https:\\\/\\\/aconteceunovale.com.br\\\/portal\\\/?p=176863#breadcrumb\",\"itemListElement\":[{\"@type\":\"ListItem\",\"position\":1,\"name\":\"In\u00edcio\",\"item\":\"https:\\\/\\\/aconteceunovale.com.br\\\/portal\\\/\"},{\"@type\":\"ListItem\",\"position\":2,\"name\":\"Rodrigo Pacheco considera &#8220;inapropriada&#8221; a instala\u00e7\u00e3o da CPI da Pandemia\"}]},{\"@type\":\"WebSite\",\"@id\":\"https:\\\/\\\/aconteceunovale.com.br\\\/portal\\\/#website\",\"url\":\"https:\\\/\\\/aconteceunovale.com.br\\\/portal\\\/\",\"name\":\"Aconteceu no Vale\",\"description\":\"Portal de Not\u00edcias\",\"potentialAction\":[{\"@type\":\"SearchAction\",\"target\":{\"@type\":\"EntryPoint\",\"urlTemplate\":\"https:\\\/\\\/aconteceunovale.com.br\\\/portal\\\/?s={search_term_string}\"},\"query-input\":{\"@type\":\"PropertyValueSpecification\",\"valueRequired\":true,\"valueName\":\"search_term_string\"}}],\"inLanguage\":\"pt-BR\"},{\"@type\":\"Person\",\"@id\":\"https:\\\/\\\/aconteceunovale.com.br\\\/portal\\\/#\\\/schema\\\/person\\\/7d2f26d1483f8a63de73da1ee0754d35\",\"name\":\"Reda\u00e7\u00e3o Aconteceu no Vale\",\"description\":\"Equipe de reportagem do Aconteceu no Vale, portal de not\u00edcias do Vale do Jequitinhonha, em Minas Gerais. Cobrimos as 51 cidades do Vale desde 2013. Sugest\u00f5es de pauta e pedidos de corre\u00e7\u00e3o: contato@aconteceunovale.com.br\",\"url\":\"https:\\\/\\\/aconteceunovale.com.br\\\/portal\\\/?author=4\"}]}<\/script>\n<!-- \/ Yoast SEO plugin. -->","yoast_head_json":{"title":"Rodrigo Pacheco considera \"inapropriada\" a instala\u00e7\u00e3o da CPI da Pandemia - Aconteceu no Vale","robots":{"index":"index","follow":"follow","max-snippet":"max-snippet:-1","max-image-preview":"max-image-preview:large","max-video-preview":"max-video-preview:-1"},"canonical":"https:\/\/aconteceunovale.com.br\/portal\/?p=176863","og_locale":"pt_BR","og_type":"article","og_title":"Rodrigo Pacheco considera \"inapropriada\" a instala\u00e7\u00e3o da CPI da Pandemia - Aconteceu no Vale","og_description":"O presidente do Senado, Rodrigo Pacheco, afirmou que \u00e9 \u201cabsolutamente inapropriada\u201d a instala\u00e7\u00e3o neste momento de uma Comiss\u00e3o Parlamentar de Inqu\u00e9rito (CPI) para investigar eventuais omiss\u00f5es do governo federal no combate \u00e0 pandemia de covid-19. Na opini\u00e3o dele, a CPI n\u00e3o far\u00e1 o papel de investiga\u00e7\u00e3o cab\u00edvel ao Minist\u00e9rio P\u00fablico, \u00e0 pol\u00edcia e aos \u00f3rg\u00e3os [&hellip;]","og_url":"https:\/\/aconteceunovale.com.br\/portal\/?p=176863","og_site_name":"Aconteceu no Vale","article_publisher":"https:\/\/www.facebook.com\/aconteceunovale\/","article_published_time":"2021-04-09T01:42:51+00:00","article_modified_time":"2021-04-09T01:43:43+00:00","og_image":[{"width":676,"height":450,"url":"https:\/\/aconteceunovale.com.br\/portal\/wp-content\/uploads\/2021\/04\/pacheco_cpi.jpg","type":"image\/jpeg"}],"author":"Reda\u00e7\u00e3o Aconteceu no Vale","twitter_card":"summary_large_image","twitter_creator":"@noticiadosvales","twitter_site":"@noticiadosvales","twitter_misc":{"Escrito por":"Reda\u00e7\u00e3o Aconteceu no Vale","Est. tempo de leitura":"3 minutos"},"schema":{"@context":"https:\/\/schema.org","@graph":[{"@type":"Article","@id":"https:\/\/aconteceunovale.com.br\/portal\/?p=176863#article","isPartOf":{"@id":"https:\/\/aconteceunovale.com.br\/portal\/?p=176863"},"author":{"name":"Reda\u00e7\u00e3o Aconteceu no Vale","@id":"https:\/\/aconteceunovale.com.br\/portal\/#\/schema\/person\/7d2f26d1483f8a63de73da1ee0754d35"},"headline":"Rodrigo Pacheco considera &#8220;inapropriada&#8221; a instala\u00e7\u00e3o da CPI da Pandemia","datePublished":"2021-04-09T01:42:51+00:00","dateModified":"2021-04-09T01:43:43+00:00","mainEntityOfPage":{"@id":"https:\/\/aconteceunovale.com.br\/portal\/?p=176863"},"wordCount":601,"commentCount":0,"image":{"@id":"https:\/\/aconteceunovale.com.br\/portal\/?p=176863#primaryimage"},"thumbnailUrl":"https:\/\/aconteceunovale.com.br\/portal\/wp-content\/uploads\/2021\/04\/pacheco_cpi.jpg","keywords":["Alessandro Vieira","Barroso manda abrir a CPI da Pandemia","Combate \u00e0 pandemia","Coronav\u00edrus","COVID-19","CPI da Pandemia","CPI para investigar omiss\u00f5es do governo federal no combate \u00e0 pandemia","Jorge Kajuru","Luis Roberto Barroso","ministro Lu\u00eds Roberto Barroso","Pacheco","pandemia","Partido Cidadania","Rodrigo Pacheco","Rodrigo Pacheco considera absolutamente inapropriada a instala\u00e7\u00e3o da CPI da Pandemia","Rodrigo Pacheco considera inapropriada a instala\u00e7\u00e3o da CPI da Pandemia","Senado","Senado brasileiro","Senado Federal","Senador Rodrigo Pacheco","STF","Supremo Tribunal Federal"],"articleSection":["Brasil","Pol\u00edtica"],"inLanguage":"pt-BR","potentialAction":[{"@type":"CommentAction","name":"Comment","target":["https:\/\/aconteceunovale.com.br\/portal\/?p=176863#respond"]}]},{"@type":"WebPage","@id":"https:\/\/aconteceunovale.com.br\/portal\/?p=176863","url":"https:\/\/aconteceunovale.com.br\/portal\/?p=176863","name":"Rodrigo Pacheco considera \"inapropriada\" a instala\u00e7\u00e3o da CPI da Pandemia - Aconteceu no Vale","isPartOf":{"@id":"https:\/\/aconteceunovale.com.br\/portal\/#website"},"primaryImageOfPage":{"@id":"https:\/\/aconteceunovale.com.br\/portal\/?p=176863#primaryimage"},"image":{"@id":"https:\/\/aconteceunovale.com.br\/portal\/?p=176863#primaryimage"},"thumbnailUrl":"https:\/\/aconteceunovale.com.br\/portal\/wp-content\/uploads\/2021\/04\/pacheco_cpi.jpg","datePublished":"2021-04-09T01:42:51+00:00","dateModified":"2021-04-09T01:43:43+00:00","author":{"@id":"https:\/\/aconteceunovale.com.br\/portal\/#\/schema\/person\/7d2f26d1483f8a63de73da1ee0754d35"},"breadcrumb":{"@id":"https:\/\/aconteceunovale.com.br\/portal\/?p=176863#breadcrumb"},"inLanguage":"pt-BR","potentialAction":[{"@type":"ReadAction","target":["https:\/\/aconteceunovale.com.br\/portal\/?p=176863"]}]},{"@type":"ImageObject","inLanguage":"pt-BR","@id":"https:\/\/aconteceunovale.com.br\/portal\/?p=176863#primaryimage","url":"https:\/\/aconteceunovale.com.br\/portal\/wp-content\/uploads\/2021\/04\/pacheco_cpi.jpg","contentUrl":"https:\/\/aconteceunovale.com.br\/portal\/wp-content\/uploads\/2021\/04\/pacheco_cpi.jpg","width":676,"height":450},{"@type":"BreadcrumbList","@id":"https:\/\/aconteceunovale.com.br\/portal\/?p=176863#breadcrumb","itemListElement":[{"@type":"ListItem","position":1,"name":"In\u00edcio","item":"https:\/\/aconteceunovale.com.br\/portal\/"},{"@type":"ListItem","position":2,"name":"Rodrigo Pacheco considera &#8220;inapropriada&#8221; a instala\u00e7\u00e3o da CPI da Pandemia"}]},{"@type":"WebSite","@id":"https:\/\/aconteceunovale.com.br\/portal\/#website","url":"https:\/\/aconteceunovale.com.br\/portal\/","name":"Aconteceu no Vale","description":"Portal de Not\u00edcias","potentialAction":[{"@type":"SearchAction","target":{"@type":"EntryPoint","urlTemplate":"https:\/\/aconteceunovale.com.br\/portal\/?s={search_term_string}"},"query-input":{"@type":"PropertyValueSpecification","valueRequired":true,"valueName":"search_term_string"}}],"inLanguage":"pt-BR"},{"@type":"Person","@id":"https:\/\/aconteceunovale.com.br\/portal\/#\/schema\/person\/7d2f26d1483f8a63de73da1ee0754d35","name":"Reda\u00e7\u00e3o Aconteceu no Vale","description":"Equipe de reportagem do Aconteceu no Vale, portal de not\u00edcias do Vale do Jequitinhonha, em Minas Gerais. Cobrimos as 51 cidades do Vale desde 2013. Sugest\u00f5es de pauta e pedidos de corre\u00e7\u00e3o: contato@aconteceunovale.com.br","url":"https:\/\/aconteceunovale.com.br\/portal\/?author=4"}]}},"_links":{"self":[{"href":"https:\/\/aconteceunovale.com.br\/portal\/index.php?rest_route=\/wp\/v2\/posts\/176863","targetHints":{"allow":["GET"]}}],"collection":[{"href":"https:\/\/aconteceunovale.com.br\/portal\/index.php?rest_route=\/wp\/v2\/posts"}],"about":[{"href":"https:\/\/aconteceunovale.com.br\/portal\/index.php?rest_route=\/wp\/v2\/types\/post"}],"author":[{"embeddable":true,"href":"https:\/\/aconteceunovale.com.br\/portal\/index.php?rest_route=\/wp\/v2\/users\/4"}],"replies":[{"embeddable":true,"href":"https:\/\/aconteceunovale.com.br\/portal\/index.php?rest_route=%2Fwp%2Fv2%2Fcomments&post=176863"}],"version-history":[{"count":1,"href":"https:\/\/aconteceunovale.com.br\/portal\/index.php?rest_route=\/wp\/v2\/posts\/176863\/revisions"}],"predecessor-version":[{"id":176865,"href":"https:\/\/aconteceunovale.com.br\/portal\/index.php?rest_route=\/wp\/v2\/posts\/176863\/revisions\/176865"}],"wp:featuredmedia":[{"embeddable":true,"href":"https:\/\/aconteceunovale.com.br\/portal\/index.php?rest_route=\/wp\/v2\/media\/176864"}],"wp:attachment":[{"href":"https:\/\/aconteceunovale.com.br\/portal\/index.php?rest_route=%2Fwp%2Fv2%2Fmedia&parent=176863"}],"wp:term":[{"taxonomy":"category","embeddable":true,"href":"https:\/\/aconteceunovale.com.br\/portal\/index.php?rest_route=%2Fwp%2Fv2%2Fcategories&post=176863"},{"taxonomy":"post_tag","embeddable":true,"href":"https:\/\/aconteceunovale.com.br\/portal\/index.php?rest_route=%2Fwp%2Fv2%2Ftags&post=176863"}],"curies":[{"name":"wp","href":"https:\/\/api.w.org\/{rel}","templated":true}]}}