{"id":17685,"date":"2014-01-06T15:56:22","date_gmt":"2014-01-06T17:56:22","guid":{"rendered":"http:\/\/aconteceunovale.com.br\/portal\/?p=17685"},"modified":"2014-01-06T18:36:07","modified_gmt":"2014-01-06T20:36:07","slug":"suspeito-de-comandar-o-trafico-em-bairro-de-almenara-e-preso-com-comparsas","status":"publish","type":"post","link":"https:\/\/aconteceunovale.com.br\/portal\/?p=17685","title":{"rendered":"Suspeito de comandar o tr\u00e1fico em bairro de Almenara \u00e9 preso com comparsas"},"content":{"rendered":"<p>Atrav\u00e9s de den\u00fancias an\u00f4nimas, quatro das seis pessoas identificadas como suspeitas de envolvimento com tr\u00e1fico de drogas no Bairro Planalto, em Almenara\/MG, foram presas na noite de sexta-feira (03\/01). As den\u00fancias relatavam sobre dois grupos disputando espa\u00e7o por tr\u00e1fico de drogas na regi\u00e3o. Al\u00e9m de disparos de armas de fogo.<\/p>\n<p>Durante a a\u00e7\u00e3o policial, um menor tentou fugir e jogou fora um rev\u00f3lver calibre 38. O suspeito foi localizado e apreendido juntamente com a arma. <\/p>\n<p>Na casa denunciada foi encontrada uma carabina calibre 22 e um rev\u00f3lver calibre 38. Outro menor foi aprendido e um adulto foi preso na casa. <\/p>\n<p>Um rapaz de 23 anos, suspeito de chefiar o grupo e comandar o tr\u00e1fico de droga no bairro Planalto, conhecido como Vila Serrana, foi preso escondido em um barrac\u00e3o. <\/p>\n<p>Ao todo, tr\u00eas armas e diversas muni\u00e7\u00f5es foram apreendidas na opera\u00e7\u00e3o, sendo dois rev\u00f3lveres calibre 38 e uma carabina calibre 22.<\/p>\n<p>Todos os suspeitos e as armas foram encaminhados para a Delegacia.<\/p>\n<p><img decoding=\"async\" src=\"http:\/\/aconteceunovale.com.br\/portal\/wp-content\/uploads\/2014\/01\/traficante_preso_em_almenara_com_comparsas.jpg\" alt=\"\" \/><br \/>\n<strong><em>Material apreendido na opera\u00e7\u00e3o<\/em><\/strong><\/p>\n<p><em>Via Radar do Vale<\/em><\/p>\n","protected":false},"excerpt":{"rendered":"<p>Atrav\u00e9s de den\u00fancias an\u00f4nimas, quatro das seis pessoas identificadas como suspeitas de envolvimento com tr\u00e1fico de drogas no Bairro Planalto, em Almenara\/MG, foram presas na noite de sexta-feira (03\/01). As den\u00fancias relatavam sobre dois grupos disputando espa\u00e7o por tr\u00e1fico de drogas na regi\u00e3o. Al\u00e9m de disparos de armas de fogo. Durante a a\u00e7\u00e3o policial, um [&hellip;]<\/p>\n","protected":false},"author":1,"featured_media":0,"comment_status":"open","ping_status":"closed","sticky":false,"template":"","format":"standard","meta":{"amp_status":"","footnotes":""},"categories":[120],"tags":[142,2555],"class_list":["post-17685","post","type-post","status-publish","format-standard","hentry","category-jequi","tag-almenara","tag-suspeito-de-comandar-o-trafico-em-bairro-de-almenara-e-preso-com-comparsas"],"_links":{"self":[{"href":"https:\/\/aconteceunovale.com.br\/portal\/index.php?rest_route=\/wp\/v2\/posts\/17685","targetHints":{"allow":["GET"]}}],"collection":[{"href":"https:\/\/aconteceunovale.com.br\/portal\/index.php?rest_route=\/wp\/v2\/posts"}],"about":[{"href":"https:\/\/aconteceunovale.com.br\/portal\/index.php?rest_route=\/wp\/v2\/types\/post"}],"author":[{"embeddable":true,"href":"https:\/\/aconteceunovale.com.br\/portal\/index.php?rest_route=\/wp\/v2\/users\/1"}],"replies":[{"embeddable":true,"href":"https:\/\/aconteceunovale.com.br\/portal\/index.php?rest_route=%2Fwp%2Fv2%2Fcomments&post=17685"}],"version-history":[{"count":0,"href":"https:\/\/aconteceunovale.com.br\/portal\/index.php?rest_route=\/wp\/v2\/posts\/17685\/revisions"}],"wp:attachment":[{"href":"https:\/\/aconteceunovale.com.br\/portal\/index.php?rest_route=%2Fwp%2Fv2%2Fmedia&parent=17685"}],"wp:term":[{"taxonomy":"category","embeddable":true,"href":"https:\/\/aconteceunovale.com.br\/portal\/index.php?rest_route=%2Fwp%2Fv2%2Fcategories&post=17685"},{"taxonomy":"post_tag","embeddable":true,"href":"https:\/\/aconteceunovale.com.br\/portal\/index.php?rest_route=%2Fwp%2Fv2%2Ftags&post=17685"}],"curies":[{"name":"wp","href":"https:\/\/api.w.org\/{rel}","templated":true}]}}