{"id":176845,"date":"2021-04-08T20:13:05","date_gmt":"2021-04-08T23:13:05","guid":{"rendered":"https:\/\/aconteceunovale.com.br\/portal\/?p=176845"},"modified":"2021-04-08T20:13:37","modified_gmt":"2021-04-08T23:13:37","slug":"supremo-decide-que-prefeitos-e-governadores-podem-proibir-cultos-presenciais-durante-a-pandemia","status":"publish","type":"post","link":"https:\/\/aconteceunovale.com.br\/portal\/?p=176845","title":{"rendered":"Supremo decide que prefeitos e governadores podem proibir cultos presenciais durante a pandemia"},"content":{"rendered":"\n<p class=\"wp-block-paragraph\">O Supremo Tribunal Federal (STF) decidiu que\u00a0hoje\u00a0(8\/4\/2021) que prefeitos e governadores podem proibir a realiza\u00e7\u00e3o\u00a0de cultos religiosos presenciais para conter a dissemina\u00e7\u00e3o da Covid-19.<\/p>\n\n\n\n<figure class=\"wp-block-gallery columns-1 is-cropped wp-block-gallery-1 is-layout-flex wp-block-gallery-is-layout-flex\"><ul class=\"blocks-gallery-grid\"><li class=\"blocks-gallery-item\"><figure><img loading=\"lazy\" decoding=\"async\" width=\"660\" height=\"372\" src=\"https:\/\/aconteceunovale.com.br\/portal\/wp-content\/uploads\/2021\/04\/igreja_vazia.jpg\" alt=\"\" data-id=\"176846\" data-full-url=\"https:\/\/aconteceunovale.com.br\/portal\/wp-content\/uploads\/2021\/04\/igreja_vazia.jpg\" data-link=\"https:\/\/aconteceunovale.com.br\/portal\/?attachment_id=176846\" class=\"wp-image-176846\" srcset=\"https:\/\/aconteceunovale.com.br\/portal\/wp-content\/uploads\/2021\/04\/igreja_vazia.jpg 660w, https:\/\/aconteceunovale.com.br\/portal\/wp-content\/uploads\/2021\/04\/igreja_vazia-300x169.jpg 300w\" sizes=\"auto, (max-width: 660px) 100vw, 660px\" \/><figcaption class=\"blocks-gallery-item__caption\"><em>Foto: Divulga\u00e7\u00e3o \/ Diocese de S\u00e3o Jo\u00e3o Del-Rei<\/em><\/figcaption><\/figure><\/li><\/ul><\/figure>\n\n\n\n<p class=\"wp-block-paragraph\">A decis\u00e3o da Corte n\u00e3o obriga o fechamento total de templos religiosos. No entanto, a partir de agora, os governadores e prefeitos que quiserem adotar a medida est\u00e3o liberados pelo STF.&nbsp;<\/p>\n\n\n\n<p class=\"wp-block-paragraph\">Por 9 votos a 2,&nbsp;a Corte validou o decreto do Estado de S\u00e3o Paulo que vetou a realiza\u00e7\u00e3o de atividades coletivas por um per\u00edodo determinado para impedir aglomera\u00e7\u00f5es de pessoas.&nbsp;<\/p>\n\n\n\n<p class=\"wp-block-paragraph\">O placar da vota\u00e7\u00e3o foi obtido com base no voto do relator, ministro Gilmar Mendes, que decidiu&nbsp;ontem&nbsp;(7) para validar o decreto.&nbsp;<\/p>\n\n\n\n<p class=\"wp-block-paragraph\">No in\u00edcio da sess\u00e3o de&nbsp;hoje, o ministro Nunes Marques votou pela ilegalidade dos decretos que determinam o fechamento total de templos. Segundo o ministro, al\u00e9m da crise de sa\u00fade provocada pela pandemia, o pa\u00eds tamb\u00e9m passa por uma \u201ccrise nos direitos individuais e coletivos\u201d. Para Nunes Marques, a Constitui\u00e7\u00e3o n\u00e3o pode ser descumprida temporariamente.&nbsp;<\/p>\n\n\n\n<p class=\"wp-block-paragraph\">\u201cCriou-se uma atmosfera de intoler\u00e2ncia, na qual n\u00e3o se pode mais falar sobre os direitos das pessoas, porque isso \u00e9 logo taxado de negacionismo e outros \u2018\u00edsmos\u2019 semelhantes, numa mon\u00f3tona cantilena que pretende transformar em \u00f3bvio o que \u00e9 apenas uma opini\u00e3o\u201d, afirmou.&nbsp;<\/p>\n\n\n\n<p class=\"wp-block-paragraph\">Na semana passada, em uma decis\u00e3o individual, o ministro atendeu pedido de liminar pela Associa\u00e7\u00e3o Nacional de Juristas Evang\u00e9licos (Anajure) e liberou a realiza\u00e7\u00e3o de cultos, desde que os protocolos sanit\u00e1rios sejam respeitados, como ocupa\u00e7\u00e3o m\u00e1xima de 25%, distanciamento social e uso obrigat\u00f3rio de m\u00e1scara.&nbsp;<\/p>\n\n\n\n<p class=\"wp-block-paragraph\">O voto de Marques foi seguido pelo ministro Dias Toffoli.&nbsp;<\/p>\n\n\n\n<p class=\"wp-block-paragraph\">Em seguida, os ministros os ministros Alexandre de Moraes, Edson Fachin, Lu\u00eds Roberto Barroso, Rosa Weber, C\u00e1rmen L\u00facia, Ricardo Lewandowski, Marco Aur\u00e9lio, e o presidente, Luiz Fux&nbsp;tamb\u00e9m votaram a favor da restri\u00e7\u00e3o.&nbsp;<\/p>\n\n\n\n<p class=\"wp-block-paragraph\">Em sua manifesta\u00e7\u00e3o, Moraes disse que o Estado n\u00e3o deve levar em conta quest\u00f5es religiosas para tomar suas decis\u00f5es.&nbsp;<\/p>\n\n\n\n<p class=\"wp-block-paragraph\">\u201cA liberdade religiosa tem dupla fun\u00e7\u00e3o. Proteger todas as f\u00e9s e afastar o Estado laico de&nbsp;ter&nbsp;de levar em conta dogmas religiosos para tomar decis\u00f5es fundamentais para a sobreviv\u00eancia de seus cidad\u00e3os. O Estado n\u00e3o se mete na f\u00e9, a f\u00e9 n\u00e3o se mete no estado\u201d, afirmou.&nbsp;<\/p>\n\n\n\n<h2 class=\"wp-block-heading\">AGU<\/h2>\n\n\n\n<p class=\"wp-block-paragraph\">Ontem\u00a0(7), no in\u00edcio do julgamento, o advogado-geral da Uni\u00e3o, Andr\u00e9 Mendon\u00e7a, afirmou que a Constitui\u00e7\u00e3o Federal n\u00e3o compactua com o fechamento absoluto de templos religiosos. Durante sua sustenta\u00e7\u00e3o, o ministro da Advocacia Geral da Uni\u00e3o (AGU) tamb\u00e9m criticou medidas de toque de recolher adotadas por prefeitos e governadores. \u201cMedida de toque de recolher \u00e9 incompat\u00edvel com o Estado Democr\u00e1tico de direito. N\u00e3o \u00e9 medida de preven\u00e7\u00e3o \u00e0 doen\u00e7a, \u00e9 medida de medida de repress\u00e3o pr\u00f3pria de Estados totalit\u00e1rios\u201d, afirmou.\u00a0<\/p>\n\n\n\n<p class=\"wp-block-paragraph\">&#8212;&#8212;&#8212;&#8212;&#8212;&#8212;<br><em>Quer receber as not\u00edcias do <strong>Aconteceu no Vale<\/strong> em primeira m\u00e3o? Siga-nos no Facebook <a rel=\"noreferrer noopener\" href=\"http:\/\/facebook.com\/aconteceunovale\" target=\"_blank\">@aconteceunovale<\/a>, Twitter <a rel=\"noreferrer noopener\" href=\"https:\/\/twitter.com\/noticiadosvales\" target=\"_blank\">@noticiadosvales<\/a> e Instagram <a rel=\"noreferrer noopener\" href=\"https:\/\/www.instagram.com\/aconteceunovale\" target=\"_blank\">@aconteceunovale<\/a>.<\/em><\/p>\n","protected":false},"excerpt":{"rendered":"<p>O Supremo Tribunal Federal (STF) decidiu que\u00a0hoje\u00a0(8\/4\/2021) que prefeitos e governadores podem proibir a realiza\u00e7\u00e3o\u00a0de cultos religiosos presenciais para conter a dissemina\u00e7\u00e3o da Covid-19. A decis\u00e3o da Corte n\u00e3o obriga o fechamento total de templos religiosos. No entanto, a partir de agora, os governadores e prefeitos que quiserem adotar a medida est\u00e3o liberados pelo STF.&nbsp; [&hellip;]<\/p>\n","protected":false},"author":4,"featured_media":176846,"comment_status":"open","ping_status":"closed","sticky":false,"template":"","format":"standard","meta":{"amp_status":"","footnotes":""},"categories":[6,40240,40242],"tags":[241726,241728,241725,241717,2756,82138,214884,216498,242268,241715,1018,47612,1102,241716,241720,241719,241721,122875,241713,241714,240449,241718,218365,242269,241724,241723,241722,241727,219312,71171,28511,242503,28510],"class_list":["post-176845","post","type-post","status-publish","format-standard","has-post-thumbnail","hentry","category-br","category-politica","category-saude-2","tag-anajure","tag-armacao-dos-buzios","tag-associacao-nacional-de-juristas-evangelicos","tag-autorizacao-para-celebracoes-religiosas-presenciais","tag-bebedouro","tag-cajamar","tag-coronavirus","tag-covid-19","tag-cultos-religiosos-presenciais","tag-decisao-do-ministro-nunes-marques-sobre-celebracoes-religiosas-presenciais","tag-destaque","tag-gilmar-mendes","tag-joao-monlevade","tag-liberacao-de-celebracoes-religiosas-presenciais","tag-liberacao-de-cultos-presenciais","tag-liberacao-de-cultos-religiosos","tag-liberacao-de-missas","tag-macapa","tag-ministro-nunes-marques","tag-ministro-nunes-marques-celebracoes-religiosas-presenciais","tag-nunes-marques","tag-pandemia-a-covid-19","tag-pandemia-do-coronavirus","tag-proibicao-de-cultos-religiosos-presenciais","tag-regras-para-celebracoes-religiosas-presenciais","tag-regras-para-cultos-presenciais","tag-regras-para-missas-presenciais","tag-rio-brilhante","tag-sars-cov-2","tag-serrinha","tag-stf","tag-supremo-decide-que-prefeitos-e-governadores-podem-proibir-cultos-presenciais-durante-a-pandemia","tag-supremo-tribunal-federal"],"yoast_head":"<!-- This site is optimized with the Yoast SEO plugin v28.3 - https:\/\/yoast.com\/product\/yoast-seo-wordpress\/ -->\n<title>Supremo decide que prefeitos e governadores podem proibir cultos presenciais durante a pandemia - Aconteceu no Vale<\/title>\n<meta name=\"robots\" content=\"index, follow, max-snippet:-1, max-image-preview:large, max-video-preview:-1\" \/>\n<link rel=\"canonical\" href=\"https:\/\/aconteceunovale.com.br\/portal\/?p=176845\" \/>\n<meta property=\"og:locale\" content=\"pt_BR\" \/>\n<meta property=\"og:type\" content=\"article\" \/>\n<meta property=\"og:title\" content=\"Supremo decide que prefeitos e governadores podem proibir cultos presenciais durante a pandemia - Aconteceu no Vale\" \/>\n<meta property=\"og:description\" content=\"O Supremo Tribunal Federal (STF) decidiu que\u00a0hoje\u00a0(8\/4\/2021) que prefeitos e governadores podem proibir a realiza\u00e7\u00e3o\u00a0de cultos religiosos presenciais para conter a dissemina\u00e7\u00e3o da Covid-19. A decis\u00e3o da Corte n\u00e3o obriga o fechamento total de templos religiosos. No entanto, a partir de agora, os governadores e prefeitos que quiserem adotar a medida est\u00e3o liberados pelo STF.&nbsp; [&hellip;]\" \/>\n<meta property=\"og:url\" content=\"https:\/\/aconteceunovale.com.br\/portal\/?p=176845\" \/>\n<meta property=\"og:site_name\" content=\"Aconteceu no Vale\" \/>\n<meta property=\"article:publisher\" content=\"https:\/\/www.facebook.com\/aconteceunovale\/\" \/>\n<meta property=\"article:published_time\" content=\"2021-04-08T23:13:05+00:00\" \/>\n<meta property=\"article:modified_time\" content=\"2021-04-08T23:13:37+00:00\" \/>\n<meta property=\"og:image\" content=\"https:\/\/aconteceunovale.com.br\/portal\/wp-content\/uploads\/2021\/04\/igreja_vazia.jpg\" \/>\n\t<meta property=\"og:image:width\" content=\"660\" \/>\n\t<meta property=\"og:image:height\" content=\"372\" \/>\n\t<meta property=\"og:image:type\" content=\"image\/jpeg\" \/>\n<meta name=\"author\" content=\"Reda\u00e7\u00e3o Aconteceu no Vale\" \/>\n<meta name=\"twitter:card\" content=\"summary_large_image\" \/>\n<meta name=\"twitter:creator\" content=\"@noticiadosvales\" \/>\n<meta name=\"twitter:site\" content=\"@noticiadosvales\" \/>\n<meta name=\"twitter:label1\" content=\"Escrito por\" \/>\n\t<meta name=\"twitter:data1\" content=\"Reda\u00e7\u00e3o Aconteceu no Vale\" \/>\n\t<meta name=\"twitter:label2\" content=\"Est. tempo de leitura\" \/>\n\t<meta name=\"twitter:data2\" content=\"3 minutos\" \/>\n<script type=\"application\/ld+json\" class=\"yoast-schema-graph\">{\"@context\":\"https:\\\/\\\/schema.org\",\"@graph\":[{\"@type\":\"Article\",\"@id\":\"https:\\\/\\\/aconteceunovale.com.br\\\/portal\\\/?p=176845#article\",\"isPartOf\":{\"@id\":\"https:\\\/\\\/aconteceunovale.com.br\\\/portal\\\/?p=176845\"},\"author\":{\"name\":\"Reda\u00e7\u00e3o Aconteceu no Vale\",\"@id\":\"https:\\\/\\\/aconteceunovale.com.br\\\/portal\\\/#\\\/schema\\\/person\\\/7d2f26d1483f8a63de73da1ee0754d35\"},\"headline\":\"Supremo decide que prefeitos e governadores podem proibir cultos presenciais durante a pandemia\",\"datePublished\":\"2021-04-08T23:13:05+00:00\",\"dateModified\":\"2021-04-08T23:13:37+00:00\",\"mainEntityOfPage\":{\"@id\":\"https:\\\/\\\/aconteceunovale.com.br\\\/portal\\\/?p=176845\"},\"wordCount\":561,\"commentCount\":0,\"image\":{\"@id\":\"https:\\\/\\\/aconteceunovale.com.br\\\/portal\\\/?p=176845#primaryimage\"},\"thumbnailUrl\":\"https:\\\/\\\/aconteceunovale.com.br\\\/portal\\\/wp-content\\\/uploads\\\/2021\\\/04\\\/igreja_vazia.jpg\",\"keywords\":[\"Anajure\",\"Arma\u00e7\u00e3o dos B\u00fazios\",\"Associa\u00e7\u00e3o Nacional de Juristas Evang\u00e9licos\",\"Autoriza\u00e7\u00e3o para celebra\u00e7\u00f5es religiosas presenciais\",\"Bebedouro\",\"Cajamar\",\"Coronav\u00edrus\",\"COVID-19\",\"Cultos religiosos presenciais\",\"Decis\u00e3o do Ministro Nunes Marques sobre celebra\u00e7\u00f5es religiosas presenciais\",\"destaque\",\"Gilmar Mendes\",\"Jo\u00e3o Monlevade\",\"Libera\u00e7\u00e3o de celebra\u00e7\u00f5es religiosas presenciais\",\"Libera\u00e7\u00e3o de cultos presenciais\",\"Libera\u00e7\u00e3o de cultos religiosos\",\"Libera\u00e7\u00e3o de missas\",\"Macap\u00e1\",\"Ministro Nunes Marques\",\"Ministro Nunes Marques celebra\u00e7\u00f5es religiosas presenciais\",\"Nunes Marques\",\"Pandemia a Covid-19\",\"Pandemia do coronav\u00edrus\",\"Proibi\u00e7\u00e3o de cultos religiosos presenciais\",\"Regras para celebra\u00e7\u00f5es religiosas presenciais\",\"Regras para cultos presenciais\",\"Regras para missas presenciais\",\"Rio Brilhante\",\"Sars-Cov-2\",\"Serrinha\",\"STF\",\"Supremo decide que prefeitos e governadores podem proibir cultos presenciais durante a pandemia\",\"Supremo Tribunal Federal\"],\"articleSection\":[\"Brasil\",\"Pol\u00edtica\",\"Sa\u00fade\"],\"inLanguage\":\"pt-BR\",\"potentialAction\":[{\"@type\":\"CommentAction\",\"name\":\"Comment\",\"target\":[\"https:\\\/\\\/aconteceunovale.com.br\\\/portal\\\/?p=176845#respond\"]}]},{\"@type\":\"WebPage\",\"@id\":\"https:\\\/\\\/aconteceunovale.com.br\\\/portal\\\/?p=176845\",\"url\":\"https:\\\/\\\/aconteceunovale.com.br\\\/portal\\\/?p=176845\",\"name\":\"Supremo decide que prefeitos e governadores podem proibir cultos presenciais durante a pandemia - Aconteceu no Vale\",\"isPartOf\":{\"@id\":\"https:\\\/\\\/aconteceunovale.com.br\\\/portal\\\/#website\"},\"primaryImageOfPage\":{\"@id\":\"https:\\\/\\\/aconteceunovale.com.br\\\/portal\\\/?p=176845#primaryimage\"},\"image\":{\"@id\":\"https:\\\/\\\/aconteceunovale.com.br\\\/portal\\\/?p=176845#primaryimage\"},\"thumbnailUrl\":\"https:\\\/\\\/aconteceunovale.com.br\\\/portal\\\/wp-content\\\/uploads\\\/2021\\\/04\\\/igreja_vazia.jpg\",\"datePublished\":\"2021-04-08T23:13:05+00:00\",\"dateModified\":\"2021-04-08T23:13:37+00:00\",\"author\":{\"@id\":\"https:\\\/\\\/aconteceunovale.com.br\\\/portal\\\/#\\\/schema\\\/person\\\/7d2f26d1483f8a63de73da1ee0754d35\"},\"breadcrumb\":{\"@id\":\"https:\\\/\\\/aconteceunovale.com.br\\\/portal\\\/?p=176845#breadcrumb\"},\"inLanguage\":\"pt-BR\",\"potentialAction\":[{\"@type\":\"ReadAction\",\"target\":[\"https:\\\/\\\/aconteceunovale.com.br\\\/portal\\\/?p=176845\"]}]},{\"@type\":\"ImageObject\",\"inLanguage\":\"pt-BR\",\"@id\":\"https:\\\/\\\/aconteceunovale.com.br\\\/portal\\\/?p=176845#primaryimage\",\"url\":\"https:\\\/\\\/aconteceunovale.com.br\\\/portal\\\/wp-content\\\/uploads\\\/2021\\\/04\\\/igreja_vazia.jpg\",\"contentUrl\":\"https:\\\/\\\/aconteceunovale.com.br\\\/portal\\\/wp-content\\\/uploads\\\/2021\\\/04\\\/igreja_vazia.jpg\",\"width\":660,\"height\":372},{\"@type\":\"BreadcrumbList\",\"@id\":\"https:\\\/\\\/aconteceunovale.com.br\\\/portal\\\/?p=176845#breadcrumb\",\"itemListElement\":[{\"@type\":\"ListItem\",\"position\":1,\"name\":\"In\u00edcio\",\"item\":\"https:\\\/\\\/aconteceunovale.com.br\\\/portal\\\/\"},{\"@type\":\"ListItem\",\"position\":2,\"name\":\"Supremo decide que prefeitos e governadores podem proibir cultos presenciais durante a pandemia\"}]},{\"@type\":\"WebSite\",\"@id\":\"https:\\\/\\\/aconteceunovale.com.br\\\/portal\\\/#website\",\"url\":\"https:\\\/\\\/aconteceunovale.com.br\\\/portal\\\/\",\"name\":\"Aconteceu no Vale\",\"description\":\"Portal de Not\u00edcias\",\"potentialAction\":[{\"@type\":\"SearchAction\",\"target\":{\"@type\":\"EntryPoint\",\"urlTemplate\":\"https:\\\/\\\/aconteceunovale.com.br\\\/portal\\\/?s={search_term_string}\"},\"query-input\":{\"@type\":\"PropertyValueSpecification\",\"valueRequired\":true,\"valueName\":\"search_term_string\"}}],\"inLanguage\":\"pt-BR\"},{\"@type\":\"Person\",\"@id\":\"https:\\\/\\\/aconteceunovale.com.br\\\/portal\\\/#\\\/schema\\\/person\\\/7d2f26d1483f8a63de73da1ee0754d35\",\"name\":\"Reda\u00e7\u00e3o Aconteceu no Vale\",\"description\":\"Equipe de reportagem do Aconteceu no Vale, portal de not\u00edcias do Vale do Jequitinhonha, em Minas Gerais. Cobrimos as 51 cidades do Vale desde 2013. Sugest\u00f5es de pauta e pedidos de corre\u00e7\u00e3o: contato@aconteceunovale.com.br\",\"url\":\"https:\\\/\\\/aconteceunovale.com.br\\\/portal\\\/?author=4\"}]}<\/script>\n<!-- \/ Yoast SEO plugin. -->","yoast_head_json":{"title":"Supremo decide que prefeitos e governadores podem proibir cultos presenciais durante a pandemia - Aconteceu no Vale","robots":{"index":"index","follow":"follow","max-snippet":"max-snippet:-1","max-image-preview":"max-image-preview:large","max-video-preview":"max-video-preview:-1"},"canonical":"https:\/\/aconteceunovale.com.br\/portal\/?p=176845","og_locale":"pt_BR","og_type":"article","og_title":"Supremo decide que prefeitos e governadores podem proibir cultos presenciais durante a pandemia - Aconteceu no Vale","og_description":"O Supremo Tribunal Federal (STF) decidiu que\u00a0hoje\u00a0(8\/4\/2021) que prefeitos e governadores podem proibir a realiza\u00e7\u00e3o\u00a0de cultos religiosos presenciais para conter a dissemina\u00e7\u00e3o da Covid-19. A decis\u00e3o da Corte n\u00e3o obriga o fechamento total de templos religiosos. No entanto, a partir de agora, os governadores e prefeitos que quiserem adotar a medida est\u00e3o liberados pelo STF.&nbsp; [&hellip;]","og_url":"https:\/\/aconteceunovale.com.br\/portal\/?p=176845","og_site_name":"Aconteceu no Vale","article_publisher":"https:\/\/www.facebook.com\/aconteceunovale\/","article_published_time":"2021-04-08T23:13:05+00:00","article_modified_time":"2021-04-08T23:13:37+00:00","og_image":[{"width":660,"height":372,"url":"https:\/\/aconteceunovale.com.br\/portal\/wp-content\/uploads\/2021\/04\/igreja_vazia.jpg","type":"image\/jpeg"}],"author":"Reda\u00e7\u00e3o Aconteceu no Vale","twitter_card":"summary_large_image","twitter_creator":"@noticiadosvales","twitter_site":"@noticiadosvales","twitter_misc":{"Escrito por":"Reda\u00e7\u00e3o Aconteceu no Vale","Est. tempo de leitura":"3 minutos"},"schema":{"@context":"https:\/\/schema.org","@graph":[{"@type":"Article","@id":"https:\/\/aconteceunovale.com.br\/portal\/?p=176845#article","isPartOf":{"@id":"https:\/\/aconteceunovale.com.br\/portal\/?p=176845"},"author":{"name":"Reda\u00e7\u00e3o Aconteceu no Vale","@id":"https:\/\/aconteceunovale.com.br\/portal\/#\/schema\/person\/7d2f26d1483f8a63de73da1ee0754d35"},"headline":"Supremo decide que prefeitos e governadores podem proibir cultos presenciais durante a pandemia","datePublished":"2021-04-08T23:13:05+00:00","dateModified":"2021-04-08T23:13:37+00:00","mainEntityOfPage":{"@id":"https:\/\/aconteceunovale.com.br\/portal\/?p=176845"},"wordCount":561,"commentCount":0,"image":{"@id":"https:\/\/aconteceunovale.com.br\/portal\/?p=176845#primaryimage"},"thumbnailUrl":"https:\/\/aconteceunovale.com.br\/portal\/wp-content\/uploads\/2021\/04\/igreja_vazia.jpg","keywords":["Anajure","Arma\u00e7\u00e3o dos B\u00fazios","Associa\u00e7\u00e3o Nacional de Juristas Evang\u00e9licos","Autoriza\u00e7\u00e3o para celebra\u00e7\u00f5es religiosas presenciais","Bebedouro","Cajamar","Coronav\u00edrus","COVID-19","Cultos religiosos presenciais","Decis\u00e3o do Ministro Nunes Marques sobre celebra\u00e7\u00f5es religiosas presenciais","destaque","Gilmar Mendes","Jo\u00e3o Monlevade","Libera\u00e7\u00e3o de celebra\u00e7\u00f5es religiosas presenciais","Libera\u00e7\u00e3o de cultos presenciais","Libera\u00e7\u00e3o de cultos religiosos","Libera\u00e7\u00e3o de missas","Macap\u00e1","Ministro Nunes Marques","Ministro Nunes Marques celebra\u00e7\u00f5es religiosas presenciais","Nunes Marques","Pandemia a Covid-19","Pandemia do coronav\u00edrus","Proibi\u00e7\u00e3o de cultos religiosos presenciais","Regras para celebra\u00e7\u00f5es religiosas presenciais","Regras para cultos presenciais","Regras para missas presenciais","Rio Brilhante","Sars-Cov-2","Serrinha","STF","Supremo decide que prefeitos e governadores podem proibir cultos presenciais durante a pandemia","Supremo Tribunal Federal"],"articleSection":["Brasil","Pol\u00edtica","Sa\u00fade"],"inLanguage":"pt-BR","potentialAction":[{"@type":"CommentAction","name":"Comment","target":["https:\/\/aconteceunovale.com.br\/portal\/?p=176845#respond"]}]},{"@type":"WebPage","@id":"https:\/\/aconteceunovale.com.br\/portal\/?p=176845","url":"https:\/\/aconteceunovale.com.br\/portal\/?p=176845","name":"Supremo decide que prefeitos e governadores podem proibir cultos presenciais durante a pandemia - Aconteceu no Vale","isPartOf":{"@id":"https:\/\/aconteceunovale.com.br\/portal\/#website"},"primaryImageOfPage":{"@id":"https:\/\/aconteceunovale.com.br\/portal\/?p=176845#primaryimage"},"image":{"@id":"https:\/\/aconteceunovale.com.br\/portal\/?p=176845#primaryimage"},"thumbnailUrl":"https:\/\/aconteceunovale.com.br\/portal\/wp-content\/uploads\/2021\/04\/igreja_vazia.jpg","datePublished":"2021-04-08T23:13:05+00:00","dateModified":"2021-04-08T23:13:37+00:00","author":{"@id":"https:\/\/aconteceunovale.com.br\/portal\/#\/schema\/person\/7d2f26d1483f8a63de73da1ee0754d35"},"breadcrumb":{"@id":"https:\/\/aconteceunovale.com.br\/portal\/?p=176845#breadcrumb"},"inLanguage":"pt-BR","potentialAction":[{"@type":"ReadAction","target":["https:\/\/aconteceunovale.com.br\/portal\/?p=176845"]}]},{"@type":"ImageObject","inLanguage":"pt-BR","@id":"https:\/\/aconteceunovale.com.br\/portal\/?p=176845#primaryimage","url":"https:\/\/aconteceunovale.com.br\/portal\/wp-content\/uploads\/2021\/04\/igreja_vazia.jpg","contentUrl":"https:\/\/aconteceunovale.com.br\/portal\/wp-content\/uploads\/2021\/04\/igreja_vazia.jpg","width":660,"height":372},{"@type":"BreadcrumbList","@id":"https:\/\/aconteceunovale.com.br\/portal\/?p=176845#breadcrumb","itemListElement":[{"@type":"ListItem","position":1,"name":"In\u00edcio","item":"https:\/\/aconteceunovale.com.br\/portal\/"},{"@type":"ListItem","position":2,"name":"Supremo decide que prefeitos e governadores podem proibir cultos presenciais durante a pandemia"}]},{"@type":"WebSite","@id":"https:\/\/aconteceunovale.com.br\/portal\/#website","url":"https:\/\/aconteceunovale.com.br\/portal\/","name":"Aconteceu no Vale","description":"Portal de Not\u00edcias","potentialAction":[{"@type":"SearchAction","target":{"@type":"EntryPoint","urlTemplate":"https:\/\/aconteceunovale.com.br\/portal\/?s={search_term_string}"},"query-input":{"@type":"PropertyValueSpecification","valueRequired":true,"valueName":"search_term_string"}}],"inLanguage":"pt-BR"},{"@type":"Person","@id":"https:\/\/aconteceunovale.com.br\/portal\/#\/schema\/person\/7d2f26d1483f8a63de73da1ee0754d35","name":"Reda\u00e7\u00e3o Aconteceu no Vale","description":"Equipe de reportagem do Aconteceu no Vale, portal de not\u00edcias do Vale do Jequitinhonha, em Minas Gerais. Cobrimos as 51 cidades do Vale desde 2013. Sugest\u00f5es de pauta e pedidos de corre\u00e7\u00e3o: contato@aconteceunovale.com.br","url":"https:\/\/aconteceunovale.com.br\/portal\/?author=4"}]}},"_links":{"self":[{"href":"https:\/\/aconteceunovale.com.br\/portal\/index.php?rest_route=\/wp\/v2\/posts\/176845","targetHints":{"allow":["GET"]}}],"collection":[{"href":"https:\/\/aconteceunovale.com.br\/portal\/index.php?rest_route=\/wp\/v2\/posts"}],"about":[{"href":"https:\/\/aconteceunovale.com.br\/portal\/index.php?rest_route=\/wp\/v2\/types\/post"}],"author":[{"embeddable":true,"href":"https:\/\/aconteceunovale.com.br\/portal\/index.php?rest_route=\/wp\/v2\/users\/4"}],"replies":[{"embeddable":true,"href":"https:\/\/aconteceunovale.com.br\/portal\/index.php?rest_route=%2Fwp%2Fv2%2Fcomments&post=176845"}],"version-history":[{"count":1,"href":"https:\/\/aconteceunovale.com.br\/portal\/index.php?rest_route=\/wp\/v2\/posts\/176845\/revisions"}],"predecessor-version":[{"id":176847,"href":"https:\/\/aconteceunovale.com.br\/portal\/index.php?rest_route=\/wp\/v2\/posts\/176845\/revisions\/176847"}],"wp:featuredmedia":[{"embeddable":true,"href":"https:\/\/aconteceunovale.com.br\/portal\/index.php?rest_route=\/wp\/v2\/media\/176846"}],"wp:attachment":[{"href":"https:\/\/aconteceunovale.com.br\/portal\/index.php?rest_route=%2Fwp%2Fv2%2Fmedia&parent=176845"}],"wp:term":[{"taxonomy":"category","embeddable":true,"href":"https:\/\/aconteceunovale.com.br\/portal\/index.php?rest_route=%2Fwp%2Fv2%2Fcategories&post=176845"},{"taxonomy":"post_tag","embeddable":true,"href":"https:\/\/aconteceunovale.com.br\/portal\/index.php?rest_route=%2Fwp%2Fv2%2Ftags&post=176845"}],"curies":[{"name":"wp","href":"https:\/\/api.w.org\/{rel}","templated":true}]}}