{"id":176838,"date":"2021-04-08T19:34:30","date_gmt":"2021-04-08T22:34:30","guid":{"rendered":"https:\/\/aconteceunovale.com.br\/portal\/?p=176838"},"modified":"2021-04-08T19:34:52","modified_gmt":"2021-04-08T22:34:52","slug":"homem-condenado-por-roubo-e-preso-no-norte-de-minas-2","status":"publish","type":"post","link":"https:\/\/aconteceunovale.com.br\/portal\/?p=176838","title":{"rendered":"Homem condenado por roubo \u00e9 preso no Norte de Minas"},"content":{"rendered":"\n<p class=\"wp-block-paragraph\">Na tarde de ontem (7\/4\/2021), uma equipe da Pol\u00edcia Civil de Minas Gerais (PCMG) em Jana\u00faba, na regi\u00e3o Norte do Estado, cumpriu mandado de pris\u00e3o expedido contra um homem, de 30 anos, condenado judicialmente pelo crime de roubo. Os fatos ocorreram em 2016, no distrito da Coloniza\u00e7\u00e3o III, zona rural do munic\u00edpio de Nova Porteirinha.<\/p>\n\n\n\n<figure class=\"wp-block-gallery columns-1 is-cropped wp-block-gallery-1 is-layout-flex wp-block-gallery-is-layout-flex\"><ul class=\"blocks-gallery-grid\"><li class=\"blocks-gallery-item\"><figure><img loading=\"lazy\" decoding=\"async\" width=\"655\" height=\"450\" src=\"https:\/\/aconteceunovale.com.br\/portal\/wp-content\/uploads\/2021\/03\/delegacia_janauba.jpeg\" alt=\"\" data-id=\"175200\" data-full-url=\"https:\/\/aconteceunovale.com.br\/portal\/wp-content\/uploads\/2021\/03\/delegacia_janauba.jpeg\" data-link=\"https:\/\/aconteceunovale.com.br\/portal\/?attachment_id=175200\" class=\"wp-image-175200\" srcset=\"https:\/\/aconteceunovale.com.br\/portal\/wp-content\/uploads\/2021\/03\/delegacia_janauba.jpeg 655w, https:\/\/aconteceunovale.com.br\/portal\/wp-content\/uploads\/2021\/03\/delegacia_janauba-300x206.jpeg 300w, https:\/\/aconteceunovale.com.br\/portal\/wp-content\/uploads\/2021\/03\/delegacia_janauba-100x70.jpeg 100w, https:\/\/aconteceunovale.com.br\/portal\/wp-content\/uploads\/2021\/03\/delegacia_janauba-218x150.jpeg 218w, https:\/\/aconteceunovale.com.br\/portal\/wp-content\/uploads\/2021\/03\/delegacia_janauba-611x420.jpeg 611w\" sizes=\"auto, (max-width: 655px) 100vw, 655px\" \/><figcaption class=\"blocks-gallery-item__caption\"><em>Foto: Divulga\u00e7\u00e3o\/PCMG<\/em><\/figcaption><\/figure><\/li><\/ul><\/figure>\n\n\n\n<p class=\"wp-block-paragraph\"><em>\u201c\u00c0 \u00e9poca dos fatos, o suspeito e dois comparsas estavam cometendo roubos em s\u00e9rie na regi\u00e3o, aterrorizando os moradores. Quando da pr\u00e1tica do delito, com requintes de crueldade, o homem agrediu as v\u00edtimas com v\u00e1rios socos, entre elas, um idoso de 73 anos, e, em seguida, subtraiu uma bicicleta que pertencia ao senhor\u201d<\/em>, informou a PCMG.<\/p>\n\n\n\n<p class=\"wp-block-paragraph\">O investigado foi condenado em decorr\u00eancia de inqu\u00e9rito policial enviado \u00e0 Justi\u00e7a pela PCMG. No procedimento, o Poder Judici\u00e1rio expediu ordem de pris\u00e3o, para fins de cumprimento de pena. Em posse do mandado, os investigadores se deslocaram at\u00e9 a resid\u00eancia do sentenciado e o localizaram.<\/p>\n\n\n\n<p class=\"wp-block-paragraph\">O homem foi encaminhado \u00e0 Delegacia Regional em Jana\u00faba para as formalidades de praxe e j\u00e1 se encontra no Sistema Prisional, \u00e0 disposi\u00e7\u00e3o da Justi\u00e7a.<\/p>\n\n\n\n<p class=\"wp-block-paragraph\">&#8212;&#8212;&#8212;&#8212;&#8212;&#8212;<br><em>Quer receber as not\u00edcias do <strong>Aconteceu no Vale<\/strong> em primeira m\u00e3o? Siga-nos no Facebook <a rel=\"noreferrer noopener\" href=\"http:\/\/facebook.com\/aconteceunovale\" target=\"_blank\">@aconteceunovale<\/a>, Twitter <a rel=\"noreferrer noopener\" href=\"https:\/\/twitter.com\/noticiadosvales\" target=\"_blank\">@noticiadosvales<\/a> e Instagram <a rel=\"noreferrer noopener\" href=\"https:\/\/www.instagram.com\/aconteceunovale\" target=\"_blank\">@aconteceunovale<\/a>.<\/em><\/p>\n","protected":false},"excerpt":{"rendered":"<p>Na tarde de ontem (7\/4\/2021), uma equipe da Pol\u00edcia Civil de Minas Gerais (PCMG) em Jana\u00faba, na regi\u00e3o Norte do Estado, cumpriu mandado de pris\u00e3o expedido contra um homem, de 30 anos, condenado judicialmente pelo crime de roubo. Os fatos ocorreram em 2016, no distrito da Coloniza\u00e7\u00e3o III, zona rural do munic\u00edpio de Nova Porteirinha. [&hellip;]<\/p>\n","protected":false},"author":4,"featured_media":175200,"comment_status":"open","ping_status":"closed","sticky":false,"template":"","format":"standard","meta":{"amp_status":"","footnotes":""},"categories":[123],"tags":[235858,242486,204,604,44644,89225,242488,242487],"class_list":["post-176838","post","type-post","status-publish","format-standard","has-post-thumbnail","hentry","category-gerais","tag-delegacia-regional-de-janauba","tag-homem-condenado-por-roubo-e-preso-no-norte-de-minas","tag-janauba","tag-pcmg","tag-policia-civil-de-minas-gerais","tag-preso-em-janauba","tag-roubo-em-nova-porteirinha","tag-roubo-no-distrito-da-colonizacao-iii"],"yoast_head":"<!-- This site is optimized with the Yoast SEO plugin v28.3 - https:\/\/yoast.com\/product\/yoast-seo-wordpress\/ -->\n<title>Homem condenado por roubo \u00e9 preso no Norte de Minas - Aconteceu no Vale<\/title>\n<meta name=\"robots\" content=\"index, follow, max-snippet:-1, max-image-preview:large, max-video-preview:-1\" \/>\n<link rel=\"canonical\" href=\"https:\/\/aconteceunovale.com.br\/portal\/?p=176838\" \/>\n<meta property=\"og:locale\" content=\"pt_BR\" \/>\n<meta property=\"og:type\" content=\"article\" \/>\n<meta property=\"og:title\" content=\"Homem condenado por roubo \u00e9 preso no Norte de Minas - Aconteceu no Vale\" \/>\n<meta property=\"og:description\" content=\"Na tarde de ontem (7\/4\/2021), uma equipe da Pol\u00edcia Civil de Minas Gerais (PCMG) em Jana\u00faba, na regi\u00e3o Norte do Estado, cumpriu mandado de pris\u00e3o expedido contra um homem, de 30 anos, condenado judicialmente pelo crime de roubo. Os fatos ocorreram em 2016, no distrito da Coloniza\u00e7\u00e3o III, zona rural do munic\u00edpio de Nova Porteirinha. [&hellip;]\" \/>\n<meta property=\"og:url\" content=\"https:\/\/aconteceunovale.com.br\/portal\/?p=176838\" \/>\n<meta property=\"og:site_name\" content=\"Aconteceu no Vale\" \/>\n<meta property=\"article:publisher\" content=\"https:\/\/www.facebook.com\/aconteceunovale\/\" \/>\n<meta property=\"article:published_time\" content=\"2021-04-08T22:34:30+00:00\" \/>\n<meta property=\"article:modified_time\" content=\"2021-04-08T22:34:52+00:00\" \/>\n<meta property=\"og:image\" content=\"https:\/\/aconteceunovale.com.br\/portal\/wp-content\/uploads\/2021\/03\/delegacia_janauba.jpeg\" \/>\n\t<meta property=\"og:image:width\" content=\"655\" \/>\n\t<meta property=\"og:image:height\" content=\"450\" \/>\n\t<meta property=\"og:image:type\" content=\"image\/jpeg\" \/>\n<meta name=\"author\" content=\"Reda\u00e7\u00e3o Aconteceu no Vale\" \/>\n<meta name=\"twitter:card\" content=\"summary_large_image\" \/>\n<meta name=\"twitter:creator\" content=\"@noticiadosvales\" \/>\n<meta name=\"twitter:site\" content=\"@noticiadosvales\" \/>\n<meta name=\"twitter:label1\" content=\"Escrito por\" \/>\n\t<meta name=\"twitter:data1\" content=\"Reda\u00e7\u00e3o Aconteceu no Vale\" \/>\n\t<meta name=\"twitter:label2\" content=\"Est. tempo de leitura\" \/>\n\t<meta name=\"twitter:data2\" content=\"1 minuto\" \/>\n<script type=\"application\/ld+json\" class=\"yoast-schema-graph\">{\"@context\":\"https:\\\/\\\/schema.org\",\"@graph\":[{\"@type\":\"Article\",\"@id\":\"https:\\\/\\\/aconteceunovale.com.br\\\/portal\\\/?p=176838#article\",\"isPartOf\":{\"@id\":\"https:\\\/\\\/aconteceunovale.com.br\\\/portal\\\/?p=176838\"},\"author\":{\"name\":\"Reda\u00e7\u00e3o Aconteceu no Vale\",\"@id\":\"https:\\\/\\\/aconteceunovale.com.br\\\/portal\\\/#\\\/schema\\\/person\\\/7d2f26d1483f8a63de73da1ee0754d35\"},\"headline\":\"Homem condenado por roubo \u00e9 preso no Norte de Minas\",\"datePublished\":\"2021-04-08T22:34:30+00:00\",\"dateModified\":\"2021-04-08T22:34:52+00:00\",\"mainEntityOfPage\":{\"@id\":\"https:\\\/\\\/aconteceunovale.com.br\\\/portal\\\/?p=176838\"},\"wordCount\":229,\"commentCount\":0,\"image\":{\"@id\":\"https:\\\/\\\/aconteceunovale.com.br\\\/portal\\\/?p=176838#primaryimage\"},\"thumbnailUrl\":\"https:\\\/\\\/aconteceunovale.com.br\\\/portal\\\/wp-content\\\/uploads\\\/2021\\\/03\\\/delegacia_janauba.jpeg\",\"keywords\":[\"Delegacia Regional de Jana\u00faba\",\"Homem condenado por roubo \u00e9 preso no Norte de Minas\",\"Jana\u00faba\",\"PCMG\",\"Pol\u00edcia Civil de Minas Gerais\",\"Preso em Jana\u00faba\",\"Roubo em Nova Porteirinha\",\"Roubo no distrito da Coloniza\u00e7\u00e3o III\"],\"articleSection\":[\"Minas Gerais\"],\"inLanguage\":\"pt-BR\",\"potentialAction\":[{\"@type\":\"CommentAction\",\"name\":\"Comment\",\"target\":[\"https:\\\/\\\/aconteceunovale.com.br\\\/portal\\\/?p=176838#respond\"]}]},{\"@type\":\"WebPage\",\"@id\":\"https:\\\/\\\/aconteceunovale.com.br\\\/portal\\\/?p=176838\",\"url\":\"https:\\\/\\\/aconteceunovale.com.br\\\/portal\\\/?p=176838\",\"name\":\"Homem condenado por roubo \u00e9 preso no Norte de Minas - Aconteceu no Vale\",\"isPartOf\":{\"@id\":\"https:\\\/\\\/aconteceunovale.com.br\\\/portal\\\/#website\"},\"primaryImageOfPage\":{\"@id\":\"https:\\\/\\\/aconteceunovale.com.br\\\/portal\\\/?p=176838#primaryimage\"},\"image\":{\"@id\":\"https:\\\/\\\/aconteceunovale.com.br\\\/portal\\\/?p=176838#primaryimage\"},\"thumbnailUrl\":\"https:\\\/\\\/aconteceunovale.com.br\\\/portal\\\/wp-content\\\/uploads\\\/2021\\\/03\\\/delegacia_janauba.jpeg\",\"datePublished\":\"2021-04-08T22:34:30+00:00\",\"dateModified\":\"2021-04-08T22:34:52+00:00\",\"author\":{\"@id\":\"https:\\\/\\\/aconteceunovale.com.br\\\/portal\\\/#\\\/schema\\\/person\\\/7d2f26d1483f8a63de73da1ee0754d35\"},\"breadcrumb\":{\"@id\":\"https:\\\/\\\/aconteceunovale.com.br\\\/portal\\\/?p=176838#breadcrumb\"},\"inLanguage\":\"pt-BR\",\"potentialAction\":[{\"@type\":\"ReadAction\",\"target\":[\"https:\\\/\\\/aconteceunovale.com.br\\\/portal\\\/?p=176838\"]}]},{\"@type\":\"ImageObject\",\"inLanguage\":\"pt-BR\",\"@id\":\"https:\\\/\\\/aconteceunovale.com.br\\\/portal\\\/?p=176838#primaryimage\",\"url\":\"https:\\\/\\\/aconteceunovale.com.br\\\/portal\\\/wp-content\\\/uploads\\\/2021\\\/03\\\/delegacia_janauba.jpeg\",\"contentUrl\":\"https:\\\/\\\/aconteceunovale.com.br\\\/portal\\\/wp-content\\\/uploads\\\/2021\\\/03\\\/delegacia_janauba.jpeg\",\"width\":655,\"height\":450},{\"@type\":\"BreadcrumbList\",\"@id\":\"https:\\\/\\\/aconteceunovale.com.br\\\/portal\\\/?p=176838#breadcrumb\",\"itemListElement\":[{\"@type\":\"ListItem\",\"position\":1,\"name\":\"In\u00edcio\",\"item\":\"https:\\\/\\\/aconteceunovale.com.br\\\/portal\\\/\"},{\"@type\":\"ListItem\",\"position\":2,\"name\":\"Homem condenado por roubo \u00e9 preso no Norte de Minas\"}]},{\"@type\":\"WebSite\",\"@id\":\"https:\\\/\\\/aconteceunovale.com.br\\\/portal\\\/#website\",\"url\":\"https:\\\/\\\/aconteceunovale.com.br\\\/portal\\\/\",\"name\":\"Aconteceu no Vale\",\"description\":\"Portal de Not\u00edcias\",\"potentialAction\":[{\"@type\":\"SearchAction\",\"target\":{\"@type\":\"EntryPoint\",\"urlTemplate\":\"https:\\\/\\\/aconteceunovale.com.br\\\/portal\\\/?s={search_term_string}\"},\"query-input\":{\"@type\":\"PropertyValueSpecification\",\"valueRequired\":true,\"valueName\":\"search_term_string\"}}],\"inLanguage\":\"pt-BR\"},{\"@type\":\"Person\",\"@id\":\"https:\\\/\\\/aconteceunovale.com.br\\\/portal\\\/#\\\/schema\\\/person\\\/7d2f26d1483f8a63de73da1ee0754d35\",\"name\":\"Reda\u00e7\u00e3o Aconteceu no Vale\",\"description\":\"Equipe de reportagem do Aconteceu no Vale, portal de not\u00edcias do Vale do Jequitinhonha, em Minas Gerais. Cobrimos as 51 cidades do Vale desde 2013. Sugest\u00f5es de pauta e pedidos de corre\u00e7\u00e3o: contato@aconteceunovale.com.br\",\"url\":\"https:\\\/\\\/aconteceunovale.com.br\\\/portal\\\/?author=4\"}]}<\/script>\n<!-- \/ Yoast SEO plugin. -->","yoast_head_json":{"title":"Homem condenado por roubo \u00e9 preso no Norte de Minas - Aconteceu no Vale","robots":{"index":"index","follow":"follow","max-snippet":"max-snippet:-1","max-image-preview":"max-image-preview:large","max-video-preview":"max-video-preview:-1"},"canonical":"https:\/\/aconteceunovale.com.br\/portal\/?p=176838","og_locale":"pt_BR","og_type":"article","og_title":"Homem condenado por roubo \u00e9 preso no Norte de Minas - Aconteceu no Vale","og_description":"Na tarde de ontem (7\/4\/2021), uma equipe da Pol\u00edcia Civil de Minas Gerais (PCMG) em Jana\u00faba, na regi\u00e3o Norte do Estado, cumpriu mandado de pris\u00e3o expedido contra um homem, de 30 anos, condenado judicialmente pelo crime de roubo. Os fatos ocorreram em 2016, no distrito da Coloniza\u00e7\u00e3o III, zona rural do munic\u00edpio de Nova Porteirinha. [&hellip;]","og_url":"https:\/\/aconteceunovale.com.br\/portal\/?p=176838","og_site_name":"Aconteceu no Vale","article_publisher":"https:\/\/www.facebook.com\/aconteceunovale\/","article_published_time":"2021-04-08T22:34:30+00:00","article_modified_time":"2021-04-08T22:34:52+00:00","og_image":[{"width":655,"height":450,"url":"https:\/\/aconteceunovale.com.br\/portal\/wp-content\/uploads\/2021\/03\/delegacia_janauba.jpeg","type":"image\/jpeg"}],"author":"Reda\u00e7\u00e3o Aconteceu no Vale","twitter_card":"summary_large_image","twitter_creator":"@noticiadosvales","twitter_site":"@noticiadosvales","twitter_misc":{"Escrito por":"Reda\u00e7\u00e3o Aconteceu no Vale","Est. tempo de leitura":"1 minuto"},"schema":{"@context":"https:\/\/schema.org","@graph":[{"@type":"Article","@id":"https:\/\/aconteceunovale.com.br\/portal\/?p=176838#article","isPartOf":{"@id":"https:\/\/aconteceunovale.com.br\/portal\/?p=176838"},"author":{"name":"Reda\u00e7\u00e3o Aconteceu no Vale","@id":"https:\/\/aconteceunovale.com.br\/portal\/#\/schema\/person\/7d2f26d1483f8a63de73da1ee0754d35"},"headline":"Homem condenado por roubo \u00e9 preso no Norte de Minas","datePublished":"2021-04-08T22:34:30+00:00","dateModified":"2021-04-08T22:34:52+00:00","mainEntityOfPage":{"@id":"https:\/\/aconteceunovale.com.br\/portal\/?p=176838"},"wordCount":229,"commentCount":0,"image":{"@id":"https:\/\/aconteceunovale.com.br\/portal\/?p=176838#primaryimage"},"thumbnailUrl":"https:\/\/aconteceunovale.com.br\/portal\/wp-content\/uploads\/2021\/03\/delegacia_janauba.jpeg","keywords":["Delegacia Regional de Jana\u00faba","Homem condenado por roubo \u00e9 preso no Norte de Minas","Jana\u00faba","PCMG","Pol\u00edcia Civil de Minas Gerais","Preso em Jana\u00faba","Roubo em Nova Porteirinha","Roubo no distrito da Coloniza\u00e7\u00e3o III"],"articleSection":["Minas Gerais"],"inLanguage":"pt-BR","potentialAction":[{"@type":"CommentAction","name":"Comment","target":["https:\/\/aconteceunovale.com.br\/portal\/?p=176838#respond"]}]},{"@type":"WebPage","@id":"https:\/\/aconteceunovale.com.br\/portal\/?p=176838","url":"https:\/\/aconteceunovale.com.br\/portal\/?p=176838","name":"Homem condenado por roubo \u00e9 preso no Norte de Minas - Aconteceu no Vale","isPartOf":{"@id":"https:\/\/aconteceunovale.com.br\/portal\/#website"},"primaryImageOfPage":{"@id":"https:\/\/aconteceunovale.com.br\/portal\/?p=176838#primaryimage"},"image":{"@id":"https:\/\/aconteceunovale.com.br\/portal\/?p=176838#primaryimage"},"thumbnailUrl":"https:\/\/aconteceunovale.com.br\/portal\/wp-content\/uploads\/2021\/03\/delegacia_janauba.jpeg","datePublished":"2021-04-08T22:34:30+00:00","dateModified":"2021-04-08T22:34:52+00:00","author":{"@id":"https:\/\/aconteceunovale.com.br\/portal\/#\/schema\/person\/7d2f26d1483f8a63de73da1ee0754d35"},"breadcrumb":{"@id":"https:\/\/aconteceunovale.com.br\/portal\/?p=176838#breadcrumb"},"inLanguage":"pt-BR","potentialAction":[{"@type":"ReadAction","target":["https:\/\/aconteceunovale.com.br\/portal\/?p=176838"]}]},{"@type":"ImageObject","inLanguage":"pt-BR","@id":"https:\/\/aconteceunovale.com.br\/portal\/?p=176838#primaryimage","url":"https:\/\/aconteceunovale.com.br\/portal\/wp-content\/uploads\/2021\/03\/delegacia_janauba.jpeg","contentUrl":"https:\/\/aconteceunovale.com.br\/portal\/wp-content\/uploads\/2021\/03\/delegacia_janauba.jpeg","width":655,"height":450},{"@type":"BreadcrumbList","@id":"https:\/\/aconteceunovale.com.br\/portal\/?p=176838#breadcrumb","itemListElement":[{"@type":"ListItem","position":1,"name":"In\u00edcio","item":"https:\/\/aconteceunovale.com.br\/portal\/"},{"@type":"ListItem","position":2,"name":"Homem condenado por roubo \u00e9 preso no Norte de Minas"}]},{"@type":"WebSite","@id":"https:\/\/aconteceunovale.com.br\/portal\/#website","url":"https:\/\/aconteceunovale.com.br\/portal\/","name":"Aconteceu no Vale","description":"Portal de Not\u00edcias","potentialAction":[{"@type":"SearchAction","target":{"@type":"EntryPoint","urlTemplate":"https:\/\/aconteceunovale.com.br\/portal\/?s={search_term_string}"},"query-input":{"@type":"PropertyValueSpecification","valueRequired":true,"valueName":"search_term_string"}}],"inLanguage":"pt-BR"},{"@type":"Person","@id":"https:\/\/aconteceunovale.com.br\/portal\/#\/schema\/person\/7d2f26d1483f8a63de73da1ee0754d35","name":"Reda\u00e7\u00e3o Aconteceu no Vale","description":"Equipe de reportagem do Aconteceu no Vale, portal de not\u00edcias do Vale do Jequitinhonha, em Minas Gerais. Cobrimos as 51 cidades do Vale desde 2013. Sugest\u00f5es de pauta e pedidos de corre\u00e7\u00e3o: contato@aconteceunovale.com.br","url":"https:\/\/aconteceunovale.com.br\/portal\/?author=4"}]}},"_links":{"self":[{"href":"https:\/\/aconteceunovale.com.br\/portal\/index.php?rest_route=\/wp\/v2\/posts\/176838","targetHints":{"allow":["GET"]}}],"collection":[{"href":"https:\/\/aconteceunovale.com.br\/portal\/index.php?rest_route=\/wp\/v2\/posts"}],"about":[{"href":"https:\/\/aconteceunovale.com.br\/portal\/index.php?rest_route=\/wp\/v2\/types\/post"}],"author":[{"embeddable":true,"href":"https:\/\/aconteceunovale.com.br\/portal\/index.php?rest_route=\/wp\/v2\/users\/4"}],"replies":[{"embeddable":true,"href":"https:\/\/aconteceunovale.com.br\/portal\/index.php?rest_route=%2Fwp%2Fv2%2Fcomments&post=176838"}],"version-history":[{"count":1,"href":"https:\/\/aconteceunovale.com.br\/portal\/index.php?rest_route=\/wp\/v2\/posts\/176838\/revisions"}],"predecessor-version":[{"id":176839,"href":"https:\/\/aconteceunovale.com.br\/portal\/index.php?rest_route=\/wp\/v2\/posts\/176838\/revisions\/176839"}],"wp:featuredmedia":[{"embeddable":true,"href":"https:\/\/aconteceunovale.com.br\/portal\/index.php?rest_route=\/wp\/v2\/media\/175200"}],"wp:attachment":[{"href":"https:\/\/aconteceunovale.com.br\/portal\/index.php?rest_route=%2Fwp%2Fv2%2Fmedia&parent=176838"}],"wp:term":[{"taxonomy":"category","embeddable":true,"href":"https:\/\/aconteceunovale.com.br\/portal\/index.php?rest_route=%2Fwp%2Fv2%2Fcategories&post=176838"},{"taxonomy":"post_tag","embeddable":true,"href":"https:\/\/aconteceunovale.com.br\/portal\/index.php?rest_route=%2Fwp%2Fv2%2Ftags&post=176838"}],"curies":[{"name":"wp","href":"https:\/\/api.w.org\/{rel}","templated":true}]}}