{"id":176831,"date":"2021-04-08T18:23:33","date_gmt":"2021-04-08T21:23:33","guid":{"rendered":"https:\/\/aconteceunovale.com.br\/portal\/?p=176831"},"modified":"2021-04-08T18:26:46","modified_gmt":"2021-04-08T21:26:46","slug":"policiais-de-minas-gerais-e-goias-prendem-homem-por-roubo-de-carga-de-fios-de-aco","status":"publish","type":"post","link":"https:\/\/aconteceunovale.com.br\/portal\/?p=176831","title":{"rendered":"Policiais de Minas Gerais e Goi\u00e1s prendem homem por roubo de carga de fios de a\u00e7o"},"content":{"rendered":"\n<p class=\"wp-block-paragraph\">Equipes das pol\u00edcias civis de Minas Gerais (PCMG) e de Goi\u00e1s (PCGO) prenderam, na quarta-feira (7\/4\/2021), um homem, de 40 anos, pelo crime de roubo de carga de fios de a\u00e7o. A a\u00e7\u00e3o aconteceu na cidade goiana de Luzi\u00e2nia em cumprimento a mandado de pris\u00e3o preventiva. O desvio do material, avaliado em aproximadamente em R$ 154 mil, ocorreu no fim do \u00faltimo ano, na cidade de Ipatinga, regi\u00e3o do Vale do A\u00e7o de Minas.<\/p>\n\n\n\n<p class=\"wp-block-paragraph\">Policiais da Delegacia Especializada de Repress\u00e3o ao Furto, Roubo e Desvio de Cargas, pertencente ao Departamento Estadual de Investiga\u00e7\u00e3o de Crimes Contra o Patrim\u00f4nio (Depatri), apuraram que o registro de roubo foi caracterizado como fraude, conhecida pelo golpe \u201cchave na m\u00e3o\u201d. Nessa modalidade criminosa, os envolvidos registram falsas ocorr\u00eancias de furto ou roubo, como se fossem v\u00edtimas.<\/p>\n\n\n\n<p class=\"wp-block-paragraph\">Em dezembro, a carga, que seria transportada de Ipatinga com destino a S\u00e3o Paulo, foi subtra\u00edda. O motorista do caminh\u00e3o informou \u00e0 unidade policial daquele estado que havia sido v\u00edtima de roubo. Ainda de acordo com as apura\u00e7\u00f5es, o suspeito j\u00e1 possui participa\u00e7\u00e3o em crime semelhante, inclusive havia sido preso em fevereiro deste ano.<\/p>\n\n\n\n<p class=\"wp-block-paragraph\"><em>\u201cAs investiga\u00e7\u00f5es prosseguem para apurar o envolvimento de outras pessoas\u201d<\/em>, informou a PCMG.<\/p>\n\n\n\n<p class=\"wp-block-paragraph\">&#8212;&#8212;&#8212;&#8212;&#8212;&#8212;<br><em>Quer receber as not\u00edcias do <strong>Aconteceu no Vale<\/strong> em primeira m\u00e3o? Siga-nos no Facebook <a rel=\"noreferrer noopener\" href=\"http:\/\/facebook.com\/aconteceunovale\" target=\"_blank\">@aconteceunovale<\/a>, Twitter <a rel=\"noreferrer noopener\" href=\"https:\/\/twitter.com\/noticiadosvales\" target=\"_blank\">@noticiadosvales<\/a> e Instagram <a rel=\"noreferrer noopener\" href=\"https:\/\/www.instagram.com\/aconteceunovale\" target=\"_blank\">@aconteceunovale<\/a>.<\/em><\/p>\n","protected":false},"excerpt":{"rendered":"<p>Equipes das pol\u00edcias civis de Minas Gerais (PCMG) e de Goi\u00e1s (PCGO) prenderam, na quarta-feira (7\/4\/2021), um homem, de 40 anos, pelo crime de roubo de carga de fios de a\u00e7o. A a\u00e7\u00e3o aconteceu na cidade goiana de Luzi\u00e2nia em cumprimento a mandado de pris\u00e3o preventiva. O desvio do material, avaliado em aproximadamente em R$ [&hellip;]<\/p>\n","protected":false},"author":4,"featured_media":151866,"comment_status":"open","ping_status":"closed","sticky":false,"template":"","format":"standard","meta":{"amp_status":"","footnotes":""},"categories":[6,121],"tags":[242474,242475,242477,201,3873,235719,604,242472,242476,242473],"class_list":["post-176831","post","type-post","status-publish","format-standard","has-post-thumbnail","hentry","category-br","category-leste","tag-carga-de-fios-de-aco-que-seria-transportada-de-ipatinga-para-sao-paulo","tag-depatri-pcmg","tag-golpe-chave-na-mao","tag-ipatinga","tag-luziania","tag-pcgo","tag-pcmg","tag-policiais-de-minas-gerais-e-goias-prendem-homem-por-roubo-de-carga-de-fios-de-aco","tag-preso-em-luziania-por-roubar-carga-em-ipatinga","tag-roubo-de-carga-de-fios-de-aco-de-ipatinga"],"yoast_head":"<!-- This site is optimized with the Yoast SEO plugin v28.3 - https:\/\/yoast.com\/product\/yoast-seo-wordpress\/ -->\n<title>Policiais de Minas Gerais e Goi\u00e1s prendem homem por roubo de carga de fios de a\u00e7o - Aconteceu no Vale<\/title>\n<meta name=\"robots\" content=\"index, follow, max-snippet:-1, max-image-preview:large, max-video-preview:-1\" \/>\n<link rel=\"canonical\" href=\"https:\/\/aconteceunovale.com.br\/portal\/?p=176831\" \/>\n<meta property=\"og:locale\" content=\"pt_BR\" \/>\n<meta property=\"og:type\" content=\"article\" \/>\n<meta property=\"og:title\" content=\"Policiais de Minas Gerais e Goi\u00e1s prendem homem por roubo de carga de fios de a\u00e7o - Aconteceu no Vale\" \/>\n<meta property=\"og:description\" content=\"Equipes das pol\u00edcias civis de Minas Gerais (PCMG) e de Goi\u00e1s (PCGO) prenderam, na quarta-feira (7\/4\/2021), um homem, de 40 anos, pelo crime de roubo de carga de fios de a\u00e7o. A a\u00e7\u00e3o aconteceu na cidade goiana de Luzi\u00e2nia em cumprimento a mandado de pris\u00e3o preventiva. O desvio do material, avaliado em aproximadamente em R$ [&hellip;]\" \/>\n<meta property=\"og:url\" content=\"https:\/\/aconteceunovale.com.br\/portal\/?p=176831\" \/>\n<meta property=\"og:site_name\" content=\"Aconteceu no Vale\" \/>\n<meta property=\"article:publisher\" content=\"https:\/\/www.facebook.com\/aconteceunovale\/\" \/>\n<meta property=\"article:published_time\" content=\"2021-04-08T21:23:33+00:00\" \/>\n<meta property=\"article:modified_time\" content=\"2021-04-08T21:26:46+00:00\" \/>\n<meta property=\"og:image\" content=\"https:\/\/aconteceunovale.com.br\/portal\/wp-content\/uploads\/2019\/08\/plantao_giroflex.jpg\" \/>\n\t<meta property=\"og:image:width\" content=\"678\" \/>\n\t<meta property=\"og:image:height\" content=\"430\" \/>\n\t<meta property=\"og:image:type\" content=\"image\/jpeg\" \/>\n<meta name=\"author\" content=\"Reda\u00e7\u00e3o Aconteceu no Vale\" \/>\n<meta name=\"twitter:card\" content=\"summary_large_image\" \/>\n<meta name=\"twitter:creator\" content=\"@noticiadosvales\" \/>\n<meta name=\"twitter:site\" content=\"@noticiadosvales\" \/>\n<meta name=\"twitter:label1\" content=\"Escrito por\" \/>\n\t<meta name=\"twitter:data1\" content=\"Reda\u00e7\u00e3o Aconteceu no Vale\" \/>\n\t<meta name=\"twitter:label2\" content=\"Est. tempo de leitura\" \/>\n\t<meta name=\"twitter:data2\" content=\"1 minuto\" \/>\n<script type=\"application\/ld+json\" class=\"yoast-schema-graph\">{\"@context\":\"https:\\\/\\\/schema.org\",\"@graph\":[{\"@type\":\"Article\",\"@id\":\"https:\\\/\\\/aconteceunovale.com.br\\\/portal\\\/?p=176831#article\",\"isPartOf\":{\"@id\":\"https:\\\/\\\/aconteceunovale.com.br\\\/portal\\\/?p=176831\"},\"author\":{\"name\":\"Reda\u00e7\u00e3o Aconteceu no Vale\",\"@id\":\"https:\\\/\\\/aconteceunovale.com.br\\\/portal\\\/#\\\/schema\\\/person\\\/7d2f26d1483f8a63de73da1ee0754d35\"},\"headline\":\"Policiais de Minas Gerais e Goi\u00e1s prendem homem por roubo de carga de fios de a\u00e7o\",\"datePublished\":\"2021-04-08T21:23:33+00:00\",\"dateModified\":\"2021-04-08T21:26:46+00:00\",\"mainEntityOfPage\":{\"@id\":\"https:\\\/\\\/aconteceunovale.com.br\\\/portal\\\/?p=176831\"},\"wordCount\":256,\"commentCount\":0,\"image\":{\"@id\":\"https:\\\/\\\/aconteceunovale.com.br\\\/portal\\\/?p=176831#primaryimage\"},\"thumbnailUrl\":\"https:\\\/\\\/aconteceunovale.com.br\\\/portal\\\/wp-content\\\/uploads\\\/2019\\\/08\\\/plantao_giroflex.jpg\",\"keywords\":[\"Carga de fios de a\u00e7o que seria transportada de Ipatinga para S\u00e3o Paulo\",\"Depatri PCMG\",\"Golpe chave na m\u00e3o\",\"Ipatinga\",\"Luzi\u00e2nia\",\"PCGO\",\"PCMG\",\"Policiais de Minas Gerais e Goi\u00e1s prendem homem por roubo de carga de fios de a\u00e7o\",\"Preso em Luzi\u00e2nia por roubar carga em Ipatinga\",\"Roubo de carga de fios de a\u00e7o de Ipatinga\"],\"articleSection\":[\"Brasil\",\"Leste de Minas\"],\"inLanguage\":\"pt-BR\",\"potentialAction\":[{\"@type\":\"CommentAction\",\"name\":\"Comment\",\"target\":[\"https:\\\/\\\/aconteceunovale.com.br\\\/portal\\\/?p=176831#respond\"]}]},{\"@type\":\"WebPage\",\"@id\":\"https:\\\/\\\/aconteceunovale.com.br\\\/portal\\\/?p=176831\",\"url\":\"https:\\\/\\\/aconteceunovale.com.br\\\/portal\\\/?p=176831\",\"name\":\"Policiais de Minas Gerais e Goi\u00e1s prendem homem por roubo de carga de fios de a\u00e7o - Aconteceu no Vale\",\"isPartOf\":{\"@id\":\"https:\\\/\\\/aconteceunovale.com.br\\\/portal\\\/#website\"},\"primaryImageOfPage\":{\"@id\":\"https:\\\/\\\/aconteceunovale.com.br\\\/portal\\\/?p=176831#primaryimage\"},\"image\":{\"@id\":\"https:\\\/\\\/aconteceunovale.com.br\\\/portal\\\/?p=176831#primaryimage\"},\"thumbnailUrl\":\"https:\\\/\\\/aconteceunovale.com.br\\\/portal\\\/wp-content\\\/uploads\\\/2019\\\/08\\\/plantao_giroflex.jpg\",\"datePublished\":\"2021-04-08T21:23:33+00:00\",\"dateModified\":\"2021-04-08T21:26:46+00:00\",\"author\":{\"@id\":\"https:\\\/\\\/aconteceunovale.com.br\\\/portal\\\/#\\\/schema\\\/person\\\/7d2f26d1483f8a63de73da1ee0754d35\"},\"breadcrumb\":{\"@id\":\"https:\\\/\\\/aconteceunovale.com.br\\\/portal\\\/?p=176831#breadcrumb\"},\"inLanguage\":\"pt-BR\",\"potentialAction\":[{\"@type\":\"ReadAction\",\"target\":[\"https:\\\/\\\/aconteceunovale.com.br\\\/portal\\\/?p=176831\"]}]},{\"@type\":\"ImageObject\",\"inLanguage\":\"pt-BR\",\"@id\":\"https:\\\/\\\/aconteceunovale.com.br\\\/portal\\\/?p=176831#primaryimage\",\"url\":\"https:\\\/\\\/aconteceunovale.com.br\\\/portal\\\/wp-content\\\/uploads\\\/2019\\\/08\\\/plantao_giroflex.jpg\",\"contentUrl\":\"https:\\\/\\\/aconteceunovale.com.br\\\/portal\\\/wp-content\\\/uploads\\\/2019\\\/08\\\/plantao_giroflex.jpg\",\"width\":678,\"height\":430},{\"@type\":\"BreadcrumbList\",\"@id\":\"https:\\\/\\\/aconteceunovale.com.br\\\/portal\\\/?p=176831#breadcrumb\",\"itemListElement\":[{\"@type\":\"ListItem\",\"position\":1,\"name\":\"In\u00edcio\",\"item\":\"https:\\\/\\\/aconteceunovale.com.br\\\/portal\\\/\"},{\"@type\":\"ListItem\",\"position\":2,\"name\":\"Policiais de Minas Gerais e Goi\u00e1s prendem homem por roubo de carga de fios de a\u00e7o\"}]},{\"@type\":\"WebSite\",\"@id\":\"https:\\\/\\\/aconteceunovale.com.br\\\/portal\\\/#website\",\"url\":\"https:\\\/\\\/aconteceunovale.com.br\\\/portal\\\/\",\"name\":\"Aconteceu no Vale\",\"description\":\"Portal de Not\u00edcias\",\"potentialAction\":[{\"@type\":\"SearchAction\",\"target\":{\"@type\":\"EntryPoint\",\"urlTemplate\":\"https:\\\/\\\/aconteceunovale.com.br\\\/portal\\\/?s={search_term_string}\"},\"query-input\":{\"@type\":\"PropertyValueSpecification\",\"valueRequired\":true,\"valueName\":\"search_term_string\"}}],\"inLanguage\":\"pt-BR\"},{\"@type\":\"Person\",\"@id\":\"https:\\\/\\\/aconteceunovale.com.br\\\/portal\\\/#\\\/schema\\\/person\\\/7d2f26d1483f8a63de73da1ee0754d35\",\"name\":\"Reda\u00e7\u00e3o Aconteceu no Vale\",\"description\":\"Equipe de reportagem do Aconteceu no Vale, portal de not\u00edcias do Vale do Jequitinhonha, em Minas Gerais. Cobrimos as 51 cidades do Vale desde 2013. Sugest\u00f5es de pauta e pedidos de corre\u00e7\u00e3o: contato@aconteceunovale.com.br\",\"url\":\"https:\\\/\\\/aconteceunovale.com.br\\\/portal\\\/?author=4\"}]}<\/script>\n<!-- \/ Yoast SEO plugin. -->","yoast_head_json":{"title":"Policiais de Minas Gerais e Goi\u00e1s prendem homem por roubo de carga de fios de a\u00e7o - Aconteceu no Vale","robots":{"index":"index","follow":"follow","max-snippet":"max-snippet:-1","max-image-preview":"max-image-preview:large","max-video-preview":"max-video-preview:-1"},"canonical":"https:\/\/aconteceunovale.com.br\/portal\/?p=176831","og_locale":"pt_BR","og_type":"article","og_title":"Policiais de Minas Gerais e Goi\u00e1s prendem homem por roubo de carga de fios de a\u00e7o - Aconteceu no Vale","og_description":"Equipes das pol\u00edcias civis de Minas Gerais (PCMG) e de Goi\u00e1s (PCGO) prenderam, na quarta-feira (7\/4\/2021), um homem, de 40 anos, pelo crime de roubo de carga de fios de a\u00e7o. A a\u00e7\u00e3o aconteceu na cidade goiana de Luzi\u00e2nia em cumprimento a mandado de pris\u00e3o preventiva. O desvio do material, avaliado em aproximadamente em R$ [&hellip;]","og_url":"https:\/\/aconteceunovale.com.br\/portal\/?p=176831","og_site_name":"Aconteceu no Vale","article_publisher":"https:\/\/www.facebook.com\/aconteceunovale\/","article_published_time":"2021-04-08T21:23:33+00:00","article_modified_time":"2021-04-08T21:26:46+00:00","og_image":[{"width":678,"height":430,"url":"https:\/\/aconteceunovale.com.br\/portal\/wp-content\/uploads\/2019\/08\/plantao_giroflex.jpg","type":"image\/jpeg"}],"author":"Reda\u00e7\u00e3o Aconteceu no Vale","twitter_card":"summary_large_image","twitter_creator":"@noticiadosvales","twitter_site":"@noticiadosvales","twitter_misc":{"Escrito por":"Reda\u00e7\u00e3o Aconteceu no Vale","Est. tempo de leitura":"1 minuto"},"schema":{"@context":"https:\/\/schema.org","@graph":[{"@type":"Article","@id":"https:\/\/aconteceunovale.com.br\/portal\/?p=176831#article","isPartOf":{"@id":"https:\/\/aconteceunovale.com.br\/portal\/?p=176831"},"author":{"name":"Reda\u00e7\u00e3o Aconteceu no Vale","@id":"https:\/\/aconteceunovale.com.br\/portal\/#\/schema\/person\/7d2f26d1483f8a63de73da1ee0754d35"},"headline":"Policiais de Minas Gerais e Goi\u00e1s prendem homem por roubo de carga de fios de a\u00e7o","datePublished":"2021-04-08T21:23:33+00:00","dateModified":"2021-04-08T21:26:46+00:00","mainEntityOfPage":{"@id":"https:\/\/aconteceunovale.com.br\/portal\/?p=176831"},"wordCount":256,"commentCount":0,"image":{"@id":"https:\/\/aconteceunovale.com.br\/portal\/?p=176831#primaryimage"},"thumbnailUrl":"https:\/\/aconteceunovale.com.br\/portal\/wp-content\/uploads\/2019\/08\/plantao_giroflex.jpg","keywords":["Carga de fios de a\u00e7o que seria transportada de Ipatinga para S\u00e3o Paulo","Depatri PCMG","Golpe chave na m\u00e3o","Ipatinga","Luzi\u00e2nia","PCGO","PCMG","Policiais de Minas Gerais e Goi\u00e1s prendem homem por roubo de carga de fios de a\u00e7o","Preso em Luzi\u00e2nia por roubar carga em Ipatinga","Roubo de carga de fios de a\u00e7o de Ipatinga"],"articleSection":["Brasil","Leste de Minas"],"inLanguage":"pt-BR","potentialAction":[{"@type":"CommentAction","name":"Comment","target":["https:\/\/aconteceunovale.com.br\/portal\/?p=176831#respond"]}]},{"@type":"WebPage","@id":"https:\/\/aconteceunovale.com.br\/portal\/?p=176831","url":"https:\/\/aconteceunovale.com.br\/portal\/?p=176831","name":"Policiais de Minas Gerais e Goi\u00e1s prendem homem por roubo de carga de fios de a\u00e7o - Aconteceu no Vale","isPartOf":{"@id":"https:\/\/aconteceunovale.com.br\/portal\/#website"},"primaryImageOfPage":{"@id":"https:\/\/aconteceunovale.com.br\/portal\/?p=176831#primaryimage"},"image":{"@id":"https:\/\/aconteceunovale.com.br\/portal\/?p=176831#primaryimage"},"thumbnailUrl":"https:\/\/aconteceunovale.com.br\/portal\/wp-content\/uploads\/2019\/08\/plantao_giroflex.jpg","datePublished":"2021-04-08T21:23:33+00:00","dateModified":"2021-04-08T21:26:46+00:00","author":{"@id":"https:\/\/aconteceunovale.com.br\/portal\/#\/schema\/person\/7d2f26d1483f8a63de73da1ee0754d35"},"breadcrumb":{"@id":"https:\/\/aconteceunovale.com.br\/portal\/?p=176831#breadcrumb"},"inLanguage":"pt-BR","potentialAction":[{"@type":"ReadAction","target":["https:\/\/aconteceunovale.com.br\/portal\/?p=176831"]}]},{"@type":"ImageObject","inLanguage":"pt-BR","@id":"https:\/\/aconteceunovale.com.br\/portal\/?p=176831#primaryimage","url":"https:\/\/aconteceunovale.com.br\/portal\/wp-content\/uploads\/2019\/08\/plantao_giroflex.jpg","contentUrl":"https:\/\/aconteceunovale.com.br\/portal\/wp-content\/uploads\/2019\/08\/plantao_giroflex.jpg","width":678,"height":430},{"@type":"BreadcrumbList","@id":"https:\/\/aconteceunovale.com.br\/portal\/?p=176831#breadcrumb","itemListElement":[{"@type":"ListItem","position":1,"name":"In\u00edcio","item":"https:\/\/aconteceunovale.com.br\/portal\/"},{"@type":"ListItem","position":2,"name":"Policiais de Minas Gerais e Goi\u00e1s prendem homem por roubo de carga de fios de a\u00e7o"}]},{"@type":"WebSite","@id":"https:\/\/aconteceunovale.com.br\/portal\/#website","url":"https:\/\/aconteceunovale.com.br\/portal\/","name":"Aconteceu no Vale","description":"Portal de Not\u00edcias","potentialAction":[{"@type":"SearchAction","target":{"@type":"EntryPoint","urlTemplate":"https:\/\/aconteceunovale.com.br\/portal\/?s={search_term_string}"},"query-input":{"@type":"PropertyValueSpecification","valueRequired":true,"valueName":"search_term_string"}}],"inLanguage":"pt-BR"},{"@type":"Person","@id":"https:\/\/aconteceunovale.com.br\/portal\/#\/schema\/person\/7d2f26d1483f8a63de73da1ee0754d35","name":"Reda\u00e7\u00e3o Aconteceu no Vale","description":"Equipe de reportagem do Aconteceu no Vale, portal de not\u00edcias do Vale do Jequitinhonha, em Minas Gerais. Cobrimos as 51 cidades do Vale desde 2013. Sugest\u00f5es de pauta e pedidos de corre\u00e7\u00e3o: contato@aconteceunovale.com.br","url":"https:\/\/aconteceunovale.com.br\/portal\/?author=4"}]}},"_links":{"self":[{"href":"https:\/\/aconteceunovale.com.br\/portal\/index.php?rest_route=\/wp\/v2\/posts\/176831","targetHints":{"allow":["GET"]}}],"collection":[{"href":"https:\/\/aconteceunovale.com.br\/portal\/index.php?rest_route=\/wp\/v2\/posts"}],"about":[{"href":"https:\/\/aconteceunovale.com.br\/portal\/index.php?rest_route=\/wp\/v2\/types\/post"}],"author":[{"embeddable":true,"href":"https:\/\/aconteceunovale.com.br\/portal\/index.php?rest_route=\/wp\/v2\/users\/4"}],"replies":[{"embeddable":true,"href":"https:\/\/aconteceunovale.com.br\/portal\/index.php?rest_route=%2Fwp%2Fv2%2Fcomments&post=176831"}],"version-history":[{"count":1,"href":"https:\/\/aconteceunovale.com.br\/portal\/index.php?rest_route=\/wp\/v2\/posts\/176831\/revisions"}],"predecessor-version":[{"id":176832,"href":"https:\/\/aconteceunovale.com.br\/portal\/index.php?rest_route=\/wp\/v2\/posts\/176831\/revisions\/176832"}],"wp:featuredmedia":[{"embeddable":true,"href":"https:\/\/aconteceunovale.com.br\/portal\/index.php?rest_route=\/wp\/v2\/media\/151866"}],"wp:attachment":[{"href":"https:\/\/aconteceunovale.com.br\/portal\/index.php?rest_route=%2Fwp%2Fv2%2Fmedia&parent=176831"}],"wp:term":[{"taxonomy":"category","embeddable":true,"href":"https:\/\/aconteceunovale.com.br\/portal\/index.php?rest_route=%2Fwp%2Fv2%2Fcategories&post=176831"},{"taxonomy":"post_tag","embeddable":true,"href":"https:\/\/aconteceunovale.com.br\/portal\/index.php?rest_route=%2Fwp%2Fv2%2Ftags&post=176831"}],"curies":[{"name":"wp","href":"https:\/\/api.w.org\/{rel}","templated":true}]}}