{"id":17682,"date":"2014-01-06T15:45:19","date_gmt":"2014-01-06T17:45:19","guid":{"rendered":"http:\/\/aconteceunovale.com.br\/portal\/?p=17682"},"modified":"2014-01-06T15:45:19","modified_gmt":"2014-01-06T17:45:19","slug":"mantena-138-familias-devem-ser-retiradas-de-areas-de-risco","status":"publish","type":"post","link":"https:\/\/aconteceunovale.com.br\/portal\/?p=17682","title":{"rendered":"MANTENA: 138 fam\u00edlias devem ser retiradas de \u00e1reas de risco"},"content":{"rendered":"<p>Mais 138 fam\u00edlias devem ser retiradas de \u00e1reas de risco na cidade de Mantena, no Leste de Minas Gerais. A recomenda\u00e7\u00e3o foi dada pelo Minist\u00e9rio P\u00fablico na sexta-feira (03\/01) e, desde ent\u00e3o, a Defesa Civil Municipal orienta as pessoas a deixarem os im\u00f3veis.<\/p>\n<p>No dia 26 de dezembro choveu em duas horas e meia o previsto para 22 dias em Mantena. O c\u00f3rrego S\u00e3o Franscisco, que corta a cidade, transbordou e, em alguns lugares, o n\u00edvel da \u00e1gua passou dos dois metros de altura. A enchente \u00e9 considerada pela Defesa Civil como a mais devastadora da hist\u00f3ria do munic\u00edpio e a prefeitura decretou estado de calamidade p\u00fablica.<\/p>\n<p><strong>Mantena pede ajuda<\/strong><\/p>\n<p>Mais de uma semana depois das chuvas, os moradores ainda limpam a cidade. Cerca de 300 casas desabaram, 2.600 pessoas ficaram desabrigadas e 400 fam\u00edlias ficaram desalojadas. Por causa disso, a prefeitura pede a doa\u00e7\u00e3o de mil cestas b\u00e1sicas e dois mil colch\u00f5es. Os donativos devem ser entregues na Escola Ant\u00f4nio Carlos, no Centro de Mantena.<\/p>\n<p><img decoding=\"async\" src=\"http:\/\/aconteceunovale.com.br\/portal\/wp-content\/uploads\/2014\/01\/mantena_pede_socorro_138.jpg\" alt=\"\" \/><br \/>\n<em>Prefeitura de Mantena pede ajuda (Foto: Iolanda de Oliveira)<\/em><\/p>\n<p>Fonte: G1<\/p>\n","protected":false},"excerpt":{"rendered":"<p>Mais 138 fam\u00edlias devem ser retiradas de \u00e1reas de risco na cidade de Mantena, no Leste de Minas Gerais. A recomenda\u00e7\u00e3o foi dada pelo Minist\u00e9rio P\u00fablico na sexta-feira (03\/01) e, desde ent\u00e3o, a Defesa Civil Municipal orienta as pessoas a deixarem os im\u00f3veis. No dia 26 de dezembro choveu em duas horas e meia o [&hellip;]<\/p>\n","protected":false},"author":1,"featured_media":0,"comment_status":"open","ping_status":"closed","sticky":false,"template":"","format":"standard","meta":{"amp_status":"","footnotes":""},"categories":[121],"tags":[2553,2173,2554,1516],"class_list":["post-17682","post","type-post","status-publish","format-standard","hentry","category-leste","tag-138-familias-devem-ser-retiradas-de-areas-de-risco-em-mantena","tag-chuvas-em-mantena","tag-familias-desabrigadas-em-mantena","tag-mantena"],"_links":{"self":[{"href":"https:\/\/aconteceunovale.com.br\/portal\/index.php?rest_route=\/wp\/v2\/posts\/17682","targetHints":{"allow":["GET"]}}],"collection":[{"href":"https:\/\/aconteceunovale.com.br\/portal\/index.php?rest_route=\/wp\/v2\/posts"}],"about":[{"href":"https:\/\/aconteceunovale.com.br\/portal\/index.php?rest_route=\/wp\/v2\/types\/post"}],"author":[{"embeddable":true,"href":"https:\/\/aconteceunovale.com.br\/portal\/index.php?rest_route=\/wp\/v2\/users\/1"}],"replies":[{"embeddable":true,"href":"https:\/\/aconteceunovale.com.br\/portal\/index.php?rest_route=%2Fwp%2Fv2%2Fcomments&post=17682"}],"version-history":[{"count":0,"href":"https:\/\/aconteceunovale.com.br\/portal\/index.php?rest_route=\/wp\/v2\/posts\/17682\/revisions"}],"wp:attachment":[{"href":"https:\/\/aconteceunovale.com.br\/portal\/index.php?rest_route=%2Fwp%2Fv2%2Fmedia&parent=17682"}],"wp:term":[{"taxonomy":"category","embeddable":true,"href":"https:\/\/aconteceunovale.com.br\/portal\/index.php?rest_route=%2Fwp%2Fv2%2Fcategories&post=17682"},{"taxonomy":"post_tag","embeddable":true,"href":"https:\/\/aconteceunovale.com.br\/portal\/index.php?rest_route=%2Fwp%2Fv2%2Ftags&post=17682"}],"curies":[{"name":"wp","href":"https:\/\/api.w.org\/{rel}","templated":true}]}}