{"id":176809,"date":"2021-04-08T19:12:00","date_gmt":"2021-04-08T22:12:00","guid":{"rendered":"https:\/\/aconteceunovale.com.br\/portal\/?p=176809"},"modified":"2021-04-08T23:24:54","modified_gmt":"2021-04-09T02:24:54","slug":"minas-gerais-recebera-mais-478-150-doses-de-vacinas-contra-covid-19","status":"publish","type":"post","link":"https:\/\/aconteceunovale.com.br\/portal\/?p=176809","title":{"rendered":"Minas Gerais recebe mais 478.150 doses de vacinas contra Covid-19"},"content":{"rendered":"\n<p class=\"wp-block-paragraph\">Minas\u00a0Gerais recebeu, nesta quinta-feira (8\/4\/2021), mais de 478 mil novas doses de vacinas contra a covid-19. O d\u00e9cimo segundo lote entregue ao Estado cont\u00e9m 257.750 doses da AstraZeneca e outras 220.400 da CoronaVac &#8211; totalizando 478.150 doses.<\/p>\n\n\n\n<figure class=\"wp-block-gallery columns-1 is-cropped wp-block-gallery-1 is-layout-flex wp-block-gallery-is-layout-flex\"><ul class=\"blocks-gallery-grid\"><li class=\"blocks-gallery-item\"><figure><img loading=\"lazy\" decoding=\"async\" width=\"678\" height=\"409\" src=\"https:\/\/aconteceunovale.com.br\/portal\/wp-content\/uploads\/2021\/04\/vacina_mg.jpeg\" alt=\"\" data-id=\"176867\" data-full-url=\"https:\/\/aconteceunovale.com.br\/portal\/wp-content\/uploads\/2021\/04\/vacina_mg.jpeg\" data-link=\"https:\/\/aconteceunovale.com.br\/portal\/?attachment_id=176867\" class=\"wp-image-176867\" srcset=\"https:\/\/aconteceunovale.com.br\/portal\/wp-content\/uploads\/2021\/04\/vacina_mg.jpeg 678w, https:\/\/aconteceunovale.com.br\/portal\/wp-content\/uploads\/2021\/04\/vacina_mg-300x181.jpeg 300w\" sizes=\"auto, (max-width: 678px) 100vw, 678px\" \/><figcaption class=\"blocks-gallery-item__caption\"><em>Foto: Ingrid Vasconcelos \/ Reprodu\u00e7\u00e3o Ag\u00eancia Minas<\/em><\/figcaption><\/figure><\/li><\/ul><\/figure>\n\n\n\n<p class=\"wp-block-paragraph\">A remessa ir\u00e1 proporcionar a distribui\u00e7\u00e3o da segunda dose (D2) relativa ao esquema vacinal dos trabalhadores da sa\u00fade (30,7%) e da popula\u00e7\u00e3o de 70 a 74 anos (22%). E, ainda, servir\u00e1 para\u00a0a continuidade de aplica\u00e7\u00e3o da primeira dose (D1) dos grupos de 65 a 69 anos e dos integrantes das For\u00e7as de Seguran\u00e7a e Salvamento.<br><br><strong>Doses\u00a0<\/strong><br><br>O 12\u00ba lote de imunizantes para a popula\u00e7\u00e3o mineira veio de caminh\u00e3o, de S\u00e3o Paulo, diretamente para a Central Estadual da Rede de Frio da\u00a0<a rel=\"noreferrer noopener\" href=\"http:\/\/www.saude.mg.gov.br\/\" target=\"_blank\">Secretaria de Estado de Sa\u00fade (SES-MG)<\/a>. As doses ser\u00e3o encaminhadas \u00e0s 28 Unidades Regionais de Sa\u00fade (URSs) do Estado, e, posteriormente, chegar\u00e3o aos munic\u00edpios, respons\u00e1veis pela execu\u00e7\u00e3o da campanha de imuniza\u00e7\u00e3o.<\/p>\n\n\n\n<h2 class=\"wp-block-heading\"><strong>Vacinados<\/strong><\/h2>\n\n\n\n<p class=\"wp-block-paragraph\">Minas Gerais j\u00e1 atingiu a marca de 2,08 milh\u00f5es de vacinados. Segundo dados do <a rel=\"noreferrer noopener\" href=\"https:\/\/coronavirus.saude.mg.gov.br\/vacinometro\" target=\"_blank\">Vacin\u00f4metro (clique aqui)<\/a>, a ferramenta que permite a qualquer cidad\u00e3o acompanhar quantas pessoas j\u00e1 foram imunizadas e a quantidade de doses recebidas, at\u00e9 esta quinta-feira (8\/4\/2021), 2.086.750 pessoas receberam a primeira dose em todo o Estado. Deste total, 639.426 j\u00e1 foram imunizados com a segunda dose.&nbsp;<\/p>\n\n\n\n<h2 class=\"wp-block-heading\"><strong>Remessas<\/strong> recebidas<\/h2>\n\n\n\n<ul class=\"wp-block-list\"><li>1\u00aa remessa: 577.480 doses da CoronaVac em 18\/1\/2021<\/li><li>2\u00aa&nbsp;remessa: 190.500 doses de AstraZeneca em 24\/1\/2021<\/li><li>3\u00aa remessa: 87.600 doses da CoronaVac em 25\/1\/2021<\/li><li>4\u00aa remessa: 315.600 doses da CoronaVac em 7\/2\/2021&nbsp;<\/li><li>5\u00aa remessa: 220.000 doses da AstraZeneca e 137.400 doses da CoronaVac em 23\/2\/2021<\/li><li>6\u00aa remessa: 285.200 doses da CoronaVac em 3\/3\/2021&nbsp;<\/li><li>7\u00aa remessa: 303.600 doses da CoronaVac em 9\/3\/2021<\/li><li>8\u00aa remessa: 509.800 doses da CoronaVac em 17\/3\/2021<\/li><li>9\u00aa remessa: 86.750 doses da AstraZeneca e 455.800 da CoronaVac em 20\/3\/2021<\/li><li>10\u00aa remessa: 116.600 doses da AstraZeneca e 359.000 da CoronaVac em 26\/3\/2021<\/li><li>11\u00aa remessa: 73.250 doses de AstraZeneca e 943.400 doses de CoronaVac em 1\/4\/2021<\/li><li>12\u00aa remessa: 257.750 doses de AstraZeneca e 220.400 doses de CoronaVac em 8\/4\/2021<\/li><\/ul>\n\n\n\n<p class=\"wp-block-paragraph\"><strong>Total: 5.140.130 doses<\/strong><\/p>\n\n\n\n<p class=\"wp-block-paragraph\">&#8212;&#8212;&#8212;&#8212;&#8212;&#8212;<br><em>Quer receber as not\u00edcias do <strong>Aconteceu no Vale<\/strong> em primeira m\u00e3o? Siga-nos no Facebook <a rel=\"noreferrer noopener\" href=\"http:\/\/facebook.com\/aconteceunovale\" target=\"_blank\">@aconteceunovale<\/a>, Twitter <a rel=\"noreferrer noopener\" href=\"https:\/\/twitter.com\/noticiadosvales\" target=\"_blank\">@noticiadosvales<\/a> e Instagram <a rel=\"noreferrer noopener\" href=\"https:\/\/www.instagram.com\/aconteceunovale\" target=\"_blank\">@aconteceunovale<\/a>.<\/em><\/p>\n","protected":false},"excerpt":{"rendered":"<p>Minas\u00a0Gerais recebeu, nesta quinta-feira (8\/4\/2021), mais de 478 mil novas doses de vacinas contra a covid-19. O d\u00e9cimo segundo lote entregue ao Estado cont\u00e9m 257.750 doses da AstraZeneca e outras 220.400 da CoronaVac &#8211; totalizando 478.150 doses. A remessa ir\u00e1 proporcionar a distribui\u00e7\u00e3o da segunda dose (D2) relativa ao esquema vacinal dos trabalhadores da sa\u00fade [&hellip;]<\/p>\n","protected":false},"author":4,"featured_media":176867,"comment_status":"open","ping_status":"closed","sticky":false,"template":"","format":"standard","meta":{"amp_status":"","footnotes":""},"categories":[123,40242],"tags":[240692,235100,235104,194,217799,219851,235098,219853,22090,214884,216498,236448,239797,221718,1018,235105,231330,231334,184213,235103,135894,235094,235096,235097,235095,240007,235015,240691,241552,240634,242407,235101,219855,215653,221717,219854,219852,217692,231333,231337,231332,231336,236858,221719,178207,220285,220287,220286,235102,235099,231331,231335],"class_list":["post-176809","post","type-post","status-publish","format-standard","has-post-thumbnail","hentry","category-gerais","category-saude-2","tag-6-mil-doses-de-vacinas-contra-covid-19-e-ampliara-imunizacao-para-idosos-de-65-a-69-anos","tag-adileia-pereira-de-jesus-cardoso","tag-adriana-vilella-avila-de-castro","tag-belo-horizonte","tag-casos-de-coronavirus-em-minas-gerais","tag-casos-de-covid-19-em-minas-gerais","tag-cece","tag-cidades-com-casos-de-coronavirus-em-minas-gerais","tag-confins","tag-coronavirus","tag-covid-19","tag-covid-19-minas-gerais-bate-novo-recorde-ao-registrar-mais-de-10-mil-casos-em-24h","tag-covid-19-minas-gerais-tem-recorde-de-mortes-e-de-casos-em-24h","tag-curados-do-coronavirus-em-minas-gerais","tag-destaque","tag-distribuicao-da-vacina-em-minas-gerais","tag-governador-detalha-plano-de-contingencia-para-vacinacao-contra-a-covid-19-em-minas-gerais","tag-governador-detalha-plano-de-contingencia-para-vacinacao-contra-o-novo-coronavirus-em-minas-gerais","tag-governador-romeu-zema","tag-hem","tag-hospital-eduardo-de-menezes","tag-iniciada-a-maior-operacao-de-vacinacao-da-historia-de-minas-gerais","tag-maior-operacao-de-vacinacao-da-historia-de-minas-gerais","tag-maria-bom-sucesso-pereira","tag-minas-gerais-inicia-a-maior-operacao-de-vacinacao-da-sua-historia","tag-minas-gerais-recebe-542-550-novas-doses-de-vacinas-contra-covid-19","tag-minas-gerais-recebe-561-mil-doses-da-coronavac","tag-minas-gerais-recebe-mais-475","tag-minas-gerais-recebe-mais-de-1-milhao-de-doses-de-vacinas-contra-covid-19","tag-minas-gerais-recebera-mais-475-600-doses-de-vacinas-contra-a-covid-19","tag-minas-gerais-recebera-mais-478-150-doses-de-vacinas-contra-covid-19","tag-moises-alves-senra","tag-mortes-por-coronavirus-em-minas-gerais","tag-novo-coronavirus","tag-numero-de-curados-do-coronavirus-em-minas-gerais","tag-numeros-do-coronavirus-em-minas-gerais","tag-obitos-por-coronavirus-em-minas-gerias","tag-pandemia-de-coronavirus","tag-plano-de-contingencia-para-vacinacao-contra-a-covid-19-em-minas-gerais","tag-plano-de-contingencia-para-vacinacao-contra-o-novo-coronavirus-em-minas-gerais","tag-plano-para-vacinacao-contra-a-covid-19-em-minas-gerais","tag-plano-para-vacinacao-contra-o-novo-coronavirus-em-minas-gerais","tag-primeira-pessoa-vacinada-contra-a-covid-19-em-minas-gerais-recebe-a-segunda-dose","tag-recuperados-do-coronavirus-em-minas-gerais","tag-romeu-zema","tag-secretaria-de-saude-atualiza-numeros-do-coronavirus-em-minas-gerais","tag-secretaria-de-saude-de-minas-gerais-atualiza-numeros-do-coronavirus","tag-ses-mg-atualiza-numeros-do-coronavirus","tag-teresa-gamarano-barros","tag-thiago-liberio-santana-medina","tag-vacinacao-contra-a-covid-19-em-minas-gerais","tag-vacinacao-contra-o-novo-coronavirus-em-minas-gerais"],"yoast_head":"<!-- This site is optimized with the Yoast SEO plugin v28.3 - https:\/\/yoast.com\/product\/yoast-seo-wordpress\/ -->\n<title>Minas Gerais recebe mais 478.150 doses de vacinas contra Covid-19 - Aconteceu no Vale<\/title>\n<meta name=\"robots\" content=\"index, follow, max-snippet:-1, max-image-preview:large, max-video-preview:-1\" \/>\n<link rel=\"canonical\" href=\"https:\/\/aconteceunovale.com.br\/portal\/?p=176809\" \/>\n<meta property=\"og:locale\" content=\"pt_BR\" \/>\n<meta property=\"og:type\" content=\"article\" \/>\n<meta property=\"og:title\" content=\"Minas Gerais recebe mais 478.150 doses de vacinas contra Covid-19 - Aconteceu no Vale\" \/>\n<meta property=\"og:description\" content=\"Minas\u00a0Gerais recebeu, nesta quinta-feira (8\/4\/2021), mais de 478 mil novas doses de vacinas contra a covid-19. O d\u00e9cimo segundo lote entregue ao Estado cont\u00e9m 257.750 doses da AstraZeneca e outras 220.400 da CoronaVac &#8211; totalizando 478.150 doses. A remessa ir\u00e1 proporcionar a distribui\u00e7\u00e3o da segunda dose (D2) relativa ao esquema vacinal dos trabalhadores da sa\u00fade [&hellip;]\" \/>\n<meta property=\"og:url\" content=\"https:\/\/aconteceunovale.com.br\/portal\/?p=176809\" \/>\n<meta property=\"og:site_name\" content=\"Aconteceu no Vale\" \/>\n<meta property=\"article:publisher\" content=\"https:\/\/www.facebook.com\/aconteceunovale\/\" \/>\n<meta property=\"article:published_time\" content=\"2021-04-08T22:12:00+00:00\" \/>\n<meta property=\"article:modified_time\" content=\"2021-04-09T02:24:54+00:00\" \/>\n<meta property=\"og:image\" content=\"https:\/\/aconteceunovale.com.br\/portal\/wp-content\/uploads\/2021\/04\/vacina_mg.jpeg\" \/>\n\t<meta property=\"og:image:width\" content=\"678\" \/>\n\t<meta property=\"og:image:height\" content=\"409\" \/>\n\t<meta property=\"og:image:type\" content=\"image\/jpeg\" \/>\n<meta name=\"author\" content=\"Reda\u00e7\u00e3o Aconteceu no Vale\" \/>\n<meta name=\"twitter:card\" content=\"summary_large_image\" \/>\n<meta name=\"twitter:creator\" content=\"@noticiadosvales\" \/>\n<meta name=\"twitter:site\" content=\"@noticiadosvales\" \/>\n<meta name=\"twitter:label1\" content=\"Escrito por\" \/>\n\t<meta name=\"twitter:data1\" content=\"Reda\u00e7\u00e3o Aconteceu no Vale\" \/>\n\t<meta name=\"twitter:label2\" content=\"Est. tempo de leitura\" \/>\n\t<meta name=\"twitter:data2\" content=\"2 minutos\" \/>\n<script type=\"application\/ld+json\" class=\"yoast-schema-graph\">{\"@context\":\"https:\\\/\\\/schema.org\",\"@graph\":[{\"@type\":\"Article\",\"@id\":\"https:\\\/\\\/aconteceunovale.com.br\\\/portal\\\/?p=176809#article\",\"isPartOf\":{\"@id\":\"https:\\\/\\\/aconteceunovale.com.br\\\/portal\\\/?p=176809\"},\"author\":{\"name\":\"Reda\u00e7\u00e3o Aconteceu no Vale\",\"@id\":\"https:\\\/\\\/aconteceunovale.com.br\\\/portal\\\/#\\\/schema\\\/person\\\/7d2f26d1483f8a63de73da1ee0754d35\"},\"headline\":\"Minas Gerais recebe mais 478.150 doses de vacinas contra Covid-19\",\"datePublished\":\"2021-04-08T22:12:00+00:00\",\"dateModified\":\"2021-04-09T02:24:54+00:00\",\"mainEntityOfPage\":{\"@id\":\"https:\\\/\\\/aconteceunovale.com.br\\\/portal\\\/?p=176809\"},\"wordCount\":343,\"commentCount\":0,\"image\":{\"@id\":\"https:\\\/\\\/aconteceunovale.com.br\\\/portal\\\/?p=176809#primaryimage\"},\"thumbnailUrl\":\"https:\\\/\\\/aconteceunovale.com.br\\\/portal\\\/wp-content\\\/uploads\\\/2021\\\/04\\\/vacina_mg.jpeg\",\"keywords\":[\"6 mil doses de vacinas contra Covid-19 e ampliar\u00e1 imuniza\u00e7\u00e3o para idosos de 65 a 69 anos\",\"Adileia Pereira de Jesus Cardoso\",\"Adriana Vilella \u00c1vila de Castro\",\"Belo Horizonte\",\"Casos de coronav\u00edrus em Minas Gerais\",\"Casos de covid-19 em Minas Gerais\",\"Cec\u00e9\",\"Cidades com casos de coronav\u00edrus em Minas Gerais\",\"Confins\",\"Coronav\u00edrus\",\"COVID-19\",\"Covid-19: Minas Gerais bate novo recorde ao registrar mais de 10 mil casos em 24h\",\"Covid-19: Minas Gerais tem recorde de mortes e de casos em 24h\",\"Curados do coronav\u00edrus em Minas Gerais\",\"destaque\",\"Distribui\u00e7\u00e3o da vacina em Minas Gerais\",\"Governador detalha Plano de Conting\u00eancia para Vacina\u00e7\u00e3o contra a Covid-19 em Minas Gerais\",\"Governador detalha Plano de Conting\u00eancia para Vacina\u00e7\u00e3o contra o novo coronav\u00edrus em Minas Gerais\",\"Governador Romeu Zema\",\"HEM\",\"Hospital Eduardo de Menezes\",\"Iniciada a maior opera\u00e7\u00e3o de vacina\u00e7\u00e3o da hist\u00f3ria de Minas Gerais\",\"Maior opera\u00e7\u00e3o de vacina\u00e7\u00e3o da hist\u00f3ria de Minas Gerais\",\"Maria Bom Sucesso Pereira\",\"Minas Gerais inicia a maior opera\u00e7\u00e3o de vacina\u00e7\u00e3o da sua hist\u00f3ria\",\"Minas Gerais recebe 542.550 novas doses de vacinas contra Covid-19\",\"Minas Gerais recebe 561 mil doses da CoronaVac\",\"Minas Gerais recebe mais 475\",\"Minas Gerais recebe mais de 1 milh\u00e3o de doses de vacinas contra Covid-19\",\"Minas Gerais receber\u00e1 mais 475.600 doses de vacinas contra a Covid-19\",\"Minas Gerais receber\u00e1 mais 478.150 doses de vacinas contra Covid-19\",\"Mois\u00e9s Alves Senra\",\"Mortes por coronav\u00edrus em Minas Gerais\",\"Novo coronav\u00edrus\",\"N\u00famero de curados do coronav\u00edrus em Minas Gerais\",\"N\u00fameros do coronav\u00edrus em Minas Gerais\",\"\u00d3bitos por coronav\u00edrus em Minas Gerias\",\"Pandemia de coronav\u00edrus\",\"Plano de Conting\u00eancia para Vacina\u00e7\u00e3o contra a Covid-19 em Minas Gerais\",\"Plano de Conting\u00eancia para Vacina\u00e7\u00e3o contra o novo coronav\u00edrus em Minas Gerais\",\"Plano para Vacina\u00e7\u00e3o contra a Covid-19 em Minas Gerais\",\"Plano para Vacina\u00e7\u00e3o contra o novo coronav\u00edrus em Minas Gerais\",\"Primeira pessoa vacinada contra a Covid-19 em Minas Gerais recebe a segunda dose\",\"Recuperados do coronav\u00edrus em Minas Gerais\",\"Romeu Zema\",\"Secretaria de Sa\u00fade atualiza n\u00fameros do coronav\u00edrus em Minas Gerais\",\"Secretaria de Sa\u00fade de Minas Gerais atualiza n\u00fameros do coronav\u00edrus\",\"SES-MG atualiza n\u00fameros do coronav\u00edrus\",\"Teresa Gamarano Barros\",\"Thiago Lib\u00e9rio Santana Medina\",\"Vacina\u00e7\u00e3o contra a Covid-19 em Minas Gerais\",\"Vacina\u00e7\u00e3o contra o novo coronav\u00edrus em Minas Gerais\"],\"articleSection\":[\"Minas Gerais\",\"Sa\u00fade\"],\"inLanguage\":\"pt-BR\",\"potentialAction\":[{\"@type\":\"CommentAction\",\"name\":\"Comment\",\"target\":[\"https:\\\/\\\/aconteceunovale.com.br\\\/portal\\\/?p=176809#respond\"]}]},{\"@type\":\"WebPage\",\"@id\":\"https:\\\/\\\/aconteceunovale.com.br\\\/portal\\\/?p=176809\",\"url\":\"https:\\\/\\\/aconteceunovale.com.br\\\/portal\\\/?p=176809\",\"name\":\"Minas Gerais recebe mais 478.150 doses de vacinas contra Covid-19 - Aconteceu no Vale\",\"isPartOf\":{\"@id\":\"https:\\\/\\\/aconteceunovale.com.br\\\/portal\\\/#website\"},\"primaryImageOfPage\":{\"@id\":\"https:\\\/\\\/aconteceunovale.com.br\\\/portal\\\/?p=176809#primaryimage\"},\"image\":{\"@id\":\"https:\\\/\\\/aconteceunovale.com.br\\\/portal\\\/?p=176809#primaryimage\"},\"thumbnailUrl\":\"https:\\\/\\\/aconteceunovale.com.br\\\/portal\\\/wp-content\\\/uploads\\\/2021\\\/04\\\/vacina_mg.jpeg\",\"datePublished\":\"2021-04-08T22:12:00+00:00\",\"dateModified\":\"2021-04-09T02:24:54+00:00\",\"author\":{\"@id\":\"https:\\\/\\\/aconteceunovale.com.br\\\/portal\\\/#\\\/schema\\\/person\\\/7d2f26d1483f8a63de73da1ee0754d35\"},\"breadcrumb\":{\"@id\":\"https:\\\/\\\/aconteceunovale.com.br\\\/portal\\\/?p=176809#breadcrumb\"},\"inLanguage\":\"pt-BR\",\"potentialAction\":[{\"@type\":\"ReadAction\",\"target\":[\"https:\\\/\\\/aconteceunovale.com.br\\\/portal\\\/?p=176809\"]}]},{\"@type\":\"ImageObject\",\"inLanguage\":\"pt-BR\",\"@id\":\"https:\\\/\\\/aconteceunovale.com.br\\\/portal\\\/?p=176809#primaryimage\",\"url\":\"https:\\\/\\\/aconteceunovale.com.br\\\/portal\\\/wp-content\\\/uploads\\\/2021\\\/04\\\/vacina_mg.jpeg\",\"contentUrl\":\"https:\\\/\\\/aconteceunovale.com.br\\\/portal\\\/wp-content\\\/uploads\\\/2021\\\/04\\\/vacina_mg.jpeg\",\"width\":678,\"height\":409},{\"@type\":\"BreadcrumbList\",\"@id\":\"https:\\\/\\\/aconteceunovale.com.br\\\/portal\\\/?p=176809#breadcrumb\",\"itemListElement\":[{\"@type\":\"ListItem\",\"position\":1,\"name\":\"In\u00edcio\",\"item\":\"https:\\\/\\\/aconteceunovale.com.br\\\/portal\\\/\"},{\"@type\":\"ListItem\",\"position\":2,\"name\":\"Minas Gerais recebe mais 478.150 doses de vacinas contra Covid-19\"}]},{\"@type\":\"WebSite\",\"@id\":\"https:\\\/\\\/aconteceunovale.com.br\\\/portal\\\/#website\",\"url\":\"https:\\\/\\\/aconteceunovale.com.br\\\/portal\\\/\",\"name\":\"Aconteceu no Vale\",\"description\":\"Portal de Not\u00edcias\",\"potentialAction\":[{\"@type\":\"SearchAction\",\"target\":{\"@type\":\"EntryPoint\",\"urlTemplate\":\"https:\\\/\\\/aconteceunovale.com.br\\\/portal\\\/?s={search_term_string}\"},\"query-input\":{\"@type\":\"PropertyValueSpecification\",\"valueRequired\":true,\"valueName\":\"search_term_string\"}}],\"inLanguage\":\"pt-BR\"},{\"@type\":\"Person\",\"@id\":\"https:\\\/\\\/aconteceunovale.com.br\\\/portal\\\/#\\\/schema\\\/person\\\/7d2f26d1483f8a63de73da1ee0754d35\",\"name\":\"Reda\u00e7\u00e3o Aconteceu no Vale\",\"description\":\"Equipe de reportagem do Aconteceu no Vale, portal de not\u00edcias do Vale do Jequitinhonha, em Minas Gerais. Cobrimos as 51 cidades do Vale desde 2013. Sugest\u00f5es de pauta e pedidos de corre\u00e7\u00e3o: contato@aconteceunovale.com.br\",\"url\":\"https:\\\/\\\/aconteceunovale.com.br\\\/portal\\\/?author=4\"}]}<\/script>\n<!-- \/ Yoast SEO plugin. -->","yoast_head_json":{"title":"Minas Gerais recebe mais 478.150 doses de vacinas contra Covid-19 - Aconteceu no Vale","robots":{"index":"index","follow":"follow","max-snippet":"max-snippet:-1","max-image-preview":"max-image-preview:large","max-video-preview":"max-video-preview:-1"},"canonical":"https:\/\/aconteceunovale.com.br\/portal\/?p=176809","og_locale":"pt_BR","og_type":"article","og_title":"Minas Gerais recebe mais 478.150 doses de vacinas contra Covid-19 - Aconteceu no Vale","og_description":"Minas\u00a0Gerais recebeu, nesta quinta-feira (8\/4\/2021), mais de 478 mil novas doses de vacinas contra a covid-19. O d\u00e9cimo segundo lote entregue ao Estado cont\u00e9m 257.750 doses da AstraZeneca e outras 220.400 da CoronaVac &#8211; totalizando 478.150 doses. A remessa ir\u00e1 proporcionar a distribui\u00e7\u00e3o da segunda dose (D2) relativa ao esquema vacinal dos trabalhadores da sa\u00fade [&hellip;]","og_url":"https:\/\/aconteceunovale.com.br\/portal\/?p=176809","og_site_name":"Aconteceu no Vale","article_publisher":"https:\/\/www.facebook.com\/aconteceunovale\/","article_published_time":"2021-04-08T22:12:00+00:00","article_modified_time":"2021-04-09T02:24:54+00:00","og_image":[{"width":678,"height":409,"url":"https:\/\/aconteceunovale.com.br\/portal\/wp-content\/uploads\/2021\/04\/vacina_mg.jpeg","type":"image\/jpeg"}],"author":"Reda\u00e7\u00e3o Aconteceu no Vale","twitter_card":"summary_large_image","twitter_creator":"@noticiadosvales","twitter_site":"@noticiadosvales","twitter_misc":{"Escrito por":"Reda\u00e7\u00e3o Aconteceu no Vale","Est. tempo de leitura":"2 minutos"},"schema":{"@context":"https:\/\/schema.org","@graph":[{"@type":"Article","@id":"https:\/\/aconteceunovale.com.br\/portal\/?p=176809#article","isPartOf":{"@id":"https:\/\/aconteceunovale.com.br\/portal\/?p=176809"},"author":{"name":"Reda\u00e7\u00e3o Aconteceu no Vale","@id":"https:\/\/aconteceunovale.com.br\/portal\/#\/schema\/person\/7d2f26d1483f8a63de73da1ee0754d35"},"headline":"Minas Gerais recebe mais 478.150 doses de vacinas contra Covid-19","datePublished":"2021-04-08T22:12:00+00:00","dateModified":"2021-04-09T02:24:54+00:00","mainEntityOfPage":{"@id":"https:\/\/aconteceunovale.com.br\/portal\/?p=176809"},"wordCount":343,"commentCount":0,"image":{"@id":"https:\/\/aconteceunovale.com.br\/portal\/?p=176809#primaryimage"},"thumbnailUrl":"https:\/\/aconteceunovale.com.br\/portal\/wp-content\/uploads\/2021\/04\/vacina_mg.jpeg","keywords":["6 mil doses de vacinas contra Covid-19 e ampliar\u00e1 imuniza\u00e7\u00e3o para idosos de 65 a 69 anos","Adileia Pereira de Jesus Cardoso","Adriana Vilella \u00c1vila de Castro","Belo Horizonte","Casos de coronav\u00edrus em Minas Gerais","Casos de covid-19 em Minas Gerais","Cec\u00e9","Cidades com casos de coronav\u00edrus em Minas Gerais","Confins","Coronav\u00edrus","COVID-19","Covid-19: Minas Gerais bate novo recorde ao registrar mais de 10 mil casos em 24h","Covid-19: Minas Gerais tem recorde de mortes e de casos em 24h","Curados do coronav\u00edrus em Minas Gerais","destaque","Distribui\u00e7\u00e3o da vacina em Minas Gerais","Governador detalha Plano de Conting\u00eancia para Vacina\u00e7\u00e3o contra a Covid-19 em Minas Gerais","Governador detalha Plano de Conting\u00eancia para Vacina\u00e7\u00e3o contra o novo coronav\u00edrus em Minas Gerais","Governador Romeu Zema","HEM","Hospital Eduardo de Menezes","Iniciada a maior opera\u00e7\u00e3o de vacina\u00e7\u00e3o da hist\u00f3ria de Minas Gerais","Maior opera\u00e7\u00e3o de vacina\u00e7\u00e3o da hist\u00f3ria de Minas Gerais","Maria Bom Sucesso Pereira","Minas Gerais inicia a maior opera\u00e7\u00e3o de vacina\u00e7\u00e3o da sua hist\u00f3ria","Minas Gerais recebe 542.550 novas doses de vacinas contra Covid-19","Minas Gerais recebe 561 mil doses da CoronaVac","Minas Gerais recebe mais 475","Minas Gerais recebe mais de 1 milh\u00e3o de doses de vacinas contra Covid-19","Minas Gerais receber\u00e1 mais 475.600 doses de vacinas contra a Covid-19","Minas Gerais receber\u00e1 mais 478.150 doses de vacinas contra Covid-19","Mois\u00e9s Alves Senra","Mortes por coronav\u00edrus em Minas Gerais","Novo coronav\u00edrus","N\u00famero de curados do coronav\u00edrus em Minas Gerais","N\u00fameros do coronav\u00edrus em Minas Gerais","\u00d3bitos por coronav\u00edrus em Minas Gerias","Pandemia de coronav\u00edrus","Plano de Conting\u00eancia para Vacina\u00e7\u00e3o contra a Covid-19 em Minas Gerais","Plano de Conting\u00eancia para Vacina\u00e7\u00e3o contra o novo coronav\u00edrus em Minas Gerais","Plano para Vacina\u00e7\u00e3o contra a Covid-19 em Minas Gerais","Plano para Vacina\u00e7\u00e3o contra o novo coronav\u00edrus em Minas Gerais","Primeira pessoa vacinada contra a Covid-19 em Minas Gerais recebe a segunda dose","Recuperados do coronav\u00edrus em Minas Gerais","Romeu Zema","Secretaria de Sa\u00fade atualiza n\u00fameros do coronav\u00edrus em Minas Gerais","Secretaria de Sa\u00fade de Minas Gerais atualiza n\u00fameros do coronav\u00edrus","SES-MG atualiza n\u00fameros do coronav\u00edrus","Teresa Gamarano Barros","Thiago Lib\u00e9rio Santana Medina","Vacina\u00e7\u00e3o contra a Covid-19 em Minas Gerais","Vacina\u00e7\u00e3o contra o novo coronav\u00edrus em Minas Gerais"],"articleSection":["Minas Gerais","Sa\u00fade"],"inLanguage":"pt-BR","potentialAction":[{"@type":"CommentAction","name":"Comment","target":["https:\/\/aconteceunovale.com.br\/portal\/?p=176809#respond"]}]},{"@type":"WebPage","@id":"https:\/\/aconteceunovale.com.br\/portal\/?p=176809","url":"https:\/\/aconteceunovale.com.br\/portal\/?p=176809","name":"Minas Gerais recebe mais 478.150 doses de vacinas contra Covid-19 - Aconteceu no Vale","isPartOf":{"@id":"https:\/\/aconteceunovale.com.br\/portal\/#website"},"primaryImageOfPage":{"@id":"https:\/\/aconteceunovale.com.br\/portal\/?p=176809#primaryimage"},"image":{"@id":"https:\/\/aconteceunovale.com.br\/portal\/?p=176809#primaryimage"},"thumbnailUrl":"https:\/\/aconteceunovale.com.br\/portal\/wp-content\/uploads\/2021\/04\/vacina_mg.jpeg","datePublished":"2021-04-08T22:12:00+00:00","dateModified":"2021-04-09T02:24:54+00:00","author":{"@id":"https:\/\/aconteceunovale.com.br\/portal\/#\/schema\/person\/7d2f26d1483f8a63de73da1ee0754d35"},"breadcrumb":{"@id":"https:\/\/aconteceunovale.com.br\/portal\/?p=176809#breadcrumb"},"inLanguage":"pt-BR","potentialAction":[{"@type":"ReadAction","target":["https:\/\/aconteceunovale.com.br\/portal\/?p=176809"]}]},{"@type":"ImageObject","inLanguage":"pt-BR","@id":"https:\/\/aconteceunovale.com.br\/portal\/?p=176809#primaryimage","url":"https:\/\/aconteceunovale.com.br\/portal\/wp-content\/uploads\/2021\/04\/vacina_mg.jpeg","contentUrl":"https:\/\/aconteceunovale.com.br\/portal\/wp-content\/uploads\/2021\/04\/vacina_mg.jpeg","width":678,"height":409},{"@type":"BreadcrumbList","@id":"https:\/\/aconteceunovale.com.br\/portal\/?p=176809#breadcrumb","itemListElement":[{"@type":"ListItem","position":1,"name":"In\u00edcio","item":"https:\/\/aconteceunovale.com.br\/portal\/"},{"@type":"ListItem","position":2,"name":"Minas Gerais recebe mais 478.150 doses de vacinas contra Covid-19"}]},{"@type":"WebSite","@id":"https:\/\/aconteceunovale.com.br\/portal\/#website","url":"https:\/\/aconteceunovale.com.br\/portal\/","name":"Aconteceu no Vale","description":"Portal de Not\u00edcias","potentialAction":[{"@type":"SearchAction","target":{"@type":"EntryPoint","urlTemplate":"https:\/\/aconteceunovale.com.br\/portal\/?s={search_term_string}"},"query-input":{"@type":"PropertyValueSpecification","valueRequired":true,"valueName":"search_term_string"}}],"inLanguage":"pt-BR"},{"@type":"Person","@id":"https:\/\/aconteceunovale.com.br\/portal\/#\/schema\/person\/7d2f26d1483f8a63de73da1ee0754d35","name":"Reda\u00e7\u00e3o Aconteceu no Vale","description":"Equipe de reportagem do Aconteceu no Vale, portal de not\u00edcias do Vale do Jequitinhonha, em Minas Gerais. Cobrimos as 51 cidades do Vale desde 2013. Sugest\u00f5es de pauta e pedidos de corre\u00e7\u00e3o: contato@aconteceunovale.com.br","url":"https:\/\/aconteceunovale.com.br\/portal\/?author=4"}]}},"_links":{"self":[{"href":"https:\/\/aconteceunovale.com.br\/portal\/index.php?rest_route=\/wp\/v2\/posts\/176809","targetHints":{"allow":["GET"]}}],"collection":[{"href":"https:\/\/aconteceunovale.com.br\/portal\/index.php?rest_route=\/wp\/v2\/posts"}],"about":[{"href":"https:\/\/aconteceunovale.com.br\/portal\/index.php?rest_route=\/wp\/v2\/types\/post"}],"author":[{"embeddable":true,"href":"https:\/\/aconteceunovale.com.br\/portal\/index.php?rest_route=\/wp\/v2\/users\/4"}],"replies":[{"embeddable":true,"href":"https:\/\/aconteceunovale.com.br\/portal\/index.php?rest_route=%2Fwp%2Fv2%2Fcomments&post=176809"}],"version-history":[{"count":2,"href":"https:\/\/aconteceunovale.com.br\/portal\/index.php?rest_route=\/wp\/v2\/posts\/176809\/revisions"}],"predecessor-version":[{"id":176868,"href":"https:\/\/aconteceunovale.com.br\/portal\/index.php?rest_route=\/wp\/v2\/posts\/176809\/revisions\/176868"}],"wp:featuredmedia":[{"embeddable":true,"href":"https:\/\/aconteceunovale.com.br\/portal\/index.php?rest_route=\/wp\/v2\/media\/176867"}],"wp:attachment":[{"href":"https:\/\/aconteceunovale.com.br\/portal\/index.php?rest_route=%2Fwp%2Fv2%2Fmedia&parent=176809"}],"wp:term":[{"taxonomy":"category","embeddable":true,"href":"https:\/\/aconteceunovale.com.br\/portal\/index.php?rest_route=%2Fwp%2Fv2%2Fcategories&post=176809"},{"taxonomy":"post_tag","embeddable":true,"href":"https:\/\/aconteceunovale.com.br\/portal\/index.php?rest_route=%2Fwp%2Fv2%2Ftags&post=176809"}],"curies":[{"name":"wp","href":"https:\/\/api.w.org\/{rel}","templated":true}]}}