{"id":17674,"date":"2014-01-06T15:14:52","date_gmt":"2014-01-06T17:14:52","guid":{"rendered":"http:\/\/aconteceunovale.com.br\/portal\/?p=17674"},"modified":"2014-01-06T15:16:57","modified_gmt":"2014-01-06T17:16:57","slug":"apos-polemica-producao-do-festival-de-ferias-contrata-segurancas-de-diamantina","status":"publish","type":"post","link":"https:\/\/aconteceunovale.com.br\/portal\/?p=17674","title":{"rendered":"Ap\u00f3s pol\u00eamica, produ\u00e7\u00e3o do Festival de F\u00e9rias contrata seguran\u00e7as de Diamantina"},"content":{"rendered":"<p>A produ\u00e7\u00e3o do Festival de F\u00e9rias, que acontece em Capelinha\/MG, nesta sexta-feira (10\/01), optou por contratar uma empresa de seguran\u00e7a de Diamantina\/MG, ap\u00f3s a pol\u00eamica criada por den\u00fancias de agress\u00e3o f\u00edsica por seguran\u00e7as em um evento realizado no \u00faltimo final de semana na cidade.<\/p>\n<p>O evento que ser\u00e1 realizado no Galp\u00e3o Cultural, a partir das 22h e ter\u00e1 shows com a dupla sertaneja Linco &#038; Tiago, Jederson Cordeiro &#038; Tiago Otoni, C\u00e9sar Neves e Sambart.<\/p>\n<p><strong>DIVULGA\u00c7\u00c3O DO EVENTO:<\/strong><\/p>\n<p><img decoding=\"async\" src=\"http:\/\/aconteceunovale.com.br\/portal\/wp-content\/uploads\/2014\/01\/2cartaz_primeiro_festival_de_ferias_cap_2.jpg\" alt=\"\" \/><\/p>\n","protected":false},"excerpt":{"rendered":"<p>A produ\u00e7\u00e3o do Festival de F\u00e9rias, que acontece em Capelinha\/MG, nesta sexta-feira (10\/01), optou por contratar uma empresa de seguran\u00e7a de Diamantina\/MG, ap\u00f3s a pol\u00eamica criada por den\u00fancias de agress\u00e3o f\u00edsica por seguran\u00e7as em um evento realizado no \u00faltimo final de semana na cidade. O evento que ser\u00e1 realizado no Galp\u00e3o Cultural, a partir das [&hellip;]<\/p>\n","protected":false},"author":1,"featured_media":0,"comment_status":"open","ping_status":"closed","sticky":false,"template":"","format":"standard","meta":{"amp_status":"","footnotes":""},"categories":[125],"tags":[132,2551,2550],"class_list":["post-17674","post","type-post","status-publish","format-standard","hentry","category-noticias","tag-capelinha","tag-festival-de-ferias-em-capelinha","tag-producao-do-festival-de-ferias-contrata-seguranca-de-diamantina"],"_links":{"self":[{"href":"https:\/\/aconteceunovale.com.br\/portal\/index.php?rest_route=\/wp\/v2\/posts\/17674","targetHints":{"allow":["GET"]}}],"collection":[{"href":"https:\/\/aconteceunovale.com.br\/portal\/index.php?rest_route=\/wp\/v2\/posts"}],"about":[{"href":"https:\/\/aconteceunovale.com.br\/portal\/index.php?rest_route=\/wp\/v2\/types\/post"}],"author":[{"embeddable":true,"href":"https:\/\/aconteceunovale.com.br\/portal\/index.php?rest_route=\/wp\/v2\/users\/1"}],"replies":[{"embeddable":true,"href":"https:\/\/aconteceunovale.com.br\/portal\/index.php?rest_route=%2Fwp%2Fv2%2Fcomments&post=17674"}],"version-history":[{"count":0,"href":"https:\/\/aconteceunovale.com.br\/portal\/index.php?rest_route=\/wp\/v2\/posts\/17674\/revisions"}],"wp:attachment":[{"href":"https:\/\/aconteceunovale.com.br\/portal\/index.php?rest_route=%2Fwp%2Fv2%2Fmedia&parent=17674"}],"wp:term":[{"taxonomy":"category","embeddable":true,"href":"https:\/\/aconteceunovale.com.br\/portal\/index.php?rest_route=%2Fwp%2Fv2%2Fcategories&post=17674"},{"taxonomy":"post_tag","embeddable":true,"href":"https:\/\/aconteceunovale.com.br\/portal\/index.php?rest_route=%2Fwp%2Fv2%2Ftags&post=17674"}],"curies":[{"name":"wp","href":"https:\/\/api.w.org\/{rel}","templated":true}]}}