{"id":176638,"date":"2021-04-06T20:16:28","date_gmt":"2021-04-06T23:16:28","guid":{"rendered":"https:\/\/aconteceunovale.com.br\/portal\/?p=176638"},"modified":"2021-04-06T20:17:02","modified_gmt":"2021-04-06T23:17:02","slug":"dolar-atinge-o-menor-valor-em-duas-semanas","status":"publish","type":"post","link":"https:\/\/aconteceunovale.com.br\/portal\/?p=176638","title":{"rendered":"D\u00f3lar atinge o menor valor em duas semanas"},"content":{"rendered":"\n<p>Num dia marcado pelo otimismo externo, o d\u00f3lar teve queda significativa e fechou no menor n\u00edvel em duas semanas. A bolsa de valores oscilou durante o dia, mas encerrou com pequena baixa.<\/p>\n\n\n\n<p>O d\u00f3lar comercial fechou esta ter\u00e7a-feira (6\/4\/2021) vendido a R$ 5,60, com recuo de R$ 0,08 (-1,41%). Na m\u00ednima do dia, por volta das 15h, a cota\u00e7\u00e3o chegou a R$ 5,58, mas o ritmo de queda diminuiu nas horas finais de negocia\u00e7\u00e3o.<\/p>\n\n\n\n<p>No mercado de a\u00e7\u00f5es, o \u00edndice Ibovespa, da B3, fechou aos 117.499 pontos, com pequena queda de 0,02%. Na m\u00e1xima do dia, por volta das 13h30, o indicador aproximou-se dos 118,2 mil pontos, mas reverteu a tend\u00eancia com indefini\u00e7\u00f5es em rela\u00e7\u00e3o \u00e0s negocia\u00e7\u00f5es para vetar o Or\u00e7amento, que influenciou a\u00e7\u00f5es de bancos.<\/p>\n\n\n\n<p>Diversos fatores contribu\u00edram para a queda da moeda norte-americana. O in\u00edcio da safra de gr\u00e3os, que impulsiona as exporta\u00e7\u00f5es e o otimismo no mercado internacional em rela\u00e7\u00e3o \u00e0 recupera\u00e7\u00e3o da economia norte-americana estimularam o recuo na cota\u00e7\u00e3o.<\/p>\n\n\n\n<p>No Brasil, o discurso de posse da nova\u00a0secret\u00e1ria de Governo, Fl\u00e1via Arruda, melhorou a tranquilidade no mercado. Ela defendeu as negocia\u00e7\u00f5es em torno da responsabilidade fiscal e da continuidade da agenda de reformas.<\/p>\n\n\n\n<p>&#8212;&#8212;&#8212;&#8212;&#8212;&#8212;<br><em>Quer receber as not\u00edcias do <strong>Aconteceu no Vale<\/strong> em primeira m\u00e3o? Siga-nos no Facebook <a rel=\"noreferrer noopener\" href=\"http:\/\/facebook.com\/aconteceunovale\" target=\"_blank\">@aconteceunovale<\/a>, Twitter <a rel=\"noreferrer noopener\" href=\"https:\/\/twitter.com\/noticiadosvales\" target=\"_blank\">@noticiadosvales<\/a> e Instagram <a rel=\"noreferrer noopener\" href=\"https:\/\/www.instagram.com\/aconteceunovale\" target=\"_blank\">@aconteceunovale<\/a>.<\/em><\/p>\n","protected":false},"excerpt":{"rendered":"<p>Num dia marcado pelo otimismo externo, o d\u00f3lar teve queda significativa e fechou no menor n\u00edvel em duas semanas. A bolsa de valores oscilou durante o dia, mas encerrou com pequena baixa. O d\u00f3lar comercial fechou esta ter\u00e7a-feira (6\/4\/2021) vendido a R$ 5,60, com recuo de R$ 0,08 (-1,41%). Na m\u00ednima do dia, por volta [&hellip;]<\/p>\n","protected":false},"author":4,"featured_media":161534,"comment_status":"open","ping_status":"closed","sticky":false,"template":"","format":"standard","meta":{"amp_status":"","footnotes":""},"categories":[6,28848],"tags":[193222,22812,60204,214884,216498,36469,20087,242040,209222,222668,225963,138905,241322,21719,21715,140166,20863,33390,30962,76128],"class_list":["post-176638","post","type-post","status-publish","format-standard","has-post-thumbnail","hentry","category-br","category-mundo","tag-bolsa","tag-bolsa-de-valores","tag-cambio-dolar","tag-coronavirus","tag-covid-19","tag-desvalorizacao-do-dolar","tag-dolar","tag-dolar-atinge-o-menor-valor-em-duas-semanas","tag-dolar-dos-estados-unidos","tag-dolar-fecha-maio-com-primeira-queda-mensal-em-2020","tag-dolar-fecha-no-menor-nivel-em-cinco-semanas","tag-dolar-norte-americano","tag-dolar-tem-maior-queda-diaria-em-tres-semanas","tag-ibovespa","tag-mercado-financeiro","tag-pandemia","tag-petroleo","tag-queda-do-dolar","tag-valor-do-dolar","tag-valorizacao-do-real"],"_links":{"self":[{"href":"https:\/\/aconteceunovale.com.br\/portal\/index.php?rest_route=\/wp\/v2\/posts\/176638","targetHints":{"allow":["GET"]}}],"collection":[{"href":"https:\/\/aconteceunovale.com.br\/portal\/index.php?rest_route=\/wp\/v2\/posts"}],"about":[{"href":"https:\/\/aconteceunovale.com.br\/portal\/index.php?rest_route=\/wp\/v2\/types\/post"}],"author":[{"embeddable":true,"href":"https:\/\/aconteceunovale.com.br\/portal\/index.php?rest_route=\/wp\/v2\/users\/4"}],"replies":[{"embeddable":true,"href":"https:\/\/aconteceunovale.com.br\/portal\/index.php?rest_route=%2Fwp%2Fv2%2Fcomments&post=176638"}],"version-history":[{"count":1,"href":"https:\/\/aconteceunovale.com.br\/portal\/index.php?rest_route=\/wp\/v2\/posts\/176638\/revisions"}],"predecessor-version":[{"id":176639,"href":"https:\/\/aconteceunovale.com.br\/portal\/index.php?rest_route=\/wp\/v2\/posts\/176638\/revisions\/176639"}],"wp:featuredmedia":[{"embeddable":true,"href":"https:\/\/aconteceunovale.com.br\/portal\/index.php?rest_route=\/wp\/v2\/media\/161534"}],"wp:attachment":[{"href":"https:\/\/aconteceunovale.com.br\/portal\/index.php?rest_route=%2Fwp%2Fv2%2Fmedia&parent=176638"}],"wp:term":[{"taxonomy":"category","embeddable":true,"href":"https:\/\/aconteceunovale.com.br\/portal\/index.php?rest_route=%2Fwp%2Fv2%2Fcategories&post=176638"},{"taxonomy":"post_tag","embeddable":true,"href":"https:\/\/aconteceunovale.com.br\/portal\/index.php?rest_route=%2Fwp%2Fv2%2Ftags&post=176638"}],"curies":[{"name":"wp","href":"https:\/\/api.w.org\/{rel}","templated":true}]}}