{"id":176636,"date":"2021-04-06T20:08:49","date_gmt":"2021-04-06T23:08:49","guid":{"rendered":"https:\/\/aconteceunovale.com.br\/portal\/?p=176636"},"modified":"2021-04-06T20:10:26","modified_gmt":"2021-04-06T23:10:26","slug":"nova-onda-da-pandemia-gera-maior-incerteza-sobre-brasil-diz-ministro-paulo-guedes","status":"publish","type":"post","link":"https:\/\/aconteceunovale.com.br\/portal\/?p=176636","title":{"rendered":"Nova onda da pandemia gera maior incerteza sobre Brasil, diz ministro Paulo Guedes"},"content":{"rendered":"\n<p>O agravamento da pandemia da covid-19 gerou maior incerteza e aumentou as press\u00f5es sobre a economia brasileira, disse hoje (6\/4\/2021) o ministro da Economia, Paulo Guedes. Em discurso enviado ao Fundo Monet\u00e1rio Internacional (FMI), ele disse que a nova onda da doen\u00e7a submeteu o pa\u00eds a um \u201cestresse acima do normal para o cen\u00e1rio atual\u201d.<\/p>\n\n\n\n<p>Nesta semana, o FMI promove a Reuni\u00e3o de Primavera, que ocorre no in\u00edcio de abril de cada ano. Por causa da pandemia da covid-19, o ministro brasileiro n\u00e3o comparecer\u00e1 ao encontro, mas enviou um discurso ao Comit\u00ea Monet\u00e1rio e Financeiro Internacional, em que expressa vis\u00f5es da equipe econ\u00f4mica sobre diversos temas.<\/p>\n\n\n\n<p>Na avalia\u00e7\u00e3o de Guedes, o governo brasileiro forneceu uma resposta adequada e coordenada no enfrentamento \u00e0 crise econ\u00f4mica gerada pela pandemia, no ano passado. Agora, ressaltou o ministro, o desafio est\u00e1 em prosseguir com as reformas estruturais para sustentar um per\u00edodo de \u201cforte recupera\u00e7\u00e3o\u201d.<\/p>\n\n\n\n<p>Segundo o ministro, a libera\u00e7\u00e3o de uma nova rodada do aux\u00edlio emergencial por meio de uma emenda \u00e0 Constitui\u00e7\u00e3o que exigiu contrapartidas fiscais permite garantir a conten\u00e7\u00e3o da d\u00edvida p\u00fablica no m\u00e9dio prazo. Ele ressaltou que as novas medidas de prote\u00e7\u00e3o social est\u00e3o atreladas \u00e0 preocupa\u00e7\u00e3o com a sustentabilidade das contas p\u00fablicas, com medidas como o congelamento tempor\u00e1rio de sal\u00e1rios no servi\u00e7o p\u00fablico e de contrata\u00e7\u00f5es nos n\u00edveis federal, estadual e municipal.<\/p>\n\n\n\n<p>\u201cAmplo apoio parlamentar foi obtido para esta abordagem em que o aux\u00edlio emergencial foi acionado junto com regras mais fortes para controlar as despesas p\u00fablicas. Portanto, o suporte fiscal e a prote\u00e7\u00e3o da popula\u00e7\u00e3o vulner\u00e1vel vieram ao lado de medidas para preservar a sustentabilidade das contas p\u00fablicas\u201d, destacou Guedes no discurso.<\/p>\n\n\n\n<h2 class=\"wp-block-heading\">Desafios<\/h2>\n\n\n\n<p>Apesar da nova onda da covid-19, o ministro disse estar confiante de uma retomada r\u00e1pida na atividade econ\u00f4mica assim que as restri\u00e7\u00f5es impostas pela pandemia acabarem. Segundo ele, isso ser\u00e1 poss\u00edvel porque a pandemia teve impacto maior sobre o setor informal, que, nas palavras do ministro, teria \u201cmaior flexibilidade para se recuperar\u201d.<\/p>\n\n\n\n<p>No discurso, Guedes mencionou a necessidade de promover uma vacina\u00e7\u00e3o em massa e de continuar com a agenda de reformas estruturais e microecon\u00f4micas para que o Brasil possa crescer de maneira sustent\u00e1vel. \u201cEm suma, a abordagem para impulsionar o crescimento sustent\u00e1vel e inclusivo no Brasil \u00e9 tripla: intensificar a vacina\u00e7\u00e3o em massa, fornecer apoio fiscal de curto prazo juntamente com consolida\u00e7\u00e3o [reequil\u00edbrio das contas p\u00fablicas] a m\u00e9dio prazo e prossecu\u00e7\u00e3o das reformas pr\u00f3-mercado\u201d, disse.<\/p>\n\n\n\n<p>Em rela\u00e7\u00e3o ao\u00a0recente aumento de juros pelo Comit\u00ea de Pol\u00edtica Monet\u00e1ria\u00a0(Copom) do Banco Central, Guedes disse que a medida indica a \u201cnormaliza\u00e7\u00e3o\u201d da pol\u00edtica monet\u00e1ria, depois que a taxa Selic (juros b\u00e1sicos da economia) teve de ser reduzida para n\u00edveis abaixo da infla\u00e7\u00e3o. Para ele, a eleva\u00e7\u00e3o da Selic mostra que a autoridade monet\u00e1ria est\u00e1 comprometida com o retorno da infla\u00e7\u00e3o ao intervalo de metas \u201cno horizonte relevante\u201d e a alta da infla\u00e7\u00e3o representa um fen\u00f4meno tempor\u00e1rio, decorrente da alta do d\u00f3lar e do pre\u00e7o das\u00a0<em>commodities\u00a0<\/em>(bens prim\u00e1rios com cota\u00e7\u00e3o internacional).<\/p>\n\n\n\n<p>\u201cO Banco Central elevou a taxa b\u00e1sica de juros para garantir que a infla\u00e7\u00e3o e as expectativas sigam dentro da meta para o horizonte relevante para a pol\u00edtica monet\u00e1ria. Mesmo com o recente aumento da taxa de juros, a pol\u00edtica monet\u00e1ria permanece muito acomodat\u00edcia. Al\u00e9m disso, o setor financeiro, que estava muito bem-posicionado quando a crise estourou, tem mostrado not\u00e1vel resili\u00eancia\u201d, explicou o ministro, comentando que a infla\u00e7\u00e3o recente subiu por conta da alta de commodities e do c\u00e2mbio.<\/p>\n\n\n\n<h2 class=\"wp-block-heading\">Previs\u00f5es<\/h2>\n\n\n\n<p>Nesta ter\u00e7a-feira, o FMI elevou a previs\u00e3o de crescimento da economia brasileira de 3,6% para 3,7% em 2021. O aumento na proje\u00e7\u00e3o para o Brasil foi inferior \u00e0 expans\u00e3o da economia global, que passou de 5,5% para 6% neste ano.<\/p>\n\n\n\n<p>Em seu discurso, Guedes citou as proje\u00e7\u00f5es do ano passado, quando o FMI e diversos \u00f3rg\u00e3os internacionais estimaram queda de 8% a 9% do PIB brasileiro em 2020. Na avalia\u00e7\u00e3o do ministro, o desempenho da economia brasileira no ano passado, que encolheu 4,8%, mostrou que as previs\u00f5es nem sempre est\u00e3o certas.<\/p>\n\n\n\n<p>\u201cA a\u00e7\u00e3o decisiva [com o aux\u00edlio emergencial e outras medidas] mitigou o impacto da pandemia e levou a revis\u00f5es generalizadas de previs\u00e3o de crescimento. O crescimento em 2020 surpreendeu positivamente algumas organiza\u00e7\u00f5es internacionais, no entanto, n\u00e3o deveria ser totalmente inesperado\u201d, disse Guedes.<\/p>\n\n\n\n<p>&#8212;&#8212;&#8212;&#8212;&#8212;&#8212;<br><em>Quer receber as not\u00edcias do <strong>Aconteceu no Vale<\/strong> em primeira m\u00e3o? Siga-nos no Facebook <a rel=\"noreferrer noopener\" href=\"http:\/\/facebook.com\/aconteceunovale\" target=\"_blank\">@aconteceunovale<\/a>, Twitter <a rel=\"noreferrer noopener\" href=\"https:\/\/twitter.com\/noticiadosvales\" target=\"_blank\">@noticiadosvales<\/a> e Instagram <a rel=\"noreferrer noopener\" href=\"https:\/\/www.instagram.com\/aconteceunovale\" target=\"_blank\">@aconteceunovale<\/a>.<\/em><\/p>\n","protected":false},"excerpt":{"rendered":"<p>O agravamento da pandemia da covid-19 gerou maior incerteza e aumentou as press\u00f5es sobre a economia brasileira, disse hoje (6\/4\/2021) o ministro da Economia, Paulo Guedes. Em discurso enviado ao Fundo Monet\u00e1rio Internacional (FMI), ele disse que a nova onda da doen\u00e7a submeteu o pa\u00eds a um \u201cestresse acima do normal para o cen\u00e1rio atual\u201d. [&hellip;]<\/p>\n","protected":false},"author":4,"featured_media":166140,"comment_status":"open","ping_status":"closed","sticky":false,"template":"","format":"standard","meta":{"amp_status":"","footnotes":""},"categories":[6,40239,28848],"tags":[240551,242038,121633,126004,126003,242036,242035,184661,194202,242037,17364,242039],"class_list":["post-176636","post","type-post","status-publish","format-standard","has-post-thumbnail","hentry","category-br","category-economia-2","category-mundo","tag-agravamento-da-pandemia-no-brasil","tag-comite-monetario-e-financeiro-internacional","tag-economia-do-brasil","tag-fmi","tag-fundo-monetario-internacional","tag-incerteza-no-brasil","tag-maior-incerteza-sobre-brasil","tag-ministerio-da-economia","tag-ministro-da-economia","tag-nova-onda-da-pandemia-no-brasil","tag-paulo-guedes","tag-previsoes-para-a-economia-do-brasil"],"_links":{"self":[{"href":"https:\/\/aconteceunovale.com.br\/portal\/index.php?rest_route=\/wp\/v2\/posts\/176636","targetHints":{"allow":["GET"]}}],"collection":[{"href":"https:\/\/aconteceunovale.com.br\/portal\/index.php?rest_route=\/wp\/v2\/posts"}],"about":[{"href":"https:\/\/aconteceunovale.com.br\/portal\/index.php?rest_route=\/wp\/v2\/types\/post"}],"author":[{"embeddable":true,"href":"https:\/\/aconteceunovale.com.br\/portal\/index.php?rest_route=\/wp\/v2\/users\/4"}],"replies":[{"embeddable":true,"href":"https:\/\/aconteceunovale.com.br\/portal\/index.php?rest_route=%2Fwp%2Fv2%2Fcomments&post=176636"}],"version-history":[{"count":1,"href":"https:\/\/aconteceunovale.com.br\/portal\/index.php?rest_route=\/wp\/v2\/posts\/176636\/revisions"}],"predecessor-version":[{"id":176637,"href":"https:\/\/aconteceunovale.com.br\/portal\/index.php?rest_route=\/wp\/v2\/posts\/176636\/revisions\/176637"}],"wp:featuredmedia":[{"embeddable":true,"href":"https:\/\/aconteceunovale.com.br\/portal\/index.php?rest_route=\/wp\/v2\/media\/166140"}],"wp:attachment":[{"href":"https:\/\/aconteceunovale.com.br\/portal\/index.php?rest_route=%2Fwp%2Fv2%2Fmedia&parent=176636"}],"wp:term":[{"taxonomy":"category","embeddable":true,"href":"https:\/\/aconteceunovale.com.br\/portal\/index.php?rest_route=%2Fwp%2Fv2%2Fcategories&post=176636"},{"taxonomy":"post_tag","embeddable":true,"href":"https:\/\/aconteceunovale.com.br\/portal\/index.php?rest_route=%2Fwp%2Fv2%2Ftags&post=176636"}],"curies":[{"name":"wp","href":"https:\/\/api.w.org\/{rel}","templated":true}]}}