{"id":176591,"date":"2021-04-06T17:03:06","date_gmt":"2021-04-06T20:03:06","guid":{"rendered":"https:\/\/aconteceunovale.com.br\/portal\/?p=176591"},"modified":"2021-04-06T17:06:23","modified_gmt":"2021-04-06T20:06:23","slug":"gasmig-mantem-tarifa-do-gas-residencial-congelada-ate-2022","status":"publish","type":"post","link":"https:\/\/aconteceunovale.com.br\/portal\/?p=176591","title":{"rendered":"Gasmig mant\u00e9m tarifa do g\u00e1s residencial congelada at\u00e9 2022"},"content":{"rendered":"\n<p>A&nbsp;<a href=\"http:\/\/www.gasmig.com.br\/\" target=\"_blank\" rel=\"noreferrer noopener\">Companhia de G\u00e1s de Minas Gerais (Gasmig)<\/a>&nbsp;vai manter o pre\u00e7o do g\u00e1s residencial congelado at\u00e9 fevereiro de 2022. A companhia tomou a decis\u00e3o&nbsp;mesmo ap\u00f3s o an\u00fancio feito pela Petrobras,&nbsp;na&nbsp;segunda-feira (5\/4), sobre o aumento do custo do g\u00e1s natural em 39% para a partir de 1\/5.&nbsp;<\/p>\n\n\n\n<p>A distribuidora de g\u00e1s corrige a tarifa do g\u00e1s residencial anualmente, mas, diante desta alta expressiva do custo,&nbsp;optou pela manuten\u00e7\u00e3o do pre\u00e7o para&nbsp;manter a confian\u00e7a e dar estabilidade ao consumidor. Para os demais segmentos, como industrial e comercial, o repasse est\u00e1 sendo estudado.&nbsp;<\/p>\n\n\n\n<p>Recentemente, a Gasmig anunciou o congelamento do pre\u00e7o do g\u00e1s veicular por 90 dias, at\u00e9 3\/6\/2021, e est\u00e1 estudando como diminuir o impacto desse aumento. O presidente da Gasmig, Pedro Magalh\u00e3es, se reuniu com membros da Federa\u00e7\u00e3o das Ind\u00fastrias do Estado de Minas Gerais (Fiemg) para debater medidas para tentar reduzir os efeitos da medida e criar uma pol\u00edtica de g\u00e1s para o futuro, com o objetivo de aumentar a base de consumidores em Minas.&nbsp;<\/p>\n\n\n\n<p>O g\u00e1s natural \u00e9 encanado, dispensa o botij\u00e3o e tem menos risco de explos\u00e3o, al\u00e9m de ser menos poluente e apresentar pre\u00e7o mais competitivo. Um apartamento padr\u00e3o, de tr\u00eas quartos, possui uma conta m\u00e9dia de g\u00e1s da Gasmig no valor de R$ 35,00 reais por m\u00eas. Al\u00e9m da pol\u00edtica de pre\u00e7o, a empresa trabalha para manter a qualidade e a seguran\u00e7a no atendimento ao cliente.\u00a0<\/p>\n\n\n\n<p>&#8212;&#8212;&#8212;&#8212;&#8212;&#8212;<br><em>Quer receber as not\u00edcias do <strong>Aconteceu no Vale<\/strong> em primeira m\u00e3o? Siga-nos no Facebook <a rel=\"noreferrer noopener\" href=\"http:\/\/facebook.com\/aconteceunovale\" target=\"_blank\">@aconteceunovale<\/a>, Twitter <a rel=\"noreferrer noopener\" href=\"https:\/\/twitter.com\/noticiadosvales\" target=\"_blank\">@noticiadosvales<\/a> e Instagram <a rel=\"noreferrer noopener\" href=\"https:\/\/www.instagram.com\/aconteceunovale\" target=\"_blank\">@aconteceunovale<\/a>.<\/em><\/p>\n","protected":false},"excerpt":{"rendered":"<p>A&nbsp;Companhia de G\u00e1s de Minas Gerais (Gasmig)&nbsp;vai manter o pre\u00e7o do g\u00e1s residencial congelado at\u00e9 fevereiro de 2022. A companhia tomou a decis\u00e3o&nbsp;mesmo ap\u00f3s o an\u00fancio feito pela Petrobras,&nbsp;na&nbsp;segunda-feira (5\/4), sobre o aumento do custo do g\u00e1s natural em 39% para a partir de 1\/5.&nbsp; A distribuidora de g\u00e1s corrige a tarifa do g\u00e1s residencial [&hellip;]<\/p>\n","protected":false},"author":4,"featured_media":118644,"comment_status":"open","ping_status":"closed","sticky":false,"template":"","format":"standard","meta":{"amp_status":"","footnotes":""},"categories":[123],"tags":[241973,45426,241971,241970,127858,48248,45425,241974,5499,226742,241969,241968,241972],"class_list":["post-176591","post","type-post","status-publish","format-standard","has-post-thumbnail","hentry","category-gerais","tag-aumento-do-gas-natural","tag-companhia-de-gas-de-minas-gerais","tag-congelamento-da-tarifa-do-gas-residencial-em-minas-gerais","tag-congelamento-da-tarifa-do-gas-residencial-gasmig","tag-federacao-das-industrias-do-estado-de-minas-gerais","tag-fiemg","tag-gasmig","tag-pedro-magalhaes","tag-petrobras","tag-preco-do-gas-natural","tag-tarifa-do-gas-residencial-da-gasmig","tag-tarifa-do-gas-residencial-em-minas-gerais","tag-valor-do-gas-residencial-em-minas-gerais"],"_links":{"self":[{"href":"https:\/\/aconteceunovale.com.br\/portal\/index.php?rest_route=\/wp\/v2\/posts\/176591","targetHints":{"allow":["GET"]}}],"collection":[{"href":"https:\/\/aconteceunovale.com.br\/portal\/index.php?rest_route=\/wp\/v2\/posts"}],"about":[{"href":"https:\/\/aconteceunovale.com.br\/portal\/index.php?rest_route=\/wp\/v2\/types\/post"}],"author":[{"embeddable":true,"href":"https:\/\/aconteceunovale.com.br\/portal\/index.php?rest_route=\/wp\/v2\/users\/4"}],"replies":[{"embeddable":true,"href":"https:\/\/aconteceunovale.com.br\/portal\/index.php?rest_route=%2Fwp%2Fv2%2Fcomments&post=176591"}],"version-history":[{"count":1,"href":"https:\/\/aconteceunovale.com.br\/portal\/index.php?rest_route=\/wp\/v2\/posts\/176591\/revisions"}],"predecessor-version":[{"id":176592,"href":"https:\/\/aconteceunovale.com.br\/portal\/index.php?rest_route=\/wp\/v2\/posts\/176591\/revisions\/176592"}],"wp:featuredmedia":[{"embeddable":true,"href":"https:\/\/aconteceunovale.com.br\/portal\/index.php?rest_route=\/wp\/v2\/media\/118644"}],"wp:attachment":[{"href":"https:\/\/aconteceunovale.com.br\/portal\/index.php?rest_route=%2Fwp%2Fv2%2Fmedia&parent=176591"}],"wp:term":[{"taxonomy":"category","embeddable":true,"href":"https:\/\/aconteceunovale.com.br\/portal\/index.php?rest_route=%2Fwp%2Fv2%2Fcategories&post=176591"},{"taxonomy":"post_tag","embeddable":true,"href":"https:\/\/aconteceunovale.com.br\/portal\/index.php?rest_route=%2Fwp%2Fv2%2Ftags&post=176591"}],"curies":[{"name":"wp","href":"https:\/\/api.w.org\/{rel}","templated":true}]}}