{"id":17642,"date":"2014-01-05T23:06:04","date_gmt":"2014-01-06T01:06:04","guid":{"rendered":"http:\/\/aconteceunovale.com.br\/portal\/?p=17642"},"modified":"2014-01-05T23:08:14","modified_gmt":"2014-01-06T01:08:14","slug":"boletim-da-defesa-civil-revela-que-ja-sao-73-cidades-em-emergencia-por-causa-das-chuvas-em-minas","status":"publish","type":"post","link":"https:\/\/aconteceunovale.com.br\/portal\/?p=17642","title":{"rendered":"Boletim da Defesa Civil revela que j\u00e1 s\u00e3o 73 cidades em emerg\u00eancia por causa das chuvas em Minas"},"content":{"rendered":"<p>O n\u00famero de cidades em situa\u00e7\u00e3o de emerg\u00eancias por causa das chuvas em Minas Gerais subiu para 73. A informa\u00e7\u00e3o foi divulgada pela Coordenadoria de Defesa Civil de Minas Gerais (Cedec) neste domingo (5). Mais de 48 mil pessoas tiveram que deixar suas casas, e 196 ficaram feridas. Ao todo, foram 22 mortes.<\/p>\n<p>Segundo o boletim da Cedec, seis munic\u00edpios entraram para a lista de cidades que sofreram danos graves causados pelas chuvas que atinge o estado desde o in\u00edcio do per\u00edodo considerado chuvoso, em outubro. S\u00e3o elas: Te\u00f3filo Otoni, Bugre, S\u00e3o Jos\u00e9 do Jacuri, Santana do Riacho, S\u00e3o Sebasti\u00e3o do Maranh\u00e3o e Concei\u00e7\u00e3o do Mato Dentro. Duas cidades decretaram situa\u00e7\u00e3o de calamidade p\u00fablica: Sardo\u00e1 e Virgol\u00e2ndia, ambas no Leste de Minas.<\/p>\n<p>Apesar dos novos n\u00fameros, n\u00e3o h\u00e1 relatos de chuvas de grande intensidade neste domingo no estado. As cidades que entraram na lista foram atingidas por chuvas entre 23 e 30 de dezembro. Desde outubro, 32.001 pessoas foram desalojadas e 16.735 desabrigadas. Mais de dez mil casas foram danificadas ou destru\u00eddas.<\/p>\n<p><strong>DECRETOS<\/strong><\/p>\n<p>Nesta sexta-feira (3), o Governo de Minas Gerais confirmou o decreto de situa\u00e7\u00e3o de emerg\u00eancia de 59 cidades. O of\u00edcio foi publicado no Di\u00e1rio Oficial do estado, o Minas Gerais na \u00faltima ter\u00e7a-feira (31). J\u00e1 a portaria da Secretaria Nacional de Prote\u00e7\u00e3o e Defesa Civil est\u00e1 no Di\u00e1rio Oficial da Uni\u00e3o desta sexta-feira (3) com 58 munic\u00edpios inclu\u00eddos. A cidade de Matias Lobato j\u00e1 havia recebido o reconhecimento na publica\u00e7\u00e3o do dia 23 de dezembro.<\/p>\n<p>A medida ajuda ao estado a usar todos os \u00f3rg\u00e3os necess\u00e1rios para socorrer as popula\u00e7\u00f5es destas cidades com mais agilidade, com reabilita\u00e7\u00e3o e reconstru\u00e7\u00e3o de locais destru\u00eddos.<\/p>\n<p><img decoding=\"async\" src=\"http:\/\/aconteceunovale.com.br\/portal\/wp-content\/uploads\/2013\/12\/virgolandia_fotos_gervasio_coelho_4.jpg\" alt=\"\" \/><br \/>\n<strong><em>Tr\u00eas pessoas perderam a vida por causa da enchente em Virgol\u00e2ndia<\/em><\/strong><\/p>\n<p>Fonte: G1<\/p>\n","protected":false},"excerpt":{"rendered":"<p>O n\u00famero de cidades em situa\u00e7\u00e3o de emerg\u00eancias por causa das chuvas em Minas Gerais subiu para 73. A informa\u00e7\u00e3o foi divulgada pela Coordenadoria de Defesa Civil de Minas Gerais (Cedec) neste domingo (5). Mais de 48 mil pessoas tiveram que deixar suas casas, e 196 ficaram feridas. Ao todo, foram 22 mortes. Segundo o [&hellip;]<\/p>\n","protected":false},"author":1,"featured_media":0,"comment_status":"open","ping_status":"closed","sticky":false,"template":"","format":"standard","meta":{"amp_status":"","footnotes":""},"categories":[123],"tags":[1721,1535,628,247,201,2147,2533,2448,321,322,324,325,154,2532,164,333],"class_list":["post-17642","post","type-post","status-publish","format-standard","hentry","category-gerais","tag-bugre","tag-buritizeiro","tag-conceicao-do-mato-dentro","tag-governador-valadares","tag-ipatinga","tag-pocrane","tag-santana-do-riacho","tag-sao-joao-da-ponte","tag-sao-jose-do-jacuri","tag-sao-pedro-do-suacui","tag-sao-sebastiao-do-maranhao","tag-sardoa","tag-serro","tag-sobe-para-73-cidades-em-emergencia-em-mg-por-causa-das-chuvas","tag-teofilo-otoni","tag-virgolandia"],"_links":{"self":[{"href":"https:\/\/aconteceunovale.com.br\/portal\/index.php?rest_route=\/wp\/v2\/posts\/17642","targetHints":{"allow":["GET"]}}],"collection":[{"href":"https:\/\/aconteceunovale.com.br\/portal\/index.php?rest_route=\/wp\/v2\/posts"}],"about":[{"href":"https:\/\/aconteceunovale.com.br\/portal\/index.php?rest_route=\/wp\/v2\/types\/post"}],"author":[{"embeddable":true,"href":"https:\/\/aconteceunovale.com.br\/portal\/index.php?rest_route=\/wp\/v2\/users\/1"}],"replies":[{"embeddable":true,"href":"https:\/\/aconteceunovale.com.br\/portal\/index.php?rest_route=%2Fwp%2Fv2%2Fcomments&post=17642"}],"version-history":[{"count":0,"href":"https:\/\/aconteceunovale.com.br\/portal\/index.php?rest_route=\/wp\/v2\/posts\/17642\/revisions"}],"wp:attachment":[{"href":"https:\/\/aconteceunovale.com.br\/portal\/index.php?rest_route=%2Fwp%2Fv2%2Fmedia&parent=17642"}],"wp:term":[{"taxonomy":"category","embeddable":true,"href":"https:\/\/aconteceunovale.com.br\/portal\/index.php?rest_route=%2Fwp%2Fv2%2Fcategories&post=17642"},{"taxonomy":"post_tag","embeddable":true,"href":"https:\/\/aconteceunovale.com.br\/portal\/index.php?rest_route=%2Fwp%2Fv2%2Ftags&post=17642"}],"curies":[{"name":"wp","href":"https:\/\/api.w.org\/{rel}","templated":true}]}}