{"id":176394,"date":"2021-04-03T14:06:17","date_gmt":"2021-04-03T17:06:17","guid":{"rendered":"https:\/\/aconteceunovale.com.br\/portal\/?p=176394"},"modified":"2021-04-03T14:08:57","modified_gmt":"2021-04-03T17:08:57","slug":"minas-gerais-recebe-medicamentos-para-intubacao-de-pacientes","status":"publish","type":"post","link":"https:\/\/aconteceunovale.com.br\/portal\/?p=176394","title":{"rendered":"Minas Gerais recebe medicamentos para intuba\u00e7\u00e3o de pacientes"},"content":{"rendered":"\n<p>A\u00a0<a rel=\"noreferrer noopener\" href=\"https:\/\/www.saude.mg.gov.br\/\" target=\"_blank\">Secretaria de Estado de Sa\u00fade de Minas Gerais (SES-MG)<\/a>\u00a0recebeu na sexta-feira (2\/4\/2021), do Minist\u00e9rio da Sa\u00fade, mais um quantitativo dos medicamentos utilizados para manter a seda\u00e7\u00e3o de pacientes com covid-19. Conhecidos como \u201ckit intuba\u00e7\u00e3o\u201d, os bloqueadores neuromusculares s\u00e3o disponibilizados para institui\u00e7\u00f5es que tiveram aumento abrupto de consumo e que t\u00eam estoques suficientes apenas para quatro dias. \u00a0<\/p>\n\n\n\n<p>S\u00e3o 1.925 ampolas de rocur\u00f4nio, 675 ampolas de cisatrac\u00fario (medicamento complementar ao rocur\u00f4nio), 3.400 ampolas de midazolam e 400 ampolas de norepinefrina,&nbsp;destinados a 15 hospitais de oito macrorregionais: Centro, Leste, Oeste, Sul, Sudeste, Leste do Sul, Norte, Centro-Sul. Todas os estabelecimentos fazem parte do Cadastro Nacional dos Estabelecimentos em Sa\u00fade (CNES). \u201cSemanalmente os hospitais informam a secretaria sobre seus estoques. Aqueles que est\u00e3o com quantitativos menores do que para uma semana, buscamos atender dentro da disponibilidade, o mais r\u00e1pido poss\u00edvel\u201d, informou o diretor de Medicamentos B\u00e1sicos da SES-MG, Jans Bastos Izidoro.<\/p>\n\n\n\n<h2 class=\"wp-block-heading\"><strong>Remessas anteriores&nbsp;<\/strong><\/h2>\n\n\n\n<p>Na quarta-feira (31\/3), a Secretaria de Estado de Sa\u00fade de Minas Gerais (SES-MG) iniciou a distribui\u00e7\u00e3o de 2.575 unidades de atracurio, 350 de cisatrac\u00fario, 1.745 de dexmedetomitina e 14.660 mil de midazolan. &nbsp;&nbsp;<\/p>\n\n\n\n<p>Antes desta remessa, chegaram ao almoxarifado da SES-MG, na semana passada, 6.150 ampolas de rocur\u00f4nio, 1.000 ampolas de cisatrac\u00fario e 600 ampolas de atrac\u00fario, que, no dia seguinte, j\u00e1 estavam liberadas para 44 hospitais. \u00a0<br><br>Enviados pelo Minist\u00e9rio da Sa\u00fade, os anest\u00e9sicos e os bloqueadores neuromusculares est\u00e3o sendo disponibilizados para 56 hospitais de refer\u00eancia para o atendimento \u00e0 covid-19 e unidades de Sa\u00fade, contemplados conforme n\u00edvel de criticidade e risco de falta dos medicamentos.\u00a0<\/p>\n\n\n\n<p>Receber\u00e3o os f\u00e1rmacos, as macrorregi\u00f5es do Centro, Jequitinhonha, Leste do Sul, Nordeste, Noroeste, Norte, Oeste, Sudeste, Sul, Tri\u00e2ngulo do Norte, Tri\u00e2ngulo do Sul e Vale do A\u00e7o.<\/p>\n\n\n\n<h2 class=\"wp-block-heading\"><strong>Envio de medicamentos<\/strong><\/h2>\n\n\n\n<p><strong>Remessa 1<\/strong>\u00a0= 44 hospitais em 35 cidades de 11 regi\u00f5es de Sa\u00fade<br><strong>Remessa 2\u00a0<\/strong>= 56 unidades de Sa\u00fade em 39 cidades de 12 regi\u00f5es de Sa\u00fade<br><strong>Remessa 3<\/strong>\u00a0= 15 hospitais em 15 cidades de 8 regi\u00f5es de Sa\u00fade<\/p>\n\n\n\n<h2 class=\"wp-block-heading\"><strong>1\u00aa remessa<\/strong><\/h2>\n\n\n\n<figure class=\"wp-block-table is-style-stripes\"><table><tbody><tr><td><strong>Institui\u00e7\u00e3o<\/strong><\/td><td><strong>Munic\u00edpio<\/strong><\/td><td><strong>Macrorregi\u00e3o de sa\u00fade<\/strong><\/td><\/tr><tr><td>Funda\u00e7\u00e3o Hospitalar Dr. Mois\u00e9s Magalh\u00e3es Freire<\/td><td>Pirapora<\/td><td>NORTE<\/td><\/tr><tr><td>Hospital Frei Gabriel Frutal\u00a0<\/td><td>Frutal<\/td><td>TRI\u00c2NGULO DO SUL<\/td><\/tr><tr><td>Hospital Ana Nery de Minas Gerais<\/td><td>Juiz de Fora<\/td><td>SUDESTE<\/td><\/tr><tr><td>Santa Casa Tr\u00eas Pontas<\/td><td>Tr\u00eas Pontas<\/td><td>SUL<\/td><\/tr><tr><td>Hospital Nossa Senhora D&#8217;Abadia<\/td><td>Ituiutaba<\/td><td>TRI\u00c2NGULO DO NORTE<\/td><\/tr><tr><td>Hospital Miseric\u00f3rdia de Santos Dumont<\/td><td>Santos Dumont<\/td><td>SUDESTE<\/td><\/tr><tr><td>Hospital S\u00e3o Jo\u00e3o de Deus<\/td><td>Santa Luzia<\/td><td>CENTRO<\/td><\/tr><tr><td>Hospital Regional de Jana\u00faba<\/td><td>Jana\u00faba<\/td><td>NORTE<\/td><\/tr><tr><td>Fundo Municipal de Sa\u00fade &#8211; Hospital Municipal de Sa\u00fade<\/td><td>Paracatu<\/td><td>NOROESTE<\/td><\/tr><tr><td>Hospital S\u00e3o Salvador<\/td><td>Al\u00e9m Para\u00edba<\/td><td>SUDESTE<\/td><\/tr><tr><td>Hospital Universit\u00e1rio Clemente Faria<\/td><td>Montes Claros<\/td><td>NORTE<\/td><\/tr><tr><td>M\u00e1rio Palm\u00e9rio Hospital Universit\u00e1rio<\/td><td>Uberaba<\/td><td>TRI\u00c2NGULO DO SUL<\/td><\/tr><tr><td>Hospital e Maternidade Regional de Ibirit\u00e9 \/ Hospital de Campanha Covid<\/td><td>Ibirit\u00e9<\/td><td>CENTRO<\/td><\/tr><tr><td>Hospital Maternidade e Pronto Socorro Santa L\u00facia<\/td><td>Po\u00e7os de Caldas<\/td><td>SUDESTE<\/td><\/tr><tr><td>Hospital Santo Ant\u00f4nio (Munic\u00edpio de Pe\u00e7anha)\u00a0<\/td><td>Pe\u00e7anha<\/td><td>LESTE<\/td><\/tr><tr><td>Hospital Dr. Jos\u00e9 Maria Morais<\/td><td>Coronel Fabriciano<\/td><td>VALE DO A\u00c7O<\/td><\/tr><tr><td>Hospital Nossa Senhora das Gra\u00e7as<\/td><td>Sete Lagoas<\/td><td>CENTRO<\/td><\/tr><tr><td>Hospital S\u00e3o Jos\u00e9 da Sociedade S\u00e3o Vicente de Paulo<\/td><td>Ituiutaba<\/td><td>TRI\u00c2NGULO DO NORTE<\/td><\/tr><tr><td>Hospital Evang\u00e9lico de Carangola<\/td><td>Carangola<\/td><td>SUDESTE<\/td><\/tr><tr><td>Irmandade Santo Ant\u00f4nio de Curvelo<\/td><td>Curvelo<\/td><td>CENTRO<\/td><\/tr><tr><td>Hospital Monte Sinai&nbsp;<\/td><td>Juiz de Fora<\/td><td>SUDESTE<\/td><\/tr><tr><td>Assoc. Assist. Social da Santa Casa de Miseric\u00f3rdia de Arax\u00e1<\/td><td>Arax\u00e1<\/td><td>TRI\u00c2NGULO DO SUL<\/td><\/tr><tr><td>Hospital Metropolitano Odilon Behrens<\/td><td>Belo Horizonte<\/td><td>CENTRO<\/td><\/tr><tr><td>Hospital e Maternidade Municipal Dr. Odelmo Le\u00e3o Carneiro<\/td><td>Uberl\u00e2ndia<\/td><td>TRI\u00c2NGULO DO NORTE<\/td><\/tr><tr><td>Hospital de Campanha do Munic\u00edpio de Varginha<\/td><td>Varginha<\/td><td>SUL<\/td><\/tr><tr><td>Instituto Mario Penna &#8211; Hospital Luxemburgo<\/td><td>Belo Horizonte<\/td><td>CENTRO<\/td><\/tr><tr><td>Associa\u00e7\u00e3o Beneficente Cat\u00f3lica \/ Hospital Santa Isabel<\/td><td>Ub\u00e1<\/td><td>SUDESTE<\/td><\/tr><tr><td>Secretaria Municipal de Sa\u00fade de Belo Horizonte<\/td><td>Belo Horizonte<\/td><td>CENTRO<\/td><\/tr><tr><td>Funda\u00e7\u00e3o S\u00e3o Carlos<\/td><td>Lagoa da Prata<\/td><td>OESTE<\/td><\/tr><tr><td>Funda\u00e7\u00e3o Hospitalar Nossa Senhora de Lourdes<\/td><td>Nova Lima<\/td><td>CENTRO<\/td><\/tr><tr><td>Hospital Nossa Senhora Auxiliadora<\/td><td>Caratinga<\/td><td>VALE DO A\u00c7O<\/td><\/tr><tr><td>Funda\u00e7\u00e3o de Sa\u00fade Dilson de Quadros Godinho<\/td><td>Montes Claros<\/td><td>NORTE<\/td><\/tr><tr><td>Funda\u00e7\u00e3o Hospitalar de Montes Claros<\/td><td>Montes Claros<\/td><td>NORTE<\/td><\/tr><tr><td>Hospital Municipal Doutor Joaquim Brochado<\/td><td>Una\u00ed<\/td><td>NOROESTE<\/td><\/tr><tr><td>Hospital Vaz Monteiro<\/td><td>Lavras<\/td><td>SUL<\/td><\/tr><tr><td>Irmandade de Miseric\u00f3rdia de Guaxup\u00e9<\/td><td>Guaxup\u00e9<\/td><td>SUL<\/td><\/tr><tr><td>Hospital e Maternidade Therezinha de Jesus<\/td><td>Juiz de Fora<\/td><td>SUDESTE<\/td><\/tr><tr><td>Santa Casa de Miseric\u00f3rdia S\u00e3o Vicente de Paulo<\/td><td>Campo Belo<\/td><td>OESTE<\/td><\/tr><tr><td>Hospital de Cl\u00ednicas de Itajub\u00e1<\/td><td>Itajub\u00e1<\/td><td>SUL<\/td><\/tr><tr><td>Hospital J\u00falia Kubitschek<\/td><td>Belo Horizonte<\/td><td>CENTRO<\/td><\/tr><tr><td>Hospital Doutor Metropolitano C\u00e9lio de Castro<\/td><td>Belo Horizonte<\/td><td>CENTRO<\/td><\/tr><tr><td>Associa\u00e7\u00e3o Hospitalar Santa Ros\u00e1lia<\/td><td>Te\u00f3filo Otoni<\/td><td>NORDESTE<\/td><\/tr><tr><td>Hospital Deraldo Guimar\u00e3es<\/td><td>Almenara<\/td><td>NORDESTE<\/td><\/tr><tr><td>Casa de Caridade de Itanhandu<\/td><td>Itanhandu<\/td><td>SUL<\/td><\/tr><\/tbody><\/table><\/figure>\n\n\n\n<h2 class=\"wp-block-heading\"><strong>2\u00aa remessa<\/strong><\/h2>\n\n\n\n<figure class=\"wp-block-table is-style-stripes\"><table><tbody><tr><td><strong>Institui\u00e7\u00e3o<\/strong><\/td><td><strong>Munic\u00edpio<\/strong><\/td><td><strong>Macrorregi\u00e3o de sa\u00fade<\/strong><\/td><td><strong>Medicamento<\/strong><\/td><\/tr><tr><td>Assoc. Assist. Social da Santa Casa de Miseric\u00f3rdia de Arax\u00e1<\/td><td>Arax\u00e1<\/td><td>TRI\u00c2NGULO DO SUL<\/td><td>Midazolam<\/td><\/tr><tr><td>Associa\u00e7\u00e3o Beneficente Cat\u00f3lica \/ Hospital Santa Isabel<\/td><td>Ub\u00e1<\/td><td>SUDESTE<\/td><td>Dexmedetomitina<\/td><\/tr><tr><td>Associa\u00e7\u00e3o Beneficente S\u00e3o Jo\u00e3o Batista<\/td><td>Visconde do Rio Branco<\/td><td>SUDESTE<\/td><td>Dexmedetomitina<\/td><\/tr><tr><td>Casa de Caridade de Muria\u00e9 \/ Hospital S\u00e3o Paulo<\/td><td>Muria\u00e9<\/td><td>SUDESTE<\/td><td>Dexmedetomitina<\/td><\/tr><tr><td>CMIN &#8211; Centro de Medicina Intensiva de Minas Gerais<\/td><td>Ituiutaba<\/td><td>TRI\u00c2NGULO DO NORTE<\/td><td>Dexmedetomitina<\/td><\/tr><tr><td>Funda\u00e7\u00e3o Hospitalar Dr. Mois\u00e9s Magalh\u00e3es Freire<\/td><td>Pirapora<\/td><td>NORTE<\/td><td>Bloqueadores Neuromusculares<\/td><\/tr><tr><td>Funda\u00e7\u00e3o S\u00e3o Carlos<\/td><td>Lagoa da Prata<\/td><td>OESTE<\/td><td>Midazolam<\/td><\/tr><tr><td>Fundo Municipal de Sa\u00fade \/ Hospital Municipal de Sa\u00fade<\/td><td>Paracatu<\/td><td>NOROESTE<\/td><td>Bloqueadores Neuromusculares<\/td><\/tr><tr><td>Hospital Ana Nery de Minas Gerais<\/td><td>Juiz de Fora<\/td><td>SUDESTE<\/td><td>Bloqueadores Neuromusculares<\/td><\/tr><tr><td>Hospital das Cl\u00ednicas M\u00e1rio Ribeiro da Silveira<\/td><td>Montes Claros<\/td><td>NORTE<\/td><td>Bloqueadores Neuromusculares<\/td><\/tr><tr><td>Hospital de Clinicas de Itajub\u00e1<\/td><td>Itajub\u00e1<\/td><td>SUL<\/td><td>Midazolam<\/td><\/tr><tr><td>Hospital Deraldo Guimar\u00e3es<\/td><td>Almenara<\/td><td>NORDESTE<\/td><td>Midazolam<\/td><\/tr><tr><td>Hospital Doutor Metropolitano C\u00e9lio de Castro<\/td><td>Belo Horizonte<\/td><td>CENTRO<\/td><td>Dexmedetomitina<\/td><\/tr><tr><td>Hospital Dr. Jos\u00e9 Maria Morais<\/td><td>Coronel Fabriciano<\/td><td>VALE DO A\u00c7O<\/td><td>Bloqueadores Neuromusculares<\/td><\/tr><tr><td>Hospital e Maternidade Regional de Ibirit\u00e9 \/ Hospital de Campanha Covid<\/td><td>Ibirit\u00e9<\/td><td>CENTRO<\/td><td>Bloqueadores Neuromusculares<\/td><\/tr><tr><td>Hospital e Maternidade Regional de Ibirit\u00e9 \/ Hospital de Campanha Covid<\/td><td>Ibirit\u00e9<\/td><td>CENTRO<\/td><td>Dexmedetomitina<\/td><\/tr><tr><td>Hospital e Pronto Socorro Municipal Renato Azeredo<\/td><td>Nanuque<\/td><td>NORDESTE<\/td><td>Dexmedetomitina<\/td><\/tr><tr><td>Hospital Frei Gabriel de Frutal\u00a0<\/td><td>Frutal<\/td><td>TRI\u00c2NGULO DO SUL<\/td><td>Bloqueadores Neuromusculares<\/td><\/tr><tr><td>Hospital Imaculada Concei\u00e7\u00e3o&nbsp;<\/td><td>Curvelo<\/td><td>CENTRO<\/td><td>Bloqueadores Neuromusculares<\/td><\/tr><tr><td>Hospital Metropolitano Odilon Behrens<\/td><td>Belo Horizonte<\/td><td>CENTRO<\/td><td>Dexmedetomitina<\/td><\/tr><tr><td>Hospital Miseric\u00f3rdia de Santos Dumont<\/td><td>Santos Dumont<\/td><td>SUDESTE<\/td><td>Bloqueadores Neuromusculares<\/td><\/tr><tr><td>Hospital Miseric\u00f3rdia de Santos Dumont<\/td><td>Santos Dumont<\/td><td>SUDESTE<\/td><td>Midazolam<\/td><\/tr><tr><td>Hospital Municipal de Contagem<\/td><td>Contagem<\/td><td>CENTRO<\/td><td>Midazolam<\/td><\/tr><tr><td>Hospital Municipal de Janu\u00e1ria<\/td><td>Janu\u00e1ria<\/td><td>NORTE<\/td><td>Bloqueadores Neuromusculares<\/td><\/tr><tr><td>Hospital Municipal Doutor Joaquim Brochado<\/td><td>Una\u00ed<\/td><td>NOROESTE<\/td><td>Midazolam<\/td><\/tr><tr><td>Hospital Municipal Eliane Martins<\/td><td>Ipatinga<\/td><td>VALE DO A\u00c7O<\/td><td>Midazolam<\/td><\/tr><tr><td>Hospital Municipal Senhora Santana<\/td><td>Bras\u00edlia de Minas<\/td><td>NORTE<\/td><td>Dexmedetomitina<\/td><\/tr><tr><td>Hospital Nossa Senhora D&#8217;Abadia<\/td><td>Ituiutaba<\/td><td>TRI\u00c2NGULO DO NORTE<\/td><td>Bloqueadores Neuromusculares<\/td><\/tr><tr><td>Hospital Nossa Senhora das Gra\u00e7as<\/td><td>Sete Lagoas<\/td><td>CENTRO<\/td><td>Bloqueadores Neuromusculares<\/td><\/tr><tr><td>Hospital Regional de Jana\u00faba<\/td><td>Jana\u00faba<\/td><td>NORTE<\/td><td>Bloqueadores Neuromusculares<\/td><\/tr><tr><td>Hospital Regional de Jana\u00faba<\/td><td>Jana\u00faba<\/td><td>NORTE<\/td><td>Midazolam<\/td><\/tr><tr><td>Hospital Santa Catarina (anexo do Hospital e Maternidade Municipal Dr. Odelmo Le\u00e3o Carneiro)<\/td><td>Uberl\u00e2ndia<\/td><td>TRI\u00c2NGULO DO NORTE<\/td><td>Bloqueadores Neuromusculares<\/td><\/tr><tr><td>Hospital Santa Catarina (anexo do Hospital e Maternidade Municipal Dr. Odelmo Le\u00e3o Carneiro)<\/td><td>Uberl\u00e2ndia<\/td><td>TRI\u00c2NGULO DO NORTE<\/td><td>Dexmedetomitina<\/td><\/tr><tr><td>Hospital S\u00e3o Salvador<\/td><td>Al\u00e9m Para\u00edba<\/td><td>SUDESTE<\/td><td>Bloqueadores Neuromusculares<\/td><\/tr><tr><td>Hospital S\u00e3o Salvador<\/td><td>Al\u00e9m Para\u00edba<\/td><td>SUDESTE<\/td><td>Dexmedetomitina<\/td><\/tr><tr><td>Hospital S\u00e3o Vicente de Paulo de Turmalina&nbsp;<\/td><td>Turmalina<\/td><td>JEQUITINHONHA<\/td><td>Bloqueadores Neuromusculares<\/td><\/tr><tr><td>Hospital S\u00e3o Vicente de Paulo de Turmalina&nbsp;<\/td><td>Turmalina<\/td><td>JEQUITINHONHA<\/td><td>Dexmedetomitina<\/td><\/tr><tr><td>Hospital Universit\u00e1rio Alzira Velano<\/td><td>Alfenas<\/td><td>SUL<\/td><td>Dexmedetomitina<\/td><\/tr><tr><td>Hospital Universit\u00e1rio Alzira Velano<\/td><td>Alfenas<\/td><td>SUL<\/td><td>Midazolam<\/td><\/tr><tr><td>Hospital Universit\u00e1rio Clemente Faria<\/td><td>Montes Claros<\/td><td>NORTE<\/td><td>Bloqueadores Neuromusculares<\/td><\/tr><tr><td>Hospital Vale do Jequitinhonha<\/td><td>Itaobim<\/td><td>NORDESTE<\/td><td>Midazolam<\/td><\/tr><tr><td>Irmandade da Santa Casa de Miseric\u00f3rdia de Ouro Preto<br><\/td><td>Ouro Preto<\/td><td>CENTRO<\/td><td>Midazolam<\/td><\/tr><tr><td>Irmandade Hospital Nossa Senhora das Dores<\/td><td>Ponte Nova<\/td><td>LESTE DO SUL<\/td><td>Dexmedetomitina<\/td><\/tr><tr><td>Irmandade Hospital Nossa Senhora das Dores<\/td><td>Ponte Nova<\/td><td>LESTE DO SUL<\/td><td>Midazolam<\/td><\/tr><tr><td>Irmandade Nossa Senhora das Merc\u00eas de Montes (Santa Casa Montes Claros)<\/td><td>Montes Claros<\/td><td>NORTE<\/td><td>Bloqueadores Neuromusculares<\/td><\/tr><tr><td>Irmandade Nossa Senhora das Merc\u00eas de Montes (Santa Casa Montes Claros)<\/td><td>Montes Claros<\/td><td>NORTE<\/td><td>Dexmedetomitina<\/td><\/tr><tr><td>Irmandade Santo Ant\u00f4nio do Curvelo<\/td><td>Curvelo<\/td><td>CENTRO<\/td><td>Bloqueadores Neuromusculares<\/td><\/tr><tr><td>M\u00e1rio Palm\u00e9rio Hospital Universit\u00e1rio<\/td><td>Uberaba<\/td><td>TRI\u00c2NGULO DO SUL<\/td><td>Bloqueadores Neuromusculares<\/td><\/tr><tr><td>M\u00e1rio Palm\u00e9rio Hospital Universit\u00e1rio<\/td><td>Uberaba<\/td><td>TRI\u00c2NGULO DO SUL<\/td><td>Midazolam<\/td><\/tr><tr><td>Santa Casa de Miseric\u00f3rdia de Passos<\/td><td>Passos<\/td><td>SUL<\/td><td>Bloqueadores Neuromusculares<\/td><\/tr><tr><td>Santa Casa de Miseric\u00f3rdia de S\u00e3o Sebasti\u00e3o do Para\u00edso<\/td><td>S\u00e3o Sebasti\u00e3o do Para\u00edso<\/td><td>SUL<\/td><td>Dexmedetomitina<\/td><\/tr><tr><td>Santa Casa de Miseric\u00f3rdia e Hospital S\u00e3o Vicente de Paulo<\/td><td>Porteirinha<\/td><td>NORTE<\/td><td>Dexmedetomitina<\/td><\/tr><tr><td>Santa Casa de Tr\u00eas Pontas<\/td><td>Tr\u00eas Pontas<\/td><td>SUL<\/td><td>Bloqueadores Neuromusculares<\/td><\/tr><tr><td>UPA 24h Padre Roberto Cordeiro Martins (munic\u00edpio de Divin\u00f3polis)<\/td><td>Divin\u00f3polis<\/td><td>OESTE<\/td><td>Midazolam<\/td><\/tr><tr><td>UPA Jos\u00e9 Isabel do Nascimento (Munic\u00edpio de ipatinga)<\/td><td>Ipatinga<\/td><td>VALE DO A\u00c7O<\/td><td>Dexmedetomitina<\/td><\/tr><tr><td>UPA Jos\u00e9 Isabel do Nascimento (Munic\u00edpio de Ipatinga)<\/td><td>Ipatinga<\/td><td>VALE DO A\u00c7O<\/td><td>Midazolam<\/td><\/tr><\/tbody><\/table><\/figure>\n\n\n\n<h2 class=\"wp-block-heading\"><strong>3\u00aa remessa<\/strong><\/h2>\n\n\n\n<figure class=\"wp-block-table is-style-stripes\"><table><tbody><tr><td><strong>Insititui\u00e7\u00e3o<\/strong><\/td><td><strong>Munic\u00edpio<\/strong><\/td><td><strong>Macrorregi\u00e3o de sa\u00fade<\/strong><\/td><\/tr><tr><td>Funda\u00e7\u00e3o Hospitalar S\u00e3o Francisco de Assis<\/td><td>Belo Horizonte<\/td><td>CENTRO<\/td><\/tr><tr><td>Funda\u00e7\u00e3o Assistencial Vi\u00e7osense \/ Hospital S\u00e3o Jo\u00e3o Batista\u00a0<\/td><td>Vi\u00e7osa<\/td><td>LESTE DO SUL<\/td><\/tr><tr><td>Casa de Caridade Leopoldinense<\/td><td>Leopoldina<\/td><td>SUDESTE<\/td><\/tr><tr><td>HCSL<\/td><td>Pouso Alegre<\/td><td>SUL<\/td><\/tr><tr><td>Casa de Caridade Nossa Senhora do Perpetuo Socorro \/ Santa Casa de Alfenas<\/td><td>Alfenas<\/td><td>SUL<\/td><\/tr><tr><td>Associa\u00e7\u00e3o Hospital Bom Jesus<\/td><td>Congonhas<\/td><td>CENTRO SUL<\/td><\/tr><tr><td>Hospital Municipal de Contagem<\/td><td>Contagem<\/td><td>CENTRO<\/td><\/tr><tr><td>Hospital Municipal S\u00e3o Vicente de Paulo<\/td><td>Cora\u00e7\u00e3o de Jesus<\/td><td>NORTE<\/td><\/tr><tr><td>Funda\u00e7\u00e3o Filantr\u00f3pica e Beneficente de Sa\u00fade Arnaldo Gavazza Filho&nbsp;<\/td><td>Ponte Nova<\/td><td>LESTE DO SUL<\/td><\/tr><tr><td>Funda\u00e7\u00e3o Santarritense de Sa\u00fade e Assist\u00eancia Social<\/td><td>Santa Rita do Sapuca\u00ed<\/td><td>SUDESTE<\/td><\/tr><tr><td>Hospital da Baleia<\/td><td>Belo Horizonte<\/td><td>CENTRO<\/td><\/tr><tr><td>Casa de Caridade de Itanhandu<\/td><td>Itanhandu<\/td><td>SUL<\/td><\/tr><tr><td>Funda\u00e7\u00e3o Hospitalar S\u00e3o Vicente de Paula<\/td><td>Nova Serrana<\/td><td>OESTE<\/td><\/tr><tr><td>Funda\u00e7\u00e3o Hospitalar S\u00e3o Vicente de Paulo<\/td><td>Capelinha<\/td><td>JEQUITINHONHA<\/td><\/tr><tr><td>Hospital de Deus&nbsp;<\/td><td>Vespasiano<\/td><td>CENTRO<\/td><\/tr><\/tbody><\/table><\/figure>\n\n\n\n<p>&#8212;&#8212;&#8212;&#8212;&#8212;&#8212;<br><em>Quer receber as not\u00edcias do <strong>Aconteceu no Vale<\/strong> em primeira m\u00e3o? Siga-nos no Facebook <a rel=\"noreferrer noopener\" href=\"http:\/\/facebook.com\/aconteceunovale\" target=\"_blank\">@aconteceunovale<\/a>, Twitter <a rel=\"noreferrer noopener\" href=\"https:\/\/twitter.com\/noticiadosvales\" target=\"_blank\">@noticiadosvales<\/a> e Instagram <a rel=\"noreferrer noopener\" href=\"https:\/\/www.instagram.com\/aconteceunovale\" target=\"_blank\">@aconteceunovale<\/a>.<\/em><\/p>\n","protected":false},"excerpt":{"rendered":"<p>A\u00a0Secretaria de Estado de Sa\u00fade de Minas Gerais (SES-MG)\u00a0recebeu na sexta-feira (2\/4\/2021), do Minist\u00e9rio da Sa\u00fade, mais um quantitativo dos medicamentos utilizados para manter a seda\u00e7\u00e3o de pacientes com covid-19. Conhecidos como \u201ckit intuba\u00e7\u00e3o\u201d, os bloqueadores neuromusculares s\u00e3o disponibilizados para institui\u00e7\u00f5es que tiveram aumento abrupto de consumo e que t\u00eam estoques suficientes apenas para quatro [&hellip;]<\/p>\n","protected":false},"author":4,"featured_media":165446,"comment_status":"open","ping_status":"closed","sticky":false,"template":"","format":"standard","meta":{"amp_status":"","footnotes":""},"categories":[123,40242],"tags":[142,31146,241685,241665,132,237,241681,1801,1524,241666,241686,241677,241678,113027,241670,241669,14099,89133,42528,241674,83306,80658,241668,68847,57912,241676,21871,29279,79561,68856,201,241671,391,204,241684,205,241679,241667,241682,241664,19326,210,252,241683,306,254,1194,241680,241673,241672,52113,164,178,241675],"class_list":["post-176394","post","type-post","status-publish","format-standard","has-post-thumbnail","hentry","category-gerais","category-saude-2","tag-almenara","tag-associacao-hospitalar-santa-rosalia","tag-atracurio-minas-gerais","tag-bloqueadores-neuromusculares","tag-capelinha","tag-caratinga","tag-cisatracurio-minas-gerais","tag-coracao-de-jesus","tag-coronel-fabriciano","tag-dexmedetomitina","tag-dexmedetomitina-minas-gerais","tag-distribuicao-de-kit-intubacao-em-minas-gerais","tag-distribuicao-de-sedativos-em-minas-gerais","tag-fundacao-de-saude-dilson-de-quadros-godinho","tag-fundacao-hospitalar-de-montes-claros","tag-fundacao-hospitalar-dr-moises-magalhaes-freire","tag-fundacao-hospitalar-sao-vicente-de-paulo","tag-hospital-das-clinicas-mario-ribeiro-da-silveira","tag-hospital-deraldo-guimaraes","tag-hospital-dr-jose-maria-morais","tag-hospital-municipal-de-januaria","tag-hospital-municipal-eliane-martins","tag-hospital-municipal-renato-azeredo","tag-hospital-nossa-senhora-auxiliadora","tag-hospital-regional-de-janauba","tag-hospital-santo-antonio-de-pecanha","tag-hospital-sao-vicente-de-paulo","tag-hospital-sao-vicente-de-paulo-de-turmalina","tag-hospital-universitario-clemente-faria","tag-hospital-vale-do-jequitinhonha","tag-ipatinga","tag-irmandade-nossa-senhora-das-merces-de-montes","tag-itaobim","tag-janauba","tag-jans-bastos-izidoro","tag-januaria","tag-medicamentos-para-sedar-pacientes-em-minas-gerais","tag-midazolam","tag-midazolam-minas-gerais","tag-minas-gerais-recebe-medicamentos-para-intubacao-de-pacientes","tag-ministerio-da-saude","tag-montes-claros","tag-nanuque","tag-norepinefrina-minas-gerais","tag-pecanha","tag-pirapora","tag-porteirinha","tag-rocuronio-minas-gerais","tag-santa-casa-de-misericordia-e-hospital-sao-vicente-de-paulo","tag-santa-casa-montes-claros","tag-ses-mg","tag-teofilo-otoni","tag-turmalina","tag-upa-jose-isabel-do-nascimento"],"_links":{"self":[{"href":"https:\/\/aconteceunovale.com.br\/portal\/index.php?rest_route=\/wp\/v2\/posts\/176394","targetHints":{"allow":["GET"]}}],"collection":[{"href":"https:\/\/aconteceunovale.com.br\/portal\/index.php?rest_route=\/wp\/v2\/posts"}],"about":[{"href":"https:\/\/aconteceunovale.com.br\/portal\/index.php?rest_route=\/wp\/v2\/types\/post"}],"author":[{"embeddable":true,"href":"https:\/\/aconteceunovale.com.br\/portal\/index.php?rest_route=\/wp\/v2\/users\/4"}],"replies":[{"embeddable":true,"href":"https:\/\/aconteceunovale.com.br\/portal\/index.php?rest_route=%2Fwp%2Fv2%2Fcomments&post=176394"}],"version-history":[{"count":1,"href":"https:\/\/aconteceunovale.com.br\/portal\/index.php?rest_route=\/wp\/v2\/posts\/176394\/revisions"}],"predecessor-version":[{"id":176395,"href":"https:\/\/aconteceunovale.com.br\/portal\/index.php?rest_route=\/wp\/v2\/posts\/176394\/revisions\/176395"}],"wp:featuredmedia":[{"embeddable":true,"href":"https:\/\/aconteceunovale.com.br\/portal\/index.php?rest_route=\/wp\/v2\/media\/165446"}],"wp:attachment":[{"href":"https:\/\/aconteceunovale.com.br\/portal\/index.php?rest_route=%2Fwp%2Fv2%2Fmedia&parent=176394"}],"wp:term":[{"taxonomy":"category","embeddable":true,"href":"https:\/\/aconteceunovale.com.br\/portal\/index.php?rest_route=%2Fwp%2Fv2%2Fcategories&post=176394"},{"taxonomy":"post_tag","embeddable":true,"href":"https:\/\/aconteceunovale.com.br\/portal\/index.php?rest_route=%2Fwp%2Fv2%2Ftags&post=176394"}],"curies":[{"name":"wp","href":"https:\/\/api.w.org\/{rel}","templated":true}]}}