{"id":176390,"date":"2021-04-03T10:29:36","date_gmt":"2021-04-03T13:29:36","guid":{"rendered":"https:\/\/aconteceunovale.com.br\/portal\/?p=176390"},"modified":"2021-04-03T10:32:59","modified_gmt":"2021-04-03T13:32:59","slug":"ex-prefeito-de-janauba-e-filho-morrem-no-mesmo-dia-vitimas-da-covid-19","status":"publish","type":"post","link":"https:\/\/aconteceunovale.com.br\/portal\/?p=176390","title":{"rendered":"Ex-prefeito de Jana\u00faba e filho morrem no mesmo dia v\u00edtimas da Covid-19"},"content":{"rendered":"\n<p>O ex-prefeito de Jana\u00faba, Wildemar Maximino da Cruz, o Vivi, de 84 anos, que administrou o munic\u00edpio norte-mineiro por tr\u00eas mandatos, morreu na tarde dessa sexta-feira (2\/4\/2021) v\u00edtima da Covid-19. Ele faria 85 anos no pr\u00f3ximo dia 8 de abril. Poucas horas depois, o filho dele, o empres\u00e1rio Wildemar Maximino da Cruz J\u00fanior, o Dema, de 55, tamb\u00e9m veio a \u00f3bito em decorr\u00eancia da doen\u00e7a causada pelo novo coronav\u00edrus (SARS-CoV-2).<\/p>\n\n\n\n<figure class=\"wp-block-gallery columns-1 is-cropped wp-block-gallery-1 is-layout-flex wp-block-gallery-is-layout-flex\"><ul class=\"blocks-gallery-grid\"><li class=\"blocks-gallery-item\"><figure><img loading=\"lazy\" decoding=\"async\" width=\"678\" height=\"430\" src=\"https:\/\/aconteceunovale.com.br\/portal\/wp-content\/uploads\/2021\/04\/ex_prefeito_janauba.png\" alt=\"\" data-id=\"176391\" data-full-url=\"https:\/\/aconteceunovale.com.br\/portal\/wp-content\/uploads\/2021\/04\/ex_prefeito_janauba.png\" data-link=\"https:\/\/aconteceunovale.com.br\/portal\/?attachment_id=176391\" class=\"wp-image-176391\" srcset=\"https:\/\/aconteceunovale.com.br\/portal\/wp-content\/uploads\/2021\/04\/ex_prefeito_janauba.png 678w, https:\/\/aconteceunovale.com.br\/portal\/wp-content\/uploads\/2021\/04\/ex_prefeito_janauba-300x190.png 300w, https:\/\/aconteceunovale.com.br\/portal\/wp-content\/uploads\/2021\/04\/ex_prefeito_janauba-662x420.png 662w\" sizes=\"auto, (max-width: 678px) 100vw, 678px\" \/><figcaption class=\"blocks-gallery-item__caption\"><em>Vivi e Dema (Fotos: Reprodu\u00e7\u00e3o \/ Redes sociais)<\/em><\/figcaption><\/figure><\/li><\/ul><\/figure>\n\n\n\n<p>Pai e filho estavam internados em Montes Claros e ambos foram intubados diante o agravamento da doen\u00e7a. Vivi deu entrada na Santa Casa h\u00e1 13 dias. Wildemar Junior estava no Hospital Aroldo Tourinho h\u00e1 20 dias.<\/p>\n\n\n\n<p>Vivi Cruz administrou Jana\u00faba nos per\u00edodos de 1971 a 1973, 1977 a 1982 e de 1997 a 2000. Foi tamb\u00e9m um dos principais respons\u00e1veis pelas obras de infraestrutura de Jana\u00faba. O munic\u00edpio sedia o projeto de irriga\u00e7\u00e3o do Gorutuba, sendo hoje um grande centro produtor de banana do pa\u00eds.<\/p>\n\n\n\n<p>O ex-prefeito era amigo do ex-governador Francelino Pereira (1921\/2017) e, gra\u00e7as a esta influ\u00eancia, conseguiu o asfaltamento do trecho da MG-122, que liga a BR-251 at\u00e9 a cidade.<\/p>\n\n\n\n<p>Durante os seus tr\u00eas mandatos a frente da gest\u00e3o municipal, Vivi executou constru\u00e7\u00f5es importantes na cidade do Norte de Minas, como o atual pr\u00e9dio da prefeitura, a rodovi\u00e1ria e o mercado municipal. Al\u00e9m de&nbsp;Wildemar J\u00fanior, era pai de tr\u00eas filhas.<\/p>\n\n\n\n<p>Wildemar Maximino da Cruz se destacou na vida empresarial (no ramo de cer\u00e2mico e outros neg\u00f3cios) e como produtor rural, sendo ex-presidente do Sindicato Rural de Jana\u00faba. O filho dele, Wildemar J\u00fanior era dono de um posto de combust\u00edveis na cidade.<\/p>\n\n\n\n<p>O atual prefeito de Jana\u00faba, Jos\u00e9 Aparecido Mendes (PSD) decretou luto oficial por tr\u00eas dias na cidade devido \u00e0s mortes do ex-prefeito e do filho dele.<\/p>\n\n\n\n<p>Em mensagem publicada em uma rede social, o atual prefeito destacou a atua\u00e7\u00e3o de Wildemar Maximino da Cruz como <em>\u201cum dos maiores l\u00edderes pol\u00edticos de Jana\u00faba de todos os tempos\u201d. \u201cEle era diferente sim, e deixa um legado como um dos maiores benfeitores de nossa Jana\u00faba\u201d<\/em>, enfatizou Mendes.<\/p>\n\n\n\n<p>&#8212;&#8212;&#8212;&#8212;&#8212;&#8212;<br><em>Quer receber as not\u00edcias do <strong>Aconteceu no Vale<\/strong> em primeira m\u00e3o? Siga-nos no Facebook <a rel=\"noreferrer noopener\" href=\"http:\/\/facebook.com\/aconteceunovale\" target=\"_blank\">@aconteceunovale<\/a>, Twitter <a rel=\"noreferrer noopener\" href=\"https:\/\/twitter.com\/noticiadosvales\" target=\"_blank\">@noticiadosvales<\/a> e Instagram <a rel=\"noreferrer noopener\" href=\"https:\/\/www.instagram.com\/aconteceunovale\" target=\"_blank\">@aconteceunovale<\/a>.<\/em><\/p>\n","protected":false},"excerpt":{"rendered":"<p>O ex-prefeito de Jana\u00faba, Wildemar Maximino da Cruz, o Vivi, de 84 anos, que administrou o munic\u00edpio norte-mineiro por tr\u00eas mandatos, morreu na tarde dessa sexta-feira (2\/4\/2021) v\u00edtima da Covid-19. Ele faria 85 anos no pr\u00f3ximo dia 8 de abril. Poucas horas depois, o filho dele, o empres\u00e1rio Wildemar Maximino da Cruz J\u00fanior, o Dema, [&hellip;]<\/p>\n","protected":false},"author":4,"featured_media":176391,"comment_status":"open","ping_status":"closed","sticky":false,"template":"","format":"standard","meta":{"amp_status":"","footnotes":""},"categories":[1236,40240,40242],"tags":[241662,241658,241655,3487,204,148182,210,241657,241656,8043,241660,241661,241659,241663],"class_list":["post-176390","post","type-post","status-publish","format-standard","has-post-thumbnail","hentry","category-norte_de_minas","category-politica-2","category-saude-2","tag-dema-janauba","tag-ex-prefeito-de-janauba-e-filho-morrem-no-mesmo-dia","tag-ex-prefeito-de-janauba-e-filho-morrem-no-mesmo-dia-vitimas-da-covid-19","tag-hospital-aroldo-tourinho","tag-janauba","tag-jose-aparecido-mendes","tag-montes-claros","tag-morre-ex-prefeito-de-janauba","tag-morte-de-ex-prefeito-de-janauba","tag-santa-casa-de-montes-claros","tag-vivi-e-dema-janauba","tag-vivi-janauba","tag-wildemar-maximino-da-cruz","tag-wildemar-maximino-da-cruz-junior"],"_links":{"self":[{"href":"https:\/\/aconteceunovale.com.br\/portal\/index.php?rest_route=\/wp\/v2\/posts\/176390","targetHints":{"allow":["GET"]}}],"collection":[{"href":"https:\/\/aconteceunovale.com.br\/portal\/index.php?rest_route=\/wp\/v2\/posts"}],"about":[{"href":"https:\/\/aconteceunovale.com.br\/portal\/index.php?rest_route=\/wp\/v2\/types\/post"}],"author":[{"embeddable":true,"href":"https:\/\/aconteceunovale.com.br\/portal\/index.php?rest_route=\/wp\/v2\/users\/4"}],"replies":[{"embeddable":true,"href":"https:\/\/aconteceunovale.com.br\/portal\/index.php?rest_route=%2Fwp%2Fv2%2Fcomments&post=176390"}],"version-history":[{"count":1,"href":"https:\/\/aconteceunovale.com.br\/portal\/index.php?rest_route=\/wp\/v2\/posts\/176390\/revisions"}],"predecessor-version":[{"id":176392,"href":"https:\/\/aconteceunovale.com.br\/portal\/index.php?rest_route=\/wp\/v2\/posts\/176390\/revisions\/176392"}],"wp:featuredmedia":[{"embeddable":true,"href":"https:\/\/aconteceunovale.com.br\/portal\/index.php?rest_route=\/wp\/v2\/media\/176391"}],"wp:attachment":[{"href":"https:\/\/aconteceunovale.com.br\/portal\/index.php?rest_route=%2Fwp%2Fv2%2Fmedia&parent=176390"}],"wp:term":[{"taxonomy":"category","embeddable":true,"href":"https:\/\/aconteceunovale.com.br\/portal\/index.php?rest_route=%2Fwp%2Fv2%2Fcategories&post=176390"},{"taxonomy":"post_tag","embeddable":true,"href":"https:\/\/aconteceunovale.com.br\/portal\/index.php?rest_route=%2Fwp%2Fv2%2Ftags&post=176390"}],"curies":[{"name":"wp","href":"https:\/\/api.w.org\/{rel}","templated":true}]}}