{"id":176385,"date":"2021-04-03T09:33:51","date_gmt":"2021-04-03T12:33:51","guid":{"rendered":"https:\/\/aconteceunovale.com.br\/portal\/?p=176385"},"modified":"2021-04-03T09:35:33","modified_gmt":"2021-04-03T12:35:33","slug":"presidente-do-supremo-toma-primeira-dose-de-vacina-contra-covid-19","status":"publish","type":"post","link":"https:\/\/aconteceunovale.com.br\/portal\/?p=176385","title":{"rendered":"Presidente do Supremo toma primeira dose de vacina contra Covid-19"},"content":{"rendered":"\n<p>O presidente do Supremo Tribunal Federal (STF) e do Conselho Nacional de Justi\u00e7a (CNJ), Luiz Fux, de 67 anos de idade, tomou ontem (2\/4\/2021) a primeira dose da vacina contra a covid-19, no Museu da Justi\u00e7a, situado no Centro Cultural do Poder Judici\u00e1rio (CCMJ), \u00e1rea central do Rio de Janeiro.O imunizante dispon\u00edvel no local era a CoronaVac, produzida pelo Instituto Butantan em parceria com o laborat\u00f3rio chin\u00eas Sinovac.<\/p>\n\n\n\n<figure class=\"wp-block-gallery columns-1 is-cropped wp-block-gallery-1 is-layout-flex wp-block-gallery-is-layout-flex\"><ul class=\"blocks-gallery-grid\"><li class=\"blocks-gallery-item\"><figure><img loading=\"lazy\" decoding=\"async\" width=\"678\" height=\"406\" src=\"https:\/\/aconteceunovale.com.br\/portal\/wp-content\/uploads\/2021\/04\/vacinacao_fux.jpg\" alt=\"\" data-id=\"176386\" data-full-url=\"https:\/\/aconteceunovale.com.br\/portal\/wp-content\/uploads\/2021\/04\/vacinacao_fux.jpg\" data-link=\"https:\/\/aconteceunovale.com.br\/portal\/?attachment_id=176386\" class=\"wp-image-176386\" srcset=\"https:\/\/aconteceunovale.com.br\/portal\/wp-content\/uploads\/2021\/04\/vacinacao_fux.jpg 678w, https:\/\/aconteceunovale.com.br\/portal\/wp-content\/uploads\/2021\/04\/vacinacao_fux-300x180.jpg 300w\" sizes=\"auto, (max-width: 678px) 100vw, 678px\" \/><figcaption class=\"blocks-gallery-item__caption\"><em>Fux \u00e9 vacinado no Rio (Foto: Fernando Fraz\u00e3o \/ Ag\u00eancia Brasil)<\/em><\/figcaption><\/figure><\/li><\/ul><\/figure>\n\n\n\n<p>Fux considerou que sua a\u00e7\u00e3o, como homem p\u00fablico, transmitia um exemplo para a popula\u00e7\u00e3o. \u201cN\u00f3s, do Judici\u00e1rio, temos uma profunda defer\u00eancia \u00e0 ci\u00eancia. Por isso, dizemos sim \u00e0 vida e n\u00e3o \u00e0 morte\u201d.<\/p>\n\n\n\n<p>O presidente do STF avaliou que \u00e9 preciso uni\u00e3o \u201cpara cuidarmos uns dos outros e, acima de tudo, conscientizar toda a sociedade que, se pretende ter esperan\u00e7a, devemos nos vacinar todos\u201d. Fux chamou a aten\u00e7\u00e3o que no momento de f\u00e9 que o Brasil vivencia na Semana Santa e na festa de P\u00e1scoa, todos t\u00eam que fazer essa travessia.<\/p>\n\n\n\n<p>O presidente do STF se solidarizou com as mais de 300 mil fam\u00edlias que perderam familiares para a pandemia de covid-19.<\/p>\n\n\n\n<p>Em rela\u00e7\u00e3o aos estados, Fux destacou que t\u00eam autonomia administrativa, judicial e pol\u00edtica. Ele ressaltou que h\u00e1 uma coordena\u00e7\u00e3o central, prevista na Constitui\u00e7\u00e3o Federal, e peculiaridades locais. No caso do direito \u00e0 sa\u00fade, lembrou que o STF estabeleceu que a compet\u00eancia \u00e9 concorrente de todos os entes federados.<\/p>\n\n\n\n<p>&#8212;&#8212;&#8212;&#8212;&#8212;&#8212;<br><em>Quer receber as not\u00edcias do <strong>Aconteceu no Vale<\/strong> em primeira m\u00e3o? Siga-nos no Facebook <a rel=\"noreferrer noopener\" href=\"http:\/\/facebook.com\/aconteceunovale\" target=\"_blank\">@aconteceunovale<\/a>, Twitter <a rel=\"noreferrer noopener\" href=\"https:\/\/twitter.com\/noticiadosvales\" target=\"_blank\">@noticiadosvales<\/a> e Instagram <a rel=\"noreferrer noopener\" href=\"https:\/\/www.instagram.com\/aconteceunovale\" target=\"_blank\">@aconteceunovale<\/a>.<\/em><\/p>\n","protected":false},"excerpt":{"rendered":"<p>O presidente do Supremo Tribunal Federal (STF) e do Conselho Nacional de Justi\u00e7a (CNJ), Luiz Fux, de 67 anos de idade, tomou ontem (2\/4\/2021) a primeira dose da vacina contra a covid-19, no Museu da Justi\u00e7a, situado no Centro Cultural do Poder Judici\u00e1rio (CCMJ), \u00e1rea central do Rio de Janeiro.O imunizante dispon\u00edvel no local era [&hellip;]<\/p>\n","protected":false},"author":4,"featured_media":176386,"comment_status":"open","ping_status":"closed","sticky":false,"template":"","format":"standard","meta":{"amp_status":"","footnotes":""},"categories":[6,40242],"tags":[241648,45049,122421,223372,241643,43376,77985,241647,241642,1104,225780,28511,28510,241644,241646,241645],"class_list":["post-176385","post","type-post","status-publish","format-standard","has-post-thumbnail","hentry","category-br","category-saude-2","tag-ccmj","tag-cnj","tag-conselho-nacional-de-justica","tag-coronavac","tag-fux-e-vacinado-no-rio","tag-instituto-butantan","tag-luiz-fux","tag-museu-da-justica","tag-presidente-do-supremo-toma-primeira-dose-de-vacina-contra-covid-19","tag-rio-de-janeiro","tag-sinovac","tag-stf","tag-supremo-tribunal-federal","tag-vacinacao-de-luiz-fux","tag-vacinacao-do-presidente-do-stf","tag-vacinacao-do-presidente-do-supremo"],"_links":{"self":[{"href":"https:\/\/aconteceunovale.com.br\/portal\/index.php?rest_route=\/wp\/v2\/posts\/176385","targetHints":{"allow":["GET"]}}],"collection":[{"href":"https:\/\/aconteceunovale.com.br\/portal\/index.php?rest_route=\/wp\/v2\/posts"}],"about":[{"href":"https:\/\/aconteceunovale.com.br\/portal\/index.php?rest_route=\/wp\/v2\/types\/post"}],"author":[{"embeddable":true,"href":"https:\/\/aconteceunovale.com.br\/portal\/index.php?rest_route=\/wp\/v2\/users\/4"}],"replies":[{"embeddable":true,"href":"https:\/\/aconteceunovale.com.br\/portal\/index.php?rest_route=%2Fwp%2Fv2%2Fcomments&post=176385"}],"version-history":[{"count":1,"href":"https:\/\/aconteceunovale.com.br\/portal\/index.php?rest_route=\/wp\/v2\/posts\/176385\/revisions"}],"predecessor-version":[{"id":176387,"href":"https:\/\/aconteceunovale.com.br\/portal\/index.php?rest_route=\/wp\/v2\/posts\/176385\/revisions\/176387"}],"wp:featuredmedia":[{"embeddable":true,"href":"https:\/\/aconteceunovale.com.br\/portal\/index.php?rest_route=\/wp\/v2\/media\/176386"}],"wp:attachment":[{"href":"https:\/\/aconteceunovale.com.br\/portal\/index.php?rest_route=%2Fwp%2Fv2%2Fmedia&parent=176385"}],"wp:term":[{"taxonomy":"category","embeddable":true,"href":"https:\/\/aconteceunovale.com.br\/portal\/index.php?rest_route=%2Fwp%2Fv2%2Fcategories&post=176385"},{"taxonomy":"post_tag","embeddable":true,"href":"https:\/\/aconteceunovale.com.br\/portal\/index.php?rest_route=%2Fwp%2Fv2%2Ftags&post=176385"}],"curies":[{"name":"wp","href":"https:\/\/api.w.org\/{rel}","templated":true}]}}