{"id":176176,"date":"2021-03-31T16:27:45","date_gmt":"2021-03-31T19:27:45","guid":{"rendered":"https:\/\/aconteceunovale.com.br\/portal\/?p=176176"},"modified":"2021-03-31T16:29:14","modified_gmt":"2021-03-31T19:29:14","slug":"ex-deputado-ivair-nogueira-morre-vitima-da-covid-19-em-bh","status":"publish","type":"post","link":"https:\/\/aconteceunovale.com.br\/portal\/?p=176176","title":{"rendered":"Ex-deputado Ivair Nogueira morre v\u00edtima da Covid-19 em BH"},"content":{"rendered":"\n<p class=\"wp-block-paragraph\">O\u00a0ex-deputado estadual Ivair Nogueira (MDB) faleceu,\u00a0nesta quarta-feira (31\/3\/2021), v\u00edtima da Covid-19 (doen\u00e7a causada pelo novo coronav\u00edrus \u2013 SARS-Cov-2). Desde a \u00faltima sexta-feira (26\/3), ele estava internado no Hospital Madre Tereza, em Belo Horizonte. O ex-parlamentar mineiro tinha 69 anos de idade e deixa esposa, tr\u00eas filhos e dois netos.<\/p>\n\n\n\n<figure class=\"wp-block-gallery columns-1 is-cropped wp-block-gallery-1 is-layout-flex wp-block-gallery-is-layout-flex\"><ul class=\"blocks-gallery-grid\"><li class=\"blocks-gallery-item\"><figure><img loading=\"lazy\" decoding=\"async\" width=\"640\" height=\"427\" src=\"https:\/\/aconteceunovale.com.br\/portal\/wp-content\/uploads\/2021\/03\/ivair_nogueira.jpg\" alt=\"\" data-id=\"176177\" data-full-url=\"https:\/\/aconteceunovale.com.br\/portal\/wp-content\/uploads\/2021\/03\/ivair_nogueira.jpg\" data-link=\"https:\/\/aconteceunovale.com.br\/portal\/?attachment_id=176177\" class=\"wp-image-176177\" srcset=\"https:\/\/aconteceunovale.com.br\/portal\/wp-content\/uploads\/2021\/03\/ivair_nogueira.jpg 640w, https:\/\/aconteceunovale.com.br\/portal\/wp-content\/uploads\/2021\/03\/ivair_nogueira-300x200.jpg 300w, https:\/\/aconteceunovale.com.br\/portal\/wp-content\/uploads\/2021\/03\/ivair_nogueira-630x420.jpg 630w\" sizes=\"auto, (max-width: 640px) 100vw, 640px\" \/><figcaption class=\"blocks-gallery-item__caption\"><em>Ivair Nogueira &#8211; Foto: Luiz Santana \/ Arquivo da ALMG<\/em><\/figcaption><\/figure><\/li><\/ul><\/figure>\n\n\n\n<p class=\"wp-block-paragraph\">Engenheiro civil, advogado e empres\u00e1rio, Ivair Nogueira do Pinho foi\u00a01\u00ba vice-presidente da Assembleia Legislativa de Minas Gerais (ALMG)\u00a0na 17\u00aa Legislatura. Exerceu\u00a0seis mandatos consecutivos\u00a0no Parlamento mineiro, entre 1995 e 2019. Afastou-se apenas em 1999 e 2000 para\u00a0ocupar a Secretaria de Estado de Esportes, durante a gest\u00e3o do governador Itamar Franco.<\/p>\n\n\n\n<p class=\"wp-block-paragraph\">Foi o\u00a0primeiro deputado estadual da hist\u00f3ria de Betim (Regi\u00e3o Metropolitana de Belo Horizonte), cidade onde foi vice-prefeito (1989-1990) e prefeito (1991-1992). Seu primeiro cargo p\u00fablico foi no mesmo munic\u00edpio, em 1984, como secret\u00e1rio de Obras.<\/p>\n\n\n\n<p class=\"wp-block-paragraph\">Entre outras fun\u00e7\u00f5es exercidas na ALMG, presidiu a Comiss\u00e3o de Transporte, Comunica\u00e7\u00e3o e Obras P\u00fablicas. Sua atua\u00e7\u00e3o como relator da CPI Carcer\u00e1ria, em 1997, possibilitou um amplo diagn\u00f3stico do sistema prisional do Estado e o reconhecimento de organismos internacionais de defesa dos direitos humanos.<\/p>\n\n\n\n<p class=\"wp-block-paragraph\">&#8212;&#8212;&#8212;&#8212;&#8212;&#8212;<br><em>Quer receber as not\u00edcias do <strong>Aconteceu no Vale<\/strong> em primeira m\u00e3o? Siga-nos no Facebook <a rel=\"noreferrer noopener\" href=\"http:\/\/facebook.com\/aconteceunovale\" target=\"_blank\">@aconteceunovale<\/a>, Twitter <a rel=\"noreferrer noopener\" href=\"https:\/\/twitter.com\/noticiadosvales\" target=\"_blank\">@noticiadosvales<\/a> e Instagram <a rel=\"noreferrer noopener\" href=\"https:\/\/www.instagram.com\/aconteceunovale\" target=\"_blank\">@aconteceunovale<\/a>.<\/em><\/p>\n","protected":false},"excerpt":{"rendered":"<p>O\u00a0ex-deputado estadual Ivair Nogueira (MDB) faleceu,\u00a0nesta quarta-feira (31\/3\/2021), v\u00edtima da Covid-19 (doen\u00e7a causada pelo novo coronav\u00edrus \u2013 SARS-Cov-2). Desde a \u00faltima sexta-feira (26\/3), ele estava internado no Hospital Madre Tereza, em Belo Horizonte. O ex-parlamentar mineiro tinha 69 anos de idade e deixa esposa, tr\u00eas filhos e dois netos. Engenheiro civil, advogado e empres\u00e1rio, Ivair [&hellip;]<\/p>\n","protected":false},"author":4,"featured_media":176177,"comment_status":"open","ping_status":"closed","sticky":false,"template":"","format":"standard","meta":{"amp_status":"","footnotes":""},"categories":[123,40240],"tags":[752,194,1495,1017,214884,216498,1018,241252,241251,241258,48182,241257,177500,241255,241253,241256,241254,140166,239852],"class_list":["post-176176","post","type-post","status-publish","format-standard","has-post-thumbnail","hentry","category-gerais","category-politica","tag-almg","tag-belo-horizonte","tag-betim","tag-bh","tag-coronavirus","tag-covid-19","tag-destaque","tag-ex-deputado-ivair-nogueira","tag-ex-deputado-ivair-nogueira-morre-vitima-da-covid-19-em-bh","tag-ex-prefeito-de-betim","tag-ivair-nogueira","tag-ivair-nogueira-do-pinho","tag-mdb","tag-morre-ivair-nogueira","tag-morre-o-ex-deputado-ivair-nogueira","tag-morte-de-ivair-nogueira","tag-morte-do-ex-deputado-ivair-nogueira","tag-pandemia","tag-vitima-da-covid-19"],"yoast_head":"<!-- This site is optimized with the Yoast SEO plugin v28.3 - https:\/\/yoast.com\/product\/yoast-seo-wordpress\/ -->\n<title>Ex-deputado Ivair Nogueira morre v\u00edtima da Covid-19 em BH - Aconteceu no Vale<\/title>\n<meta name=\"robots\" content=\"index, follow, max-snippet:-1, max-image-preview:large, max-video-preview:-1\" \/>\n<link rel=\"canonical\" href=\"https:\/\/aconteceunovale.com.br\/portal\/?p=176176\" \/>\n<meta property=\"og:locale\" content=\"pt_BR\" \/>\n<meta property=\"og:type\" content=\"article\" \/>\n<meta property=\"og:title\" content=\"Ex-deputado Ivair Nogueira morre v\u00edtima da Covid-19 em BH - Aconteceu no Vale\" \/>\n<meta property=\"og:description\" content=\"O\u00a0ex-deputado estadual Ivair Nogueira (MDB) faleceu,\u00a0nesta quarta-feira (31\/3\/2021), v\u00edtima da Covid-19 (doen\u00e7a causada pelo novo coronav\u00edrus \u2013 SARS-Cov-2). Desde a \u00faltima sexta-feira (26\/3), ele estava internado no Hospital Madre Tereza, em Belo Horizonte. O ex-parlamentar mineiro tinha 69 anos de idade e deixa esposa, tr\u00eas filhos e dois netos. Engenheiro civil, advogado e empres\u00e1rio, Ivair [&hellip;]\" \/>\n<meta property=\"og:url\" content=\"https:\/\/aconteceunovale.com.br\/portal\/?p=176176\" \/>\n<meta property=\"og:site_name\" content=\"Aconteceu no Vale\" \/>\n<meta property=\"article:publisher\" content=\"https:\/\/www.facebook.com\/aconteceunovale\/\" \/>\n<meta property=\"article:published_time\" content=\"2021-03-31T19:27:45+00:00\" \/>\n<meta property=\"article:modified_time\" content=\"2021-03-31T19:29:14+00:00\" \/>\n<meta property=\"og:image\" content=\"https:\/\/aconteceunovale.com.br\/portal\/wp-content\/uploads\/2021\/03\/ivair_nogueira.jpg\" \/>\n\t<meta property=\"og:image:width\" content=\"640\" \/>\n\t<meta property=\"og:image:height\" content=\"427\" \/>\n\t<meta property=\"og:image:type\" content=\"image\/jpeg\" \/>\n<meta name=\"author\" content=\"Reda\u00e7\u00e3o Aconteceu no Vale\" \/>\n<meta name=\"twitter:card\" content=\"summary_large_image\" \/>\n<meta name=\"twitter:creator\" content=\"@noticiadosvales\" \/>\n<meta name=\"twitter:site\" content=\"@noticiadosvales\" \/>\n<meta name=\"twitter:label1\" content=\"Escrito por\" \/>\n\t<meta name=\"twitter:data1\" content=\"Reda\u00e7\u00e3o Aconteceu no Vale\" \/>\n\t<meta name=\"twitter:label2\" content=\"Est. tempo de leitura\" \/>\n\t<meta name=\"twitter:data2\" content=\"1 minuto\" \/>\n<script type=\"application\/ld+json\" class=\"yoast-schema-graph\">{\"@context\":\"https:\\\/\\\/schema.org\",\"@graph\":[{\"@type\":\"Article\",\"@id\":\"https:\\\/\\\/aconteceunovale.com.br\\\/portal\\\/?p=176176#article\",\"isPartOf\":{\"@id\":\"https:\\\/\\\/aconteceunovale.com.br\\\/portal\\\/?p=176176\"},\"author\":{\"name\":\"Reda\u00e7\u00e3o Aconteceu no Vale\",\"@id\":\"https:\\\/\\\/aconteceunovale.com.br\\\/portal\\\/#\\\/schema\\\/person\\\/7d2f26d1483f8a63de73da1ee0754d35\"},\"headline\":\"Ex-deputado Ivair Nogueira morre v\u00edtima da Covid-19 em BH\",\"datePublished\":\"2021-03-31T19:27:45+00:00\",\"dateModified\":\"2021-03-31T19:29:14+00:00\",\"mainEntityOfPage\":{\"@id\":\"https:\\\/\\\/aconteceunovale.com.br\\\/portal\\\/?p=176176\"},\"wordCount\":233,\"commentCount\":0,\"image\":{\"@id\":\"https:\\\/\\\/aconteceunovale.com.br\\\/portal\\\/?p=176176#primaryimage\"},\"thumbnailUrl\":\"https:\\\/\\\/aconteceunovale.com.br\\\/portal\\\/wp-content\\\/uploads\\\/2021\\\/03\\\/ivair_nogueira.jpg\",\"keywords\":[\"ALMG\",\"Belo Horizonte\",\"Betim\",\"bh\",\"Coronav\u00edrus\",\"COVID-19\",\"destaque\",\"Ex-deputado Ivair Nogueira\",\"Ex-deputado Ivair Nogueira morre v\u00edtima da Covid-19 em BH\",\"Ex-prefeito de Betim\",\"Ivair Nogueira\",\"Ivair Nogueira do Pinho\",\"MDB\",\"Morre Ivair Nogueira\",\"Morre o Ex-deputado Ivair Nogueira\",\"Morte de Ivair Nogueira\",\"Morte do Ex-deputado Ivair Nogueira\",\"pandemia\",\"V\u00edtima da Covid-19\"],\"articleSection\":[\"Minas Gerais\",\"Pol\u00edtica\"],\"inLanguage\":\"pt-BR\",\"potentialAction\":[{\"@type\":\"CommentAction\",\"name\":\"Comment\",\"target\":[\"https:\\\/\\\/aconteceunovale.com.br\\\/portal\\\/?p=176176#respond\"]}]},{\"@type\":\"WebPage\",\"@id\":\"https:\\\/\\\/aconteceunovale.com.br\\\/portal\\\/?p=176176\",\"url\":\"https:\\\/\\\/aconteceunovale.com.br\\\/portal\\\/?p=176176\",\"name\":\"Ex-deputado Ivair Nogueira morre v\u00edtima da Covid-19 em BH - Aconteceu no Vale\",\"isPartOf\":{\"@id\":\"https:\\\/\\\/aconteceunovale.com.br\\\/portal\\\/#website\"},\"primaryImageOfPage\":{\"@id\":\"https:\\\/\\\/aconteceunovale.com.br\\\/portal\\\/?p=176176#primaryimage\"},\"image\":{\"@id\":\"https:\\\/\\\/aconteceunovale.com.br\\\/portal\\\/?p=176176#primaryimage\"},\"thumbnailUrl\":\"https:\\\/\\\/aconteceunovale.com.br\\\/portal\\\/wp-content\\\/uploads\\\/2021\\\/03\\\/ivair_nogueira.jpg\",\"datePublished\":\"2021-03-31T19:27:45+00:00\",\"dateModified\":\"2021-03-31T19:29:14+00:00\",\"author\":{\"@id\":\"https:\\\/\\\/aconteceunovale.com.br\\\/portal\\\/#\\\/schema\\\/person\\\/7d2f26d1483f8a63de73da1ee0754d35\"},\"breadcrumb\":{\"@id\":\"https:\\\/\\\/aconteceunovale.com.br\\\/portal\\\/?p=176176#breadcrumb\"},\"inLanguage\":\"pt-BR\",\"potentialAction\":[{\"@type\":\"ReadAction\",\"target\":[\"https:\\\/\\\/aconteceunovale.com.br\\\/portal\\\/?p=176176\"]}]},{\"@type\":\"ImageObject\",\"inLanguage\":\"pt-BR\",\"@id\":\"https:\\\/\\\/aconteceunovale.com.br\\\/portal\\\/?p=176176#primaryimage\",\"url\":\"https:\\\/\\\/aconteceunovale.com.br\\\/portal\\\/wp-content\\\/uploads\\\/2021\\\/03\\\/ivair_nogueira.jpg\",\"contentUrl\":\"https:\\\/\\\/aconteceunovale.com.br\\\/portal\\\/wp-content\\\/uploads\\\/2021\\\/03\\\/ivair_nogueira.jpg\",\"width\":640,\"height\":427},{\"@type\":\"BreadcrumbList\",\"@id\":\"https:\\\/\\\/aconteceunovale.com.br\\\/portal\\\/?p=176176#breadcrumb\",\"itemListElement\":[{\"@type\":\"ListItem\",\"position\":1,\"name\":\"In\u00edcio\",\"item\":\"https:\\\/\\\/aconteceunovale.com.br\\\/portal\\\/\"},{\"@type\":\"ListItem\",\"position\":2,\"name\":\"Ex-deputado Ivair Nogueira morre v\u00edtima da Covid-19 em BH\"}]},{\"@type\":\"WebSite\",\"@id\":\"https:\\\/\\\/aconteceunovale.com.br\\\/portal\\\/#website\",\"url\":\"https:\\\/\\\/aconteceunovale.com.br\\\/portal\\\/\",\"name\":\"Aconteceu no Vale\",\"description\":\"Portal de Not\u00edcias\",\"potentialAction\":[{\"@type\":\"SearchAction\",\"target\":{\"@type\":\"EntryPoint\",\"urlTemplate\":\"https:\\\/\\\/aconteceunovale.com.br\\\/portal\\\/?s={search_term_string}\"},\"query-input\":{\"@type\":\"PropertyValueSpecification\",\"valueRequired\":true,\"valueName\":\"search_term_string\"}}],\"inLanguage\":\"pt-BR\"},{\"@type\":\"Person\",\"@id\":\"https:\\\/\\\/aconteceunovale.com.br\\\/portal\\\/#\\\/schema\\\/person\\\/7d2f26d1483f8a63de73da1ee0754d35\",\"name\":\"Reda\u00e7\u00e3o Aconteceu no Vale\",\"description\":\"Equipe de reportagem do Aconteceu no Vale, portal de not\u00edcias do Vale do Jequitinhonha, em Minas Gerais. Cobrimos as 51 cidades do Vale desde 2013. Sugest\u00f5es de pauta e pedidos de corre\u00e7\u00e3o: contato@aconteceunovale.com.br\",\"url\":\"https:\\\/\\\/aconteceunovale.com.br\\\/portal\\\/?author=4\"}]}<\/script>\n<!-- \/ Yoast SEO plugin. -->","yoast_head_json":{"title":"Ex-deputado Ivair Nogueira morre v\u00edtima da Covid-19 em BH - Aconteceu no Vale","robots":{"index":"index","follow":"follow","max-snippet":"max-snippet:-1","max-image-preview":"max-image-preview:large","max-video-preview":"max-video-preview:-1"},"canonical":"https:\/\/aconteceunovale.com.br\/portal\/?p=176176","og_locale":"pt_BR","og_type":"article","og_title":"Ex-deputado Ivair Nogueira morre v\u00edtima da Covid-19 em BH - Aconteceu no Vale","og_description":"O\u00a0ex-deputado estadual Ivair Nogueira (MDB) faleceu,\u00a0nesta quarta-feira (31\/3\/2021), v\u00edtima da Covid-19 (doen\u00e7a causada pelo novo coronav\u00edrus \u2013 SARS-Cov-2). Desde a \u00faltima sexta-feira (26\/3), ele estava internado no Hospital Madre Tereza, em Belo Horizonte. O ex-parlamentar mineiro tinha 69 anos de idade e deixa esposa, tr\u00eas filhos e dois netos. Engenheiro civil, advogado e empres\u00e1rio, Ivair [&hellip;]","og_url":"https:\/\/aconteceunovale.com.br\/portal\/?p=176176","og_site_name":"Aconteceu no Vale","article_publisher":"https:\/\/www.facebook.com\/aconteceunovale\/","article_published_time":"2021-03-31T19:27:45+00:00","article_modified_time":"2021-03-31T19:29:14+00:00","og_image":[{"width":640,"height":427,"url":"https:\/\/aconteceunovale.com.br\/portal\/wp-content\/uploads\/2021\/03\/ivair_nogueira.jpg","type":"image\/jpeg"}],"author":"Reda\u00e7\u00e3o Aconteceu no Vale","twitter_card":"summary_large_image","twitter_creator":"@noticiadosvales","twitter_site":"@noticiadosvales","twitter_misc":{"Escrito por":"Reda\u00e7\u00e3o Aconteceu no Vale","Est. tempo de leitura":"1 minuto"},"schema":{"@context":"https:\/\/schema.org","@graph":[{"@type":"Article","@id":"https:\/\/aconteceunovale.com.br\/portal\/?p=176176#article","isPartOf":{"@id":"https:\/\/aconteceunovale.com.br\/portal\/?p=176176"},"author":{"name":"Reda\u00e7\u00e3o Aconteceu no Vale","@id":"https:\/\/aconteceunovale.com.br\/portal\/#\/schema\/person\/7d2f26d1483f8a63de73da1ee0754d35"},"headline":"Ex-deputado Ivair Nogueira morre v\u00edtima da Covid-19 em BH","datePublished":"2021-03-31T19:27:45+00:00","dateModified":"2021-03-31T19:29:14+00:00","mainEntityOfPage":{"@id":"https:\/\/aconteceunovale.com.br\/portal\/?p=176176"},"wordCount":233,"commentCount":0,"image":{"@id":"https:\/\/aconteceunovale.com.br\/portal\/?p=176176#primaryimage"},"thumbnailUrl":"https:\/\/aconteceunovale.com.br\/portal\/wp-content\/uploads\/2021\/03\/ivair_nogueira.jpg","keywords":["ALMG","Belo Horizonte","Betim","bh","Coronav\u00edrus","COVID-19","destaque","Ex-deputado Ivair Nogueira","Ex-deputado Ivair Nogueira morre v\u00edtima da Covid-19 em BH","Ex-prefeito de Betim","Ivair Nogueira","Ivair Nogueira do Pinho","MDB","Morre Ivair Nogueira","Morre o Ex-deputado Ivair Nogueira","Morte de Ivair Nogueira","Morte do Ex-deputado Ivair Nogueira","pandemia","V\u00edtima da Covid-19"],"articleSection":["Minas Gerais","Pol\u00edtica"],"inLanguage":"pt-BR","potentialAction":[{"@type":"CommentAction","name":"Comment","target":["https:\/\/aconteceunovale.com.br\/portal\/?p=176176#respond"]}]},{"@type":"WebPage","@id":"https:\/\/aconteceunovale.com.br\/portal\/?p=176176","url":"https:\/\/aconteceunovale.com.br\/portal\/?p=176176","name":"Ex-deputado Ivair Nogueira morre v\u00edtima da Covid-19 em BH - Aconteceu no Vale","isPartOf":{"@id":"https:\/\/aconteceunovale.com.br\/portal\/#website"},"primaryImageOfPage":{"@id":"https:\/\/aconteceunovale.com.br\/portal\/?p=176176#primaryimage"},"image":{"@id":"https:\/\/aconteceunovale.com.br\/portal\/?p=176176#primaryimage"},"thumbnailUrl":"https:\/\/aconteceunovale.com.br\/portal\/wp-content\/uploads\/2021\/03\/ivair_nogueira.jpg","datePublished":"2021-03-31T19:27:45+00:00","dateModified":"2021-03-31T19:29:14+00:00","author":{"@id":"https:\/\/aconteceunovale.com.br\/portal\/#\/schema\/person\/7d2f26d1483f8a63de73da1ee0754d35"},"breadcrumb":{"@id":"https:\/\/aconteceunovale.com.br\/portal\/?p=176176#breadcrumb"},"inLanguage":"pt-BR","potentialAction":[{"@type":"ReadAction","target":["https:\/\/aconteceunovale.com.br\/portal\/?p=176176"]}]},{"@type":"ImageObject","inLanguage":"pt-BR","@id":"https:\/\/aconteceunovale.com.br\/portal\/?p=176176#primaryimage","url":"https:\/\/aconteceunovale.com.br\/portal\/wp-content\/uploads\/2021\/03\/ivair_nogueira.jpg","contentUrl":"https:\/\/aconteceunovale.com.br\/portal\/wp-content\/uploads\/2021\/03\/ivair_nogueira.jpg","width":640,"height":427},{"@type":"BreadcrumbList","@id":"https:\/\/aconteceunovale.com.br\/portal\/?p=176176#breadcrumb","itemListElement":[{"@type":"ListItem","position":1,"name":"In\u00edcio","item":"https:\/\/aconteceunovale.com.br\/portal\/"},{"@type":"ListItem","position":2,"name":"Ex-deputado Ivair Nogueira morre v\u00edtima da Covid-19 em BH"}]},{"@type":"WebSite","@id":"https:\/\/aconteceunovale.com.br\/portal\/#website","url":"https:\/\/aconteceunovale.com.br\/portal\/","name":"Aconteceu no Vale","description":"Portal de Not\u00edcias","potentialAction":[{"@type":"SearchAction","target":{"@type":"EntryPoint","urlTemplate":"https:\/\/aconteceunovale.com.br\/portal\/?s={search_term_string}"},"query-input":{"@type":"PropertyValueSpecification","valueRequired":true,"valueName":"search_term_string"}}],"inLanguage":"pt-BR"},{"@type":"Person","@id":"https:\/\/aconteceunovale.com.br\/portal\/#\/schema\/person\/7d2f26d1483f8a63de73da1ee0754d35","name":"Reda\u00e7\u00e3o Aconteceu no Vale","description":"Equipe de reportagem do Aconteceu no Vale, portal de not\u00edcias do Vale do Jequitinhonha, em Minas Gerais. Cobrimos as 51 cidades do Vale desde 2013. Sugest\u00f5es de pauta e pedidos de corre\u00e7\u00e3o: contato@aconteceunovale.com.br","url":"https:\/\/aconteceunovale.com.br\/portal\/?author=4"}]}},"_links":{"self":[{"href":"https:\/\/aconteceunovale.com.br\/portal\/index.php?rest_route=\/wp\/v2\/posts\/176176","targetHints":{"allow":["GET"]}}],"collection":[{"href":"https:\/\/aconteceunovale.com.br\/portal\/index.php?rest_route=\/wp\/v2\/posts"}],"about":[{"href":"https:\/\/aconteceunovale.com.br\/portal\/index.php?rest_route=\/wp\/v2\/types\/post"}],"author":[{"embeddable":true,"href":"https:\/\/aconteceunovale.com.br\/portal\/index.php?rest_route=\/wp\/v2\/users\/4"}],"replies":[{"embeddable":true,"href":"https:\/\/aconteceunovale.com.br\/portal\/index.php?rest_route=%2Fwp%2Fv2%2Fcomments&post=176176"}],"version-history":[{"count":1,"href":"https:\/\/aconteceunovale.com.br\/portal\/index.php?rest_route=\/wp\/v2\/posts\/176176\/revisions"}],"predecessor-version":[{"id":176178,"href":"https:\/\/aconteceunovale.com.br\/portal\/index.php?rest_route=\/wp\/v2\/posts\/176176\/revisions\/176178"}],"wp:featuredmedia":[{"embeddable":true,"href":"https:\/\/aconteceunovale.com.br\/portal\/index.php?rest_route=\/wp\/v2\/media\/176177"}],"wp:attachment":[{"href":"https:\/\/aconteceunovale.com.br\/portal\/index.php?rest_route=%2Fwp%2Fv2%2Fmedia&parent=176176"}],"wp:term":[{"taxonomy":"category","embeddable":true,"href":"https:\/\/aconteceunovale.com.br\/portal\/index.php?rest_route=%2Fwp%2Fv2%2Fcategories&post=176176"},{"taxonomy":"post_tag","embeddable":true,"href":"https:\/\/aconteceunovale.com.br\/portal\/index.php?rest_route=%2Fwp%2Fv2%2Ftags&post=176176"}],"curies":[{"name":"wp","href":"https:\/\/api.w.org\/{rel}","templated":true}]}}