{"id":175633,"date":"2021-03-22T16:35:16","date_gmt":"2021-03-22T19:35:16","guid":{"rendered":"https:\/\/aconteceunovale.com.br\/portal\/?p=175633"},"modified":"2021-03-23T00:36:41","modified_gmt":"2021-03-23T03:36:41","slug":"motorista-morre-em-acidente-na-br-365-2","status":"publish","type":"post","link":"https:\/\/aconteceunovale.com.br\/portal\/?p=175633","title":{"rendered":"Motorista morre em acidente na BR-365"},"content":{"rendered":"\n<p>O motorista de uma carreta morreu em um acidente na BR-365, em Claro dos Po\u00e7\u00f5es (MG), no domingo (21\/3\/2021). Segundo informa\u00e7\u00f5es do Corpo de Bombeiros, o ve\u00edculo tombou na altura do quil\u00f4metro 74 da rodovia e bateu em um barranco.<\/p>\n\n\n\n<figure class=\"wp-block-gallery columns-1 is-cropped wp-block-gallery-1 is-layout-flex wp-block-gallery-is-layout-flex\"><ul class=\"blocks-gallery-grid\"><li class=\"blocks-gallery-item\"><figure><img loading=\"lazy\" decoding=\"async\" width=\"678\" height=\"402\" src=\"https:\/\/aconteceunovale.com.br\/portal\/wp-content\/uploads\/2021\/03\/acidente_365.jpeg\" alt=\"\" data-id=\"175634\" data-full-url=\"https:\/\/aconteceunovale.com.br\/portal\/wp-content\/uploads\/2021\/03\/acidente_365.jpeg\" data-link=\"https:\/\/aconteceunovale.com.br\/portal\/?attachment_id=175634\" class=\"wp-image-175634\" srcset=\"https:\/\/aconteceunovale.com.br\/portal\/wp-content\/uploads\/2021\/03\/acidente_365.jpeg 678w, https:\/\/aconteceunovale.com.br\/portal\/wp-content\/uploads\/2021\/03\/acidente_365-300x178.jpeg 300w\" sizes=\"auto, (max-width: 678px) 100vw, 678px\" \/><figcaption class=\"blocks-gallery-item__caption\"><em>Foto: Corpo de Bombeiros \/ Divulga\u00e7\u00e3o<\/em><\/figcaption><\/figure><\/li><\/ul><\/figure>\n\n\n\n<p>O condutor, de 30 anos, ficou preso \u00e0s ferragens e morreu no local. Uma aeronave chegou a se deslocar para prestar socorro e o m\u00e9dico atestou o \u00f3bito.<\/p>\n\n\n\n<p>O corpo foi retirado pelos bombeiros, ap\u00f3s o trabalho da per\u00edcia, com o uso de um guincho. Os militares jogaram terra na pista para cobrir o \u00f3leo derramado pela carreta e eliminar os riscos de acidentes.<\/p>\n\n\n\n<p>A carreta tem placas de Maring\u00e1 (PR) e transportava uma carga de trigo. De acordo com a Pol\u00edcia Rodovi\u00e1ria Federal, a rodovia ficou interditada por quatro horas.<\/p>\n\n\n\n<p>&#8212;&#8212;&#8212;&#8212;&#8212;&#8212;<br><em>Quer receber as not\u00edcias do <strong>Aconteceu no Vale<\/strong> em primeira m\u00e3o? Siga-nos no Facebook <a rel=\"noreferrer noopener\" href=\"http:\/\/facebook.com\/aconteceunovale\" target=\"_blank\">@aconteceunovale<\/a>, Twitter <a rel=\"noreferrer noopener\" href=\"https:\/\/twitter.com\/noticiadosvales\" target=\"_blank\">@noticiadosvales<\/a> e Instagram <a rel=\"noreferrer noopener\" href=\"https:\/\/www.instagram.com\/aconteceunovale\" target=\"_blank\">@aconteceunovale<\/a>.<\/em><\/p>\n","protected":false},"excerpt":{"rendered":"<p>O motorista de uma carreta morreu em um acidente na BR-365, em Claro dos Po\u00e7\u00f5es (MG), no domingo (21\/3\/2021). Segundo informa\u00e7\u00f5es do Corpo de Bombeiros, o ve\u00edculo tombou na altura do quil\u00f4metro 74 da rodovia e bateu em um barranco. O condutor, de 30 anos, ficou preso \u00e0s ferragens e morreu no local. Uma aeronave [&hellip;]<\/p>\n","protected":false},"author":4,"featured_media":175634,"comment_status":"open","ping_status":"closed","sticky":false,"template":"","format":"standard","meta":{"amp_status":"","footnotes":""},"categories":[1236],"tags":[240221,240220,240218,31358,207970,162900,207894,2801,216924,240219],"class_list":["post-175633","post","type-post","status-publish","format-standard","has-post-thumbnail","hentry","category-norte_de_minas","tag-acidente-com-carreta-de-maringa-na-br-365","tag-acidente-com-carreta-de-trigo-na-br-365","tag-acidente-com-carreta-na-br-365","tag-acidente-em-claro-dos-pocoes","tag-acidente-na-br-365-2","tag-acidente-na-br-365-em-claro-dos-pocoes","tag-br-365-2","tag-claro-dos-pocoes","tag-motorista-morre-em-acidente-na-br-365","tag-tombamento-de-carreta-na-br-365"],"_links":{"self":[{"href":"https:\/\/aconteceunovale.com.br\/portal\/index.php?rest_route=\/wp\/v2\/posts\/175633","targetHints":{"allow":["GET"]}}],"collection":[{"href":"https:\/\/aconteceunovale.com.br\/portal\/index.php?rest_route=\/wp\/v2\/posts"}],"about":[{"href":"https:\/\/aconteceunovale.com.br\/portal\/index.php?rest_route=\/wp\/v2\/types\/post"}],"author":[{"embeddable":true,"href":"https:\/\/aconteceunovale.com.br\/portal\/index.php?rest_route=\/wp\/v2\/users\/4"}],"replies":[{"embeddable":true,"href":"https:\/\/aconteceunovale.com.br\/portal\/index.php?rest_route=%2Fwp%2Fv2%2Fcomments&post=175633"}],"version-history":[{"count":1,"href":"https:\/\/aconteceunovale.com.br\/portal\/index.php?rest_route=\/wp\/v2\/posts\/175633\/revisions"}],"predecessor-version":[{"id":175635,"href":"https:\/\/aconteceunovale.com.br\/portal\/index.php?rest_route=\/wp\/v2\/posts\/175633\/revisions\/175635"}],"wp:featuredmedia":[{"embeddable":true,"href":"https:\/\/aconteceunovale.com.br\/portal\/index.php?rest_route=\/wp\/v2\/media\/175634"}],"wp:attachment":[{"href":"https:\/\/aconteceunovale.com.br\/portal\/index.php?rest_route=%2Fwp%2Fv2%2Fmedia&parent=175633"}],"wp:term":[{"taxonomy":"category","embeddable":true,"href":"https:\/\/aconteceunovale.com.br\/portal\/index.php?rest_route=%2Fwp%2Fv2%2Fcategories&post=175633"},{"taxonomy":"post_tag","embeddable":true,"href":"https:\/\/aconteceunovale.com.br\/portal\/index.php?rest_route=%2Fwp%2Fv2%2Ftags&post=175633"}],"curies":[{"name":"wp","href":"https:\/\/api.w.org\/{rel}","templated":true}]}}