{"id":175591,"date":"2021-03-22T14:49:17","date_gmt":"2021-03-22T17:49:17","guid":{"rendered":"https:\/\/aconteceunovale.com.br\/portal\/?p=175591"},"modified":"2021-03-22T14:49:55","modified_gmt":"2021-03-22T17:49:55","slug":"entenda-o-que-pode-e-o-que-nao-pode-funcionar-durante-a-quarentena-em-minas-gerais","status":"publish","type":"post","link":"https:\/\/aconteceunovale.com.br\/portal\/?p=175591","title":{"rendered":"Entenda o que pode e o que n\u00e3o pode funcionar durante a quarentena em Minas Gerais"},"content":{"rendered":"\n<p>Desde que foi anunciada pelo governador Romeu Zema,\u00a0 em 15\/3\/2021, a inclus\u00e3o de todo o estado na onda roxa do\u00a0<a rel=\"noreferrer noopener\" href=\"http:\/\/www.mg.gov.br\/minasconsciente\" target=\"_blank\">Minas Consciente<\/a>, ficaram em evid\u00eancia as regras impostas pela fase mais restritiva do plano.<br><br>Entre elas est\u00e3o a restri\u00e7\u00e3o de circula\u00e7\u00e3o de pessoas, especialmente das 20h \u00e0s 5h, o fechamento de todo o com\u00e9rcio n\u00e3o essencial e a amplia\u00e7\u00e3o da fiscaliza\u00e7\u00e3o feita em conjunto pelas prefeituras municipais e a\u00a0<a rel=\"noreferrer noopener\" href=\"http:\/\/www.policiamilitar.mg.gov.br\/\" target=\"_blank\">Pol\u00edcia Militar<\/a>.<br><br>Em vig\u00eancia desde quarta-feira (17\/3) nos 853 munic\u00edpios mineiros, a medida pretende controlar a dissemina\u00e7\u00e3o da covid-19 no estado e permitir o restabelecimento da capacidade assistencial do sistema de Sa\u00fade. A princ\u00edpio, a onda roxa ser\u00e1 mantida por 15 dias.<br><br>Veja abaixo os principais pontos a serem seguidos durante o per\u00edodo:<\/p>\n\n\n\n<h2 class=\"wp-block-heading\"><strong>Com\u00e9rcio n\u00e3o essencial<\/strong><\/h2>\n\n\n\n<p>Os munic\u00edpios devem suspender todos os servi\u00e7os, com\u00e9rcios, atividades ou empreendimentos, p\u00fablicos ou privados, que n\u00e3o sejam essenciais.<\/p>\n\n\n\n<h2 class=\"wp-block-heading\"><strong>Delivery<\/strong><\/h2>\n\n\n\n<p>O funcionamento de bares e restaurantes para&nbsp;entrega&nbsp;(delivery)&nbsp;de alimentos \u00e9 permitido na onda roxa, mesmo ap\u00f3s \u00e0s 20h, desde que cumprida a proibi\u00e7\u00e3o de consumo local, voltada para o combate a aglomera\u00e7\u00f5es.<\/p>\n\n\n\n<p>As demais atividades de delivery de itens essenciais, como entrega de medicamentos, tamb\u00e9m est\u00e3o permitidas, a qualquer hora do dia.<\/p>\n\n\n\n<p>Servi\u00e7os de entrega n\u00e3o essenciais, como roupas e acess\u00f3rios, est\u00e3o permitidos durante a onda roxa, mas devem se restringir ao per\u00edodo de 5h \u00e0s 20h.<\/p>\n\n\n\n<h2 class=\"wp-block-heading\"><strong>Servi\u00e7os de sa\u00fade<\/strong><\/h2>\n\n\n\n<p>O setor de Sa\u00fade como um todo representa servi\u00e7o essencial, permitido para funcionamento na onda roxa. Por\u00e9m, as cirurgias eletivas (que n\u00e3o possuem car\u00e1ter essencial e\/ou urgente) est\u00e3o suspensas na rede p\u00fablica e na rede privada conveniada ao SUS, e desaconselhadas no restante da rede privada.<\/p>\n\n\n\n<p>J\u00e1 a fisioterapia se enquadra em atividades de sa\u00fade de car\u00e1ter essencial e, portanto, pode funcionar na onda roxa, desde que em cl\u00ednicas credenciadas de fisioterapia ou em domic\u00edlio, e aplicada por profissional fisioterapeuta. Da mesma forma, a Odontologia, a Psicologia e demais ramos de sa\u00fade do corpo e da mente tamb\u00e9m poder\u00e3o funcionar.<\/p>\n\n\n\n<h2 class=\"wp-block-heading\"><strong>Academias<\/strong><\/h2>\n\n\n\n<p>Embora reconhe\u00e7a a ineg\u00e1vel import\u00e2ncia das atividades de condicionamento f\u00edsico para a sa\u00fade, essas atividades (pilates, academia, aulas de gin\u00e1stica, entre outras) n\u00e3o ser\u00e3o permitidas na onda roxa, por n\u00e3o serem entendidas como essenciais em situa\u00e7\u00e3o de quarentena.<\/p>\n\n\n\n<h2 class=\"wp-block-heading\"><strong>Farm\u00e1cias<\/strong><\/h2>\n\n\n\n<p>Farm\u00e1cias podem funcionar na onda roxa, a qualquer hora do dia. Portanto, a atividade do farmac\u00eautico, interna \u00e0 farm\u00e1cia, de atender e orientar o cliente, tamb\u00e9m \u00e9 permitida, independentemente do hor\u00e1rio.<\/p>\n\n\n\n<h2 class=\"wp-block-heading\"><strong>Alimentos<\/strong><\/h2>\n\n\n\n<p>S\u00e3o permitidas todas as atividades relacionadas ao provimento de alimentos aos cidad\u00e3os, levando em considera\u00e7\u00e3o a import\u00e2ncia da alimenta\u00e7\u00e3o, independentemente do hor\u00e1rio.<br><br>Todos os estabelecimentos de comercializa\u00e7\u00e3o de alimentos est\u00e3o permitidos para funcionamento, como: hipermercados, supermercados, mercados, a\u00e7ougues, peixarias, hortifrutigranjeiros, padarias, quitandas, centros de abastecimento de alimentos, lojas de conveni\u00eancia, lanchonetes, lojas de \u00e1gua mineral e de alimentos para animais. As barracas de feiras de rua que comercializam alimento tamb\u00e9m fazem parte dessa permiss\u00e3o.<br><br>Lojas de doces, bomboni\u00e9res ou mesmo de venda de bebidas alc\u00f3olicas tamb\u00e9m est\u00e3o permitidas, por comercializarem itens considerados produtos aliment\u00edcios, de acordo com as normas nacionais de Vigil\u00e2ncia Sanit\u00e1ria e do Minist\u00e9rio da Agricultura e Pecu\u00e1ria.<br><br>Os munic\u00edpios poder\u00e3o editar medidas individuais mais restritivas, caso considerem necess\u00e1rio para o enfrentamento localizado da pandemia.<\/p>\n\n\n\n<h2 class=\"wp-block-heading\"><strong>\u00d4nibus (municipal e intermunicipal)<\/strong><\/h2>\n\n\n\n<p>\u00c9 permitida a circula\u00e7\u00e3o de todo o transporte p\u00fablico, mas \u00e9 recomendado que n\u00e3o exceda a metade da capacidade de passageiros sentados.<\/p>\n\n\n\n<p>Ressalte-se que tais transportes poder\u00e3o, eventualmente, ser parados por uma barreira sanit\u00e1ria ou opera\u00e7\u00e3o de fiscaliza\u00e7\u00e3o sanit\u00e1ria, com o intuito de impedir ingresso de pessoas com sintomas gripais em determinadas regi\u00f5es. Inclusive, a recomenda\u00e7\u00e3o de que indiv\u00edduos n\u00e3o viajem quando estiverem com sintomas gripais j\u00e1 \u00e9 divulgada desde 2020 pelas empresas do ramo.<\/p>\n\n\n\n<h2 class=\"wp-block-heading\"><strong>T\u00e1xi e motot\u00e1xi<\/strong><\/h2>\n\n\n\n<p>Os servi\u00e7os de transporte p\u00fablico, ainda que operados por empresas privadas, dever\u00e3o continuar operando na onda roxa. Tal medida se faz necess\u00e1ria para viabilizar diversos servi\u00e7os essenciais e a pr\u00f3pria reclus\u00e3o domiciliar.<\/p>\n\n\n\n<h2 class=\"wp-block-heading\"><strong>Uber e similares<\/strong><\/h2>\n\n\n\n<p>\u00c9 permitido o funcionamento de transporte privado individual de passageiros, solicitado por aplicativos ou outras plataformas de comunica\u00e7\u00e3o em rede, durante a onda roxa.<\/p>\n\n\n\n<h2 class=\"wp-block-heading\"><strong>Imobili\u00e1rias<\/strong><\/h2>\n\n\n\n<p>Por n\u00e3o se tratar de atividades essenciais, com graves consequ\u00eancias relativas \u00e0 interrup\u00e7\u00e3o tempor\u00e1ria de servi\u00e7o, as imobili\u00e1rias n\u00e3o podem funcionar de portas abertas durante a onda roxa. As atividades internas, t\u00edpicas de escrit\u00f3rio, poder\u00e3o funcionar, sem contato direto com clientes.<\/p>\n\n\n\n<p>Em todo caso, recomenda-se a ado\u00e7\u00e3o do teletrabalho (home office) durante a pandemia, sempre que poss\u00edvel, e em especial durante a onda roxa.<\/p>\n\n\n\n<h2 class=\"wp-block-heading\"><strong>Igrejas<\/strong><\/h2>\n\n\n\n<p>Considerando a garantia constitucional de livre exerc\u00edcio dos cultos religiosos (prevista no Art. 5\u00ba, Inciso VI, da Constitui\u00e7\u00e3o Federal, que prev\u00ea a n\u00e3o necessidade de alvar\u00e1 de funcionamento para locais que realizem essas atividades religiosas), a&nbsp;<a href=\"http:\/\/pesquisalegislativa.mg.gov.br\/LegislacaoCompleta.aspx?cod=194797&amp;marc=\" target=\"_blank\" rel=\"noreferrer noopener\">Delibera\u00e7\u00e3o 130<\/a>&nbsp;n\u00e3o adentrou no quesito dos cultos religiosos dentre o rol de permiss\u00f5es.<\/p>\n\n\n\n<p>Ressalta-se, no entanto, que os estabelecimentos em funcionamento devem manter as orienta\u00e7\u00f5es sanit\u00e1rias durante a pandemia, principalmente no que se refere \u00e0 aglomera\u00e7\u00e3o de pessoas. Recomenda-se a pr\u00e1tica da religiosidade de maneira individual ou partilhada \u00e0 dist\u00e2ncia com grupos religiosos.<\/p>\n\n\n\n<h2 class=\"wp-block-heading\"><strong>Shoppings<\/strong><\/h2>\n\n\n\n<p>Shoppings e centros comerciais em ambientes fechados n\u00e3o poder\u00e3o funcionar durante a onda roxa. A proibi\u00e7\u00e3o se aplica inclusive a estabelecimentos que comercializem produtos essenciais, como farm\u00e1cias, mas que estejam dentro de shoppings.<\/p>\n\n\n\n<p>H\u00e1 ressalvas para estabelecimentos de com\u00e9rcio de produtos essenciais e que tenham acessos individuais para a rua, independente do shopping.<\/p>\n\n\n\n<h2 class=\"wp-block-heading\"><strong>Atendimento em domicilio<\/strong><\/h2>\n\n\n\n<p>Apenas atividades de servi\u00e7o dom\u00e9stico, como bab\u00e1 e diarista, est\u00e3o autorizados durante a onda roxa. Demais atividades, como barbeiro e manicure, n\u00e3o s\u00e3o autorizadas nem em domic\u00edlio, enquanto durarem as restri\u00e7\u00f5es.<\/p>\n\n\n\n<h2 class=\"wp-block-heading\"><strong>Esportes<\/strong><\/h2>\n\n\n\n<p>Eventos esportivos, ainda que sem p\u00fablico e com transmiss\u00e3o televisiva, est\u00e3o suspensos no estado a partir\u00a0desta segunda-feira (22\/3).\u00a0<\/p>\n\n\n\n<h2 class=\"wp-block-heading\"><strong>\u00d3rg\u00e3os p\u00fablicos<\/strong><\/h2>\n\n\n\n<p>Durante a vig\u00eancia da onda roxa, o funcionamento da administra\u00e7\u00e3o p\u00fablica estadual direta e indireta ser\u00e1 disciplinado pela\u00a0Secretaria de Estado de Planejamento e Gest\u00e3o (Seplag), com objetivo de garantir a continuidade dos servi\u00e7os p\u00fablicos e a prote\u00e7\u00e3o da sa\u00fade dos servidores.<\/p>\n\n\n\n<p>Os \u00f3rg\u00e3os e entidades municipais e os federais localizados no territ\u00f3rio do estado se regem por normas pr\u00f3prias, respeitados os protocolos previstos no plano Minas Consciente.<\/p>\n\n\n\n<p>Cada \u00f3rg\u00e3o p\u00fablico tem a prerrogativa de se gerir, de acordo com protocolos sanit\u00e1rios m\u00ednimos necess\u00e1rios.<\/p>\n\n\n\n<h2 class=\"wp-block-heading\"><strong>Barreiras sanit\u00e1rias<\/strong><\/h2>\n\n\n\n<p>As barreiras sanit\u00e1rias s\u00e3o medidas a serem aplicadas pelos munic\u00edpios, com aux\u00edlio das For\u00e7as de Seguran\u00e7a. O objetivo \u00e9 limitar a circula\u00e7\u00e3o de pessoas em atividades n\u00e3o-essenciais, diretamente e indiretamente. Al\u00e9m disso, as barreiras sanit\u00e1rias possuem car\u00e1ter educativo, j\u00e1 que os infratores poder\u00e3o sofrer penalidades.<\/p>\n\n\n\n<p>As barreiras sanit\u00e1rias n\u00e3o precisam ser aplicadas em local espec\u00edfico da cidade, e n\u00e3o precisam, obrigatoriamente, desviar ou impedir o fluxo de tr\u00e2nsito. A decis\u00e3o de onde e como utilizar as barreiras sanit\u00e1rias cabe aos munic\u00edpios, com base em an\u00e1lises pr\u00f3prias e nos insumos dispon\u00edveis. Independentemente do formato, \u00e9 exigido o uso de EPIs e a ado\u00e7\u00e3o de demais medidas sanit\u00e1rias.<\/p>\n\n\n\n<p>&#8211; Para mais informa\u00e7\u00f5es sobre Barreiras Sanit\u00e1rias, consulte\u00a0a\u00a0<a rel=\"noreferrer noopener\" href=\"http:\/\/pesquisalegislativa.mg.gov.br\/LegislacaoCompleta.aspx?cod=194961&amp;marc=\" target=\"_blank\">Delibera\u00e7\u00e3o 140<\/a>.\u00a0<\/p>\n\n\n\n<h2 class=\"wp-block-heading\"><strong>Fiscaliza\u00e7\u00e3o<\/strong><\/h2>\n\n\n\n<p>A responsabilidade de fiscaliza\u00e7\u00e3o \u00e9 compartilhada por diversos \u00f3rg\u00e3os, nos n\u00edveis estadual e municipal.&nbsp;Situa\u00e7\u00f5es de not\u00f3rio descumprimento das medidas da Delibera\u00e7\u00e3o 130 dever\u00e3o ser informadas aos destacamentos locais das for\u00e7as de seguran\u00e7a, como a Pol\u00edcia Militar.<\/p>\n\n\n\n<p>As for\u00e7as de seguran\u00e7a possuem treinamento na condu\u00e7\u00e3o de abordagens e investiga\u00e7\u00e3o de delitos, e ainda, a fiscaliza\u00e7\u00e3o buscar\u00e1 ser educativa, quando poss\u00edvel.<\/p>\n\n\n\n<p>Aos fins de semana a fiscaliza\u00e7\u00e3o ser\u00e1 intensificada, devido \u00e0s quest\u00f5es sociais que favorecem aglomera\u00e7\u00f5es. A PM vai redirecionar parte de seus recursos humanos que atuam em atividades internas para o policiamento ostensivo aos fins de semana.<\/p>\n\n\n\n<h2 class=\"wp-block-heading\"><strong>Penalidades<\/strong><\/h2>\n\n\n\n<p>S\u00e3o previstas san\u00e7\u00f5es na Delibera\u00e7\u00e3o 130 para o descumprimento das restri\u00e7\u00f5es impostas pela onda roxa, como advert\u00eancia, pena educativa, suspens\u00e3o de venda de produto e multa, a serem aplicadas conforme cada caso.<br><br>A legisla\u00e7\u00e3o prev\u00ea que:<\/p>\n\n\n\n<p>Sem preju\u00edzo das san\u00e7\u00f5es de naturezas civil e penal cab\u00edveis, as infra\u00e7\u00f5es sanit\u00e1rias ser\u00e3o punidas, alternativa ou cumulativamente, com as seguintes penas:<\/p>\n\n\n\n<p>I &#8211; advert\u00eancia;<\/p>\n\n\n\n<p>II &#8211; pena educativa;<\/p>\n\n\n\n<p>III &#8211; apreens\u00e3o do produto;<\/p>\n\n\n\n<p>IV &#8211; inutiliza\u00e7\u00e3o do produto;<\/p>\n\n\n\n<p>V &#8211; suspens\u00e3o da venda ou da fabrica\u00e7\u00e3o do produto;<\/p>\n\n\n\n<p>VI &#8211; cancelamento do registro do produto;<\/p>\n\n\n\n<p>VII &#8211; interdi\u00e7\u00e3o, total ou parcial, do estabelecimento, da atividade e do produto;<\/p>\n\n\n\n<p>VIII &#8211; cancelamento do alvar\u00e1 sanit\u00e1rio;<\/p>\n\n\n\n<p>IX &#8211; cassa\u00e7\u00e3o da autoriza\u00e7\u00e3o de funcionamento e da autoriza\u00e7\u00e3o especial;<\/p>\n\n\n\n<p>X &#8211; interven\u00e7\u00e3o administrativa;<\/p>\n\n\n\n<p>XI &#8211; imposi\u00e7\u00e3o de contrapropaganda;<\/p>\n\n\n\n<p>XII &#8211; proibi\u00e7\u00e3o de propaganda;<\/p>\n\n\n\n<p>XIII &#8211; multa.<\/p>\n\n\n\n<h2 class=\"wp-block-heading\"><strong>Aplica\u00e7\u00e3o da onda roxa nos munic\u00edpios<\/strong><\/h2>\n\n\n\n<p>A onda roxa ser\u00e1 implementada em qualquer localidade do estado de Minas Gerais em que se fizer necess\u00e1ria, e independentemente da ades\u00e3o do munic\u00edpio ao plano Minas Consciente.<\/p>\n\n\n\n<p>N\u00e3o s\u00e3o necess\u00e1rios decretos municipais que \u201caceitem\u201d ou \u201dreforcem\u201d a onda roxa localmente, pois a onda roxa \u00e9 uma medida preventiva de abrang\u00eancia regional e estadual, e de car\u00e1ter impositivo.<\/p>\n\n\n\n<p>Assim, os munic\u00edpios podem promulgar decretos pr\u00f3prios, desde que essas regras locais n\u00e3o contrariem ou flexibilizem as regras da Delibera\u00e7\u00e3o 130. As medidas locais, no entanto, podem ser mais restritivas, e v\u00e3o depender da an\u00e1lise local de necessidade, conveni\u00eancia e efetividade das medidas.<\/p>\n\n\n\n<h2 class=\"wp-block-heading\"><strong>Descumprimento da medida por parte do munic\u00edpio<\/strong><\/h2>\n\n\n\n<p>Diante do car\u00e1ter impositivo da Delibera\u00e7\u00e3o 130, os munic\u00edpios n\u00e3o podem escolher n\u00e3o aplicar, ou aplicar parcialmente, as medidas da onda roxa. O Estado ir\u00e1 informar o Minist\u00e9rio P\u00fablico sobre os munic\u00edpios que n\u00e3o adotarem as medidas da onda roxa.<\/p>\n\n\n\n<p>O governo estadual tamb\u00e9m desempenhar\u00e1 medidas de di\u00e1logos, concilia\u00e7\u00e3o e demais tratativas poss\u00edveis com munic\u00edpios que estiverem descumprindo as medidas, ou para os quais existam den\u00fancias significativas.<\/p>\n\n\n\n<ul class=\"wp-block-list\"><li><em>Confira a delibera\u00e7\u00e3o 130 do Comit\u00ea Extraordin\u00e1rio Covid-19 sobre cria\u00e7\u00e3o da onda roxa no estado&nbsp;<a href=\"http:\/\/pesquisalegislativa.mg.gov.br\/LegislacaoCompleta.aspx?cod=194797&amp;marc=\" target=\"_blank\" rel=\"noreferrer noopener\">neste link<\/a>.<\/em><\/li><\/ul>\n\n\n\n<p>&#8212;&#8212;&#8212;&#8212;&#8212;&#8212;<br><em>Quer receber as not\u00edcias do <strong>Aconteceu no Vale<\/strong> em primeira m\u00e3o? Siga-nos no Facebook <a rel=\"noreferrer noopener\" href=\"http:\/\/facebook.com\/aconteceunovale\" target=\"_blank\">@aconteceunovale<\/a>, Twitter <a rel=\"noreferrer noopener\" href=\"https:\/\/twitter.com\/noticiadosvales\" target=\"_blank\">@noticiadosvales<\/a> e Instagram <a rel=\"noreferrer noopener\" href=\"https:\/\/www.instagram.com\/aconteceunovale\" target=\"_blank\">@aconteceunovale<\/a>.<\/em><\/p>\n","protected":false},"excerpt":{"rendered":"<p>Desde que foi anunciada pelo governador Romeu Zema,\u00a0 em 15\/3\/2021, a inclus\u00e3o de todo o estado na onda roxa do\u00a0Minas Consciente, ficaram em evid\u00eancia as regras impostas pela fase mais restritiva do plano. Entre elas est\u00e3o a restri\u00e7\u00e3o de circula\u00e7\u00e3o de pessoas, especialmente das 20h \u00e0s 5h, o fechamento de todo o com\u00e9rcio n\u00e3o essencial [&hellip;]<\/p>\n","protected":false},"author":4,"featured_media":175592,"comment_status":"open","ping_status":"closed","sticky":false,"template":"","format":"standard","meta":{"amp_status":"","footnotes":""},"categories":[123,40242],"tags":[226899,227899,227901,239840,1768,1615,752,1725,1769,1504,226639,1770,1342,238964,645,1799,1714,195,1535,1703,1616,1506,1429,236418,30518,3678,217799,219851,1800,219853,238963,238962,2801,1613,24845,3055,1607,225459,1801,214884,216498,1715,221718,1702,1617,1018,234208,142710,1728,1691,226771,226773,240144,1278,236417,235795,238965,239760,1692,1395,1554,1034,200,239841,239793,239794,4531,1693,238953,239759,239790,184213,239313,239314,239315,225458,226298,1153,1771,1694,41184,1695,1704,1803,239839,239838,3557,1696,1705,95132,1555,1058,204,205,3058,15524,3724,1043,2247,1697,1706,1698,2941,1611,223979,1796,1707,233652,228272,3673,1356,1708,1195,232016,226455,239792,1699,3056,1709,1277,210,1009,219855,238961,226300,226452,226453,226451,1804,238958,238954,1805,226299,226772,215653,226301,4532,226535,221717,219854,238960,219852,207263,238955,1772,877,3059,217692,1700,3723,1608,3692,1773,1710,1618,254,222637,227897,30481,217,1711,1194,19967,236419,218482,230864,13983,227898,227900,221719,226454,238959,238957,1807,1556,1774,421,178207,852,1505,190,927,1775,1809,1609,1776,3352,1522,1614,3725,2448,1810,1701,1403,1729,1777,1811,220285,220287,1730,1720,2671,220286,419,7237,238956,1712,220,1612,15513,1813,3046,1340,1713,239795,1814,1619,181383],"class_list":["post-175591","post","type-post","status-publish","format-standard","has-post-thumbnail","hentry","category-gerais","category-saude-2","tag-362-cidades-de-pequeno-porte-passarao-automaticamente-para-a-onda-amarela-do-minas-consciente","tag-abertura-das-academias-de-ginastica","tag-abertura-das-agencias-de-turismo","tag-abertura-de-igrejas-onda-roxa","tag-acaiaca","tag-agua-comprida","tag-almg","tag-alvinopolis","tag-amparo-do-serra","tag-araxa","tag-atividades-economicas-terao-protocolo-unico-na-nova-fase-do-plano-minas-consciente","tag-barra-longa","tag-berizal","tag-bloqueio-total-em-minas-gerais","tag-bocaiuva","tag-bonito-de-minas","tag-botumirim","tag-brasilia-de-minas","tag-buritizeiro","tag-campo-azul","tag-campo-florido","tag-campos-altos","tag-capitao-eneas","tag-carnaval-2021-em-minas-gerais","tag-carnaval-em-minas-gerais","tag-carneirinho","tag-casos-de-coronavirus-em-minas-gerais","tag-casos-de-covid-19-em-minas-gerais","tag-catuti","tag-cidades-com-casos-de-coronavirus-em-minas-gerais","tag-cidades-de-minas-gerais-na-onda-roxa","tag-cidades-na-onda-roxa","tag-claro-dos-pocoes","tag-comendador-gomes","tag-conceicao-das-alagoas","tag-conego-marinho","tag-conquista","tag-consulta-publica-minas-consciente","tag-coracao-de-jesus","tag-coronavirus","tag-covid-19","tag-cristalia","tag-curados-do-coronavirus-em-minas-gerais","tag-curral-de-dentro","tag-delta","tag-destaque","tag-dez-regioes-estao-na-fase-mais-restritiva-do-programa-minas-consciente","tag-diogo-de-vasconcelos","tag-dom-silverio","tag-engenheiro-navarro","tag-entenda-a-divisao-por-ondas-nas-novas-regras-do-plano-minas-consciente","tag-entenda-as-ondas-do-minas-consciente","tag-entenda-o-que-pode-e-o-que-nao-pode-funcionar-durante-a-quarentena-em-minas-gerais","tag-espinosa","tag-estado-atualiza-situacao-das-macrorregioes-no-minas-consciente-e-recomenda-a-proibicao-de-festas-de-carnaval","tag-estado-lanca-terceira-fase-do-minas-consciente","tag-fase-critica-em-minas-gerais","tag-fechamento-de-minas-gerais","tag-francisco-dumont","tag-francisco-sa","tag-fronteira","tag-fruta-de-leite","tag-frutal","tag-funcionamento-de-igrejas-onda-roxa","tag-futebol-em-minas-gerais-durante-a-onda-roxa","tag-futebol-em-minas-gerais-durante-o-lockdown","tag-gameleiras","tag-glaucilandia","tag-governador-anuncia-onda-roxa-e-toque-de-recolher-em-duas-regioes-de-minas-gerais","tag-governador-decide-colocar-todos-os-municipios-de-minas-gerais-em-quarentena","tag-governador-faz-apelo-para-que-populacao-mude-o-comportamento-e-adote-medidas-contra-o-coronavirus","tag-governador-romeu-zema","tag-governo-coloca-mais-21-cidades-de-minas-gerais-na-onda-roxa-do-minas-consciente","tag-governo-coloca-mais-21-municipios-de-minas-gerais-em-quarentena","tag-governo-de-minas-coloca-mais-21-municipios-em-quarentena","tag-governo-lanca-consulta-publica-sobre-o-plano-minas-consciente","tag-governo-lanca-novas-regras-para-o-plano-minas-consciente","tag-grao-mogol","tag-guaraciaba","tag-guaraciama","tag-ibia","tag-ibiai","tag-ibiracatu","tag-icarai-de-minas","tag-igrejas-onda-roxa","tag-igrejas-podem-funcionar-na-onda-roxa-do-minas-consciente","tag-indaiabira","tag-itacambira","tag-itacarambi","tag-itapagipe","tag-iturama","tag-jaiba","tag-janauba","tag-januaria","tag-japonvar","tag-jequeri","tag-jequitai","tag-joaquim-felicio","tag-josenopolis","tag-juramento","tag-juvenilia","tag-lagoa-dos-patos","tag-lassance","tag-limeira-do-oeste","tag-lockdown-em-minas-gerais","tag-lontra","tag-luislandia","tag-mais-duas-regioes-regridem-para-a-onda-vermelha-do-minas-consciente","tag-mais-quatro-regioes-poderao-avancar-para-a-onda-amarela-do-plano-minas-consciente","tag-mamonas","tag-manga","tag-matias-cardoso","tag-mato-verde","tag-metade-do-estado-regride-para-fases-mais-restritivas-do-plano-minas-consciente","tag-microrregioes-minas-consciente","tag-minas-gerais-nao-tera-jogos-de-outros-estados-durante-lockdown-de-15-dias","tag-mirabela","tag-miravania","tag-montalvania","tag-monte-azul","tag-montes-claros","tag-montezuma","tag-mortes-por-coronavirus-em-minas-gerais","tag-mudancas-com-a-onda-roxa","tag-mudancas-no-minas-consciente","tag-municipios-pequenos","tag-municipios-pequenos-minas-consciente","tag-municipios-receberao-tratamento-individualizado-na-nova-fase-do-minas-consciente","tag-ninheira","tag-nova-fase-do-minas-consciente","tag-nova-onda-do-minas-consciente","tag-nova-porteirinha","tag-novas-regras-do-minas-consciente","tag-novas-regras-do-plano-minas-consciente","tag-novo-coronavirus","tag-novo-minas-consciente","tag-novorizonte","tag-novos-indicadores-do-plano-minas-consciente-vao-simplificar-tomada-de-decisao-de-prefeitos","tag-numero-de-curados-do-coronavirus-em-minas-gerais","tag-numeros-do-coronavirus-em-minas-gerais","tag-o-que-muda-com-a-onda-roxa","tag-obitos-por-coronavirus-em-minas-gerias","tag-olhos-dagua-2","tag-onda-roxa-minas-consciente","tag-oratorios","tag-padre-carvalho","tag-pai-pedro","tag-pandemia-de-coronavirus","tag-patis","tag-pedras-de-maria-da-cruz","tag-pedrinopolis","tag-perdizes","tag-piedade-de-ponte-nova","tag-pintopolis","tag-pirajuba","tag-pirapora","tag-plano-minas-consciente","tag-plano-minas-consciente-tera-protocolo-para-academias-de-ginastica-e-agencias-de-turismo-na-onda-amarela","tag-planura","tag-ponte-nova","tag-ponto-chique","tag-porteirinha","tag-pratinha","tag-proibicao-do-carnaval-em-minas-gerais","tag-quarentena-em-minas-gerais","tag-quatro-macrorregioes-regridem-para-fases-mais-restritivas-do-plano-minas-consciente","tag-raul-soares","tag-reabertura-das-academias-de-ginastica","tag-reabertura-das-agencia-de-turismo","tag-recuperados-do-coronavirus-em-minas-gerais","tag-regioes-minas-consciente","tag-regioes-na-onda-roxa","tag-restricoes-em-minas-gerais","tag-riacho-dos-machados","tag-rio-casca","tag-rio-doce","tag-rio-pardo-de-minas","tag-romeu-zema","tag-rubelita","tag-sacramento","tag-salinas","tag-santa-cruz-de-salinas","tag-santa-cruz-do-escalvado","tag-santa-fe-de-minas","tag-santa-juliana","tag-santo-antonio-do-grama","tag-santo-antonio-do-retiro","tag-sao-francisco","tag-sao-francisco-de-sales","tag-sao-joao-da-lagoa","tag-sao-joao-da-ponte","tag-sao-joao-das-missoes","tag-sao-joao-do-pacui","tag-sao-joao-do-paraiso","tag-sao-jose-do-goiabal","tag-sao-pedro-dos-ferros","tag-sao-romao","tag-secretaria-de-saude-atualiza-numeros-do-coronavirus-em-minas-gerais","tag-secretaria-de-saude-de-minas-gerais-atualiza-numeros-do-coronavirus","tag-sem-peixe","tag-sericita","tag-serranopolis-de-minas","tag-ses-mg-atualiza-numeros-do-coronavirus","tag-taiobeiras","tag-tapira","tag-toque-de-recolher-em-minas-gerais","tag-ubai","tag-uberaba","tag-uniao-de-minas","tag-urucania","tag-urucuia","tag-vargem-grande-do-rio-pardo","tag-varzea-da-palma","tag-varzelandia","tag-veja-quais-atividades-podem-funcionar-na-onda-roxa-em-minas-gerais","tag-verdelandia","tag-verissimo","tag-zema"],"_links":{"self":[{"href":"https:\/\/aconteceunovale.com.br\/portal\/index.php?rest_route=\/wp\/v2\/posts\/175591","targetHints":{"allow":["GET"]}}],"collection":[{"href":"https:\/\/aconteceunovale.com.br\/portal\/index.php?rest_route=\/wp\/v2\/posts"}],"about":[{"href":"https:\/\/aconteceunovale.com.br\/portal\/index.php?rest_route=\/wp\/v2\/types\/post"}],"author":[{"embeddable":true,"href":"https:\/\/aconteceunovale.com.br\/portal\/index.php?rest_route=\/wp\/v2\/users\/4"}],"replies":[{"embeddable":true,"href":"https:\/\/aconteceunovale.com.br\/portal\/index.php?rest_route=%2Fwp%2Fv2%2Fcomments&post=175591"}],"version-history":[{"count":1,"href":"https:\/\/aconteceunovale.com.br\/portal\/index.php?rest_route=\/wp\/v2\/posts\/175591\/revisions"}],"predecessor-version":[{"id":175593,"href":"https:\/\/aconteceunovale.com.br\/portal\/index.php?rest_route=\/wp\/v2\/posts\/175591\/revisions\/175593"}],"wp:featuredmedia":[{"embeddable":true,"href":"https:\/\/aconteceunovale.com.br\/portal\/index.php?rest_route=\/wp\/v2\/media\/175592"}],"wp:attachment":[{"href":"https:\/\/aconteceunovale.com.br\/portal\/index.php?rest_route=%2Fwp%2Fv2%2Fmedia&parent=175591"}],"wp:term":[{"taxonomy":"category","embeddable":true,"href":"https:\/\/aconteceunovale.com.br\/portal\/index.php?rest_route=%2Fwp%2Fv2%2Fcategories&post=175591"},{"taxonomy":"post_tag","embeddable":true,"href":"https:\/\/aconteceunovale.com.br\/portal\/index.php?rest_route=%2Fwp%2Fv2%2Ftags&post=175591"}],"curies":[{"name":"wp","href":"https:\/\/api.w.org\/{rel}","templated":true}]}}