{"id":175588,"date":"2021-03-22T14:35:12","date_gmt":"2021-03-22T17:35:12","guid":{"rendered":"https:\/\/aconteceunovale.com.br\/portal\/?p=175588"},"modified":"2021-03-22T14:36:40","modified_gmt":"2021-03-22T17:36:40","slug":"orgao-estadual-comeca-a-monitorar-cigarrinha-do-milho","status":"publish","type":"post","link":"https:\/\/aconteceunovale.com.br\/portal\/?p=175588","title":{"rendered":"\u00d3rg\u00e3o estadual come\u00e7a a monitorar cigarrinha do milho"},"content":{"rendered":"\n<p>A praga transmitida pelo inseto vetor cigarrinha do milho (Dalbulus maidis), conhecida como \u201cenfezamento do milho\u201d,\u00a0\u00e9 causada por bact\u00e9rias que se reproduzem nos vasos condutores da seiva dificultando a absor\u00e7\u00e3o de nutrientes. Identificada recentemente em Minas, a doen\u00e7a acomete exclusivamente a cultura do milho.<\/p>\n\n\n\n<figure class=\"wp-block-gallery columns-1 is-cropped wp-block-gallery-1 is-layout-flex wp-block-gallery-is-layout-flex\"><ul class=\"blocks-gallery-grid\"><li class=\"blocks-gallery-item\"><figure><img loading=\"lazy\" decoding=\"async\" width=\"676\" height=\"450\" src=\"https:\/\/aconteceunovale.com.br\/portal\/wp-content\/uploads\/2021\/03\/cigarrinha_milho.jpg\" alt=\"\" data-id=\"175589\" data-full-url=\"https:\/\/aconteceunovale.com.br\/portal\/wp-content\/uploads\/2021\/03\/cigarrinha_milho.jpg\" data-link=\"https:\/\/aconteceunovale.com.br\/portal\/?attachment_id=175589\" class=\"wp-image-175589\" srcset=\"https:\/\/aconteceunovale.com.br\/portal\/wp-content\/uploads\/2021\/03\/cigarrinha_milho.jpg 676w, https:\/\/aconteceunovale.com.br\/portal\/wp-content\/uploads\/2021\/03\/cigarrinha_milho-300x200.jpg 300w, https:\/\/aconteceunovale.com.br\/portal\/wp-content\/uploads\/2021\/03\/cigarrinha_milho-631x420.jpg 631w\" sizes=\"auto, (max-width: 676px) 100vw, 676px\" \/><figcaption class=\"blocks-gallery-item__caption\"><em>Foto: Divulga\u00e7\u00e3o\/Embrapa<\/em><\/figcaption><\/figure><\/li><\/ul><\/figure>\n\n\n\n<p>Neste m\u00eas, agricultores do Tri\u00e2ngulo Mineiro e do Noroeste do estado notificaram o\u00a0<a rel=\"noreferrer noopener\" href=\"http:\/\/www.ima.mg.gov.br\/\" target=\"_blank\">Instituto Mineiro de Agropecu\u00e1ria (IMA)<\/a>, vinculado \u00e0\u00a0Secretaria de Estado de Agricultura, Pecu\u00e1ria e Abastecimento (Seapa), sobre a exist\u00eancia da cigarrinha. Os \u00f3rg\u00e3os estaduais come\u00e7aram a monitorar as planta\u00e7\u00f5es dessas regi\u00f5es e demais \u00e1reas onde se cultiva o cereal. A a\u00e7\u00e3o, in\u00e9dita no estado, ir\u00e1 identificar os locais de ocorr\u00eancia da praga, possibilitando atividades de controle e, contribuindo, ainda, para que o produtor rural n\u00e3o tenha eventuais preju\u00edzos econ\u00f4micos.<\/p>\n\n\n\n<p>Engenheiro agr\u00f4nomo e fiscal do IMA, Airton Bezerra refor\u00e7a que o instituto j\u00e1 come\u00e7ou os trabalhos de monitoramento do vetor nas planta\u00e7\u00f5es de milho no estado. Reuni\u00f5es on-line preparam os fiscais da Ger\u00eancia de Defesa Sanit\u00e1ria Vegetal (GDV) para as devidas a\u00e7\u00f5es. \u201c\u00c9 uma praga nova em Minas, mas o trabalho acontece com t\u00e9cnicas espec\u00edficas e com suporte da tecnologia e inova\u00e7\u00e3o de nossos servidores\u201d, destaca.<\/p>\n\n\n\n<p>O fiscal diz que, de acordo com pesquisadores, a popula\u00e7\u00e3o de cigarrinha aumentou nas planta\u00e7\u00f5es devido ao uso intensivo de variedades de milho resistentes a outras pragas, como a lagarta, um predador natural. \u201cCom isso, a popula\u00e7\u00e3o de cigarrinha, que sempre existiu, come\u00e7ou a aumentar. O enfezamento do milho no estado tem que ser monitorado para impedir danos futuros\u201d, alerta Bezerra.<\/p>\n\n\n\n<h2 class=\"wp-block-heading\"><strong>Enfezamento<\/strong><\/h2>\n\n\n\n<p>O termo \u201cenfezamento\u201d se justifica pela redu\u00e7\u00e3o da altura das plantas e pela m\u00e1 forma\u00e7\u00e3o das espigas, cujos gr\u00e3os se tornam chochos. Com o ataque da praga, o milho tamb\u00e9m apresenta poucos gr\u00e3os em virtude do comprometimento das ra\u00edzes.&nbsp;\u201cO enfezamento p\u00e1lido \u00e9 causado por spiroplasma, que tem por consequ\u00eancia o amarelecimento nas folhas do milho. J\u00e1 o enfezamento vermelho \u00e9 causado por fitoplasma, que deixa as folhas do milho avermelhadas\u201d, explica.<\/p>\n\n\n\n<p>Agricultores de todo o estado devem estar atentos e seguir o exemplo das regi\u00f5es Tri\u00e2ngulo Mineiro e Noroeste, que imediatamente notificaram o Estado. Caso sejam observados amarelamento ou vermelhid\u00e3o nas folhas do milho, o produtor deve procurar o respons\u00e1vel t\u00e9cnico da lavoura e informar o escrit\u00f3rio do IMA em sua regi\u00e3o.<\/p>\n\n\n\n<h2 class=\"wp-block-heading\"><strong>Amostragem<\/strong><\/h2>\n\n\n\n<p>Diante das demandas do IMA e de outros \u00f3rg\u00e3os estaduais de defesa sanit\u00e1ria vegetal do Brasil, o Minist\u00e9rio da Agricultura, Pecu\u00e1ria e Abastecimento (Mapa) tem coordenado reuni\u00f5es nacionais para pensar em solu\u00e7\u00f5es. Entre as tratativas est\u00e1 a amostragem dos materiais, que deve ser feita em duas etapas: a da cigarrinha do milho e a coleta de folhas da planta para envio ao Laborat\u00f3rio Federal de Defesa Agropecu\u00e1ria. O objetivo \u00e9 mapear todas as \u00e1reas de produ\u00e7\u00e3o de milho do pa\u00eds.<\/p>\n\n\n\n<p>\u201cTemos informa\u00e7\u00f5es da ocorr\u00eancia da cigarrinha do milho no Paran\u00e1, em Santa Catarina e no Rio Grande do Sul, estados onde seus produtores observaram a praga pela primeira vez h\u00e1 mais tempo e j\u00e1 fazem monitoramento e manejos adequados. Em Minas, essa \u00e9 a primeira vez que algumas planta\u00e7\u00f5es de milho apresentam o surgimento da praga\u201d, refor\u00e7a Bezerra.<\/p>\n\n\n\n<p>O fiscal do IMA destaca que a praga n\u00e3o prejudica a comercializa\u00e7\u00e3o entre os estados nem a exporta\u00e7\u00e3o do milho. At\u00e9 o momento, n\u00e3o existe legisla\u00e7\u00e3o estadual nem federal para a doen\u00e7a. O respons\u00e1vel t\u00e9cnico da fazenda deve adotar as recomenda\u00e7\u00f5es de pesquisadores.&nbsp;\u201cMuitas cooperativas e grandes produtores t\u00eam colocado seu corpo t\u00e9cnico em busca de solu\u00e7\u00f5es para o problema, como a utiliza\u00e7\u00e3o correta de produtos e a elimina\u00e7\u00e3o das plantas volunt\u00e1rias. A redu\u00e7\u00e3o de danos deve ser feita empregando medidas integradas e preventivas de manejo, que come\u00e7am na colheita da safra anterior\u201d, informa.<\/p>\n\n\n\n<h2 class=\"wp-block-heading\"><strong>Manejo<\/strong><\/h2>\n\n\n\n<p>As orienta\u00e7\u00f5es da Empresa Brasileira de Pesquisa Agropecu\u00e1ria (Embrapa) s\u00e3o a&nbsp; elimina\u00e7\u00e3o do milho tiguera ou da planta volunt\u00e1ria, o tratamento das sementes com inseticidas, a diversifica\u00e7\u00e3o e o rotacionamento de cultivares de milho, al\u00e9m da sincroniza\u00e7\u00e3o m\u00e1xima na \u00e9poca da semeadura. O planejamento dos plantios, evitando a implanta\u00e7\u00e3o de novas lavouras pr\u00f3ximas \u00e0s mais antigas, tamb\u00e9m \u00e9 recomendado.&nbsp;&nbsp;<\/p>\n\n\n\n<p>Do ponto de vista do consumidor de milho e da Sa\u00fade P\u00fablica, a praga n\u00e3o apresenta perigos. \u201cO que pode ocorrer \u00e9 uma diminui\u00e7\u00e3o de produtividade da lavoura, preju\u00edzos econ\u00f4micos para o produtor e consequente eleva\u00e7\u00e3o dos pre\u00e7os para a cadeia produtiva\u201d, completa Airton Bezerra.<\/p>\n\n\n\n<p>&#8212;&#8212;&#8212;&#8212;&#8212;&#8212;<br><em>Quer receber as not\u00edcias do <strong>Aconteceu no Vale<\/strong> em primeira m\u00e3o? Siga-nos no Facebook <a rel=\"noreferrer noopener\" href=\"http:\/\/facebook.com\/aconteceunovale\" target=\"_blank\">@aconteceunovale<\/a>, Twitter <a rel=\"noreferrer noopener\" href=\"https:\/\/twitter.com\/noticiadosvales\" target=\"_blank\">@noticiadosvales<\/a> e Instagram <a rel=\"noreferrer noopener\" href=\"https:\/\/www.instagram.com\/aconteceunovale\" target=\"_blank\">@aconteceunovale<\/a>.<\/em><\/p>\n","protected":false},"excerpt":{"rendered":"<p>A praga transmitida pelo inseto vetor cigarrinha do milho (Dalbulus maidis), conhecida como \u201cenfezamento do milho\u201d,\u00a0\u00e9 causada por bact\u00e9rias que se reproduzem nos vasos condutores da seiva dificultando a absor\u00e7\u00e3o de nutrientes. Identificada recentemente em Minas, a doen\u00e7a acomete exclusivamente a cultura do milho. Neste m\u00eas, agricultores do Tri\u00e2ngulo Mineiro e do Noroeste do estado [&hellip;]<\/p>\n","protected":false},"author":4,"featured_media":175589,"comment_status":"open","ping_status":"closed","sticky":false,"template":"","format":"standard","meta":{"amp_status":"","footnotes":""},"categories":[123],"tags":[240143,240137,240142,240138,240140,240141,29596,240139,20955,240136,214588],"class_list":["post-175588","post","type-post","status-publish","format-standard","has-post-thumbnail","hentry","category-gerais","tag-airton-bezerra","tag-cigarrinha-do-milho","tag-cigarrinha-do-milho-ima","tag-dalbulus-maidis","tag-doenca-do-milho","tag-doenca-milharal","tag-embrapa","tag-enfezamento-do-milho","tag-ima","tag-orgao-estadual-comeca-a-monitorar-cigarrinha-do-milho","tag-seapa-mg"],"_links":{"self":[{"href":"https:\/\/aconteceunovale.com.br\/portal\/index.php?rest_route=\/wp\/v2\/posts\/175588","targetHints":{"allow":["GET"]}}],"collection":[{"href":"https:\/\/aconteceunovale.com.br\/portal\/index.php?rest_route=\/wp\/v2\/posts"}],"about":[{"href":"https:\/\/aconteceunovale.com.br\/portal\/index.php?rest_route=\/wp\/v2\/types\/post"}],"author":[{"embeddable":true,"href":"https:\/\/aconteceunovale.com.br\/portal\/index.php?rest_route=\/wp\/v2\/users\/4"}],"replies":[{"embeddable":true,"href":"https:\/\/aconteceunovale.com.br\/portal\/index.php?rest_route=%2Fwp%2Fv2%2Fcomments&post=175588"}],"version-history":[{"count":1,"href":"https:\/\/aconteceunovale.com.br\/portal\/index.php?rest_route=\/wp\/v2\/posts\/175588\/revisions"}],"predecessor-version":[{"id":175590,"href":"https:\/\/aconteceunovale.com.br\/portal\/index.php?rest_route=\/wp\/v2\/posts\/175588\/revisions\/175590"}],"wp:featuredmedia":[{"embeddable":true,"href":"https:\/\/aconteceunovale.com.br\/portal\/index.php?rest_route=\/wp\/v2\/media\/175589"}],"wp:attachment":[{"href":"https:\/\/aconteceunovale.com.br\/portal\/index.php?rest_route=%2Fwp%2Fv2%2Fmedia&parent=175588"}],"wp:term":[{"taxonomy":"category","embeddable":true,"href":"https:\/\/aconteceunovale.com.br\/portal\/index.php?rest_route=%2Fwp%2Fv2%2Fcategories&post=175588"},{"taxonomy":"post_tag","embeddable":true,"href":"https:\/\/aconteceunovale.com.br\/portal\/index.php?rest_route=%2Fwp%2Fv2%2Ftags&post=175588"}],"curies":[{"name":"wp","href":"https:\/\/api.w.org\/{rel}","templated":true}]}}