{"id":175583,"date":"2021-03-22T14:22:21","date_gmt":"2021-03-22T17:22:21","guid":{"rendered":"https:\/\/aconteceunovale.com.br\/portal\/?p=175583"},"modified":"2021-03-22T14:27:08","modified_gmt":"2021-03-22T17:27:08","slug":"governador-de-minas-gerais-anuncia-abertura-de-mais-100-leitos-de-uti-para-pacientes-com-covid-19","status":"publish","type":"post","link":"https:\/\/aconteceunovale.com.br\/portal\/?p=175583","title":{"rendered":"Governador de Minas Gerais anuncia abertura de mais 100 leitos de UTI para pacientes com Covid-19"},"content":{"rendered":"\n<p>O governador Romeu Zema recebeu da Federa\u00e7\u00e3o das Ind\u00fastrias de Minas Gerais (Fiemg), nesta segunda-feira (22\/3\/2021), mais 100 ventiladores mec\u00e2nicos. Os equipamentos ajudar\u00e3o na amplia\u00e7\u00e3o de 100 leitos de UTI em todo o Estado ao longo desta semana.<\/p>\n\n\n\n<figure class=\"wp-block-gallery columns-1 is-cropped wp-block-gallery-1 is-layout-flex wp-block-gallery-is-layout-flex\"><ul class=\"blocks-gallery-grid\"><li class=\"blocks-gallery-item\"><figure><img loading=\"lazy\" decoding=\"async\" width=\"675\" height=\"450\" src=\"https:\/\/aconteceunovale.com.br\/portal\/wp-content\/uploads\/2021\/03\/novos_leitos_mg_1.jpg\" alt=\"\" data-id=\"175584\" data-full-url=\"https:\/\/aconteceunovale.com.br\/portal\/wp-content\/uploads\/2021\/03\/novos_leitos_mg_1.jpg\" data-link=\"https:\/\/aconteceunovale.com.br\/portal\/?attachment_id=175584\" class=\"wp-image-175584\" srcset=\"https:\/\/aconteceunovale.com.br\/portal\/wp-content\/uploads\/2021\/03\/novos_leitos_mg_1.jpg 675w, https:\/\/aconteceunovale.com.br\/portal\/wp-content\/uploads\/2021\/03\/novos_leitos_mg_1-300x200.jpg 300w, https:\/\/aconteceunovale.com.br\/portal\/wp-content\/uploads\/2021\/03\/novos_leitos_mg_1-630x420.jpg 630w\" sizes=\"auto, (max-width: 675px) 100vw, 675px\" \/><figcaption class=\"blocks-gallery-item__caption\"><em>Foto: Gil Leonardi \/ Imprensa MG<\/em><\/figcaption><\/figure><\/li><\/ul><\/figure>\n\n\n\n<p>Os ventiladores foram entregues, na sede da Fiemg, pelo presidente da federa\u00e7\u00e3o, Fl\u00e1vio Roscoe. Na semana passada, o\u00a0<a rel=\"noreferrer noopener\" href=\"http:\/\/www.mg.gov.br\/\" target=\"_blank\">Governo de Minas Gerais<\/a>\u00a0abriu 33 leitos de UTI nos hospitais da\u00a0<a rel=\"noreferrer noopener\" href=\"http:\/\/www.fhemig.mg.gov.br\/\" target=\"_blank\">Funda\u00e7\u00e3o Hospitalar do Estado de Minas Gerais (Fhemig)<\/a>.<\/p>\n\n\n\n<p>Durante a solenidade, Zema lembrou que todas as iniciativas implementadas at\u00e9 o momento ajudaram a salvar milhares de vidas, como a amplia\u00e7\u00e3o em mais de 100% dos leitos na rede p\u00fablica. <em>\u201cSabemos que a solu\u00e7\u00e3o definitiva \u00e9 a vacina\u00e7\u00e3o em massa, mas o governo far\u00e1 o necess\u00e1rio para salvar vidas. Essa \u00e9 a nossa grande prioridade\u201d<\/em>, afirmou.\u00a0<\/p>\n\n\n\n<p>Os ventiladores ser\u00e3o distribu\u00eddos para as unidades de Sa\u00fade espalhadas em todas as macrorregi\u00f5es do estado. Belo Horizonte receber\u00e1 20 ventiladores, assim como Betim (20).<\/p>\n\n\n\n<p>Juiz de Fora, na Zona da Mata, receber\u00e1 15 equipamentos. J\u00e1 as cidades de Montes Claros e Tim\u00f3teo ficar\u00e3o com 10 ventiladores cada uma. Vi\u00e7osa receber\u00e1 7 equipamentos, seguida por Ponte Nova (6), S\u00e3o Louren\u00e7o (5), Paracatu (4) e S\u00e3o Jo\u00e3o del-Rei (3).<\/p>\n\n\n\n<p>O crit\u00e9rio t\u00e9cnico utilizado pela\u00a0<a rel=\"noreferrer noopener\" href=\"http:\/\/www.saude.mg.gov.br\/\" target=\"_blank\">Secretaria de Estado de Sa\u00fade (SES-MG)<\/a>\u00a0foi a identifica\u00e7\u00e3o de hospitais com capacidade de abertura imediata de leitos de UTI.<\/p>\n\n\n\n<h2 class=\"wp-block-heading\"><strong>Doa\u00e7\u00f5es<\/strong><\/h2>\n\n\n\n<p>O governador enalteceu a parceria da Fiemg com o Governo de Minas desde o in\u00edcio da pandemia no pa\u00eds. <em>\u201cNo ano passado, a entidade doou 1,6 mil respiradores, que foram de extrema import\u00e2ncia para equipar os hospitais em todo o estado, e, agora, mais 100 equipamentos ajudar\u00e3o na abertura de leitos\u201d<\/em>, afirmou.<\/p>\n\n\n\n<h2 class=\"wp-block-heading\"><strong>Ind\u00fastria mineira<\/strong><\/h2>\n\n\n\n<p>Fl\u00e1vio Roscoe lembrou que a mobiliza\u00e7\u00e3o da ind\u00fastria mineira transformou a Fiemg na maior doadora de respiradores do pa\u00eds. <em>\u201cAl\u00e9m disso, a entidade doou 180 leitos de UTI para diversos hospitais do nosso estado, que j\u00e1 est\u00e3o em pleno funcionamento\u201d<\/em>, explicou.<\/p>\n\n\n\n<p><em>\u201cO setor produtivo est\u00e1 fazendo tudo que est\u00e1 a seu alcance para mitigar os efeitos da pandemia. A Fiemg tamb\u00e9m est\u00e1 trabalhando na frente da vacina, ajudaremos no fornecimento de oxig\u00eanio e, desde o in\u00edcio, entregamos jalecos, m\u00e1scaras e \u00e1lcool em gel\u201d<\/em>, disse.<\/p>\n\n\n\n<p>Em agosto do ano passado, a Fiemg doou para o Governo de Minas 1,6 mil respiradores fabricados pela Inspirar, uma empresa Health Tech idealizada pelos s\u00f3cios da empresa mineira de solu\u00e7\u00f5es tecnol\u00f3gicas Tacom.\u00a0O equipamento produzido \u00e9 o VI-C19 que utiliza dois m\u00f3dulos para fazer a ventila\u00e7\u00e3o: o volume controlado (VCV) e o modo press\u00e3o controlada (PVC). Ele est\u00e1 apto a ventilar qualquer doente com insufici\u00eancia respirat\u00f3ria que necessite do apoio mec\u00e2nico. O projeto foi desenvolvido por uma equipe multidisciplinar formada por m\u00e9dicos intensivistas, engenheiros, programadores e desenvolvedores.<\/p>\n\n\n\n<figure class=\"wp-block-gallery columns-1 is-cropped wp-block-gallery-2 is-layout-flex wp-block-gallery-is-layout-flex\"><ul class=\"blocks-gallery-grid\"><li class=\"blocks-gallery-item\"><figure><img loading=\"lazy\" decoding=\"async\" width=\"675\" height=\"450\" src=\"https:\/\/aconteceunovale.com.br\/portal\/wp-content\/uploads\/2021\/03\/novos_leitos_mg_2.jpg\" alt=\"\" data-id=\"175585\" data-full-url=\"https:\/\/aconteceunovale.com.br\/portal\/wp-content\/uploads\/2021\/03\/novos_leitos_mg_2.jpg\" data-link=\"https:\/\/aconteceunovale.com.br\/portal\/?attachment_id=175585\" class=\"wp-image-175585\" srcset=\"https:\/\/aconteceunovale.com.br\/portal\/wp-content\/uploads\/2021\/03\/novos_leitos_mg_2.jpg 675w, https:\/\/aconteceunovale.com.br\/portal\/wp-content\/uploads\/2021\/03\/novos_leitos_mg_2-300x200.jpg 300w, https:\/\/aconteceunovale.com.br\/portal\/wp-content\/uploads\/2021\/03\/novos_leitos_mg_2-630x420.jpg 630w\" sizes=\"auto, (max-width: 675px) 100vw, 675px\" \/><figcaption class=\"blocks-gallery-item__caption\"><em>Foto: Gil Leonardi \/ Imprensa MG<\/em><\/figcaption><\/figure><\/li><\/ul><\/figure>\n\n\n\n<h2 class=\"wp-block-heading\"><strong>Amplia\u00e7\u00e3o de Leitos<\/strong><\/h2>\n\n\n\n<p>Desde o in\u00edcio da epidemia da covid-19 no estado, o Governo de Minas, por meio da SES, realiza estudos assistenciais para a melhoria cont\u00ednua do atendimento \u00e0 popula\u00e7\u00e3o e j\u00e1 dobrou o n\u00famero de leitos na rede p\u00fablica. Em fevereiro de 2020, Minas Gerais contava com 2.072 leitos de UTI e 11.622 leitos de Enfermaria. Atualmente, a rede p\u00fablica hospitalar conta com 4.364 leitos de UTI e 20.840 unidades de Enfermaria.<\/p>\n\n\n\n<p>Entre as diversas a\u00e7\u00f5es adotadas pelo\u00a0Governo de Minas para enfrentamento ao coronav\u00edrus, est\u00e1\u00a0a aquisi\u00e7\u00e3o de 1.047 respiradores, ao pre\u00e7o m\u00e9dio mais baixo do pa\u00eds. Isso permitiu a instala\u00e7\u00e3o de\u00a0leitos de UTI, muitos deles em munic\u00edpios que nunca tinham contado com unidades de terapia intensiva.<\/p>\n\n\n\n<p>&#8212;&#8212;&#8212;&#8212;&#8212;&#8212;<br><em>Quer receber as not\u00edcias do <strong>Aconteceu no Vale<\/strong> em primeira m\u00e3o? Siga-nos no Facebook <a rel=\"noreferrer noopener\" href=\"http:\/\/facebook.com\/aconteceunovale\" target=\"_blank\">@aconteceunovale<\/a>, Twitter <a rel=\"noreferrer noopener\" href=\"https:\/\/twitter.com\/noticiadosvales\" target=\"_blank\">@noticiadosvales<\/a> e Instagram <a rel=\"noreferrer noopener\" href=\"https:\/\/www.instagram.com\/aconteceunovale\" target=\"_blank\">@aconteceunovale<\/a>.<\/em><\/p>\n","protected":false},"excerpt":{"rendered":"<p>O governador Romeu Zema recebeu da Federa\u00e7\u00e3o das Ind\u00fastrias de Minas Gerais (Fiemg), nesta segunda-feira (22\/3\/2021), mais 100 ventiladores mec\u00e2nicos. Os equipamentos ajudar\u00e3o na amplia\u00e7\u00e3o de 100 leitos de UTI em todo o Estado ao longo desta semana. Os ventiladores foram entregues, na sede da Fiemg, pelo presidente da federa\u00e7\u00e3o, Fl\u00e1vio Roscoe. Na semana passada, [&hellip;]<\/p>\n","protected":false},"author":4,"featured_media":175586,"comment_status":"open","ping_status":"closed","sticky":false,"template":"","format":"standard","meta":{"amp_status":"","footnotes":""},"categories":[123,40242],"tags":[240129,194,1495,1017,1018,240130,33185,48248,227494,240128,184213,6546,240131,206,210,223801,212,217,240132,240134,178207,208085,1540,52113,227489,1105,240133,240135,18771],"class_list":["post-175583","post","type-post","status-publish","format-standard","has-post-thumbnail","hentry","category-gerais","category-saude-2","tag-abertura-de-leitos-de-uti-em-minas-gerais","tag-belo-horizonte","tag-betim","tag-bh","tag-destaque","tag-federacao-das-industrias-de-minas-gerais","tag-fhemig","tag-fiemg","tag-flavio-roscoe","tag-governador-de-minas-gerais-anuncia-abertura-de-mais-100-leitos-de-uti-para-pacientes-com-covid-19","tag-governador-romeu-zema","tag-governo-de-minas","tag-inspirar","tag-juiz-de-fora","tag-montes-claros","tag-novos-leitos-de-uti-em-minas-gerais","tag-paracatu","tag-ponte-nova","tag-respirador-inspirar","tag-respirador-vi-c19","tag-romeu-zema","tag-sao-joao-del-rei-2","tag-sao-lourenco","tag-ses-mg","tag-tacom","tag-timoteo","tag-ventilador-mecanico-inspirar","tag-ventilador-mecanico-vi-c19","tag-vicosa"],"_links":{"self":[{"href":"https:\/\/aconteceunovale.com.br\/portal\/index.php?rest_route=\/wp\/v2\/posts\/175583","targetHints":{"allow":["GET"]}}],"collection":[{"href":"https:\/\/aconteceunovale.com.br\/portal\/index.php?rest_route=\/wp\/v2\/posts"}],"about":[{"href":"https:\/\/aconteceunovale.com.br\/portal\/index.php?rest_route=\/wp\/v2\/types\/post"}],"author":[{"embeddable":true,"href":"https:\/\/aconteceunovale.com.br\/portal\/index.php?rest_route=\/wp\/v2\/users\/4"}],"replies":[{"embeddable":true,"href":"https:\/\/aconteceunovale.com.br\/portal\/index.php?rest_route=%2Fwp%2Fv2%2Fcomments&post=175583"}],"version-history":[{"count":1,"href":"https:\/\/aconteceunovale.com.br\/portal\/index.php?rest_route=\/wp\/v2\/posts\/175583\/revisions"}],"predecessor-version":[{"id":175587,"href":"https:\/\/aconteceunovale.com.br\/portal\/index.php?rest_route=\/wp\/v2\/posts\/175583\/revisions\/175587"}],"wp:featuredmedia":[{"embeddable":true,"href":"https:\/\/aconteceunovale.com.br\/portal\/index.php?rest_route=\/wp\/v2\/media\/175586"}],"wp:attachment":[{"href":"https:\/\/aconteceunovale.com.br\/portal\/index.php?rest_route=%2Fwp%2Fv2%2Fmedia&parent=175583"}],"wp:term":[{"taxonomy":"category","embeddable":true,"href":"https:\/\/aconteceunovale.com.br\/portal\/index.php?rest_route=%2Fwp%2Fv2%2Fcategories&post=175583"},{"taxonomy":"post_tag","embeddable":true,"href":"https:\/\/aconteceunovale.com.br\/portal\/index.php?rest_route=%2Fwp%2Fv2%2Ftags&post=175583"}],"curies":[{"name":"wp","href":"https:\/\/api.w.org\/{rel}","templated":true}]}}