{"id":175517,"date":"2021-03-21T00:21:31","date_gmt":"2021-03-21T03:21:31","guid":{"rendered":"https:\/\/aconteceunovale.com.br\/portal\/?p=175517"},"modified":"2021-03-21T00:23:05","modified_gmt":"2021-03-21T03:23:05","slug":"enfermeira-que-estava-desaparecida-e-encontrada-morta-em-plantacao-de-eucalipto","status":"publish","type":"post","link":"https:\/\/aconteceunovale.com.br\/portal\/?p=175517","title":{"rendered":"Enfermeira que estava desaparecida \u00e9 encontrada morta em planta\u00e7\u00e3o de eucalipto"},"content":{"rendered":"\n<p>O corpo da enfermeira Priscila Cardoso da Silva, de 35 anos, foi encontrado pela pol\u00edcia em uma planta\u00e7\u00e3o de eucalipto pr\u00f3ximo a entrada do munic\u00edpio de Ipaba, no Vale do A\u00e7o, na manh\u00e3 deste s\u00e1bado (20\/3\/2021). Ela estava desaparecida desde segunda-feira (15\/3) quando foi vista pela \u00faltima vez ao sair do posto de sa\u00fade onde trabalhava, no bairro Cidade Nova, em Santana do Para\u00edso.<\/p>\n\n\n\n<figure class=\"wp-block-gallery columns-1 is-cropped wp-block-gallery-1 is-layout-flex wp-block-gallery-is-layout-flex\"><ul class=\"blocks-gallery-grid\"><li class=\"blocks-gallery-item\"><figure><img loading=\"lazy\" decoding=\"async\" width=\"630\" height=\"433\" src=\"https:\/\/aconteceunovale.com.br\/portal\/wp-content\/uploads\/2021\/03\/priscila_santana_do_paraiso.jpg\" alt=\"\" data-id=\"175518\" data-full-url=\"https:\/\/aconteceunovale.com.br\/portal\/wp-content\/uploads\/2021\/03\/priscila_santana_do_paraiso.jpg\" data-link=\"https:\/\/aconteceunovale.com.br\/portal\/?attachment_id=175518\" class=\"wp-image-175518\" srcset=\"https:\/\/aconteceunovale.com.br\/portal\/wp-content\/uploads\/2021\/03\/priscila_santana_do_paraiso.jpg 630w, https:\/\/aconteceunovale.com.br\/portal\/wp-content\/uploads\/2021\/03\/priscila_santana_do_paraiso-300x206.jpg 300w, https:\/\/aconteceunovale.com.br\/portal\/wp-content\/uploads\/2021\/03\/priscila_santana_do_paraiso-100x70.jpg 100w, https:\/\/aconteceunovale.com.br\/portal\/wp-content\/uploads\/2021\/03\/priscila_santana_do_paraiso-218x150.jpg 218w, https:\/\/aconteceunovale.com.br\/portal\/wp-content\/uploads\/2021\/03\/priscila_santana_do_paraiso-611x420.jpg 611w\" sizes=\"auto, (max-width: 630px) 100vw, 630px\" \/><figcaption class=\"blocks-gallery-item__caption\"><em>Priscila Cardoso tinha 35 anos (Foto: Prefeitura de Santana do Para\u00edso \/ Divulga\u00e7\u00e3o)<\/em><\/figcaption><\/figure><\/li><\/ul><\/figure>\n\n\n\n<p>O suspeito, de 49 anos, foi preso em Guarapari (ES) nessa sexta-feira (19\/3) e confessou o crime. Ele foi levado para a Delegacia de Ipatinga e a Justi\u00e7a j\u00e1 expediu um mandado de pris\u00e3o preventiva.<\/p>\n\n\n\n<p><em>\u201cO indiv\u00edduo foi monitorado nas adjac\u00eancias e resid\u00eancias de parentes e foi preso chegando na casa da m\u00e3e. Em nenhum momento reagiu e confessou que efetivamente teria matado a Priscila e indicou o local onde o corpo estava\u201d<\/em>, disse o delegado Alexsandro Caetano.<\/p>\n\n\n\n<p>O corpo foi encontrado com marca de tiro na testa. O delegado explicou que a motiva\u00e7\u00e3o do crime ainda n\u00e3o foi elucidada e as investiga\u00e7\u00f5es continuam. As dilig\u00eancias foram feitas pelas pol\u00edcias Militar e Civil de Minas, Bahia e do Esp\u00edrito Santo.<\/p>\n\n\n\n<p>Ainda de acordo com o delegado, o homem j\u00e1 tinha v\u00e1rias passagens pela pol\u00edcia, entre elas um homic\u00eddio cometido na Bahia e uma tentativa de latroc\u00ednio em Minas.<\/p>\n\n\n\n<p>Em nota publicada nas redes sociais, a Prefeitura de Santana do Para\u00edso manifestou pesar pela morte da enfermeira e diz que o munic\u00edpio decretou luto oficial de tr\u00eas dias.<\/p>\n\n\n\n<p><em>\u201cA not\u00edcia da morte da nossa querida Priscila \u00e9 uma dor irrepar\u00e1vel para todos n\u00f3s. A administra\u00e7\u00e3o municipal, na pessoa do prefeito Bruno Morato, desde o in\u00edcio acompanhou o trabalho das autoridades policiais para que o crime fosse elucidado\u201d<\/em>, diz a nota.<\/p>\n\n\n\n<h2 class=\"wp-block-heading\"><strong>Entenda o caso<\/strong><\/h2>\n\n\n\n<p>Priscila foi vista pela \u00faltima vez quando sa\u00eda de um posto de sa\u00fade no bairro Cidade Nova, em Santana do Para\u00edso. Uma c\u00e2mera de seguran\u00e7a pr\u00f3xima \u00e0 unidade de sa\u00fade registrou o momento em que a enfermeira foi rendida por um indiv\u00edduo com a m\u00e3o sob a camisa, aparentando estar armado. Desde ent\u00e3o, ela despareceu.<\/p>\n\n\n\n<p>Um dia depois, o carro da enfermeira foi localizado pela Pol\u00edcia Militar em Teixeira de Freitas (BA) por meio de sistema de rastreamento do autom\u00f3vel. O ve\u00edculo estava em processo de desmanche em uma oficina e um mec\u00e2nico, de 36 anos, foi preso.<\/p>\n\n\n\n<p>&#8212;&#8212;&#8212;&#8212;&#8212;&#8212;<br><em>Quer receber as not\u00edcias do <strong>Aconteceu no Vale<\/strong> em primeira m\u00e3o? Siga-nos no Facebook <a rel=\"noreferrer noopener\" href=\"http:\/\/facebook.com\/aconteceunovale\" target=\"_blank\">@aconteceunovale<\/a>, Twitter <a rel=\"noreferrer noopener\" href=\"https:\/\/twitter.com\/noticiadosvales\" target=\"_blank\">@noticiadosvales<\/a> e Instagram <a rel=\"noreferrer noopener\" href=\"https:\/\/www.instagram.com\/aconteceunovale\" target=\"_blank\">@aconteceunovale<\/a>.<\/em><\/p>\n","protected":false},"excerpt":{"rendered":"<p>O corpo da enfermeira Priscila Cardoso da Silva, de 35 anos, foi encontrado pela pol\u00edcia em uma planta\u00e7\u00e3o de eucalipto pr\u00f3ximo a entrada do munic\u00edpio de Ipaba, no Vale do A\u00e7o, na manh\u00e3 deste s\u00e1bado (20\/3\/2021). Ela estava desaparecida desde segunda-feira (15\/3) quando foi vista pela \u00faltima vez ao sair do posto de sa\u00fade onde [&hellip;]<\/p>\n","protected":false},"author":4,"featured_media":175518,"comment_status":"open","ping_status":"closed","sticky":false,"template":"","format":"standard","meta":{"amp_status":"","footnotes":""},"categories":[6,121],"tags":[237,240019,240021,1018,240016,240014,240015,240013,26931,2234,240017,240022,34360,240020,240018,2101,15841],"class_list":["post-175517","post","type-post","status-publish","format-standard","has-post-thumbnail","hentry","category-br","category-leste","tag-caratinga","tag-carro-enfermeira","tag-delegado-alexsandro-caetano","tag-destaque","tag-encontrado-corpo-de-enfermeira-que-estava-desaparecida","tag-enfermeira-desaparecida-em-santana-do-paraiso","tag-enfermeira-desaparecida-no-vale-do-aco","tag-enfermeira-que-estava-desaparecida-e-encontrada-morta-em-plantacao-de-eucalipto","tag-guarapari","tag-ipaba","tag-latrocinio-enfermeira","tag-prefeito-bruno-morato","tag-prefeitura-de-santana-do-paraiso","tag-priscila-cardoso-da-silva","tag-roubo-enfermeira","tag-santana-do-paraiso","tag-teixeira-de-freitas"],"_links":{"self":[{"href":"https:\/\/aconteceunovale.com.br\/portal\/index.php?rest_route=\/wp\/v2\/posts\/175517","targetHints":{"allow":["GET"]}}],"collection":[{"href":"https:\/\/aconteceunovale.com.br\/portal\/index.php?rest_route=\/wp\/v2\/posts"}],"about":[{"href":"https:\/\/aconteceunovale.com.br\/portal\/index.php?rest_route=\/wp\/v2\/types\/post"}],"author":[{"embeddable":true,"href":"https:\/\/aconteceunovale.com.br\/portal\/index.php?rest_route=\/wp\/v2\/users\/4"}],"replies":[{"embeddable":true,"href":"https:\/\/aconteceunovale.com.br\/portal\/index.php?rest_route=%2Fwp%2Fv2%2Fcomments&post=175517"}],"version-history":[{"count":1,"href":"https:\/\/aconteceunovale.com.br\/portal\/index.php?rest_route=\/wp\/v2\/posts\/175517\/revisions"}],"predecessor-version":[{"id":175519,"href":"https:\/\/aconteceunovale.com.br\/portal\/index.php?rest_route=\/wp\/v2\/posts\/175517\/revisions\/175519"}],"wp:featuredmedia":[{"embeddable":true,"href":"https:\/\/aconteceunovale.com.br\/portal\/index.php?rest_route=\/wp\/v2\/media\/175518"}],"wp:attachment":[{"href":"https:\/\/aconteceunovale.com.br\/portal\/index.php?rest_route=%2Fwp%2Fv2%2Fmedia&parent=175517"}],"wp:term":[{"taxonomy":"category","embeddable":true,"href":"https:\/\/aconteceunovale.com.br\/portal\/index.php?rest_route=%2Fwp%2Fv2%2Fcategories&post=175517"},{"taxonomy":"post_tag","embeddable":true,"href":"https:\/\/aconteceunovale.com.br\/portal\/index.php?rest_route=%2Fwp%2Fv2%2Ftags&post=175517"}],"curies":[{"name":"wp","href":"https:\/\/api.w.org\/{rel}","templated":true}]}}