{"id":175511,"date":"2021-03-21T00:07:44","date_gmt":"2021-03-21T03:07:44","guid":{"rendered":"https:\/\/aconteceunovale.com.br\/portal\/?p=175511"},"modified":"2021-03-21T00:09:34","modified_gmt":"2021-03-21T03:09:34","slug":"prefeito-de-campanario-morre-vitima-da-covid-19","status":"publish","type":"post","link":"https:\/\/aconteceunovale.com.br\/portal\/?p=175511","title":{"rendered":"Prefeito de Campan\u00e1rio morre v\u00edtima da Covid-19"},"content":{"rendered":"\n<p>O prefeito de Campan\u00e1rio, Luiz Ant\u00f4nio Souza Campos (PSC), morreu v\u00edtima da Covid-19. Ele sentiu os primeiros sintomas da doen\u00e7a no dia 8 de mar\u00e7o. Na \u00faltima ter\u00e7a-feira (16), o quadro cl\u00ednico do prefeito se agravou e ele foi internado no Hospital Mater Dei, em Belo Horizonte, onde foi intubado dois dias depois.<\/p>\n\n\n\n<figure class=\"wp-block-gallery columns-1 is-cropped wp-block-gallery-1 is-layout-flex wp-block-gallery-is-layout-flex\"><ul class=\"blocks-gallery-grid\"><li class=\"blocks-gallery-item\"><figure><img loading=\"lazy\" decoding=\"async\" width=\"678\" height=\"439\" src=\"https:\/\/aconteceunovale.com.br\/portal\/wp-content\/uploads\/2021\/03\/prefeito_campanario.jpg\" alt=\"\" data-id=\"175512\" data-full-url=\"https:\/\/aconteceunovale.com.br\/portal\/wp-content\/uploads\/2021\/03\/prefeito_campanario.jpg\" data-link=\"https:\/\/aconteceunovale.com.br\/portal\/?attachment_id=175512\" class=\"wp-image-175512\" srcset=\"https:\/\/aconteceunovale.com.br\/portal\/wp-content\/uploads\/2021\/03\/prefeito_campanario.jpg 678w, https:\/\/aconteceunovale.com.br\/portal\/wp-content\/uploads\/2021\/03\/prefeito_campanario-300x194.jpg 300w, https:\/\/aconteceunovale.com.br\/portal\/wp-content\/uploads\/2021\/03\/prefeito_campanario-649x420.jpg 649w\" sizes=\"auto, (max-width: 678px) 100vw, 678px\" \/><figcaption class=\"blocks-gallery-item__caption\"><em>Luiz\u00e3o tinha 65 anos &#8211; Foto: Assoleste \/ Reprodu\u00e7\u00e3o Facebook<\/em><\/figcaption><\/figure><\/li><\/ul><\/figure>\n\n\n\n<p>Luiz Ant\u00f4nio sofreu uma parada card\u00edaca e morreu \u00e0s 3h30 deste s\u00e1bado (20\/3\/2021). Ele tinha 65 anos e, de acordo com a fam\u00edlia, n\u00e3o possu\u00eda comorbidades. O corpo ser\u00e1 cremado em Belo Horizonte e ser\u00e1 feita uma homenagem em Campan\u00e1rio.<\/p>\n\n\n\n<p>Luiz foi vice-prefeito por dois mandatos e&nbsp;ocupava o cargo de chefe do executivo pela primeira vez. A Prefeitura decretou luto oficial por sete dias.<\/p>\n\n\n\n<p>&#8212;&#8212;&#8212;&#8212;&#8212;&#8212;<br><em>Quer receber as not\u00edcias do <strong>Aconteceu no Vale<\/strong> em primeira m\u00e3o? Siga-nos no Facebook <a rel=\"noreferrer noopener\" href=\"http:\/\/facebook.com\/aconteceunovale\" target=\"_blank\">@aconteceunovale<\/a>, Twitter <a rel=\"noreferrer noopener\" href=\"https:\/\/twitter.com\/noticiadosvales\" target=\"_blank\">@noticiadosvales<\/a> e Instagram <a rel=\"noreferrer noopener\" href=\"https:\/\/www.instagram.com\/aconteceunovale\" target=\"_blank\">@aconteceunovale<\/a>.<\/em><\/p>\n","protected":false},"excerpt":{"rendered":"<p>O prefeito de Campan\u00e1rio, Luiz Ant\u00f4nio Souza Campos (PSC), morreu v\u00edtima da Covid-19. Ele sentiu os primeiros sintomas da doen\u00e7a no dia 8 de mar\u00e7o. Na \u00faltima ter\u00e7a-feira (16), o quadro cl\u00ednico do prefeito se agravou e ele foi internado no Hospital Mater Dei, em Belo Horizonte, onde foi intubado dois dias depois. Luiz Ant\u00f4nio [&hellip;]<\/p>\n","protected":false},"author":4,"featured_media":175512,"comment_status":"open","ping_status":"closed","sticky":false,"template":"","format":"standard","meta":{"amp_status":"","footnotes":""},"categories":[121,40240],"tags":[277,240012,240011,240009,240010,79242,240008],"class_list":["post-175511","post","type-post","status-publish","format-standard","has-post-thumbnail","hentry","category-leste","category-politica-2","tag-campanario","tag-luiz-antonio-souza-campos","tag-luizao-campanario","tag-morre-o-prefeito-de-campanario","tag-morte-do-prefeito-de-campanario","tag-prefeito-de-campanario","tag-prefeito-de-campanario-morre-vitima-da-covid-19"],"_links":{"self":[{"href":"https:\/\/aconteceunovale.com.br\/portal\/index.php?rest_route=\/wp\/v2\/posts\/175511","targetHints":{"allow":["GET"]}}],"collection":[{"href":"https:\/\/aconteceunovale.com.br\/portal\/index.php?rest_route=\/wp\/v2\/posts"}],"about":[{"href":"https:\/\/aconteceunovale.com.br\/portal\/index.php?rest_route=\/wp\/v2\/types\/post"}],"author":[{"embeddable":true,"href":"https:\/\/aconteceunovale.com.br\/portal\/index.php?rest_route=\/wp\/v2\/users\/4"}],"replies":[{"embeddable":true,"href":"https:\/\/aconteceunovale.com.br\/portal\/index.php?rest_route=%2Fwp%2Fv2%2Fcomments&post=175511"}],"version-history":[{"count":4,"href":"https:\/\/aconteceunovale.com.br\/portal\/index.php?rest_route=\/wp\/v2\/posts\/175511\/revisions"}],"predecessor-version":[{"id":175516,"href":"https:\/\/aconteceunovale.com.br\/portal\/index.php?rest_route=\/wp\/v2\/posts\/175511\/revisions\/175516"}],"wp:featuredmedia":[{"embeddable":true,"href":"https:\/\/aconteceunovale.com.br\/portal\/index.php?rest_route=\/wp\/v2\/media\/175512"}],"wp:attachment":[{"href":"https:\/\/aconteceunovale.com.br\/portal\/index.php?rest_route=%2Fwp%2Fv2%2Fmedia&parent=175511"}],"wp:term":[{"taxonomy":"category","embeddable":true,"href":"https:\/\/aconteceunovale.com.br\/portal\/index.php?rest_route=%2Fwp%2Fv2%2Fcategories&post=175511"},{"taxonomy":"post_tag","embeddable":true,"href":"https:\/\/aconteceunovale.com.br\/portal\/index.php?rest_route=%2Fwp%2Fv2%2Ftags&post=175511"}],"curies":[{"name":"wp","href":"https:\/\/api.w.org\/{rel}","templated":true}]}}