{"id":175265,"date":"2021-03-13T20:24:28","date_gmt":"2021-03-13T23:24:28","guid":{"rendered":"https:\/\/aconteceunovale.com.br\/portal\/?p=175265"},"modified":"2021-03-13T20:24:58","modified_gmt":"2021-03-13T23:24:58","slug":"homem-e-preso-com-arma-furtada-em-governador-valadares","status":"publish","type":"post","link":"https:\/\/aconteceunovale.com.br\/portal\/?p=175265","title":{"rendered":"Homem \u00e9 preso com arma furtada em Governador Valadares"},"content":{"rendered":"\n<p>Um homem foi preso com uma pistola furtada e muni\u00e7\u00f5es em Governador Valadares (MG). A ocorr\u00eancia foi divulgada pela Pol\u00edcia Militar neste s\u00e1bado (13\/3\/2021).<\/p>\n\n\n\n<figure class=\"wp-block-gallery columns-1 is-cropped wp-block-gallery-1 is-layout-flex wp-block-gallery-is-layout-flex\"><ul class=\"blocks-gallery-grid\"><li class=\"blocks-gallery-item\"><figure><img loading=\"lazy\" decoding=\"async\" width=\"666\" height=\"450\" src=\"https:\/\/aconteceunovale.com.br\/portal\/wp-content\/uploads\/2021\/03\/pistola_gv.jpeg\" alt=\"\" data-id=\"175266\" data-full-url=\"https:\/\/aconteceunovale.com.br\/portal\/wp-content\/uploads\/2021\/03\/pistola_gv.jpeg\" data-link=\"https:\/\/aconteceunovale.com.br\/portal\/?attachment_id=175266\" class=\"wp-image-175266\" srcset=\"https:\/\/aconteceunovale.com.br\/portal\/wp-content\/uploads\/2021\/03\/pistola_gv.jpeg 666w, https:\/\/aconteceunovale.com.br\/portal\/wp-content\/uploads\/2021\/03\/pistola_gv-300x203.jpeg 300w, https:\/\/aconteceunovale.com.br\/portal\/wp-content\/uploads\/2021\/03\/pistola_gv-622x420.jpeg 622w\" sizes=\"auto, (max-width: 666px) 100vw, 666px\" \/><figcaption class=\"blocks-gallery-item__caption\"><em>Foto: Pol\u00edcia Militar\/Divulga\u00e7\u00e3o<\/em><\/figcaption><\/figure><\/li><\/ul><\/figure>\n\n\n\n<p>Segundo a PM, uma equipe fazia patrulhamento quando foi avisada por um militar de folga que o homem estava armado e seguia de carona em um carro no sentido Vila Isa. A informa\u00e7\u00e3o foi repassada aos policiais que estavam em servi\u00e7o e o autom\u00f3vel foi avistado nas imedia\u00e7\u00f5es do bairro Jardim P\u00e9rola.<\/p>\n\n\n\n<p>De acordo com a PM, ao perceber a aproxima\u00e7\u00e3o da viatura, o motorista acelerou. Eles foram perseguidos e alcan\u00e7ados.<\/p>\n\n\n\n<p>Durante as buscas, nada de il\u00edcito foi encontrado com os dois homens, mas policiais revistaram o autom\u00f3vel, onde encontraram a pistola e as muni\u00e7\u00f5es. Durante consulta no sistema, eles constataram que a arma tinha registro de furto, ocorrido em janeiro de 2014.<\/p>\n\n\n\n<p>A PM informou que o preso tem passagens por associa\u00e7\u00e3o criminosa, corrup\u00e7\u00e3o de menores, porte ilegal de arma, posse ilegal de arma, tr\u00e1fico de drogas e homic\u00eddio. Ele assumiu ser o dono da arma. Como nada foi encontrado com o motorista, ele foi liberado. A ocorr\u00eancia foi encaminhada para a Pol\u00edcia Civil.<\/p>\n\n\n\n<p>&#8212;&#8212;&#8212;&#8212;&#8212;&#8212;<br><em>Quer receber as not\u00edcias do <strong>Aconteceu no Vale<\/strong> em primeira m\u00e3o? Siga-nos no Facebook <a rel=\"noreferrer noopener\" href=\"http:\/\/facebook.com\/aconteceunovale\" target=\"_blank\">@aconteceunovale<\/a>, Twitter <a rel=\"noreferrer noopener\" href=\"https:\/\/twitter.com\/noticiadosvales\" target=\"_blank\">@noticiadosvales<\/a> e Instagram <a rel=\"noreferrer noopener\" href=\"https:\/\/www.instagram.com\/aconteceunovale\" target=\"_blank\">@aconteceunovale<\/a>.<\/em><\/p>\n","protected":false},"excerpt":{"rendered":"<p>Um homem foi preso com uma pistola furtada e muni\u00e7\u00f5es em Governador Valadares (MG). A ocorr\u00eancia foi divulgada pela Pol\u00edcia Militar neste s\u00e1bado (13\/3\/2021). Segundo a PM, uma equipe fazia patrulhamento quando foi avisada por um militar de folga que o homem estava armado e seguia de carona em um carro no sentido Vila Isa. [&hellip;]<\/p>\n","protected":false},"author":4,"featured_media":175266,"comment_status":"open","ping_status":"closed","sticky":false,"template":"","format":"standard","meta":{"amp_status":"","footnotes":""},"categories":[121],"tags":[195687,127520,239638,247,239637],"class_list":["post-175265","post","type-post","status-publish","format-standard","has-post-thumbnail","hentry","category-leste","tag-apreensao-de-arma-em-governador-valadares","tag-arma-apreendida-em-governador-valadares","tag-arma-presa-em-governador-valadares","tag-governador-valadares","tag-homem-e-preso-com-arma-furtada-em-governador-valadares"],"_links":{"self":[{"href":"https:\/\/aconteceunovale.com.br\/portal\/index.php?rest_route=\/wp\/v2\/posts\/175265","targetHints":{"allow":["GET"]}}],"collection":[{"href":"https:\/\/aconteceunovale.com.br\/portal\/index.php?rest_route=\/wp\/v2\/posts"}],"about":[{"href":"https:\/\/aconteceunovale.com.br\/portal\/index.php?rest_route=\/wp\/v2\/types\/post"}],"author":[{"embeddable":true,"href":"https:\/\/aconteceunovale.com.br\/portal\/index.php?rest_route=\/wp\/v2\/users\/4"}],"replies":[{"embeddable":true,"href":"https:\/\/aconteceunovale.com.br\/portal\/index.php?rest_route=%2Fwp%2Fv2%2Fcomments&post=175265"}],"version-history":[{"count":1,"href":"https:\/\/aconteceunovale.com.br\/portal\/index.php?rest_route=\/wp\/v2\/posts\/175265\/revisions"}],"predecessor-version":[{"id":175267,"href":"https:\/\/aconteceunovale.com.br\/portal\/index.php?rest_route=\/wp\/v2\/posts\/175265\/revisions\/175267"}],"wp:featuredmedia":[{"embeddable":true,"href":"https:\/\/aconteceunovale.com.br\/portal\/index.php?rest_route=\/wp\/v2\/media\/175266"}],"wp:attachment":[{"href":"https:\/\/aconteceunovale.com.br\/portal\/index.php?rest_route=%2Fwp%2Fv2%2Fmedia&parent=175265"}],"wp:term":[{"taxonomy":"category","embeddable":true,"href":"https:\/\/aconteceunovale.com.br\/portal\/index.php?rest_route=%2Fwp%2Fv2%2Fcategories&post=175265"},{"taxonomy":"post_tag","embeddable":true,"href":"https:\/\/aconteceunovale.com.br\/portal\/index.php?rest_route=%2Fwp%2Fv2%2Ftags&post=175265"}],"curies":[{"name":"wp","href":"https:\/\/api.w.org\/{rel}","templated":true}]}}