{"id":175217,"date":"2021-03-12T09:48:13","date_gmt":"2021-03-12T12:48:13","guid":{"rendered":"https:\/\/aconteceunovale.com.br\/portal\/?p=175217"},"modified":"2021-03-12T09:50:07","modified_gmt":"2021-03-12T12:50:07","slug":"governo-de-minas-distribui-vacinas-contra-covid-19-para-imunizar-pessoas-entre-75-e-79-anos","status":"publish","type":"post","link":"https:\/\/aconteceunovale.com.br\/portal\/?p=175217","title":{"rendered":"Governo de Minas distribui vacinas contra covid-19 para imunizar pessoas entre 75 e 79 anos"},"content":{"rendered":"\n<p>O&nbsp;<a href=\"http:\/\/www.mg.gov.br\/\" target=\"_blank\" rel=\"noreferrer noopener\">Governo de Minas Gerais<\/a>&nbsp;j\u00e1 deu in\u00edcio \u00e0&nbsp;distribui\u00e7\u00e3o de 303,6 mil doses da vacina&nbsp;CoronaVac \/ Butantan (doses 1 e 2) para os munic\u00edpios mineiros. Os imunizantes ser\u00e3o direcionados a 13% dos idosos com idade entre 75 e 79 anos e para dar continuidade aos demais grupos.&nbsp;<\/p>\n\n\n\n<p>Tamb\u00e9m est\u00e3o sendo enviadas doses extras para as cidades de Jo\u00e3o Monlevade, Varzel\u00e2ndia, Manhua\u00e7u, Caputira, Mutum, Ipanema, Porteirinha,\u00a0Ponte Nova, Guaraciaba e Arapor\u00e3. Cada munic\u00edpio receber\u00e1 370 doses. Foram levados em conta indicadores como velocidade de avan\u00e7o da doen\u00e7a, taxas de incid\u00eancia e de mortalidade e a capacidade assistencial local.\u00a0<\/p>\n\n\n\n<p><a rel=\"noreferrer noopener\" href=\"http:\/\/agenciaminas.mg.gov.br\/ckeditor_assets\/attachments\/10639\/sexta_remessa_doses_1.xlsx\" target=\"_blank\">Clique aqui<\/a>\u00a0para acessar a tabela com o detalhamento da distribui\u00e7\u00e3o.\u00a0<\/p>\n\n\n\n<h2 class=\"wp-block-heading\"><strong>Log\u00edstica<\/strong><\/h2>\n\n\n\n<p>As Superintend\u00eancias Regionais de Sa\u00fade de Belo Horizonte, Divin\u00f3polis, Sete Lagoas e Itabira retiraram, nessa quinta-feira,&nbsp;os seus lotes na Central Estadual da Rede de Frio.&nbsp;<\/p>\n\n\n\n<p>Nesta sexta-feira (12\/3), outras dez Regionais de Sa\u00fade recebem as doses por transporte a\u00e9reo, nesta que \u00e9 a maior opera\u00e7\u00e3o de vacina\u00e7\u00e3o da hist\u00f3ria de Minas Gerais. S\u00e3o elas: Alfenas, Diamantina, Governador Valadares, Juiz de Fora, Montes Claros, Ponte Nova, Te\u00f3filo Otoni, Uberl\u00e2ndia e Una\u00ed. Para Pedra Azul,&nbsp;o pouso ser\u00e1 em Jequitinhonha. As cidades-polo&nbsp;foram definidas como pontos estrat\u00e9gicos, para as quais as demais regionais ir\u00e3o se deslocar para buscar as vacinas.&nbsp;<\/p>\n\n\n\n<p>\u201cA partir de segunda-feira (15\/3), os munic\u00edpios j\u00e1 poder\u00e3o buscar. Principalmente&nbsp;por ser uma remessa que inicia mais um grupo, idosos de 75 a 79 anos, demos total prioridade a essa distribui\u00e7\u00e3o e agora,&nbsp;provavelmente, iremos receber remessa semanais de vacinas\u201d, observa a&nbsp;diretora de Vigil\u00e2ncia e Agravos Transmiss\u00edveis da SES-MG, Jana\u00edna Fonseca.<\/p>\n\n\n\n<p>A expectativa \u00e9 a de que, em\u00a048h, todas as 28 Unidades Regionais de Sa\u00fade j\u00e1 tenham recebido as doses para a distribui\u00e7\u00e3o aos munic\u00edpios. A opera\u00e7\u00e3o a\u00e9rea ser\u00e1 feita em um \u00fanico dia. Nesta log\u00edstica de distribui\u00e7\u00e3o, a secretaria\u00a0conta com apoio das For\u00e7as de Seguran\u00e7a do Estado, que auxiliam no desenvolvimento e execu\u00e7\u00e3o do transporte a\u00e9reo e das rotas terrestres.\u00a0<\/p>\n\n\n\n<h2 class=\"wp-block-heading\"><strong>P\u00fablico-alvo&nbsp;<\/strong><\/h2>\n\n\n\n<p>Com o envio da s\u00e9tima remessa de doses recebidas do Minist\u00e9rio Sa\u00fade, a recomenda\u00e7\u00e3o da SES-MG \u00e9 come\u00e7ar a imunizar, agora, pessoas com idade entre 75 e 79 anos. De acordo com o Programa Nacional de Imuniza\u00e7\u00e3o (PNI), 57.151 doses ser\u00e3o destinadas a 13% deste grupo. Outras 80.693 atender\u00e3o 30% dos idosos de 80 a 84 anos e, por fim, 6.695 v\u00e3o&nbsp;atender 1,5%&nbsp; dos trabalhadores de Sa\u00fade.&nbsp;<\/p>\n\n\n\n<p>At\u00e9 o momento, Minas Gerais j\u00e1 vacinou\u00a0 730.709 pessoas com a primeira dose e 347.841 com a segunda.\u00a0<\/p>\n\n\n\n<h2 class=\"wp-block-heading\"><strong>Remessas recebidas<\/strong><\/h2>\n\n\n\n<p>1\u00aa remessa: 577.480 doses da CoronaVac em 18\/1<br>2\u00aa\u00a0 remessa: 190.500 doses de AstraZeneca em 24\/1<br>3\u00aa remessa: 87.600 doses da CoronaVac em 25\/1\/2021\u00a0<br>4\u00aa remessa: 315.600 doses da CoronaVac em 7\/2 \/2021\u00a0\u00a0<br>5\u00aa remessa: 357.400 doses da AstraZeneca e CoronaVac em 23\/2\/2021<br>6\u00aa remessa: 285.200 doses da CoronaVac em 3\/3\/2021<br>7\u00aa remessa: 303.600 mil doses da CoronaVac em 9\/3\/2021<br><br><strong>Total:<\/strong>\u00a02.117.380 doses (1.706.880 CoronaVac e 410.50 AstraZeneca)<\/p>\n\n\n\n<h2 class=\"wp-block-heading\"><strong>P\u00fablicos priorit\u00e1rios da 7\u00aa remessa<\/strong><\/h2>\n\n\n\n<p>1,5% dos trabalhadores da\u00a0Sa\u00fade\u00a0\u00a0<br>13% das pessoas de 75 a 79 anos<br>30% dos idosos de 80 a 84 anos<\/p>\n\n\n\n<h2 class=\"wp-block-heading\"><strong>Cronograma de entregas<\/strong><\/h2>\n\n\n\n<p><strong>11\/3\/2021 &#8211; quinta-feira<br><\/strong><br><em>Local de Retirada: Central Estadual de Rede de Frio<\/em><br>SRS Belo Horizonte\u00a0<br>SRS Divin\u00f3polis\u00a0<br>GRS Itabira\u00a0<br>SRS Sete Lagoas\u00a0<\/p>\n\n\n\n<p><strong>12\/3\/2021 &#8211; sexta-feira<br><\/strong><br><em>URS que receber\u00e3o vacinas em seus aeroportos<\/em><\/p>\n\n\n\n<p>SRS Alfenas<br>SRS Diamantina\u00a0\u00a0<br>SRS Governador Valadares\u00a0\u00a0<br>SRS Juiz de Fora\u00a0\u00a0<br>SRS Montes Claros\u00a0<br>GRS Pedra Azul\u00a0 &#8211; o pouso ser\u00e1 no munic\u00edpio de Jequitinhonha<br>SRS Ponte Nova\u00a0\u00a0<br>SRS Te\u00f3filo Otoni\u00a0<br>SRS Uberl\u00e2ndia<br>GRS Una\u00ed\u00a0<br><br><em>URS que v\u00e3o retirar, por via terrestre, suas vacinas no aeroporto da URS polo<\/em><\/p>\n\n\n\n<p>SRS Barbacena\u00a0<br>SRS Coronel Fabriciano\u00a0<br>GRS Ituiutaba\u00a0<br>GRS Janu\u00e1ria\u00a0<br>GRS Leopoldina\u00a0<br>SRS Manhua\u00e7u\u00a0<br>SRS Passos\u00a0<br>SRS Patos de Minas\u00a0<br>GRS Pirapora<br>SRS Pouso Alegre\u00a0<br>GRS S\u00e3o Jo\u00e3o del-Rei\u00a0<br>GRS Ub\u00e1\u00a0<br>SRS Uberaba\u00a0<br>SRS Varginha<\/p>\n\n\n\n<p>&#8212;&#8212;&#8212;&#8212;&#8212;&#8212;<br><em>Quer receber as not\u00edcias do <strong>Aconteceu no Vale<\/strong> em primeira m\u00e3o? Siga-nos no Facebook <a rel=\"noreferrer noopener\" href=\"http:\/\/facebook.com\/aconteceunovale\" target=\"_blank\">@aconteceunovale<\/a>, Twitter <a rel=\"noreferrer noopener\" href=\"https:\/\/twitter.com\/noticiadosvales\" target=\"_blank\">@noticiadosvales<\/a> e Instagram <a rel=\"noreferrer noopener\" href=\"https:\/\/www.instagram.com\/aconteceunovale\" target=\"_blank\">@aconteceunovale<\/a>.<\/em><\/p>\n","protected":false},"excerpt":{"rendered":"<p>O&nbsp;Governo de Minas Gerais&nbsp;j\u00e1 deu in\u00edcio \u00e0&nbsp;distribui\u00e7\u00e3o de 303,6 mil doses da vacina&nbsp;CoronaVac \/ Butantan (doses 1 e 2) para os munic\u00edpios mineiros. Os imunizantes ser\u00e3o direcionados a 13% dos idosos com idade entre 75 e 79 anos e para dar continuidade aos demais grupos.&nbsp; Tamb\u00e9m est\u00e3o sendo enviadas doses extras para as cidades de [&hellip;]<\/p>\n","protected":false},"author":4,"featured_media":175149,"comment_status":"open","ping_status":"closed","sticky":false,"template":"","format":"standard","meta":{"amp_status":"","footnotes":""},"categories":[123],"tags":[235100,235104,194,235098,22090,1018,235105,231330,231334,184213,239575,235103,135894,235094,235096,235097,235095,235015,235101,231333,231337,231332,231336,236858,178207,235102,235099,231331,231335],"class_list":["post-175217","post","type-post","status-publish","format-standard","has-post-thumbnail","hentry","category-gerais","tag-adileia-pereira-de-jesus-cardoso","tag-adriana-vilella-avila-de-castro","tag-belo-horizonte","tag-cece","tag-confins","tag-destaque","tag-distribuicao-da-vacina-em-minas-gerais","tag-governador-detalha-plano-de-contingencia-para-vacinacao-contra-a-covid-19-em-minas-gerais","tag-governador-detalha-plano-de-contingencia-para-vacinacao-contra-o-novo-coronavirus-em-minas-gerais","tag-governador-romeu-zema","tag-governo-de-minas-distribui-vacinas-contra-covid-19-para-imunizar-pessoas-entre-75-e-79-anos","tag-hem","tag-hospital-eduardo-de-menezes","tag-iniciada-a-maior-operacao-de-vacinacao-da-historia-de-minas-gerais","tag-maior-operacao-de-vacinacao-da-historia-de-minas-gerais","tag-maria-bom-sucesso-pereira","tag-minas-gerais-inicia-a-maior-operacao-de-vacinacao-da-sua-historia","tag-minas-gerais-recebe-561-mil-doses-da-coronavac","tag-moises-alves-senra","tag-plano-de-contingencia-para-vacinacao-contra-a-covid-19-em-minas-gerais","tag-plano-de-contingencia-para-vacinacao-contra-o-novo-coronavirus-em-minas-gerais","tag-plano-para-vacinacao-contra-a-covid-19-em-minas-gerais","tag-plano-para-vacinacao-contra-o-novo-coronavirus-em-minas-gerais","tag-primeira-pessoa-vacinada-contra-a-covid-19-em-minas-gerais-recebe-a-segunda-dose","tag-romeu-zema","tag-teresa-gamarano-barros","tag-thiago-liberio-santana-medina","tag-vacinacao-contra-a-covid-19-em-minas-gerais","tag-vacinacao-contra-o-novo-coronavirus-em-minas-gerais"],"_links":{"self":[{"href":"https:\/\/aconteceunovale.com.br\/portal\/index.php?rest_route=\/wp\/v2\/posts\/175217","targetHints":{"allow":["GET"]}}],"collection":[{"href":"https:\/\/aconteceunovale.com.br\/portal\/index.php?rest_route=\/wp\/v2\/posts"}],"about":[{"href":"https:\/\/aconteceunovale.com.br\/portal\/index.php?rest_route=\/wp\/v2\/types\/post"}],"author":[{"embeddable":true,"href":"https:\/\/aconteceunovale.com.br\/portal\/index.php?rest_route=\/wp\/v2\/users\/4"}],"replies":[{"embeddable":true,"href":"https:\/\/aconteceunovale.com.br\/portal\/index.php?rest_route=%2Fwp%2Fv2%2Fcomments&post=175217"}],"version-history":[{"count":1,"href":"https:\/\/aconteceunovale.com.br\/portal\/index.php?rest_route=\/wp\/v2\/posts\/175217\/revisions"}],"predecessor-version":[{"id":175218,"href":"https:\/\/aconteceunovale.com.br\/portal\/index.php?rest_route=\/wp\/v2\/posts\/175217\/revisions\/175218"}],"wp:featuredmedia":[{"embeddable":true,"href":"https:\/\/aconteceunovale.com.br\/portal\/index.php?rest_route=\/wp\/v2\/media\/175149"}],"wp:attachment":[{"href":"https:\/\/aconteceunovale.com.br\/portal\/index.php?rest_route=%2Fwp%2Fv2%2Fmedia&parent=175217"}],"wp:term":[{"taxonomy":"category","embeddable":true,"href":"https:\/\/aconteceunovale.com.br\/portal\/index.php?rest_route=%2Fwp%2Fv2%2Fcategories&post=175217"},{"taxonomy":"post_tag","embeddable":true,"href":"https:\/\/aconteceunovale.com.br\/portal\/index.php?rest_route=%2Fwp%2Fv2%2Ftags&post=175217"}],"curies":[{"name":"wp","href":"https:\/\/api.w.org\/{rel}","templated":true}]}}