{"id":175208,"date":"2021-03-11T22:19:54","date_gmt":"2021-03-12T01:19:54","guid":{"rendered":"https:\/\/aconteceunovale.com.br\/portal\/?p=175208"},"modified":"2021-03-11T22:22:33","modified_gmt":"2021-03-12T01:22:33","slug":"fabricante-de-biscoitos-instalada-em-governador-valadares-anuncia-expansao-de-atividades","status":"publish","type":"post","link":"https:\/\/aconteceunovale.com.br\/portal\/?p=175208","title":{"rendered":"Fabricante de biscoitos instalada em Governador Valadares anuncia expans\u00e3o de atividades"},"content":{"rendered":"\n<p>A companhia Vit\u00f3ria Alimentos, instalada em Governador Valadares, no Vale do Rio Doce, vai dobrar o seu quadro de colaboradores. Isto porque a&nbsp;empresa anunciou nova etapa de expans\u00e3o, com aporte de R$ 3 milh\u00f5es, para que pelo menos 35 novos postos de trabalho sejam criados. A previs\u00e3o \u00e9 de que os investimentos tenham in\u00edcio no segundo trimestre deste ano e sejam conclu\u00eddos em dezembro de 2023.<\/p>\n\n\n\n<p>Aliada aos est\u00edmulos promovidos pelo&nbsp;<a rel=\"noreferrer noopener\" href=\"http:\/\/www.mg.gov.br\/\" target=\"_blank\">Governo do Estado de Minas Gerais<\/a>&nbsp;e tamb\u00e9m pelo munic\u00edpio, a expans\u00e3o da fabricante de biscoitos tamb\u00e9m vai incrementar a atividade econ\u00f4mica local e regional.<\/p>\n\n\n\n<p>Conhecida como Confeitaria Vit\u00f3ria, a empresa&nbsp;atende principalmente o mercado varejista. Al\u00e9m de estabelecimentos de Minas Gerais, comercializa para supermercados da Bahia, Esp\u00edrito Santo e Rio de Janeiro. Na linha de produ\u00e7\u00e3o est\u00e3o biscoitos como os de polvilho, casadinho e&nbsp;rosquinhas.<\/p>\n\n\n\n<figure class=\"wp-block-gallery columns-1 is-cropped wp-block-gallery-1 is-layout-flex wp-block-gallery-is-layout-flex\"><ul class=\"blocks-gallery-grid\"><li class=\"blocks-gallery-item\"><figure><img loading=\"lazy\" decoding=\"async\" width=\"600\" height=\"450\" src=\"https:\/\/aconteceunovale.com.br\/portal\/wp-content\/uploads\/2021\/03\/fabrica_vitoria.jpg\" alt=\"\" data-id=\"175209\" data-full-url=\"https:\/\/aconteceunovale.com.br\/portal\/wp-content\/uploads\/2021\/03\/fabrica_vitoria.jpg\" data-link=\"https:\/\/aconteceunovale.com.br\/portal\/?attachment_id=175209\" class=\"wp-image-175209\" srcset=\"https:\/\/aconteceunovale.com.br\/portal\/wp-content\/uploads\/2021\/03\/fabrica_vitoria.jpg 600w, https:\/\/aconteceunovale.com.br\/portal\/wp-content\/uploads\/2021\/03\/fabrica_vitoria-300x225.jpg 300w, https:\/\/aconteceunovale.com.br\/portal\/wp-content\/uploads\/2021\/03\/fabrica_vitoria-80x60.jpg 80w, https:\/\/aconteceunovale.com.br\/portal\/wp-content\/uploads\/2021\/03\/fabrica_vitoria-265x198.jpg 265w, https:\/\/aconteceunovale.com.br\/portal\/wp-content\/uploads\/2021\/03\/fabrica_vitoria-560x420.jpg 560w\" sizes=\"auto, (max-width: 600px) 100vw, 600px\" \/><figcaption class=\"blocks-gallery-item__caption\"><em>Foto: Vit\u00f3ria Alimentos \/ Divulga\u00e7\u00e3o<\/em><\/figcaption><\/figure><\/li><\/ul><\/figure>\n\n\n\n<h2 class=\"wp-block-heading\"><strong>Crescimento<\/strong><\/h2>\n\n\n\n<p>De acordo com o diretor comercial da companhia, Rodrigo Pimentel, mesmo no contexto da pandemia, as oscila\u00e7\u00f5es do mercado foram pequenas, o que permitiu a consolida\u00e7\u00e3o do processo de crescimento. Para a expans\u00e3o, ele destaca que, atualmente, o estado possui uma economia pujante, onde \u00e9&nbsp;poss\u00edvel encontrar excelentes oportunidades de neg\u00f3cios, de maneira mais \u00e1gil e descomplicada.<\/p>\n\n\n\n<p><em>\u201cN\u00f3s percebemos que, com a participa\u00e7\u00e3o da\u00a0<a rel=\"noreferrer noopener\" href=\"http:\/\/www.indi.mg.gov.br\/\" target=\"_blank\">Ag\u00eancia de Promo\u00e7\u00e3o de Investimento e Com\u00e9rcio Exterior de Minas Gerais (Indi)<\/a>, ganhamos em representatividade empresarial perante o processo de valida\u00e7\u00e3o no Estado<\/em>\u201d, afirma. Este foi o primeiro contato da empresa com a ag\u00eancia do Estado e pontua que o retorno superou as expectativas.<\/p>\n\n\n\n<p>Os trabalhos para a expans\u00e3o ser\u00e3o divididos em duas etapas. Na primeira, o objetivo \u00e9 construir um galp\u00e3o para instala\u00e7\u00e3o de uma nova unidade.&nbsp;Os investimentos, segundo o diretor comercial, tamb\u00e9m ser\u00e3o destinados para a prepara\u00e7\u00e3o e adequa\u00e7\u00e3o das instala\u00e7\u00f5es de m\u00e1quinas, equipamentos e ferramentais. J\u00e1 na segunda etapa, o planejamento \u00e9 implementar outras duas linhas de produ\u00e7\u00e3o.<\/p>\n\n\n\n<h2 class=\"wp-block-heading\"><strong>Ambiente de neg\u00f3cios<\/strong><\/h2>\n\n\n\n<p>De acordo com o diretor-presidente do Indi, Thiago Toscano, a expans\u00e3o da Vit\u00f3ria Alimentos representa&nbsp;importante ganho econ\u00f4mico e social com a gera\u00e7\u00e3o de mais empregos diretos e indiretos.<\/p>\n\n\n\n<p><em>\u201cGovernador Valadares tem uma posi\u00e7\u00e3o log\u00edstica muito importante para empresas de varejo. Al\u00e9m disso, \u00e9 poss\u00edvel destacar a oferta da m\u00e3o de obra qualificada, o ambiente da cidade e a qualidade de vida existente. Esses s\u00e3o apenas alguns fatores preponderantes que tornam o munic\u00edpio apto para atra\u00e7\u00e3o de investimentos. O novo aporte da Confeitaria Vit\u00f3ria refor\u00e7a todos esses pontos. A partir de Governador Valadares, a empresa conseguir\u00e1 ser cada vez mais competitiva para atingir todo o mercado brasileiro\u201d<\/em>, observa Toscano.<\/p>\n\n\n\n<p>Ainda segundo o diretor-presidente do Indi, o setor de alimentos tem atra\u00eddo muitos investimentos para Minas Gerais nos \u00faltimos anos,\u00a0sobretudo em fun\u00e7\u00e3o\u00a0das boas condi\u00e7\u00f5es oferecidas pelo\u00a0<a rel=\"noreferrer noopener\" href=\"http:\/\/www.mg.gov.br\/\" target=\"_blank\">Governo do Estado<\/a>, principalmente com rela\u00e7\u00e3o \u00e0 desburocratiza\u00e7\u00e3o e padroniza\u00e7\u00e3o dos tratamentos tribut\u00e1rios. Nesse sentido, O Indi tamb\u00e9m tem trabalhado na prospec\u00e7\u00e3o de empresas que complementem a cadeia de alimentos, incentivando a produ\u00e7\u00e3o de insumos ou de embalagens para o setor, de modo a tornar\u00a0a produ\u00e7\u00e3o regional cada vez mais competitiva.<br><br><em>\u201c\u00c9 uma Ag\u00eancia que sempre encontramos de portas abertas e com grande disponibilidade no acolhimento \u00e0s nossas demandas\u201d<\/em>, avalia o prefeito de Governador Valadares, Andr\u00e9 Merlo, sobre a atua\u00e7\u00e3o do\u00a0Indi junto ao munic\u00edpio. Segundo ele, a ind\u00fastria e com\u00e9rcio de alimentos representam \u00e1res estrat\u00e9gias para a economia e, nesse contexto, \u00e9 sempre muito importante que quando uma empresa se coloca na condi\u00e7\u00e3o de aumentar a oferta de postos de trabalho, pois representa mais emprego, mais produ\u00e7\u00e3o, mais renda e mais desenvolvimento.<\/p>\n\n\n\n<p>&#8212;&#8212;&#8212;&#8212;&#8212;&#8212;<br><em>Quer receber as not\u00edcias do <strong>Aconteceu no Vale<\/strong> em primeira m\u00e3o? Siga-nos no Facebook <a rel=\"noreferrer noopener\" href=\"http:\/\/facebook.com\/aconteceunovale\" target=\"_blank\">@aconteceunovale<\/a>, Twitter <a rel=\"noreferrer noopener\" href=\"https:\/\/twitter.com\/noticiadosvales\" target=\"_blank\">@noticiadosvales<\/a> e Instagram <a rel=\"noreferrer noopener\" href=\"https:\/\/www.instagram.com\/aconteceunovale\" target=\"_blank\">@aconteceunovale<\/a>.<\/em><\/p>\n","protected":false},"excerpt":{"rendered":"<p>A companhia Vit\u00f3ria Alimentos, instalada em Governador Valadares, no Vale do Rio Doce, vai dobrar o seu quadro de colaboradores. Isto porque a&nbsp;empresa anunciou nova etapa de expans\u00e3o, com aporte de R$ 3 milh\u00f5es, para que pelo menos 35 novos postos de trabalho sejam criados. A previs\u00e3o \u00e9 de que os investimentos tenham in\u00edcio no [&hellip;]<\/p>\n","protected":false},"author":4,"featured_media":175209,"comment_status":"open","ping_status":"closed","sticky":false,"template":"","format":"standard","meta":{"amp_status":"","footnotes":""},"categories":[121,123],"tags":[101405,239564,239567,239562,1018,239569,239565,239560,247,138367,239563,239568,230267,239566,239561],"class_list":["post-175208","post","type-post","status-publish","format-standard","has-post-thumbnail","hentry","category-leste","category-gerais","tag-andre-merlo","tag-confeitaria-governador-valadares","tag-confeitaria-vitoria","tag-confeitaria-vitoria-anuncia-expansao-de-atividades","tag-destaque","tag-expansao-da-vitoria-alimentos","tag-fabrica-de-biscoitos-em-governador-valadares","tag-fabricante-de-biscoitos-instalada-em-governador-valadares-anuncia-expansao-de-atividades","tag-governador-valadares","tag-prefeito-de-governador-valadares","tag-producao-de-biscoitos-em-governador-valadares","tag-rodrigo-pimentel","tag-thiago-toscano","tag-vitoria-alimentos","tag-vitoria-alimentos-anuncia-expansao-de-atividades"],"_links":{"self":[{"href":"https:\/\/aconteceunovale.com.br\/portal\/index.php?rest_route=\/wp\/v2\/posts\/175208","targetHints":{"allow":["GET"]}}],"collection":[{"href":"https:\/\/aconteceunovale.com.br\/portal\/index.php?rest_route=\/wp\/v2\/posts"}],"about":[{"href":"https:\/\/aconteceunovale.com.br\/portal\/index.php?rest_route=\/wp\/v2\/types\/post"}],"author":[{"embeddable":true,"href":"https:\/\/aconteceunovale.com.br\/portal\/index.php?rest_route=\/wp\/v2\/users\/4"}],"replies":[{"embeddable":true,"href":"https:\/\/aconteceunovale.com.br\/portal\/index.php?rest_route=%2Fwp%2Fv2%2Fcomments&post=175208"}],"version-history":[{"count":2,"href":"https:\/\/aconteceunovale.com.br\/portal\/index.php?rest_route=\/wp\/v2\/posts\/175208\/revisions"}],"predecessor-version":[{"id":175211,"href":"https:\/\/aconteceunovale.com.br\/portal\/index.php?rest_route=\/wp\/v2\/posts\/175208\/revisions\/175211"}],"wp:featuredmedia":[{"embeddable":true,"href":"https:\/\/aconteceunovale.com.br\/portal\/index.php?rest_route=\/wp\/v2\/media\/175209"}],"wp:attachment":[{"href":"https:\/\/aconteceunovale.com.br\/portal\/index.php?rest_route=%2Fwp%2Fv2%2Fmedia&parent=175208"}],"wp:term":[{"taxonomy":"category","embeddable":true,"href":"https:\/\/aconteceunovale.com.br\/portal\/index.php?rest_route=%2Fwp%2Fv2%2Fcategories&post=175208"},{"taxonomy":"post_tag","embeddable":true,"href":"https:\/\/aconteceunovale.com.br\/portal\/index.php?rest_route=%2Fwp%2Fv2%2Ftags&post=175208"}],"curies":[{"name":"wp","href":"https:\/\/api.w.org\/{rel}","templated":true}]}}