{"id":175206,"date":"2021-03-11T17:14:34","date_gmt":"2021-03-11T20:14:34","guid":{"rendered":"https:\/\/aconteceunovale.com.br\/portal\/?p=175206"},"modified":"2021-03-11T17:14:44","modified_gmt":"2021-03-11T20:14:44","slug":"adolescente-suspeito-de-matar-professor-e-apreendido-em-aracuai","status":"publish","type":"post","link":"https:\/\/aconteceunovale.com.br\/portal\/?p=175206","title":{"rendered":"Adolescente suspeito de matar professor \u00e9 apreendido em Ara\u00e7ua\u00ed"},"content":{"rendered":"\n<p>As pol\u00edcias Civil e Militar apreenderam, na ter\u00e7a-feira (9\/3\/2021), um adolescente suspeito de praticar ato infracional an\u00e1logo a homic\u00eddio em Ara\u00e7ua\u00ed (MG). Um professor foi morto, na pr\u00f3pria resid\u00eancia, durante a madrugada do \u00faltimo dia 8, ap\u00f3s uma discuss\u00e3o entre ele e o menor.<\/p>\n\n\n\n<p>O suspeito, de 17 anos, foi identificado por meio de imagens de c\u00e2meras instaladas nas ruas da cidade e informa\u00e7\u00f5es de terceiros. Ap\u00f3s trabalhos investigativos, a PCMG, em conjunto com a PMMG, localizou e apreendeu o adolescente. Ele assumiu o ato infracional e forneceu detalhes da a\u00e7\u00e3o, mostrando inclusive onde a motocicleta de Professor Edson Carlos Coelho dos Santos, que ele usou na fuga, estava escondida.<\/p>\n\n\n\n<p>O adolescente disse que j\u00e1 conhecia o professor e que eles trocavam mensagens por meio de redes sociais. Ap\u00f3s uma discuss\u00e3o na casa da v\u00edtima, o menor teria esfaqueado e arremessado um tijolo contra a cabe\u00e7a dela. O celular do suspeito foi apreendido e ser\u00e1 utilizado nas investiga\u00e7\u00f5es que ir\u00e3o apurar a motiva\u00e7\u00e3o do ato infracional.<\/p>\n\n\n\n<p><em>\u201cO adolescente foi levado \u00e0 Delegacia e, posteriormente, ser\u00e1 encaminhado para interna\u00e7\u00e3o provis\u00f3ria\u201d<\/em>, informou a PCMG.<\/p>\n\n\n\n<p>&#8212;&#8212;&#8212;&#8212;&#8212;&#8212;<br><em>Quer receber as not\u00edcias do <strong>Aconteceu no Vale<\/strong> em primeira m\u00e3o? Siga-nos no Facebook <a rel=\"noreferrer noopener\" href=\"http:\/\/facebook.com\/aconteceunovale\" target=\"_blank\">@aconteceunovale<\/a>, Twitter <a rel=\"noreferrer noopener\" href=\"https:\/\/twitter.com\/noticiadosvales\" target=\"_blank\">@noticiadosvales<\/a> e Instagram <a rel=\"noreferrer noopener\" href=\"https:\/\/www.instagram.com\/aconteceunovale\" target=\"_blank\">@aconteceunovale<\/a>.<\/em><\/p>\n","protected":false},"excerpt":{"rendered":"<p>As pol\u00edcias Civil e Militar apreenderam, na ter\u00e7a-feira (9\/3\/2021), um adolescente suspeito de praticar ato infracional an\u00e1logo a homic\u00eddio em Ara\u00e7ua\u00ed (MG). Um professor foi morto, na pr\u00f3pria resid\u00eancia, durante a madrugada do \u00faltimo dia 8, ap\u00f3s uma discuss\u00e3o entre ele e o menor. O suspeito, de 17 anos, foi identificado por meio de imagens [&hellip;]<\/p>\n","protected":false},"author":4,"featured_media":151866,"comment_status":"open","ping_status":"closed","sticky":false,"template":"","format":"standard","meta":{"amp_status":"","footnotes":""},"categories":[120],"tags":[239555,186,239558,604,38187,239559,239556,239557],"class_list":["post-175206","post","type-post","status-publish","format-standard","has-post-thumbnail","hentry","category-jequi","tag-adolescente-suspeito-de-matar-professor-e-apreendido-em-aracuai","tag-aracuai","tag-morte-de-professor-em-aracuai","tag-pcmg","tag-pmmg","tag-professor-assassinado-em-aracuai","tag-professor-edson-carlos-coelho-dos-santos","tag-professor-morto-em-aracuai"],"_links":{"self":[{"href":"https:\/\/aconteceunovale.com.br\/portal\/index.php?rest_route=\/wp\/v2\/posts\/175206","targetHints":{"allow":["GET"]}}],"collection":[{"href":"https:\/\/aconteceunovale.com.br\/portal\/index.php?rest_route=\/wp\/v2\/posts"}],"about":[{"href":"https:\/\/aconteceunovale.com.br\/portal\/index.php?rest_route=\/wp\/v2\/types\/post"}],"author":[{"embeddable":true,"href":"https:\/\/aconteceunovale.com.br\/portal\/index.php?rest_route=\/wp\/v2\/users\/4"}],"replies":[{"embeddable":true,"href":"https:\/\/aconteceunovale.com.br\/portal\/index.php?rest_route=%2Fwp%2Fv2%2Fcomments&post=175206"}],"version-history":[{"count":1,"href":"https:\/\/aconteceunovale.com.br\/portal\/index.php?rest_route=\/wp\/v2\/posts\/175206\/revisions"}],"predecessor-version":[{"id":175207,"href":"https:\/\/aconteceunovale.com.br\/portal\/index.php?rest_route=\/wp\/v2\/posts\/175206\/revisions\/175207"}],"wp:featuredmedia":[{"embeddable":true,"href":"https:\/\/aconteceunovale.com.br\/portal\/index.php?rest_route=\/wp\/v2\/media\/151866"}],"wp:attachment":[{"href":"https:\/\/aconteceunovale.com.br\/portal\/index.php?rest_route=%2Fwp%2Fv2%2Fmedia&parent=175206"}],"wp:term":[{"taxonomy":"category","embeddable":true,"href":"https:\/\/aconteceunovale.com.br\/portal\/index.php?rest_route=%2Fwp%2Fv2%2Fcategories&post=175206"},{"taxonomy":"post_tag","embeddable":true,"href":"https:\/\/aconteceunovale.com.br\/portal\/index.php?rest_route=%2Fwp%2Fv2%2Ftags&post=175206"}],"curies":[{"name":"wp","href":"https:\/\/api.w.org\/{rel}","templated":true}]}}