{"id":175202,"date":"2021-03-11T17:05:20","date_gmt":"2021-03-11T20:05:20","guid":{"rendered":"https:\/\/aconteceunovale.com.br\/portal\/?p=175202"},"modified":"2021-03-11T17:07:35","modified_gmt":"2021-03-11T20:07:35","slug":"suspeito-de-matar-comerciante-e-preso-em-rio-pardo-de-minas","status":"publish","type":"post","link":"https:\/\/aconteceunovale.com.br\/portal\/?p=175202","title":{"rendered":"Suspeito de matar comerciante \u00e9 preso em Rio Pardo de Minas"},"content":{"rendered":"\n<p>A Pol\u00edcia Civil de Minas Gerais (PCMG), em a\u00e7\u00e3o conjunta com a Pol\u00edcia Militar, prendeu nessa quarta-feira (10\/3\/2021), na zona rural de Rio Pardo de Minas, um homem de 32 anos. Ele \u00e9 suspeito de matar um comerciante local. Conforme as investiga\u00e7\u00f5es, o crime teria sido motivado por desentendimento dos envolvidos em raz\u00e3o de uma d\u00edvida de R$ 1.200,00.<\/p>\n\n\n\n<p>O homic\u00eddio foi cometido no dia 7 de mar\u00e7o, dentro do estabelecimento comercial da v\u00edtima, localizado no povoado de Nova Aurora, no munic\u00edpio de Rio Pardo de Minas. O dono da mercearia, de 40 anos, foi atingido com uma facada no t\u00f3rax, ap\u00f3s discuss\u00e3o. A v\u00edtima morreu antes de dar entrada no hospital. O suspeito fugiu ap\u00f3s o crime.<\/p>\n\n\n\n<p>A PCMG iniciou as investiga\u00e7\u00f5es e reuniu uma s\u00e9rie de provas contra o suspeito. <em>&#8220;Foi instaurado inqu\u00e9rito policial, com entrevista de testemunhas, juntamos laudos e, por fim, solicitamos a decreta\u00e7\u00e3o da pris\u00e3o provis\u00f3ria do investigado&#8221;<\/em>, informou o delegado Fernando Bottoni, explicando que o Minist\u00e9rio P\u00fablico manifestou favoravelmente e a Justi\u00e7a determinou a pris\u00e3o.<\/p>\n\n\n\n<p>Durante essa quarta-feira (10\/3), policiais civis realizaram in\u00fameros levantamentos para localizar o suspeito. A fam\u00edlia dele, ao tomar conhecimento, convenceu-o a se entregar e ele foi preso na resid\u00eancia dos pais pela PMMG.<\/p>\n\n\n\n<p><em>\u201cAs investiga\u00e7\u00f5es continuam, uma vez que o preso estaria amea\u00e7ando outras v\u00edtimas\u201d<\/em>, informou a PCMG.<\/p>\n\n\n\n<p>&#8212;&#8212;&#8212;&#8212;&#8212;&#8212;<br><em>Quer receber as not\u00edcias do <strong>Aconteceu no Vale<\/strong> em primeira m\u00e3o? Siga-nos no Facebook <a rel=\"noreferrer noopener\" href=\"http:\/\/facebook.com\/aconteceunovale\" target=\"_blank\">@aconteceunovale<\/a>, Twitter <a rel=\"noreferrer noopener\" href=\"https:\/\/twitter.com\/noticiadosvales\" target=\"_blank\">@noticiadosvales<\/a> e Instagram <a rel=\"noreferrer noopener\" href=\"https:\/\/www.instagram.com\/aconteceunovale\" target=\"_blank\">@aconteceunovale<\/a>.<\/em><\/p>\n","protected":false},"excerpt":{"rendered":"<p>A Pol\u00edcia Civil de Minas Gerais (PCMG), em a\u00e7\u00e3o conjunta com a Pol\u00edcia Militar, prendeu nessa quarta-feira (10\/3\/2021), na zona rural de Rio Pardo de Minas, um homem de 32 anos. Ele \u00e9 suspeito de matar um comerciante local. Conforme as investiga\u00e7\u00f5es, o crime teria sido motivado por desentendimento dos envolvidos em raz\u00e3o de uma [&hellip;]<\/p>\n","protected":false},"author":4,"featured_media":151866,"comment_status":"open","ping_status":"closed","sticky":false,"template":"","format":"standard","meta":{"amp_status":"","footnotes":""},"categories":[1236],"tags":[239553,239551,239550,239554,239552,210418,239549,604,38187,421,239548],"class_list":["post-175202","post","type-post","status-publish","format-standard","has-post-thumbnail","hentry","category-norte_de_minas","tag-comerciante-assassinado-em-rio-pardo-de-minas","tag-comerciante-morto-em-nova-aurora-rio-pardo-de-minas","tag-comerciante-morto-em-rio-pardo-de-minas","tag-delegado-fernando-bottoni","tag-morte-de-comerciante-em-rio-pardo-de-minas","tag-nova-aurora","tag-nova-aurora-rio-pardo-de-minas","tag-pcmg","tag-pmmg","tag-rio-pardo-de-minas","tag-suspeito-de-matar-comerciante-e-preso-em-rio-pardo-de-minas"],"_links":{"self":[{"href":"https:\/\/aconteceunovale.com.br\/portal\/index.php?rest_route=\/wp\/v2\/posts\/175202","targetHints":{"allow":["GET"]}}],"collection":[{"href":"https:\/\/aconteceunovale.com.br\/portal\/index.php?rest_route=\/wp\/v2\/posts"}],"about":[{"href":"https:\/\/aconteceunovale.com.br\/portal\/index.php?rest_route=\/wp\/v2\/types\/post"}],"author":[{"embeddable":true,"href":"https:\/\/aconteceunovale.com.br\/portal\/index.php?rest_route=\/wp\/v2\/users\/4"}],"replies":[{"embeddable":true,"href":"https:\/\/aconteceunovale.com.br\/portal\/index.php?rest_route=%2Fwp%2Fv2%2Fcomments&post=175202"}],"version-history":[{"count":2,"href":"https:\/\/aconteceunovale.com.br\/portal\/index.php?rest_route=\/wp\/v2\/posts\/175202\/revisions"}],"predecessor-version":[{"id":175205,"href":"https:\/\/aconteceunovale.com.br\/portal\/index.php?rest_route=\/wp\/v2\/posts\/175202\/revisions\/175205"}],"wp:featuredmedia":[{"embeddable":true,"href":"https:\/\/aconteceunovale.com.br\/portal\/index.php?rest_route=\/wp\/v2\/media\/151866"}],"wp:attachment":[{"href":"https:\/\/aconteceunovale.com.br\/portal\/index.php?rest_route=%2Fwp%2Fv2%2Fmedia&parent=175202"}],"wp:term":[{"taxonomy":"category","embeddable":true,"href":"https:\/\/aconteceunovale.com.br\/portal\/index.php?rest_route=%2Fwp%2Fv2%2Fcategories&post=175202"},{"taxonomy":"post_tag","embeddable":true,"href":"https:\/\/aconteceunovale.com.br\/portal\/index.php?rest_route=%2Fwp%2Fv2%2Ftags&post=175202"}],"curies":[{"name":"wp","href":"https:\/\/api.w.org\/{rel}","templated":true}]}}