{"id":175120,"date":"2021-03-08T20:55:08","date_gmt":"2021-03-08T23:55:08","guid":{"rendered":"https:\/\/aconteceunovale.com.br\/portal\/?p=175120"},"modified":"2021-03-08T20:58:49","modified_gmt":"2021-03-08T23:58:49","slug":"foragido-da-justica-por-homicidio-em-santa-maria-do-suacui-e-preso-no-espirito-santo","status":"publish","type":"post","link":"https:\/\/aconteceunovale.com.br\/portal\/?p=175120","title":{"rendered":"Foragido da Justi\u00e7a por homic\u00eddio em Santa Maria do Sua\u00e7u\u00ed \u00e9 preso no Esp\u00edrito Santo"},"content":{"rendered":"\n<p class=\"wp-block-paragraph\">Um suspeito de cometer homic\u00eddio em Santa Maria do Sua\u00e7u\u00ed, na regi\u00e3o do Vale do Rio Doce, foi preso pela Pol\u00edcia Civil de Minas Gerais (PCMG) nesta segunda-feira (8\/3\/2021). O crime aconteceu no dia <a rel=\"noreferrer noopener\" href=\"https:\/\/aconteceunovale.com.br\/portal\/?p=173821\" target=\"_blank\">13 de fevereiro deste ano, quando a v\u00edtima, um homem de 42 anos, foi morta a tiros<\/a>. Contra o investigado, havia um mandado de pris\u00e3o em aberto.<\/p>\n\n\n\n<p class=\"wp-block-paragraph\">De acordo com as investiga\u00e7\u00f5es, a v\u00edtima foi at\u00e9 o bar do suspeito, de 31 anos, para consumir bebida alco\u00f3lica, realizou o pedido e se sentou na cal\u00e7ada. Nesse momento, o suspeito teria chegado pela lateral e atirado na cabe\u00e7a do homem. A motiva\u00e7\u00e3o do crime seria um desacerto na aquisi\u00e7\u00e3o de um lote e de um gerador de energia. Ap\u00f3s os fatos, o investigado fugiu, permanecendo foragido desde ent\u00e3o.<\/p>\n\n\n\n<p class=\"wp-block-paragraph\">Durante as dilig\u00eancias, realizadas no distrito de Samambaia, munic\u00edpio de Guarapari, no Estado do Esp\u00edrito Santo, os policiais civis prenderam o suspeito e arrecadaram, aproximadamente, 150 gramas de coca\u00edna, por\u00e7\u00f5es de maconha e papelotes comumente utilizados para armazenar drogas. Por esse motivo, o homem foi conduzido \u00e0 Delegacia de Pol\u00edcia Civil local, sendo apresentado \u00e0 autoridade policial que lavrar\u00e1 o auto de pris\u00e3o em flagrante.<\/p>\n\n\n\n<p class=\"wp-block-paragraph\">Segundo o delegado Douglas Mota, que conduz as investiga\u00e7\u00f5es do caso, o suspeito ainda \u00e9 investigado por poss\u00edvel participa\u00e7\u00e3o em, pelo menos, outros seis homic\u00eddios. <em>\u201cEsse homem possui envolvimento pol\u00edtico na comunidade, sendo suspeito de realizar o controle de eleitores e correligion\u00e1rias no local em que se deram os fatos e onde ele estaria chefiando o tr\u00e1fico\u201d<\/em>, informa.<\/p>\n\n\n\n<p class=\"wp-block-paragraph\">Ainda de acordo com Mota, a pris\u00e3o do suspeito, considerado de alta periculosidade, \u00e9 fruto de esfor\u00e7os conjuntos entre as pol\u00edcias civis de Minas Gerais e do Esp\u00edrito Santo. <em>&#8220;O interc\u00e2mbio de informa\u00e7\u00f5es entre as pol\u00edcias foi crucial. Essa \u00e9 a resposta que as institui\u00e7\u00f5es policiais t\u00eam para os criminosos: n\u00e3o adianta se esconderem, pois n\u00f3s trabalhamos diuturnamente para localiz\u00e1-los e retir\u00e1-los do conv\u00edvio da sociedade, que clama por seguran\u00e7a e justi\u00e7a\u201d<\/em>, salienta.<\/p>\n\n\n\n<p class=\"wp-block-paragraph\">&#8212;&#8212;&#8212;&#8212;&#8212;&#8212;<br><em>Quer receber as not\u00edcias do <strong>Aconteceu no Vale<\/strong> em primeira m\u00e3o? Siga-nos no Facebook <a rel=\"noreferrer noopener\" href=\"http:\/\/facebook.com\/aconteceunovale\" target=\"_blank\">@aconteceunovale<\/a>, Twitter <a rel=\"noreferrer noopener\" href=\"https:\/\/twitter.com\/noticiadosvales\" target=\"_blank\">@noticiadosvales<\/a> e Instagram <a rel=\"noreferrer noopener\" href=\"https:\/\/www.instagram.com\/aconteceunovale\" target=\"_blank\">@aconteceunovale<\/a>.<\/em><\/p>\n","protected":false},"excerpt":{"rendered":"<p>Um suspeito de cometer homic\u00eddio em Santa Maria do Sua\u00e7u\u00ed, na regi\u00e3o do Vale do Rio Doce, foi preso pela Pol\u00edcia Civil de Minas Gerais (PCMG) nesta segunda-feira (8\/3\/2021). O crime aconteceu no dia 13 de fevereiro deste ano, quando a v\u00edtima, um homem de 42 anos, foi morta a tiros. Contra o investigado, havia [&hellip;]<\/p>\n","protected":false},"author":4,"featured_media":102361,"comment_status":"open","ping_status":"closed","sticky":false,"template":"","format":"standard","meta":{"amp_status":"","footnotes":""},"categories":[6,121],"tags":[237281,220577,1018,239435,239433,239436,26931,237280,207601,215153,239438,158418,237282,215154,156964,604,44644,156963,239437,239434,240],"class_list":["post-175120","post","type-post","status-publish","format-standard","has-post-thumbnail","hentry","category-br","category-leste","tag-assassinato-em-santa-maria-do-suacui","tag-delegado-douglas-mota","tag-destaque","tag-foragido-da-justica-de-santa-maria-do-suacui","tag-foragido-da-justica-por-homicidio-em-santa-maria-do-suacui-e-preso-no-espirito-santo","tag-foragido-por-homicidio-em-santa-maria-do-suacui","tag-guarapari","tag-homem-assassinado-em-santa-maria-do-suacui","tag-homem-e-assassinado-em-santa-maria-do-suacui","tag-homem-morto-em-santa-maria-do-suacui","tag-homicida-preso-em-guarapari","tag-homicidio-em-santa-maria-do-suacui","tag-marcos-gomes-da-silva","tag-morte-em-santa-maria-do-suacui","tag-pces","tag-pcmg","tag-policia-civil-de-minas-gerais","tag-policia-civil-do-espirito-santo","tag-preso-em-guarapari","tag-preso-por-homicidio-em-santa-maria-do-suacui","tag-santa-maria-do-suacui"],"yoast_head":"<!-- This site is optimized with the Yoast SEO plugin v28.3 - https:\/\/yoast.com\/product\/yoast-seo-wordpress\/ -->\n<title>Foragido da Justi\u00e7a por homic\u00eddio em Santa Maria do Sua\u00e7u\u00ed \u00e9 preso no Esp\u00edrito Santo - Aconteceu no Vale<\/title>\n<meta name=\"robots\" content=\"index, follow, max-snippet:-1, max-image-preview:large, max-video-preview:-1\" \/>\n<link rel=\"canonical\" href=\"https:\/\/aconteceunovale.com.br\/portal\/?p=175120\" \/>\n<meta property=\"og:locale\" content=\"pt_BR\" \/>\n<meta property=\"og:type\" content=\"article\" \/>\n<meta property=\"og:title\" content=\"Foragido da Justi\u00e7a por homic\u00eddio em Santa Maria do Sua\u00e7u\u00ed \u00e9 preso no Esp\u00edrito Santo - Aconteceu no Vale\" \/>\n<meta property=\"og:description\" content=\"Um suspeito de cometer homic\u00eddio em Santa Maria do Sua\u00e7u\u00ed, na regi\u00e3o do Vale do Rio Doce, foi preso pela Pol\u00edcia Civil de Minas Gerais (PCMG) nesta segunda-feira (8\/3\/2021). O crime aconteceu no dia 13 de fevereiro deste ano, quando a v\u00edtima, um homem de 42 anos, foi morta a tiros. Contra o investigado, havia [&hellip;]\" \/>\n<meta property=\"og:url\" content=\"https:\/\/aconteceunovale.com.br\/portal\/?p=175120\" \/>\n<meta property=\"og:site_name\" content=\"Aconteceu no Vale\" \/>\n<meta property=\"article:publisher\" content=\"https:\/\/www.facebook.com\/aconteceunovale\/\" \/>\n<meta property=\"article:published_time\" content=\"2021-03-08T23:55:08+00:00\" \/>\n<meta property=\"article:modified_time\" content=\"2021-03-08T23:58:49+00:00\" \/>\n<meta property=\"og:image\" content=\"https:\/\/aconteceunovale.com.br\/portal\/wp-content\/uploads\/2016\/11\/preso.jpg\" \/>\n\t<meta property=\"og:image:width\" content=\"648\" \/>\n\t<meta property=\"og:image:height\" content=\"384\" \/>\n\t<meta property=\"og:image:type\" content=\"image\/jpeg\" \/>\n<meta name=\"author\" content=\"Reda\u00e7\u00e3o Aconteceu no Vale\" \/>\n<meta name=\"twitter:card\" content=\"summary_large_image\" \/>\n<meta name=\"twitter:creator\" content=\"@noticiadosvales\" \/>\n<meta name=\"twitter:site\" content=\"@noticiadosvales\" \/>\n<meta name=\"twitter:label1\" content=\"Escrito por\" \/>\n\t<meta name=\"twitter:data1\" content=\"Reda\u00e7\u00e3o Aconteceu no Vale\" \/>\n\t<meta name=\"twitter:label2\" content=\"Est. tempo de leitura\" \/>\n\t<meta name=\"twitter:data2\" content=\"2 minutos\" \/>\n<script type=\"application\/ld+json\" class=\"yoast-schema-graph\">{\"@context\":\"https:\\\/\\\/schema.org\",\"@graph\":[{\"@type\":\"Article\",\"@id\":\"https:\\\/\\\/aconteceunovale.com.br\\\/portal\\\/?p=175120#article\",\"isPartOf\":{\"@id\":\"https:\\\/\\\/aconteceunovale.com.br\\\/portal\\\/?p=175120\"},\"author\":{\"name\":\"Reda\u00e7\u00e3o Aconteceu no Vale\",\"@id\":\"https:\\\/\\\/aconteceunovale.com.br\\\/portal\\\/#\\\/schema\\\/person\\\/7d2f26d1483f8a63de73da1ee0754d35\"},\"headline\":\"Foragido da Justi\u00e7a por homic\u00eddio em Santa Maria do Sua\u00e7u\u00ed \u00e9 preso no Esp\u00edrito Santo\",\"datePublished\":\"2021-03-08T23:55:08+00:00\",\"dateModified\":\"2021-03-08T23:58:49+00:00\",\"mainEntityOfPage\":{\"@id\":\"https:\\\/\\\/aconteceunovale.com.br\\\/portal\\\/?p=175120\"},\"wordCount\":403,\"commentCount\":0,\"image\":{\"@id\":\"https:\\\/\\\/aconteceunovale.com.br\\\/portal\\\/?p=175120#primaryimage\"},\"thumbnailUrl\":\"https:\\\/\\\/aconteceunovale.com.br\\\/portal\\\/wp-content\\\/uploads\\\/2016\\\/11\\\/preso.jpg\",\"keywords\":[\"Assassinato em Santa Maria do Sua\u00e7u\u00ed\",\"Delegado Douglas Mota\",\"destaque\",\"Foragido da Justi\u00e7a de Santa Maria do Sua\u00e7u\u00ed\",\"Foragido da Justi\u00e7a por homic\u00eddio em Santa Maria do Sua\u00e7u\u00ed \u00e9 preso no Esp\u00edrito Santo\",\"Foragido por homic\u00eddio em Santa Maria do Sua\u00e7u\u00ed\",\"Guarapari\",\"Homem assassinado em Santa Maria do Sua\u00e7u\u00ed\",\"Homem \u00e9 assassinado em Santa Maria do Sua\u00e7u\u00ed\",\"Homem morto em Santa Maria do Sua\u00e7u\u00ed\",\"Homicida preso em Guarapari\",\"Homic\u00eddio em Santa Maria do Sua\u00e7u\u00ed\",\"Marcos Gomes da Silva\",\"Morte em Santa Maria do Sua\u00e7u\u00ed\",\"PCES\",\"PCMG\",\"Pol\u00edcia Civil de Minas Gerais\",\"Pol\u00edcia Civil do Esp\u00edrito Santo\",\"Preso em Guarapari\",\"Preso por homic\u00eddio em Santa Maria do Sua\u00e7u\u00ed\",\"Santa Maria do Sua\u00e7u\u00ed\"],\"articleSection\":[\"Brasil\",\"Leste de Minas\"],\"inLanguage\":\"pt-BR\",\"potentialAction\":[{\"@type\":\"CommentAction\",\"name\":\"Comment\",\"target\":[\"https:\\\/\\\/aconteceunovale.com.br\\\/portal\\\/?p=175120#respond\"]}]},{\"@type\":\"WebPage\",\"@id\":\"https:\\\/\\\/aconteceunovale.com.br\\\/portal\\\/?p=175120\",\"url\":\"https:\\\/\\\/aconteceunovale.com.br\\\/portal\\\/?p=175120\",\"name\":\"Foragido da Justi\u00e7a por homic\u00eddio em Santa Maria do Sua\u00e7u\u00ed \u00e9 preso no Esp\u00edrito Santo - Aconteceu no Vale\",\"isPartOf\":{\"@id\":\"https:\\\/\\\/aconteceunovale.com.br\\\/portal\\\/#website\"},\"primaryImageOfPage\":{\"@id\":\"https:\\\/\\\/aconteceunovale.com.br\\\/portal\\\/?p=175120#primaryimage\"},\"image\":{\"@id\":\"https:\\\/\\\/aconteceunovale.com.br\\\/portal\\\/?p=175120#primaryimage\"},\"thumbnailUrl\":\"https:\\\/\\\/aconteceunovale.com.br\\\/portal\\\/wp-content\\\/uploads\\\/2016\\\/11\\\/preso.jpg\",\"datePublished\":\"2021-03-08T23:55:08+00:00\",\"dateModified\":\"2021-03-08T23:58:49+00:00\",\"author\":{\"@id\":\"https:\\\/\\\/aconteceunovale.com.br\\\/portal\\\/#\\\/schema\\\/person\\\/7d2f26d1483f8a63de73da1ee0754d35\"},\"breadcrumb\":{\"@id\":\"https:\\\/\\\/aconteceunovale.com.br\\\/portal\\\/?p=175120#breadcrumb\"},\"inLanguage\":\"pt-BR\",\"potentialAction\":[{\"@type\":\"ReadAction\",\"target\":[\"https:\\\/\\\/aconteceunovale.com.br\\\/portal\\\/?p=175120\"]}]},{\"@type\":\"ImageObject\",\"inLanguage\":\"pt-BR\",\"@id\":\"https:\\\/\\\/aconteceunovale.com.br\\\/portal\\\/?p=175120#primaryimage\",\"url\":\"https:\\\/\\\/aconteceunovale.com.br\\\/portal\\\/wp-content\\\/uploads\\\/2016\\\/11\\\/preso.jpg\",\"contentUrl\":\"https:\\\/\\\/aconteceunovale.com.br\\\/portal\\\/wp-content\\\/uploads\\\/2016\\\/11\\\/preso.jpg\",\"width\":648,\"height\":384},{\"@type\":\"BreadcrumbList\",\"@id\":\"https:\\\/\\\/aconteceunovale.com.br\\\/portal\\\/?p=175120#breadcrumb\",\"itemListElement\":[{\"@type\":\"ListItem\",\"position\":1,\"name\":\"In\u00edcio\",\"item\":\"https:\\\/\\\/aconteceunovale.com.br\\\/portal\\\/\"},{\"@type\":\"ListItem\",\"position\":2,\"name\":\"Foragido da Justi\u00e7a por homic\u00eddio em Santa Maria do Sua\u00e7u\u00ed \u00e9 preso no Esp\u00edrito Santo\"}]},{\"@type\":\"WebSite\",\"@id\":\"https:\\\/\\\/aconteceunovale.com.br\\\/portal\\\/#website\",\"url\":\"https:\\\/\\\/aconteceunovale.com.br\\\/portal\\\/\",\"name\":\"Aconteceu no Vale\",\"description\":\"Portal de Not\u00edcias\",\"potentialAction\":[{\"@type\":\"SearchAction\",\"target\":{\"@type\":\"EntryPoint\",\"urlTemplate\":\"https:\\\/\\\/aconteceunovale.com.br\\\/portal\\\/?s={search_term_string}\"},\"query-input\":{\"@type\":\"PropertyValueSpecification\",\"valueRequired\":true,\"valueName\":\"search_term_string\"}}],\"inLanguage\":\"pt-BR\"},{\"@type\":\"Person\",\"@id\":\"https:\\\/\\\/aconteceunovale.com.br\\\/portal\\\/#\\\/schema\\\/person\\\/7d2f26d1483f8a63de73da1ee0754d35\",\"name\":\"Reda\u00e7\u00e3o Aconteceu no Vale\",\"description\":\"Equipe de reportagem do Aconteceu no Vale, portal de not\u00edcias do Vale do Jequitinhonha, em Minas Gerais. Cobrimos as 51 cidades do Vale desde 2013. Sugest\u00f5es de pauta e pedidos de corre\u00e7\u00e3o: contato@aconteceunovale.com.br\",\"url\":\"https:\\\/\\\/aconteceunovale.com.br\\\/portal\\\/?author=4\"}]}<\/script>\n<!-- \/ Yoast SEO plugin. -->","yoast_head_json":{"title":"Foragido da Justi\u00e7a por homic\u00eddio em Santa Maria do Sua\u00e7u\u00ed \u00e9 preso no Esp\u00edrito Santo - Aconteceu no Vale","robots":{"index":"index","follow":"follow","max-snippet":"max-snippet:-1","max-image-preview":"max-image-preview:large","max-video-preview":"max-video-preview:-1"},"canonical":"https:\/\/aconteceunovale.com.br\/portal\/?p=175120","og_locale":"pt_BR","og_type":"article","og_title":"Foragido da Justi\u00e7a por homic\u00eddio em Santa Maria do Sua\u00e7u\u00ed \u00e9 preso no Esp\u00edrito Santo - Aconteceu no Vale","og_description":"Um suspeito de cometer homic\u00eddio em Santa Maria do Sua\u00e7u\u00ed, na regi\u00e3o do Vale do Rio Doce, foi preso pela Pol\u00edcia Civil de Minas Gerais (PCMG) nesta segunda-feira (8\/3\/2021). O crime aconteceu no dia 13 de fevereiro deste ano, quando a v\u00edtima, um homem de 42 anos, foi morta a tiros. Contra o investigado, havia [&hellip;]","og_url":"https:\/\/aconteceunovale.com.br\/portal\/?p=175120","og_site_name":"Aconteceu no Vale","article_publisher":"https:\/\/www.facebook.com\/aconteceunovale\/","article_published_time":"2021-03-08T23:55:08+00:00","article_modified_time":"2021-03-08T23:58:49+00:00","og_image":[{"width":648,"height":384,"url":"https:\/\/aconteceunovale.com.br\/portal\/wp-content\/uploads\/2016\/11\/preso.jpg","type":"image\/jpeg"}],"author":"Reda\u00e7\u00e3o Aconteceu no Vale","twitter_card":"summary_large_image","twitter_creator":"@noticiadosvales","twitter_site":"@noticiadosvales","twitter_misc":{"Escrito por":"Reda\u00e7\u00e3o Aconteceu no Vale","Est. tempo de leitura":"2 minutos"},"schema":{"@context":"https:\/\/schema.org","@graph":[{"@type":"Article","@id":"https:\/\/aconteceunovale.com.br\/portal\/?p=175120#article","isPartOf":{"@id":"https:\/\/aconteceunovale.com.br\/portal\/?p=175120"},"author":{"name":"Reda\u00e7\u00e3o Aconteceu no Vale","@id":"https:\/\/aconteceunovale.com.br\/portal\/#\/schema\/person\/7d2f26d1483f8a63de73da1ee0754d35"},"headline":"Foragido da Justi\u00e7a por homic\u00eddio em Santa Maria do Sua\u00e7u\u00ed \u00e9 preso no Esp\u00edrito Santo","datePublished":"2021-03-08T23:55:08+00:00","dateModified":"2021-03-08T23:58:49+00:00","mainEntityOfPage":{"@id":"https:\/\/aconteceunovale.com.br\/portal\/?p=175120"},"wordCount":403,"commentCount":0,"image":{"@id":"https:\/\/aconteceunovale.com.br\/portal\/?p=175120#primaryimage"},"thumbnailUrl":"https:\/\/aconteceunovale.com.br\/portal\/wp-content\/uploads\/2016\/11\/preso.jpg","keywords":["Assassinato em Santa Maria do Sua\u00e7u\u00ed","Delegado Douglas Mota","destaque","Foragido da Justi\u00e7a de Santa Maria do Sua\u00e7u\u00ed","Foragido da Justi\u00e7a por homic\u00eddio em Santa Maria do Sua\u00e7u\u00ed \u00e9 preso no Esp\u00edrito Santo","Foragido por homic\u00eddio em Santa Maria do Sua\u00e7u\u00ed","Guarapari","Homem assassinado em Santa Maria do Sua\u00e7u\u00ed","Homem \u00e9 assassinado em Santa Maria do Sua\u00e7u\u00ed","Homem morto em Santa Maria do Sua\u00e7u\u00ed","Homicida preso em Guarapari","Homic\u00eddio em Santa Maria do Sua\u00e7u\u00ed","Marcos Gomes da Silva","Morte em Santa Maria do Sua\u00e7u\u00ed","PCES","PCMG","Pol\u00edcia Civil de Minas Gerais","Pol\u00edcia Civil do Esp\u00edrito Santo","Preso em Guarapari","Preso por homic\u00eddio em Santa Maria do Sua\u00e7u\u00ed","Santa Maria do Sua\u00e7u\u00ed"],"articleSection":["Brasil","Leste de Minas"],"inLanguage":"pt-BR","potentialAction":[{"@type":"CommentAction","name":"Comment","target":["https:\/\/aconteceunovale.com.br\/portal\/?p=175120#respond"]}]},{"@type":"WebPage","@id":"https:\/\/aconteceunovale.com.br\/portal\/?p=175120","url":"https:\/\/aconteceunovale.com.br\/portal\/?p=175120","name":"Foragido da Justi\u00e7a por homic\u00eddio em Santa Maria do Sua\u00e7u\u00ed \u00e9 preso no Esp\u00edrito Santo - Aconteceu no Vale","isPartOf":{"@id":"https:\/\/aconteceunovale.com.br\/portal\/#website"},"primaryImageOfPage":{"@id":"https:\/\/aconteceunovale.com.br\/portal\/?p=175120#primaryimage"},"image":{"@id":"https:\/\/aconteceunovale.com.br\/portal\/?p=175120#primaryimage"},"thumbnailUrl":"https:\/\/aconteceunovale.com.br\/portal\/wp-content\/uploads\/2016\/11\/preso.jpg","datePublished":"2021-03-08T23:55:08+00:00","dateModified":"2021-03-08T23:58:49+00:00","author":{"@id":"https:\/\/aconteceunovale.com.br\/portal\/#\/schema\/person\/7d2f26d1483f8a63de73da1ee0754d35"},"breadcrumb":{"@id":"https:\/\/aconteceunovale.com.br\/portal\/?p=175120#breadcrumb"},"inLanguage":"pt-BR","potentialAction":[{"@type":"ReadAction","target":["https:\/\/aconteceunovale.com.br\/portal\/?p=175120"]}]},{"@type":"ImageObject","inLanguage":"pt-BR","@id":"https:\/\/aconteceunovale.com.br\/portal\/?p=175120#primaryimage","url":"https:\/\/aconteceunovale.com.br\/portal\/wp-content\/uploads\/2016\/11\/preso.jpg","contentUrl":"https:\/\/aconteceunovale.com.br\/portal\/wp-content\/uploads\/2016\/11\/preso.jpg","width":648,"height":384},{"@type":"BreadcrumbList","@id":"https:\/\/aconteceunovale.com.br\/portal\/?p=175120#breadcrumb","itemListElement":[{"@type":"ListItem","position":1,"name":"In\u00edcio","item":"https:\/\/aconteceunovale.com.br\/portal\/"},{"@type":"ListItem","position":2,"name":"Foragido da Justi\u00e7a por homic\u00eddio em Santa Maria do Sua\u00e7u\u00ed \u00e9 preso no Esp\u00edrito Santo"}]},{"@type":"WebSite","@id":"https:\/\/aconteceunovale.com.br\/portal\/#website","url":"https:\/\/aconteceunovale.com.br\/portal\/","name":"Aconteceu no Vale","description":"Portal de Not\u00edcias","potentialAction":[{"@type":"SearchAction","target":{"@type":"EntryPoint","urlTemplate":"https:\/\/aconteceunovale.com.br\/portal\/?s={search_term_string}"},"query-input":{"@type":"PropertyValueSpecification","valueRequired":true,"valueName":"search_term_string"}}],"inLanguage":"pt-BR"},{"@type":"Person","@id":"https:\/\/aconteceunovale.com.br\/portal\/#\/schema\/person\/7d2f26d1483f8a63de73da1ee0754d35","name":"Reda\u00e7\u00e3o Aconteceu no Vale","description":"Equipe de reportagem do Aconteceu no Vale, portal de not\u00edcias do Vale do Jequitinhonha, em Minas Gerais. Cobrimos as 51 cidades do Vale desde 2013. Sugest\u00f5es de pauta e pedidos de corre\u00e7\u00e3o: contato@aconteceunovale.com.br","url":"https:\/\/aconteceunovale.com.br\/portal\/?author=4"}]}},"_links":{"self":[{"href":"https:\/\/aconteceunovale.com.br\/portal\/index.php?rest_route=\/wp\/v2\/posts\/175120","targetHints":{"allow":["GET"]}}],"collection":[{"href":"https:\/\/aconteceunovale.com.br\/portal\/index.php?rest_route=\/wp\/v2\/posts"}],"about":[{"href":"https:\/\/aconteceunovale.com.br\/portal\/index.php?rest_route=\/wp\/v2\/types\/post"}],"author":[{"embeddable":true,"href":"https:\/\/aconteceunovale.com.br\/portal\/index.php?rest_route=\/wp\/v2\/users\/4"}],"replies":[{"embeddable":true,"href":"https:\/\/aconteceunovale.com.br\/portal\/index.php?rest_route=%2Fwp%2Fv2%2Fcomments&post=175120"}],"version-history":[{"count":2,"href":"https:\/\/aconteceunovale.com.br\/portal\/index.php?rest_route=\/wp\/v2\/posts\/175120\/revisions"}],"predecessor-version":[{"id":175123,"href":"https:\/\/aconteceunovale.com.br\/portal\/index.php?rest_route=\/wp\/v2\/posts\/175120\/revisions\/175123"}],"wp:featuredmedia":[{"embeddable":true,"href":"https:\/\/aconteceunovale.com.br\/portal\/index.php?rest_route=\/wp\/v2\/media\/102361"}],"wp:attachment":[{"href":"https:\/\/aconteceunovale.com.br\/portal\/index.php?rest_route=%2Fwp%2Fv2%2Fmedia&parent=175120"}],"wp:term":[{"taxonomy":"category","embeddable":true,"href":"https:\/\/aconteceunovale.com.br\/portal\/index.php?rest_route=%2Fwp%2Fv2%2Fcategories&post=175120"},{"taxonomy":"post_tag","embeddable":true,"href":"https:\/\/aconteceunovale.com.br\/portal\/index.php?rest_route=%2Fwp%2Fv2%2Ftags&post=175120"}],"curies":[{"name":"wp","href":"https:\/\/api.w.org\/{rel}","templated":true}]}}