{"id":175111,"date":"2021-03-08T16:28:00","date_gmt":"2021-03-08T19:28:00","guid":{"rendered":"https:\/\/aconteceunovale.com.br\/portal\/?p=175111"},"modified":"2021-03-08T20:16:43","modified_gmt":"2021-03-08T23:16:43","slug":"edson-fachin-anula-condenacoes-do-ex-presidente-lula-na-lava-jato","status":"publish","type":"post","link":"https:\/\/aconteceunovale.com.br\/portal\/?p=175111","title":{"rendered":"Edson Fachin anula condena\u00e7\u00f5es do ex-presidente Lula na Lava Jato"},"content":{"rendered":"\n<p class=\"wp-block-paragraph\">O ministro Edson Fachin, do Supremo Tribunal Federal (STF), decidiu hoje (8\/3\/2021) anular as condena\u00e7\u00f5es de Luiz In\u00e1cio Lula da Silva na Opera\u00e7\u00e3o Lava Jato. Na decis\u00e3o, Fachin entendeu que a 13\u00aa Vara Federal em Curitiba n\u00e3o tinha compet\u00eancia legal para julgar as acusa\u00e7\u00f5es. Com a decis\u00e3o, o ex-presidente n\u00e3o ter\u00e1 mais restri\u00e7\u00f5es na Justi\u00e7a Eleitoral e est\u00e1 eleg\u00edvel para disputar um cargo p\u00fablico.&nbsp;<\/p>\n\n\n\n<figure class=\"wp-block-gallery columns-1 is-cropped wp-block-gallery-1 is-layout-flex wp-block-gallery-is-layout-flex\"><ul class=\"blocks-gallery-grid\"><li class=\"blocks-gallery-item\"><figure><img loading=\"lazy\" decoding=\"async\" width=\"678\" height=\"406\" src=\"https:\/\/aconteceunovale.com.br\/portal\/wp-content\/uploads\/2021\/03\/fachin.jpg\" alt=\"\" data-id=\"175114\" class=\"wp-image-175114\" srcset=\"https:\/\/aconteceunovale.com.br\/portal\/wp-content\/uploads\/2021\/03\/fachin.jpg 678w, https:\/\/aconteceunovale.com.br\/portal\/wp-content\/uploads\/2021\/03\/fachin-300x180.jpg 300w\" sizes=\"auto, (max-width: 678px) 100vw, 678px\" \/><figcaption class=\"blocks-gallery-item__caption\"><em>Edson Fachin (Foto: Carlos Alves Moura \/ Reprodu\u00e7\u00e3o Ag\u00eancia Brasil)<\/em><\/figcaption><\/figure><\/li><\/ul><\/figure>\n\n\n\n<p class=\"wp-block-paragraph\">Pela decis\u00e3o, ficam anuladas as condena\u00e7\u00f5es nos casos do triplex do Guaruj\u00e1 (SP), com pena de 8 anos e 10 meses de pris\u00e3o, e do s\u00edtio em Atibaia, na qual Lula recebeu pena de 17 anos de pris\u00e3o. Os processos dever\u00e3o ser remetidos para a Justi\u00e7a Federal em Bras\u00edlia para nova an\u00e1lise do caso.&nbsp;<\/p>\n\n\n\n<p class=\"wp-block-paragraph\">A anula\u00e7\u00e3o ocorreu porque Fachin reconheceu que as acusa\u00e7\u00f5es da for\u00e7a-tarefa da Lava Jato contra Lula n\u00e3o estavam relacionadas diretamente com os desvios na Petrobras. Dessa forma, seguido precedentes da Corte, o ministro remeteu os processos para a Justi\u00e7a Federal em Bras\u00edlia.&nbsp;<\/p>\n\n\n\n<p class=\"wp-block-paragraph\"><em>&#8220;Apesar de vencido diversas vezes quanto a tema, o relator [Fachin], tendo em considera\u00e7\u00e3o a evolu\u00e7\u00e3o da mat\u00e9ria na 2\u00aa Turma em casos semelhantes, entendeu que deve ser aplicado ao ex-presidente da Rep\u00fablica o mesmo entendimento, reconhecendo-se que a 13\u00aa Vara Federal de Curitiba n\u00e3o era o juiz natural dos casos\u201d<\/em>, diz nota do gabinete de Fachin.\u00a0<\/p>\n\n\n\n<p class=\"wp-block-paragraph\">A condena\u00e7\u00e3o no caso do triplex foi proferida pelo ent\u00e3o juiz Sergio Moro. No caso do s\u00edtio de Atibaia, Lula foi sentenciado pela ju\u00edza Gabriela Hardt.&nbsp;<\/p>\n\n\n\n<p class=\"wp-block-paragraph\">A decis\u00e3o tamb\u00e9m atinge o processo sobre supostas doa\u00e7\u00f5es irregulares ao Instituto Lula. O processo ainda est\u00e1 em tramita\u00e7\u00e3o na 13\u00aa Vara e tamb\u00e9m dever\u00e1 ser enviado para Bras\u00edlia.\u00a0<\/p>\n\n\n\n<h2 class=\"wp-block-heading\">Defesa<\/h2>\n\n\n\n<p class=\"wp-block-paragraph\">Em nota, a defesa de Lula declarou que recebeu a decis\u00e3o com serenidade. Os advogados Cristiano Zanin e Valeska Teixeira Zanin Martins afirmaram que sempre sustentaram que as acusa\u00e7\u00f5es contra o ex-presidente nunca tiveram rela\u00e7\u00e3o com os desvios na Petrobras.&nbsp;<\/p>\n\n\n\n<p class=\"wp-block-paragraph\"><em>\u201cPor isso, a decis\u00e3o que\u00a0hoje\u00a0afirma a incompet\u00eancia da Justi\u00e7a Federal de Curitiba \u00e9 o reconhecimento de que sempre estivemos corretos nessa longa batalha jur\u00eddica, na qual nunca tivemos que mudar nossos fundamentos para demonstrar a nulidade dos processos e a inoc\u00eancia do ex-presidente Lula e o\u00a0lawfare\u00a0que estava sendo praticado contra ele\u201d<\/em>, diz a nota.\u00a0<\/p>\n\n\n\n<p class=\"wp-block-paragraph\">&#8212;&#8212;&#8212;&#8212;&#8212;&#8212;<br><em>Quer receber as not\u00edcias do <strong>Aconteceu no Vale<\/strong> em primeira m\u00e3o? Siga-nos no Facebook <a rel=\"noreferrer noopener\" href=\"http:\/\/facebook.com\/aconteceunovale\" target=\"_blank\">@aconteceunovale<\/a>, Twitter <a rel=\"noreferrer noopener\" href=\"https:\/\/twitter.com\/noticiadosvales\" target=\"_blank\">@noticiadosvales<\/a> e Instagram <a rel=\"noreferrer noopener\" href=\"https:\/\/www.instagram.com\/aconteceunovale\" target=\"_blank\">@aconteceunovale<\/a>.<\/em><\/p>\n","protected":false},"excerpt":{"rendered":"<p>O ministro Edson Fachin, do Supremo Tribunal Federal (STF), decidiu hoje (8\/3\/2021) anular as condena\u00e7\u00f5es de Luiz In\u00e1cio Lula da Silva na Opera\u00e7\u00e3o Lava Jato. Na decis\u00e3o, Fachin entendeu que a 13\u00aa Vara Federal em Curitiba n\u00e3o tinha compet\u00eancia legal para julgar as acusa\u00e7\u00f5es. Com a decis\u00e3o, o ex-presidente n\u00e3o ter\u00e1 mais restri\u00e7\u00f5es na Justi\u00e7a [&hellip;]<\/p>\n","protected":false},"author":4,"featured_media":135213,"comment_status":"open","ping_status":"closed","sticky":false,"template":"","format":"standard","meta":{"amp_status":"","footnotes":""},"categories":[6,40240],"tags":[176952,184632,184631,4608,116405,21883,131190,131191,1018,77983,131193,82255,150519,207907,176958,83065,81549,27144,176949,176950,175860,175861,176957,14124,7147,87496,81544,75870,176954,176956,67338,18095,20966,176955,176953,772,4613,176951,207909,207908,184630,176959,131192,176948,35052,131189,28511,19684,158405,27179,171314,75871,112714],"class_list":["post-175111","post","type-post","status-publish","format-standard","has-post-thumbnail","hentry","category-br","category-politica","tag-13a-vara-da-justica-federal-em-curitiba","tag-acao-penal-de-lula-em-caso-odebrecht","tag-caso-odebrecht","tag-curitiba","tag-decisao","tag-denuncia","tag-denuncia-contra-lula-na-operacao-lava-jato","tag-denuncia-da-forca-tarefa-da-operacao-lava-jato-contra-o-ex-presidente-luiz-inacio-lula-da-silva","tag-destaque","tag-edson-fachin","tag-ex-presidente-do-grupo-odebrecht","tag-ex-presidente-lula","tag-forca-tarefa-da-operacao-lava-jato","tag-forca-tarefa-da-operacao-lava-jato-pede-regime-semiaberto-para-o-ex-presidente-lula","tag-gebran-neto","tag-juiz-federal-sergio-moro","tag-juiz-sergio-moro","tag-lava-jato","tag-liberdade-ao-ex-presidente-luiz-inacio-lula-da-silva","tag-liberdade-do-ex-presidente-lula","tag-liberdade-luiz-inacio-lula-da-silva","tag-liberdade-lula","tag-libertacao","tag-luiz-inacio-lula-da-silva","tag-lula","tag-lula-na-operacao-lava-jato","tag-marcelo-odebrecht","tag-marisa-leticia","tag-mas-moro-diz-que-o-desembargador-nao-tem-competencia-para-libertar-ex-presidente","tag-mas-moro-diz-que-o-desembargador-nao-tem-competencia-para-soltar-ex-presidente","tag-nestor-cervero","tag-operacao-lava-jato","tag-pf","tag-plantonista-do-trf-4-concede-habeas-corpus-a-lula","tag-plantonista-do-trf-4-manda-soltar-lula","tag-policia-federal","tag-porto-alegre","tag-processo-do-triplex","tag-regime-semiaberto-para-lula","tag-regime-semiaberto-para-o-ex-presidente-lula","tag-relator-da-lava-jato-no-stf-nega-pedido-para-suspender-acao-penal-de-lula-em-caso-odebrecht","tag-relator-da-lava-jato-suspende-decisao-que-concede-liberdade-ao-ex-presidente-lula","tag-roberto-teixeira","tag-rogerio-favreto","tag-sergio-moro","tag-sergio-moro-aceita-mais-uma-denuncia-contra-lula-na-operacao-lava-jato","tag-stf","tag-suspensao","tag-trf-4","tag-trf4","tag-tribunal-regional-federal-da-4a-regiao","tag-triplex","tag-triplex-em-guaruja"],"yoast_head":"<!-- This site is optimized with the Yoast SEO plugin v28.3 - https:\/\/yoast.com\/product\/yoast-seo-wordpress\/ -->\n<title>Edson Fachin anula condena\u00e7\u00f5es do ex-presidente Lula na Lava Jato - Aconteceu no Vale<\/title>\n<meta name=\"robots\" content=\"index, follow, max-snippet:-1, max-image-preview:large, max-video-preview:-1\" \/>\n<link rel=\"canonical\" href=\"https:\/\/aconteceunovale.com.br\/portal\/?p=175111\" \/>\n<meta property=\"og:locale\" content=\"pt_BR\" \/>\n<meta property=\"og:type\" content=\"article\" \/>\n<meta property=\"og:title\" content=\"Edson Fachin anula condena\u00e7\u00f5es do ex-presidente Lula na Lava Jato - Aconteceu no Vale\" \/>\n<meta property=\"og:description\" content=\"O ministro Edson Fachin, do Supremo Tribunal Federal (STF), decidiu hoje (8\/3\/2021) anular as condena\u00e7\u00f5es de Luiz In\u00e1cio Lula da Silva na Opera\u00e7\u00e3o Lava Jato. Na decis\u00e3o, Fachin entendeu que a 13\u00aa Vara Federal em Curitiba n\u00e3o tinha compet\u00eancia legal para julgar as acusa\u00e7\u00f5es. Com a decis\u00e3o, o ex-presidente n\u00e3o ter\u00e1 mais restri\u00e7\u00f5es na Justi\u00e7a [&hellip;]\" \/>\n<meta property=\"og:url\" content=\"https:\/\/aconteceunovale.com.br\/portal\/?p=175111\" \/>\n<meta property=\"og:site_name\" content=\"Aconteceu no Vale\" \/>\n<meta property=\"article:publisher\" content=\"https:\/\/www.facebook.com\/aconteceunovale\/\" \/>\n<meta property=\"article:published_time\" content=\"2021-03-08T19:28:00+00:00\" \/>\n<meta property=\"article:modified_time\" content=\"2021-03-08T23:16:43+00:00\" \/>\n<meta property=\"og:image\" content=\"https:\/\/aconteceunovale.com.br\/portal\/wp-content\/uploads\/2018\/09\/lula.jpg\" \/>\n\t<meta property=\"og:image:width\" content=\"650\" \/>\n\t<meta property=\"og:image:height\" content=\"437\" \/>\n\t<meta property=\"og:image:type\" content=\"image\/jpeg\" \/>\n<meta name=\"author\" content=\"Reda\u00e7\u00e3o Aconteceu no Vale\" \/>\n<meta name=\"twitter:card\" content=\"summary_large_image\" \/>\n<meta name=\"twitter:creator\" content=\"@noticiadosvales\" \/>\n<meta name=\"twitter:site\" content=\"@noticiadosvales\" \/>\n<meta name=\"twitter:label1\" content=\"Escrito por\" \/>\n\t<meta name=\"twitter:data1\" content=\"Reda\u00e7\u00e3o Aconteceu no Vale\" \/>\n\t<meta name=\"twitter:label2\" content=\"Est. tempo de leitura\" \/>\n\t<meta name=\"twitter:data2\" content=\"2 minutos\" \/>\n<script type=\"application\/ld+json\" class=\"yoast-schema-graph\">{\"@context\":\"https:\\\/\\\/schema.org\",\"@graph\":[{\"@type\":\"Article\",\"@id\":\"https:\\\/\\\/aconteceunovale.com.br\\\/portal\\\/?p=175111#article\",\"isPartOf\":{\"@id\":\"https:\\\/\\\/aconteceunovale.com.br\\\/portal\\\/?p=175111\"},\"author\":{\"name\":\"Reda\u00e7\u00e3o Aconteceu no Vale\",\"@id\":\"https:\\\/\\\/aconteceunovale.com.br\\\/portal\\\/#\\\/schema\\\/person\\\/7d2f26d1483f8a63de73da1ee0754d35\"},\"headline\":\"Edson Fachin anula condena\u00e7\u00f5es do ex-presidente Lula na Lava Jato\",\"datePublished\":\"2021-03-08T19:28:00+00:00\",\"dateModified\":\"2021-03-08T23:16:43+00:00\",\"mainEntityOfPage\":{\"@id\":\"https:\\\/\\\/aconteceunovale.com.br\\\/portal\\\/?p=175111\"},\"wordCount\":463,\"commentCount\":0,\"image\":{\"@id\":\"https:\\\/\\\/aconteceunovale.com.br\\\/portal\\\/?p=175111#primaryimage\"},\"thumbnailUrl\":\"https:\\\/\\\/aconteceunovale.com.br\\\/portal\\\/wp-content\\\/uploads\\\/2018\\\/09\\\/lula.jpg\",\"keywords\":[\"13\u00aa Vara da Justi\u00e7a Federal em Curitiba\",\"a\u00e7\u00e3o penal de Lula em caso Odebrecht\",\"caso Odebrecht\",\"Curitiba\",\"decis\u00e3o\",\"den\u00fancia\",\"Den\u00fancia contra Lula na Opera\u00e7\u00e3o Lava Jato\",\"den\u00fancia da for\u00e7a-tarefa da Opera\u00e7\u00e3o Lava Jato contra o ex-presidente Luiz In\u00e1cio Lula da Silva\",\"destaque\",\"Edson Fachin\",\"ex-presidente do grupo Odebrecht\",\"ex-presidente Lula\",\"for\u00e7a-tarefa da Opera\u00e7\u00e3o Lava Jato\",\"For\u00e7a-tarefa da Opera\u00e7\u00e3o Lava Jato pede regime semiaberto para o ex-presidente Lula\",\"Gebran Neto\",\"juiz federal S\u00e9rgio Moro\",\"juiz S\u00e9rgio Moro\",\"Lava Jato\",\"Liberdade ao ex-presidente Luiz In\u00e1cio Lula da Silva\",\"Liberdade do ex-presidente Lula\",\"Liberdade Luiz In\u00e1cio Lula da Silva\",\"Liberdade Lula\",\"liberta\u00e7\u00e3o\",\"Luiz In\u00e1cio Lula da Silva\",\"Lula\",\"Lula na Opera\u00e7\u00e3o Lava Jato\",\"Marcelo Odebrecht\",\"Marisa Let\u00edcia\",\"mas Moro diz que o desembargador n\u00e3o tem compet\u00eancia para libertar ex-presidente\",\"mas Moro diz que o desembargador n\u00e3o tem compet\u00eancia para soltar ex-presidente\",\"Nestor Cerver\u00f3\",\"Opera\u00e7\u00e3o Lava-Jato\",\"PF\",\"Plantonista do TRF-4 concede habeas corpus a Lula\",\"Plantonista do TRF-4 manda soltar Lula\",\"pol\u00edcia federal\",\"Porto Alegre\",\"processo do triplex\",\"Regime semiaberto para Lula\",\"Regime semiaberto para o ex-presidente Lula\",\"Relator da Lava Jato no STF nega pedido para suspender a\u00e7\u00e3o penal de Lula em caso Odebrecht\",\"Relator da Lava Jato suspende decis\u00e3o que concede liberdade ao ex-presidente Lula\",\"Roberto Teixeira\",\"Rog\u00e9rio Favreto\",\"Sergio Moro\",\"S\u00e9rgio Moro aceita mais uma den\u00fancia contra Lula na Opera\u00e7\u00e3o Lava Jato\",\"STF\",\"suspens\u00e3o\",\"TRF-4\",\"TRF4\",\"Tribunal Regional Federal da 4\u00aa Regi\u00e3o\",\"tr\u00edplex\",\"tr\u00edplex em Guaruj\u00e1\"],\"articleSection\":[\"Brasil\",\"Pol\u00edtica\"],\"inLanguage\":\"pt-BR\",\"potentialAction\":[{\"@type\":\"CommentAction\",\"name\":\"Comment\",\"target\":[\"https:\\\/\\\/aconteceunovale.com.br\\\/portal\\\/?p=175111#respond\"]}]},{\"@type\":\"WebPage\",\"@id\":\"https:\\\/\\\/aconteceunovale.com.br\\\/portal\\\/?p=175111\",\"url\":\"https:\\\/\\\/aconteceunovale.com.br\\\/portal\\\/?p=175111\",\"name\":\"Edson Fachin anula condena\u00e7\u00f5es do ex-presidente Lula na Lava Jato - Aconteceu no Vale\",\"isPartOf\":{\"@id\":\"https:\\\/\\\/aconteceunovale.com.br\\\/portal\\\/#website\"},\"primaryImageOfPage\":{\"@id\":\"https:\\\/\\\/aconteceunovale.com.br\\\/portal\\\/?p=175111#primaryimage\"},\"image\":{\"@id\":\"https:\\\/\\\/aconteceunovale.com.br\\\/portal\\\/?p=175111#primaryimage\"},\"thumbnailUrl\":\"https:\\\/\\\/aconteceunovale.com.br\\\/portal\\\/wp-content\\\/uploads\\\/2018\\\/09\\\/lula.jpg\",\"datePublished\":\"2021-03-08T19:28:00+00:00\",\"dateModified\":\"2021-03-08T23:16:43+00:00\",\"author\":{\"@id\":\"https:\\\/\\\/aconteceunovale.com.br\\\/portal\\\/#\\\/schema\\\/person\\\/7d2f26d1483f8a63de73da1ee0754d35\"},\"breadcrumb\":{\"@id\":\"https:\\\/\\\/aconteceunovale.com.br\\\/portal\\\/?p=175111#breadcrumb\"},\"inLanguage\":\"pt-BR\",\"potentialAction\":[{\"@type\":\"ReadAction\",\"target\":[\"https:\\\/\\\/aconteceunovale.com.br\\\/portal\\\/?p=175111\"]}]},{\"@type\":\"ImageObject\",\"inLanguage\":\"pt-BR\",\"@id\":\"https:\\\/\\\/aconteceunovale.com.br\\\/portal\\\/?p=175111#primaryimage\",\"url\":\"https:\\\/\\\/aconteceunovale.com.br\\\/portal\\\/wp-content\\\/uploads\\\/2018\\\/09\\\/lula.jpg\",\"contentUrl\":\"https:\\\/\\\/aconteceunovale.com.br\\\/portal\\\/wp-content\\\/uploads\\\/2018\\\/09\\\/lula.jpg\",\"width\":650,\"height\":437},{\"@type\":\"BreadcrumbList\",\"@id\":\"https:\\\/\\\/aconteceunovale.com.br\\\/portal\\\/?p=175111#breadcrumb\",\"itemListElement\":[{\"@type\":\"ListItem\",\"position\":1,\"name\":\"In\u00edcio\",\"item\":\"https:\\\/\\\/aconteceunovale.com.br\\\/portal\\\/\"},{\"@type\":\"ListItem\",\"position\":2,\"name\":\"Edson Fachin anula condena\u00e7\u00f5es do ex-presidente Lula na Lava Jato\"}]},{\"@type\":\"WebSite\",\"@id\":\"https:\\\/\\\/aconteceunovale.com.br\\\/portal\\\/#website\",\"url\":\"https:\\\/\\\/aconteceunovale.com.br\\\/portal\\\/\",\"name\":\"Aconteceu no Vale\",\"description\":\"Portal de Not\u00edcias\",\"potentialAction\":[{\"@type\":\"SearchAction\",\"target\":{\"@type\":\"EntryPoint\",\"urlTemplate\":\"https:\\\/\\\/aconteceunovale.com.br\\\/portal\\\/?s={search_term_string}\"},\"query-input\":{\"@type\":\"PropertyValueSpecification\",\"valueRequired\":true,\"valueName\":\"search_term_string\"}}],\"inLanguage\":\"pt-BR\"},{\"@type\":\"Person\",\"@id\":\"https:\\\/\\\/aconteceunovale.com.br\\\/portal\\\/#\\\/schema\\\/person\\\/7d2f26d1483f8a63de73da1ee0754d35\",\"name\":\"Reda\u00e7\u00e3o Aconteceu no Vale\",\"description\":\"Equipe de reportagem do Aconteceu no Vale, portal de not\u00edcias do Vale do Jequitinhonha, em Minas Gerais. Cobrimos as 51 cidades do Vale desde 2013. Sugest\u00f5es de pauta e pedidos de corre\u00e7\u00e3o: contato@aconteceunovale.com.br\",\"url\":\"https:\\\/\\\/aconteceunovale.com.br\\\/portal\\\/?author=4\"}]}<\/script>\n<!-- \/ Yoast SEO plugin. -->","yoast_head_json":{"title":"Edson Fachin anula condena\u00e7\u00f5es do ex-presidente Lula na Lava Jato - Aconteceu no Vale","robots":{"index":"index","follow":"follow","max-snippet":"max-snippet:-1","max-image-preview":"max-image-preview:large","max-video-preview":"max-video-preview:-1"},"canonical":"https:\/\/aconteceunovale.com.br\/portal\/?p=175111","og_locale":"pt_BR","og_type":"article","og_title":"Edson Fachin anula condena\u00e7\u00f5es do ex-presidente Lula na Lava Jato - Aconteceu no Vale","og_description":"O ministro Edson Fachin, do Supremo Tribunal Federal (STF), decidiu hoje (8\/3\/2021) anular as condena\u00e7\u00f5es de Luiz In\u00e1cio Lula da Silva na Opera\u00e7\u00e3o Lava Jato. Na decis\u00e3o, Fachin entendeu que a 13\u00aa Vara Federal em Curitiba n\u00e3o tinha compet\u00eancia legal para julgar as acusa\u00e7\u00f5es. Com a decis\u00e3o, o ex-presidente n\u00e3o ter\u00e1 mais restri\u00e7\u00f5es na Justi\u00e7a [&hellip;]","og_url":"https:\/\/aconteceunovale.com.br\/portal\/?p=175111","og_site_name":"Aconteceu no Vale","article_publisher":"https:\/\/www.facebook.com\/aconteceunovale\/","article_published_time":"2021-03-08T19:28:00+00:00","article_modified_time":"2021-03-08T23:16:43+00:00","og_image":[{"width":650,"height":437,"url":"https:\/\/aconteceunovale.com.br\/portal\/wp-content\/uploads\/2018\/09\/lula.jpg","type":"image\/jpeg"}],"author":"Reda\u00e7\u00e3o Aconteceu no Vale","twitter_card":"summary_large_image","twitter_creator":"@noticiadosvales","twitter_site":"@noticiadosvales","twitter_misc":{"Escrito por":"Reda\u00e7\u00e3o Aconteceu no Vale","Est. tempo de leitura":"2 minutos"},"schema":{"@context":"https:\/\/schema.org","@graph":[{"@type":"Article","@id":"https:\/\/aconteceunovale.com.br\/portal\/?p=175111#article","isPartOf":{"@id":"https:\/\/aconteceunovale.com.br\/portal\/?p=175111"},"author":{"name":"Reda\u00e7\u00e3o Aconteceu no Vale","@id":"https:\/\/aconteceunovale.com.br\/portal\/#\/schema\/person\/7d2f26d1483f8a63de73da1ee0754d35"},"headline":"Edson Fachin anula condena\u00e7\u00f5es do ex-presidente Lula na Lava Jato","datePublished":"2021-03-08T19:28:00+00:00","dateModified":"2021-03-08T23:16:43+00:00","mainEntityOfPage":{"@id":"https:\/\/aconteceunovale.com.br\/portal\/?p=175111"},"wordCount":463,"commentCount":0,"image":{"@id":"https:\/\/aconteceunovale.com.br\/portal\/?p=175111#primaryimage"},"thumbnailUrl":"https:\/\/aconteceunovale.com.br\/portal\/wp-content\/uploads\/2018\/09\/lula.jpg","keywords":["13\u00aa Vara da Justi\u00e7a Federal em Curitiba","a\u00e7\u00e3o penal de Lula em caso Odebrecht","caso Odebrecht","Curitiba","decis\u00e3o","den\u00fancia","Den\u00fancia contra Lula na Opera\u00e7\u00e3o Lava Jato","den\u00fancia da for\u00e7a-tarefa da Opera\u00e7\u00e3o Lava Jato contra o ex-presidente Luiz In\u00e1cio Lula da Silva","destaque","Edson Fachin","ex-presidente do grupo Odebrecht","ex-presidente Lula","for\u00e7a-tarefa da Opera\u00e7\u00e3o Lava Jato","For\u00e7a-tarefa da Opera\u00e7\u00e3o Lava Jato pede regime semiaberto para o ex-presidente Lula","Gebran Neto","juiz federal S\u00e9rgio Moro","juiz S\u00e9rgio Moro","Lava Jato","Liberdade ao ex-presidente Luiz In\u00e1cio Lula da Silva","Liberdade do ex-presidente Lula","Liberdade Luiz In\u00e1cio Lula da Silva","Liberdade Lula","liberta\u00e7\u00e3o","Luiz In\u00e1cio Lula da Silva","Lula","Lula na Opera\u00e7\u00e3o Lava Jato","Marcelo Odebrecht","Marisa Let\u00edcia","mas Moro diz que o desembargador n\u00e3o tem compet\u00eancia para libertar ex-presidente","mas Moro diz que o desembargador n\u00e3o tem compet\u00eancia para soltar ex-presidente","Nestor Cerver\u00f3","Opera\u00e7\u00e3o Lava-Jato","PF","Plantonista do TRF-4 concede habeas corpus a Lula","Plantonista do TRF-4 manda soltar Lula","pol\u00edcia federal","Porto Alegre","processo do triplex","Regime semiaberto para Lula","Regime semiaberto para o ex-presidente Lula","Relator da Lava Jato no STF nega pedido para suspender a\u00e7\u00e3o penal de Lula em caso Odebrecht","Relator da Lava Jato suspende decis\u00e3o que concede liberdade ao ex-presidente Lula","Roberto Teixeira","Rog\u00e9rio Favreto","Sergio Moro","S\u00e9rgio Moro aceita mais uma den\u00fancia contra Lula na Opera\u00e7\u00e3o Lava Jato","STF","suspens\u00e3o","TRF-4","TRF4","Tribunal Regional Federal da 4\u00aa Regi\u00e3o","tr\u00edplex","tr\u00edplex em Guaruj\u00e1"],"articleSection":["Brasil","Pol\u00edtica"],"inLanguage":"pt-BR","potentialAction":[{"@type":"CommentAction","name":"Comment","target":["https:\/\/aconteceunovale.com.br\/portal\/?p=175111#respond"]}]},{"@type":"WebPage","@id":"https:\/\/aconteceunovale.com.br\/portal\/?p=175111","url":"https:\/\/aconteceunovale.com.br\/portal\/?p=175111","name":"Edson Fachin anula condena\u00e7\u00f5es do ex-presidente Lula na Lava Jato - Aconteceu no Vale","isPartOf":{"@id":"https:\/\/aconteceunovale.com.br\/portal\/#website"},"primaryImageOfPage":{"@id":"https:\/\/aconteceunovale.com.br\/portal\/?p=175111#primaryimage"},"image":{"@id":"https:\/\/aconteceunovale.com.br\/portal\/?p=175111#primaryimage"},"thumbnailUrl":"https:\/\/aconteceunovale.com.br\/portal\/wp-content\/uploads\/2018\/09\/lula.jpg","datePublished":"2021-03-08T19:28:00+00:00","dateModified":"2021-03-08T23:16:43+00:00","author":{"@id":"https:\/\/aconteceunovale.com.br\/portal\/#\/schema\/person\/7d2f26d1483f8a63de73da1ee0754d35"},"breadcrumb":{"@id":"https:\/\/aconteceunovale.com.br\/portal\/?p=175111#breadcrumb"},"inLanguage":"pt-BR","potentialAction":[{"@type":"ReadAction","target":["https:\/\/aconteceunovale.com.br\/portal\/?p=175111"]}]},{"@type":"ImageObject","inLanguage":"pt-BR","@id":"https:\/\/aconteceunovale.com.br\/portal\/?p=175111#primaryimage","url":"https:\/\/aconteceunovale.com.br\/portal\/wp-content\/uploads\/2018\/09\/lula.jpg","contentUrl":"https:\/\/aconteceunovale.com.br\/portal\/wp-content\/uploads\/2018\/09\/lula.jpg","width":650,"height":437},{"@type":"BreadcrumbList","@id":"https:\/\/aconteceunovale.com.br\/portal\/?p=175111#breadcrumb","itemListElement":[{"@type":"ListItem","position":1,"name":"In\u00edcio","item":"https:\/\/aconteceunovale.com.br\/portal\/"},{"@type":"ListItem","position":2,"name":"Edson Fachin anula condena\u00e7\u00f5es do ex-presidente Lula na Lava Jato"}]},{"@type":"WebSite","@id":"https:\/\/aconteceunovale.com.br\/portal\/#website","url":"https:\/\/aconteceunovale.com.br\/portal\/","name":"Aconteceu no Vale","description":"Portal de Not\u00edcias","potentialAction":[{"@type":"SearchAction","target":{"@type":"EntryPoint","urlTemplate":"https:\/\/aconteceunovale.com.br\/portal\/?s={search_term_string}"},"query-input":{"@type":"PropertyValueSpecification","valueRequired":true,"valueName":"search_term_string"}}],"inLanguage":"pt-BR"},{"@type":"Person","@id":"https:\/\/aconteceunovale.com.br\/portal\/#\/schema\/person\/7d2f26d1483f8a63de73da1ee0754d35","name":"Reda\u00e7\u00e3o Aconteceu no Vale","description":"Equipe de reportagem do Aconteceu no Vale, portal de not\u00edcias do Vale do Jequitinhonha, em Minas Gerais. Cobrimos as 51 cidades do Vale desde 2013. Sugest\u00f5es de pauta e pedidos de corre\u00e7\u00e3o: contato@aconteceunovale.com.br","url":"https:\/\/aconteceunovale.com.br\/portal\/?author=4"}]}},"_links":{"self":[{"href":"https:\/\/aconteceunovale.com.br\/portal\/index.php?rest_route=\/wp\/v2\/posts\/175111","targetHints":{"allow":["GET"]}}],"collection":[{"href":"https:\/\/aconteceunovale.com.br\/portal\/index.php?rest_route=\/wp\/v2\/posts"}],"about":[{"href":"https:\/\/aconteceunovale.com.br\/portal\/index.php?rest_route=\/wp\/v2\/types\/post"}],"author":[{"embeddable":true,"href":"https:\/\/aconteceunovale.com.br\/portal\/index.php?rest_route=\/wp\/v2\/users\/4"}],"replies":[{"embeddable":true,"href":"https:\/\/aconteceunovale.com.br\/portal\/index.php?rest_route=%2Fwp%2Fv2%2Fcomments&post=175111"}],"version-history":[{"count":3,"href":"https:\/\/aconteceunovale.com.br\/portal\/index.php?rest_route=\/wp\/v2\/posts\/175111\/revisions"}],"predecessor-version":[{"id":175117,"href":"https:\/\/aconteceunovale.com.br\/portal\/index.php?rest_route=\/wp\/v2\/posts\/175111\/revisions\/175117"}],"wp:featuredmedia":[{"embeddable":true,"href":"https:\/\/aconteceunovale.com.br\/portal\/index.php?rest_route=\/wp\/v2\/media\/135213"}],"wp:attachment":[{"href":"https:\/\/aconteceunovale.com.br\/portal\/index.php?rest_route=%2Fwp%2Fv2%2Fmedia&parent=175111"}],"wp:term":[{"taxonomy":"category","embeddable":true,"href":"https:\/\/aconteceunovale.com.br\/portal\/index.php?rest_route=%2Fwp%2Fv2%2Fcategories&post=175111"},{"taxonomy":"post_tag","embeddable":true,"href":"https:\/\/aconteceunovale.com.br\/portal\/index.php?rest_route=%2Fwp%2Fv2%2Ftags&post=175111"}],"curies":[{"name":"wp","href":"https:\/\/api.w.org\/{rel}","templated":true}]}}