{"id":175105,"date":"2021-03-08T13:24:56","date_gmt":"2021-03-08T16:24:56","guid":{"rendered":"https:\/\/aconteceunovale.com.br\/portal\/?p=175105"},"modified":"2026-09-02T12:13:16","modified_gmt":"2026-09-02T15:13:16","slug":"suspeito-de-latrocinio-no-municipio-de-aracuai-e-preso-pela-policia-civil","status":"publish","type":"post","link":"https:\/\/aconteceunovale.com.br\/portal\/?p=175105","title":{"rendered":"Suspeito de latroc\u00ednio no munic\u00edpio de Ara\u00e7ua\u00ed \u00e9 preso pela Pol\u00edcia Civil"},"content":{"rendered":"\n<p class=\"wp-block-paragraph\">A Pol\u00edcia Civil de Minas Gerais (PCMG) prendeu um homem, foragido da Justi\u00e7a, suspeito pelo crime de latroc\u00ednio cometido contra um idoso, de 70 anos, em Ara\u00e7ua\u00ed, no Vale do Jequitinhonha. O indiv\u00edduo W.S.N., investigado por executar a a\u00e7\u00e3o criminosa, foi reconhecido por meio de retrato falado produzido pela equipe de investigadores de Te\u00f3filo Otoni.<\/p>\n\n\n\n<p class=\"wp-block-paragraph\"><em>\u201cAtrav\u00e9s do retrato falado elaborado pela equipe de Te\u00f3filo Otoni, foi identificado um dos criminosos, e esse criminoso acabou delatando toda a trama, inclusive apontando o comparsa\u201d<\/em>, informou o investigador Sandemberg Soares \u201cBel\u201d.<\/p>\n\n\n\n<p class=\"wp-block-paragraph\">Os dois suspeitos foram identificados pela PCMG, sendo que o segundo responde em liberdade, conforme definido pelo Poder Judici\u00e1rio.<\/p>\n\n\n\n<h2 class=\"wp-block-heading\"><strong>O crime<\/strong><\/h2>\n\n\n\n<p class=\"wp-block-paragraph\">No dia 1\u00ba de junho do \u00faltimo ano, dois suspeitos teriam invadido a propriedade rural da v\u00edtima <a href=\"https:\/\/aconteceunovale.com.br\/portal\/?p=163446\" target=\"_blank\" rel=\"noreferrer noopener\">Reinaldo Guedes Otoni<\/a>, na Comunidade Piau\u00ed, sendo que um estava armado com um rev\u00f3lver e o outro com duas facas.<\/p>\n\n\n\n<p class=\"wp-block-paragraph\">Eles dominaram o caseiro, com quem foram at\u00e9 a casa da fazenda, entraram e renderam a propriet\u00e1ria do im\u00f3vel. Os suspeitos estavam agredindo a mulher, quando o marido dela surgiu descendo as escadas, momento em que ele foi atingido por disparos de armas de fogo. Em seguida, os suspeitos fugiram do local levando dinheiro e outros pertences das v\u00edtimas.<\/p>\n\n\n\n<p class=\"wp-block-paragraph\">&#8212;&#8212;&#8212;&#8212;&#8212;&#8212;<br><em>Quer receber as not\u00edcias do <strong>Aconteceu no Vale<\/strong> em primeira m\u00e3o? Siga-nos no Facebook <a rel=\"noreferrer noopener\" href=\"http:\/\/facebook.com\/aconteceunovale\" target=\"_blank\">@aconteceunovale<\/a>, Twitter <a rel=\"noreferrer noopener\" href=\"https:\/\/twitter.com\/noticiadosvales\" target=\"_blank\">@noticiadosvales<\/a> e Instagram <a rel=\"noreferrer noopener\" href=\"https:\/\/www.instagram.com\/aconteceunovale\" target=\"_blank\">@aconteceunovale<\/a>.<\/em><\/p>\n","protected":false},"excerpt":{"rendered":"<p>A Pol\u00edcia Civil de Minas Gerais (PCMG) prendeu um homem, foragido da Justi\u00e7a, suspeito pelo crime de latroc\u00ednio cometido contra um idoso, de 70 anos, em Ara\u00e7ua\u00ed, no Vale do Jequitinhonha. O indiv\u00edduo W.S.N., investigado por executar a a\u00e7\u00e3o criminosa, foi reconhecido por meio de retrato falado produzido pela equipe de investigadores de Te\u00f3filo Otoni. [&hellip;]<\/p>\n","protected":false},"author":4,"featured_media":162079,"comment_status":"open","ping_status":"closed","sticky":false,"template":"","format":"standard","meta":{"amp_status":"","footnotes":""},"categories":[272530,120,122],"tags":[186,33634,1018,222855,222854,177207,20884,239424,43603,222858,222857,43604,604,222856,239425,239421,239422,222859,239423,239420,164,43159],"class_list":["post-175105","post","type-post","status-publish","format-standard","has-post-thumbnail","hentry","category-aracuai","category-jequi","category-mucuri","tag-aracuai","tag-assalto-em-aracuai","tag-destaque","tag-fazendeiro-assassinado-em-aracuai","tag-fazendeiro-e-assassinado-durante-assalto-no-municipio-de-aracuai","tag-fazendeiro-morto-em-aracuai","tag-homicidio-em-aracuai","tag-investigador-bel","tag-latrocinio-em-aracuai","tag-morte-de-fazendeiro-em-aracuai","tag-morte-de-pecuarista-em-aracuai","tag-morto-em-aracuai","tag-pcmg","tag-pecuarista-morto-em-aracuai","tag-preso-atraves-de-retrato-falado","tag-preso-por-latrocinio-em-aracuai","tag-preso-por-matar-fazendeiro-em-aracuai","tag-reinaldo-guedes-otoni","tag-sandemberg-soares","tag-suspeito-de-latrocinio-no-municipio-de-aracuai-e-preso-pela-policia-civil","tag-teofilo-otoni","tag-violencia-em-aracuai"],"yoast_head":"<!-- This site is optimized with the Yoast SEO plugin v28.3 - https:\/\/yoast.com\/product\/yoast-seo-wordpress\/ -->\n<title>Suspeito de latroc\u00ednio no munic\u00edpio de Ara\u00e7ua\u00ed \u00e9 preso pela Pol\u00edcia Civil - Aconteceu no Vale<\/title>\n<meta name=\"robots\" content=\"index, follow, max-snippet:-1, max-image-preview:large, max-video-preview:-1\" \/>\n<link rel=\"canonical\" href=\"https:\/\/aconteceunovale.com.br\/portal\/?p=175105\" \/>\n<meta property=\"og:locale\" content=\"pt_BR\" \/>\n<meta property=\"og:type\" content=\"article\" \/>\n<meta property=\"og:title\" content=\"Suspeito de latroc\u00ednio no munic\u00edpio de Ara\u00e7ua\u00ed \u00e9 preso pela Pol\u00edcia Civil - Aconteceu no Vale\" \/>\n<meta property=\"og:description\" content=\"A Pol\u00edcia Civil de Minas Gerais (PCMG) prendeu um homem, foragido da Justi\u00e7a, suspeito pelo crime de latroc\u00ednio cometido contra um idoso, de 70 anos, em Ara\u00e7ua\u00ed, no Vale do Jequitinhonha. O indiv\u00edduo W.S.N., investigado por executar a a\u00e7\u00e3o criminosa, foi reconhecido por meio de retrato falado produzido pela equipe de investigadores de Te\u00f3filo Otoni. [&hellip;]\" \/>\n<meta property=\"og:url\" content=\"https:\/\/aconteceunovale.com.br\/portal\/?p=175105\" \/>\n<meta property=\"og:site_name\" content=\"Aconteceu no Vale\" \/>\n<meta property=\"article:publisher\" content=\"https:\/\/www.facebook.com\/aconteceunovale\/\" \/>\n<meta property=\"article:published_time\" content=\"2021-03-08T16:24:56+00:00\" \/>\n<meta property=\"article:modified_time\" content=\"2026-09-02T15:13:16+00:00\" \/>\n<meta property=\"og:image\" content=\"https:\/\/aconteceunovale.com.br\/portal\/wp-content\/uploads\/2020\/05\/pcmg.jpg\" \/>\n\t<meta property=\"og:image:width\" content=\"650\" \/>\n\t<meta property=\"og:image:height\" content=\"402\" \/>\n\t<meta property=\"og:image:type\" content=\"image\/jpeg\" \/>\n<meta name=\"author\" content=\"Reda\u00e7\u00e3o Aconteceu no Vale\" \/>\n<meta name=\"twitter:card\" content=\"summary_large_image\" \/>\n<meta name=\"twitter:creator\" content=\"@noticiadosvales\" \/>\n<meta name=\"twitter:site\" content=\"@noticiadosvales\" \/>\n<meta name=\"twitter:label1\" content=\"Escrito por\" \/>\n\t<meta name=\"twitter:data1\" content=\"Reda\u00e7\u00e3o Aconteceu no Vale\" \/>\n\t<meta name=\"twitter:label2\" content=\"Est. tempo de leitura\" \/>\n\t<meta name=\"twitter:data2\" content=\"1 minuto\" \/>\n<script type=\"application\/ld+json\" class=\"yoast-schema-graph\">{\"@context\":\"https:\\\/\\\/schema.org\",\"@graph\":[{\"@type\":\"Article\",\"@id\":\"https:\\\/\\\/aconteceunovale.com.br\\\/portal\\\/?p=175105#article\",\"isPartOf\":{\"@id\":\"https:\\\/\\\/aconteceunovale.com.br\\\/portal\\\/?p=175105\"},\"author\":{\"name\":\"Reda\u00e7\u00e3o Aconteceu no Vale\",\"@id\":\"https:\\\/\\\/aconteceunovale.com.br\\\/portal\\\/#\\\/schema\\\/person\\\/7d2f26d1483f8a63de73da1ee0754d35\"},\"headline\":\"Suspeito de latroc\u00ednio no munic\u00edpio de Ara\u00e7ua\u00ed \u00e9 preso pela Pol\u00edcia Civil\",\"datePublished\":\"2021-03-08T16:24:56+00:00\",\"dateModified\":\"2026-09-02T15:13:16+00:00\",\"mainEntityOfPage\":{\"@id\":\"https:\\\/\\\/aconteceunovale.com.br\\\/portal\\\/?p=175105\"},\"wordCount\":258,\"commentCount\":1,\"image\":{\"@id\":\"https:\\\/\\\/aconteceunovale.com.br\\\/portal\\\/?p=175105#primaryimage\"},\"thumbnailUrl\":\"https:\\\/\\\/aconteceunovale.com.br\\\/portal\\\/wp-content\\\/uploads\\\/2020\\\/05\\\/pcmg.jpg\",\"keywords\":[\"Ara\u00e7ua\u00ed\",\"assalto em ara\u00e7ua\u00ed\",\"destaque\",\"Fazendeiro assassinado em Ara\u00e7ua\u00ed\",\"Fazendeiro \u00e9 assassinado durante assalto no munic\u00edpio de Ara\u00e7ua\u00ed\",\"Fazendeiro morto em Ara\u00e7ua\u00ed\",\"homic\u00eddio em ara\u00e7ua\u00ed\",\"Investigador Bel\",\"latroc\u00ednio em ara\u00e7ua\u00ed\",\"Morte de fazendeiro em Ara\u00e7ua\u00ed\",\"Morte de pecuarista em Ara\u00e7ua\u00ed\",\"morto em ara\u00e7ua\u00ed\",\"PCMG\",\"Pecuarista morto em Ara\u00e7ua\u00ed\",\"Preso atrav\u00e9s de retrato falado\",\"Preso por latroc\u00ednio em Ara\u00e7ua\u00ed\",\"Preso por matar fazendeiro em Ara\u00e7ua\u00ed\",\"Reinaldo Guedes Otoni\",\"Sandemberg Soares\",\"Suspeito de latroc\u00ednio no munic\u00edpio de Ara\u00e7ua\u00ed \u00e9 preso pela Pol\u00edcia Civil\",\"Te\u00f3filo Otoni\",\"Viol\u00eancia em Ara\u00e7ua\u00ed\"],\"articleSection\":[\"Ara\u00e7ua\u00ed\",\"Vale do Jequitinhonha\",\"Vale do Mucuri\"],\"inLanguage\":\"pt-BR\",\"potentialAction\":[{\"@type\":\"CommentAction\",\"name\":\"Comment\",\"target\":[\"https:\\\/\\\/aconteceunovale.com.br\\\/portal\\\/?p=175105#respond\"]}]},{\"@type\":\"WebPage\",\"@id\":\"https:\\\/\\\/aconteceunovale.com.br\\\/portal\\\/?p=175105\",\"url\":\"https:\\\/\\\/aconteceunovale.com.br\\\/portal\\\/?p=175105\",\"name\":\"Suspeito de latroc\u00ednio no munic\u00edpio de Ara\u00e7ua\u00ed \u00e9 preso pela Pol\u00edcia Civil - Aconteceu no Vale\",\"isPartOf\":{\"@id\":\"https:\\\/\\\/aconteceunovale.com.br\\\/portal\\\/#website\"},\"primaryImageOfPage\":{\"@id\":\"https:\\\/\\\/aconteceunovale.com.br\\\/portal\\\/?p=175105#primaryimage\"},\"image\":{\"@id\":\"https:\\\/\\\/aconteceunovale.com.br\\\/portal\\\/?p=175105#primaryimage\"},\"thumbnailUrl\":\"https:\\\/\\\/aconteceunovale.com.br\\\/portal\\\/wp-content\\\/uploads\\\/2020\\\/05\\\/pcmg.jpg\",\"datePublished\":\"2021-03-08T16:24:56+00:00\",\"dateModified\":\"2026-09-02T15:13:16+00:00\",\"author\":{\"@id\":\"https:\\\/\\\/aconteceunovale.com.br\\\/portal\\\/#\\\/schema\\\/person\\\/7d2f26d1483f8a63de73da1ee0754d35\"},\"breadcrumb\":{\"@id\":\"https:\\\/\\\/aconteceunovale.com.br\\\/portal\\\/?p=175105#breadcrumb\"},\"inLanguage\":\"pt-BR\",\"potentialAction\":[{\"@type\":\"ReadAction\",\"target\":[\"https:\\\/\\\/aconteceunovale.com.br\\\/portal\\\/?p=175105\"]}]},{\"@type\":\"ImageObject\",\"inLanguage\":\"pt-BR\",\"@id\":\"https:\\\/\\\/aconteceunovale.com.br\\\/portal\\\/?p=175105#primaryimage\",\"url\":\"https:\\\/\\\/aconteceunovale.com.br\\\/portal\\\/wp-content\\\/uploads\\\/2020\\\/05\\\/pcmg.jpg\",\"contentUrl\":\"https:\\\/\\\/aconteceunovale.com.br\\\/portal\\\/wp-content\\\/uploads\\\/2020\\\/05\\\/pcmg.jpg\",\"width\":650,\"height\":402},{\"@type\":\"BreadcrumbList\",\"@id\":\"https:\\\/\\\/aconteceunovale.com.br\\\/portal\\\/?p=175105#breadcrumb\",\"itemListElement\":[{\"@type\":\"ListItem\",\"position\":1,\"name\":\"In\u00edcio\",\"item\":\"https:\\\/\\\/aconteceunovale.com.br\\\/portal\\\/\"},{\"@type\":\"ListItem\",\"position\":2,\"name\":\"Suspeito de latroc\u00ednio no munic\u00edpio de Ara\u00e7ua\u00ed \u00e9 preso pela Pol\u00edcia Civil\"}]},{\"@type\":\"WebSite\",\"@id\":\"https:\\\/\\\/aconteceunovale.com.br\\\/portal\\\/#website\",\"url\":\"https:\\\/\\\/aconteceunovale.com.br\\\/portal\\\/\",\"name\":\"Aconteceu no Vale\",\"description\":\"Portal de Not\u00edcias\",\"potentialAction\":[{\"@type\":\"SearchAction\",\"target\":{\"@type\":\"EntryPoint\",\"urlTemplate\":\"https:\\\/\\\/aconteceunovale.com.br\\\/portal\\\/?s={search_term_string}\"},\"query-input\":{\"@type\":\"PropertyValueSpecification\",\"valueRequired\":true,\"valueName\":\"search_term_string\"}}],\"inLanguage\":\"pt-BR\"},{\"@type\":\"Person\",\"@id\":\"https:\\\/\\\/aconteceunovale.com.br\\\/portal\\\/#\\\/schema\\\/person\\\/7d2f26d1483f8a63de73da1ee0754d35\",\"name\":\"Reda\u00e7\u00e3o Aconteceu no Vale\",\"description\":\"Equipe de reportagem do Aconteceu no Vale, portal de not\u00edcias do Vale do Jequitinhonha, em Minas Gerais. Cobrimos as 51 cidades do Vale desde 2013. Sugest\u00f5es de pauta e pedidos de corre\u00e7\u00e3o: contato@aconteceunovale.com.br\",\"url\":\"https:\\\/\\\/aconteceunovale.com.br\\\/portal\\\/?author=4\"}]}<\/script>\n<!-- \/ Yoast SEO plugin. -->","yoast_head_json":{"title":"Suspeito de latroc\u00ednio no munic\u00edpio de Ara\u00e7ua\u00ed \u00e9 preso pela Pol\u00edcia Civil - Aconteceu no Vale","robots":{"index":"index","follow":"follow","max-snippet":"max-snippet:-1","max-image-preview":"max-image-preview:large","max-video-preview":"max-video-preview:-1"},"canonical":"https:\/\/aconteceunovale.com.br\/portal\/?p=175105","og_locale":"pt_BR","og_type":"article","og_title":"Suspeito de latroc\u00ednio no munic\u00edpio de Ara\u00e7ua\u00ed \u00e9 preso pela Pol\u00edcia Civil - Aconteceu no Vale","og_description":"A Pol\u00edcia Civil de Minas Gerais (PCMG) prendeu um homem, foragido da Justi\u00e7a, suspeito pelo crime de latroc\u00ednio cometido contra um idoso, de 70 anos, em Ara\u00e7ua\u00ed, no Vale do Jequitinhonha. O indiv\u00edduo W.S.N., investigado por executar a a\u00e7\u00e3o criminosa, foi reconhecido por meio de retrato falado produzido pela equipe de investigadores de Te\u00f3filo Otoni. [&hellip;]","og_url":"https:\/\/aconteceunovale.com.br\/portal\/?p=175105","og_site_name":"Aconteceu no Vale","article_publisher":"https:\/\/www.facebook.com\/aconteceunovale\/","article_published_time":"2021-03-08T16:24:56+00:00","article_modified_time":"2026-09-02T15:13:16+00:00","og_image":[{"width":650,"height":402,"url":"https:\/\/aconteceunovale.com.br\/portal\/wp-content\/uploads\/2020\/05\/pcmg.jpg","type":"image\/jpeg"}],"author":"Reda\u00e7\u00e3o Aconteceu no Vale","twitter_card":"summary_large_image","twitter_creator":"@noticiadosvales","twitter_site":"@noticiadosvales","twitter_misc":{"Escrito por":"Reda\u00e7\u00e3o Aconteceu no Vale","Est. tempo de leitura":"1 minuto"},"schema":{"@context":"https:\/\/schema.org","@graph":[{"@type":"Article","@id":"https:\/\/aconteceunovale.com.br\/portal\/?p=175105#article","isPartOf":{"@id":"https:\/\/aconteceunovale.com.br\/portal\/?p=175105"},"author":{"name":"Reda\u00e7\u00e3o Aconteceu no Vale","@id":"https:\/\/aconteceunovale.com.br\/portal\/#\/schema\/person\/7d2f26d1483f8a63de73da1ee0754d35"},"headline":"Suspeito de latroc\u00ednio no munic\u00edpio de Ara\u00e7ua\u00ed \u00e9 preso pela Pol\u00edcia Civil","datePublished":"2021-03-08T16:24:56+00:00","dateModified":"2026-09-02T15:13:16+00:00","mainEntityOfPage":{"@id":"https:\/\/aconteceunovale.com.br\/portal\/?p=175105"},"wordCount":258,"commentCount":1,"image":{"@id":"https:\/\/aconteceunovale.com.br\/portal\/?p=175105#primaryimage"},"thumbnailUrl":"https:\/\/aconteceunovale.com.br\/portal\/wp-content\/uploads\/2020\/05\/pcmg.jpg","keywords":["Ara\u00e7ua\u00ed","assalto em ara\u00e7ua\u00ed","destaque","Fazendeiro assassinado em Ara\u00e7ua\u00ed","Fazendeiro \u00e9 assassinado durante assalto no munic\u00edpio de Ara\u00e7ua\u00ed","Fazendeiro morto em Ara\u00e7ua\u00ed","homic\u00eddio em ara\u00e7ua\u00ed","Investigador Bel","latroc\u00ednio em ara\u00e7ua\u00ed","Morte de fazendeiro em Ara\u00e7ua\u00ed","Morte de pecuarista em Ara\u00e7ua\u00ed","morto em ara\u00e7ua\u00ed","PCMG","Pecuarista morto em Ara\u00e7ua\u00ed","Preso atrav\u00e9s de retrato falado","Preso por latroc\u00ednio em Ara\u00e7ua\u00ed","Preso por matar fazendeiro em Ara\u00e7ua\u00ed","Reinaldo Guedes Otoni","Sandemberg Soares","Suspeito de latroc\u00ednio no munic\u00edpio de Ara\u00e7ua\u00ed \u00e9 preso pela Pol\u00edcia Civil","Te\u00f3filo Otoni","Viol\u00eancia em Ara\u00e7ua\u00ed"],"articleSection":["Ara\u00e7ua\u00ed","Vale do Jequitinhonha","Vale do Mucuri"],"inLanguage":"pt-BR","potentialAction":[{"@type":"CommentAction","name":"Comment","target":["https:\/\/aconteceunovale.com.br\/portal\/?p=175105#respond"]}]},{"@type":"WebPage","@id":"https:\/\/aconteceunovale.com.br\/portal\/?p=175105","url":"https:\/\/aconteceunovale.com.br\/portal\/?p=175105","name":"Suspeito de latroc\u00ednio no munic\u00edpio de Ara\u00e7ua\u00ed \u00e9 preso pela Pol\u00edcia Civil - Aconteceu no Vale","isPartOf":{"@id":"https:\/\/aconteceunovale.com.br\/portal\/#website"},"primaryImageOfPage":{"@id":"https:\/\/aconteceunovale.com.br\/portal\/?p=175105#primaryimage"},"image":{"@id":"https:\/\/aconteceunovale.com.br\/portal\/?p=175105#primaryimage"},"thumbnailUrl":"https:\/\/aconteceunovale.com.br\/portal\/wp-content\/uploads\/2020\/05\/pcmg.jpg","datePublished":"2021-03-08T16:24:56+00:00","dateModified":"2026-09-02T15:13:16+00:00","author":{"@id":"https:\/\/aconteceunovale.com.br\/portal\/#\/schema\/person\/7d2f26d1483f8a63de73da1ee0754d35"},"breadcrumb":{"@id":"https:\/\/aconteceunovale.com.br\/portal\/?p=175105#breadcrumb"},"inLanguage":"pt-BR","potentialAction":[{"@type":"ReadAction","target":["https:\/\/aconteceunovale.com.br\/portal\/?p=175105"]}]},{"@type":"ImageObject","inLanguage":"pt-BR","@id":"https:\/\/aconteceunovale.com.br\/portal\/?p=175105#primaryimage","url":"https:\/\/aconteceunovale.com.br\/portal\/wp-content\/uploads\/2020\/05\/pcmg.jpg","contentUrl":"https:\/\/aconteceunovale.com.br\/portal\/wp-content\/uploads\/2020\/05\/pcmg.jpg","width":650,"height":402},{"@type":"BreadcrumbList","@id":"https:\/\/aconteceunovale.com.br\/portal\/?p=175105#breadcrumb","itemListElement":[{"@type":"ListItem","position":1,"name":"In\u00edcio","item":"https:\/\/aconteceunovale.com.br\/portal\/"},{"@type":"ListItem","position":2,"name":"Suspeito de latroc\u00ednio no munic\u00edpio de Ara\u00e7ua\u00ed \u00e9 preso pela Pol\u00edcia Civil"}]},{"@type":"WebSite","@id":"https:\/\/aconteceunovale.com.br\/portal\/#website","url":"https:\/\/aconteceunovale.com.br\/portal\/","name":"Aconteceu no Vale","description":"Portal de Not\u00edcias","potentialAction":[{"@type":"SearchAction","target":{"@type":"EntryPoint","urlTemplate":"https:\/\/aconteceunovale.com.br\/portal\/?s={search_term_string}"},"query-input":{"@type":"PropertyValueSpecification","valueRequired":true,"valueName":"search_term_string"}}],"inLanguage":"pt-BR"},{"@type":"Person","@id":"https:\/\/aconteceunovale.com.br\/portal\/#\/schema\/person\/7d2f26d1483f8a63de73da1ee0754d35","name":"Reda\u00e7\u00e3o Aconteceu no Vale","description":"Equipe de reportagem do Aconteceu no Vale, portal de not\u00edcias do Vale do Jequitinhonha, em Minas Gerais. Cobrimos as 51 cidades do Vale desde 2013. Sugest\u00f5es de pauta e pedidos de corre\u00e7\u00e3o: contato@aconteceunovale.com.br","url":"https:\/\/aconteceunovale.com.br\/portal\/?author=4"}]}},"_links":{"self":[{"href":"https:\/\/aconteceunovale.com.br\/portal\/index.php?rest_route=\/wp\/v2\/posts\/175105","targetHints":{"allow":["GET"]}}],"collection":[{"href":"https:\/\/aconteceunovale.com.br\/portal\/index.php?rest_route=\/wp\/v2\/posts"}],"about":[{"href":"https:\/\/aconteceunovale.com.br\/portal\/index.php?rest_route=\/wp\/v2\/types\/post"}],"author":[{"embeddable":true,"href":"https:\/\/aconteceunovale.com.br\/portal\/index.php?rest_route=\/wp\/v2\/users\/4"}],"replies":[{"embeddable":true,"href":"https:\/\/aconteceunovale.com.br\/portal\/index.php?rest_route=%2Fwp%2Fv2%2Fcomments&post=175105"}],"version-history":[{"count":1,"href":"https:\/\/aconteceunovale.com.br\/portal\/index.php?rest_route=\/wp\/v2\/posts\/175105\/revisions"}],"predecessor-version":[{"id":175107,"href":"https:\/\/aconteceunovale.com.br\/portal\/index.php?rest_route=\/wp\/v2\/posts\/175105\/revisions\/175107"}],"wp:featuredmedia":[{"embeddable":true,"href":"https:\/\/aconteceunovale.com.br\/portal\/index.php?rest_route=\/wp\/v2\/media\/162079"}],"wp:attachment":[{"href":"https:\/\/aconteceunovale.com.br\/portal\/index.php?rest_route=%2Fwp%2Fv2%2Fmedia&parent=175105"}],"wp:term":[{"taxonomy":"category","embeddable":true,"href":"https:\/\/aconteceunovale.com.br\/portal\/index.php?rest_route=%2Fwp%2Fv2%2Fcategories&post=175105"},{"taxonomy":"post_tag","embeddable":true,"href":"https:\/\/aconteceunovale.com.br\/portal\/index.php?rest_route=%2Fwp%2Fv2%2Ftags&post=175105"}],"curies":[{"name":"wp","href":"https:\/\/api.w.org\/{rel}","templated":true}]}}