{"id":175102,"date":"2021-03-08T12:50:34","date_gmt":"2021-03-08T15:50:34","guid":{"rendered":"https:\/\/aconteceunovale.com.br\/portal\/?p=175102"},"modified":"2021-03-08T13:27:06","modified_gmt":"2021-03-08T16:27:06","slug":"ano-letivo-2021-na-rede-estadual-comeca-com-semana-de-acolhimento-de-estudantes","status":"publish","type":"post","link":"https:\/\/aconteceunovale.com.br\/portal\/?p=175102","title":{"rendered":"Ano letivo 2021 na rede estadual come\u00e7a com semana de acolhimento de estudantes"},"content":{"rendered":"\n<p class=\"wp-block-paragraph\">A rede p\u00fablica estadual de ensino de Minas Gerais inicia, nesta segunda-feira (8\/3), de forma remota, o ano letivo de 2021. Durante a primeira semana, entre os dias 8 e 12\/3, as escolas v\u00e3o se dedicar \u00e0s atividades de acolhimento dos alunos e desenvolver a\u00e7\u00f5es que promovam o estreitamento dos la\u00e7os com a comunidade escolar. Outro objetivo \u00e9 fazer com que os estudantes conhe\u00e7am melhor as propostas pedag\u00f3gicas que ser\u00e3o desenvolvidas pela unidade de ensino.<\/p>\n\n\n\n<p class=\"wp-block-paragraph\">A subsecret\u00e1ria de Desenvolvimento da Educa\u00e7\u00e3o B\u00e1sica da&nbsp;<a href=\"https:\/\/www.educacao.mg.gov.br\/\" target=\"_blank\" rel=\"noreferrer noopener\">Secretaria de Estado de Educa\u00e7\u00e3o de Minas Gerais (SEE\/MG)<\/a>, Geniana Guimar\u00e3es Faria, destaca a import\u00e2ncia desse momento com os alunos e ressalta as a\u00e7\u00f5es desenvolvidas para o novo ano na rede estadual.&nbsp;<\/p>\n\n\n\n<p class=\"wp-block-paragraph\">\u201cDepois de um ano t\u00e3o desafiador como foi 2020, iniciamos esse ano letivo sabendo da necessidade de mantermos o engajamento para que possamos proporcionar, a cada um dos nossos estudantes, a continuidade do processo de ensino e aprendizagem de forma remota, garantindo o direito \u00e0 educa\u00e7\u00e3o. Esta primeira semana letiva \u00e9 um momento de acolher e estabelecer v\u00ednculos, a\u00e7\u00e3o extremamente necess\u00e1ria para o processo de aprendizagem\u201d, afirma.&nbsp;<\/p>\n\n\n\n<p class=\"wp-block-paragraph\">A partir de 15\/3, t\u00eam in\u00edcio as aulas do programa Se Liga na Educa\u00e7\u00e3o e o processo dos Planos de Estudos Tutorados (PETs). Para auxiliar os educadores na realiza\u00e7\u00e3o das atividades, a SEE\/MG encaminhou documentos orientadores para as escolas.&nbsp;<\/p>\n\n\n\n<p class=\"wp-block-paragraph\"><strong>Ambienta\u00e7\u00e3o<\/strong><\/p>\n\n\n\n<p class=\"wp-block-paragraph\">\u201cNeste momento, a unidade de ensino precisa envolver o estudante para que ele se sinta parte da escola. \u00c9 importante que, mesmo remotamente, o aluno novato possa saber como \u00e9 o espa\u00e7o f\u00edsico da escola. A\u00e7\u00f5es assim s\u00e3o fundamentais para reduzir a dist\u00e2ncia f\u00edsica e estreitar os la\u00e7os de afetividade com o espa\u00e7o escolar\u201d, destaca a superintendente de Pol\u00edticas Pedag\u00f3gicas da SEE\/MG, Esther Augusta Nunes Barbosa.<\/p>\n\n\n\n<p class=\"wp-block-paragraph\">As atividades sugeridas podem ser adaptadas de acordo com a realidade de cada unidade de ensino. Entre as iniciativas propostas est\u00e3o a cria\u00e7\u00e3o de um v\u00eddeo curto no qual sejam apresentados ao aluno o ambiente escolar e os professores, por meio de fotos, al\u00e9m de rodas de conversas virtuais. Tamb\u00e9m s\u00e3o indicadas atividades para serem feitas com estudantes que n\u00e3o possuem acesso \u00e0 internet.&nbsp;<\/p>\n\n\n\n<p class=\"wp-block-paragraph\">Al\u00e9m disso, o material destaca a import\u00e2ncia do estudante ter um espa\u00e7o para apresentar suas expectativas e anseios em rela\u00e7\u00e3o ao ano que se inicia. \u201cO contexto nos instiga a construir diferentes metodologias e formas de nos comunicar. Fomentar a escuta dos estudantes \u00e9 parte fundamental neste processo\u201d, enfatiza Esther Barbosa.<\/p>\n\n\n\n<p class=\"wp-block-paragraph\"><strong>Ferramentas pedag\u00f3gicas<\/strong><\/p>\n\n\n\n<p class=\"wp-block-paragraph\">Tamb\u00e9m durante a Semana de Acolhimento os alunos come\u00e7am a conhecer e a se apropriar das ferramentas de estudo n\u00e3o presencial. O Plano de Estudo Tutorado (PET) j\u00e1 est\u00e1 dispon\u00edvel para acesso gratuito desde o dia 3\/3, no endere\u00e7o eletr\u00f4nico&nbsp;<a href=\"http:\/\/estudeemcasa.educacao.mg.gov.br\/\" target=\"_blank\" rel=\"noreferrer noopener\">estudeemcasa.educacao.mg.gov.br<\/a>.&nbsp;<\/p>\n\n\n\n<p class=\"wp-block-paragraph\">Para os estudantes que n\u00e3o t\u00eam acesso \u00e0 internet, o PET ser\u00e1 entregue impresso, como em 2020. A log\u00edstica e a organiza\u00e7\u00e3o para a entrega s\u00e3o feitas pelos gestores escolares, de acordo com a realidade de cada comunidade, sempre respeitando as determina\u00e7\u00f5es da&nbsp;<a href=\"https:\/\/www.saude.mg.gov.br\/\" target=\"_blank\" rel=\"noreferrer noopener\">Secretaria de Estado de Sa\u00fade (SES-MG)<\/a>&nbsp;com rela\u00e7\u00e3o aos protocolos sanit\u00e1rios de preven\u00e7\u00e3o e combate \u00e0 covid-19.<\/p>\n\n\n\n<p class=\"wp-block-paragraph\">Os estudantes tamb\u00e9m podem conhecer um pouco mais sobre o programa Se Liga na Educa\u00e7\u00e3o, que ser\u00e1 transmitido de segunda a sexta-feira pela Rede Minas, das 7h30 \u00e0s 12h30, e reapresentado pela TV Assembleia. As teleaulas, com&nbsp;conte\u00fado alinhado com os PETs,&nbsp;come\u00e7am a ser exibidas a partir de 15\/3.<\/p>\n\n\n\n<p class=\"wp-block-paragraph\">Outra ferramenta que os estudantes ter\u00e3o acesso \u00e9 o Conex\u00e3o Escola 2.0. O aplicativo foi atualizado com a incorpora\u00e7\u00e3o de in\u00fameras melhorias. Entre elas est\u00e1 a interface com a plataforma Google Sala de Aula, atendendo a pedidos de professores e alunos.&nbsp;Os educadores ser\u00e3o orientados a estar on-line no Conex\u00e3o Escola 2.0 no momento da sua aula, dispon\u00edveis para interagir com os alunos, postar atividades, transmitir aula por v\u00eddeo, entre outros. A navega\u00e7\u00e3o no aplicativo segue sendo patrocinada pelo&nbsp;<a href=\"https:\/\/www.mg.gov.br\/\" target=\"_blank\" rel=\"noreferrer noopener\">Governo de Minas<\/a>&nbsp;para professores e estudantes da rede p\u00fablica estadual.<\/p>\n\n\n\n<p class=\"wp-block-paragraph\"><strong>Ano letivo de 2021<\/strong><\/p>\n\n\n\n<p class=\"wp-block-paragraph\">Em coletiva de imprensa realizada na \u00faltima semana, a secret\u00e1ria de Estado de Educa\u00e7\u00e3o, Julia Sant\u2019Anna, falou sobre as novidades para o ano letivo. Ser\u00e3o investidos mais R$ 350 milh\u00f5es na Educa\u00e7\u00e3o no estado. Os recursos s\u00e3o divididos em R$ 90 milh\u00f5es de adicional de manuten\u00e7\u00e3o para pequenos reparos nas unidades escolares, R$ 170 milh\u00f5es a mais sobre o valor que normalmente \u00e9 destinado pelo Governo de Minas para a alimenta\u00e7\u00e3o escolar e mais R$ 90 milh\u00f5es distribu\u00eddos para as unidades de ensino que ser\u00e3o reconhecidas com o Pr\u00eamio Escola Transforma\u00e7\u00e3o por bom desempenho de gest\u00e3o e aprendizado.<\/p>\n\n\n\n<p class=\"wp-block-paragraph\">Outra novidade \u00e9 que, para este ano, a SEE\/MG oferecer\u00e1 um Refor\u00e7o Escolar. As primeiras turmas ser\u00e3o formadas a partir dos resultados da avalia\u00e7\u00e3o diagn\u00f3stica, realizada no final do ano letivo de 2020, com a participa\u00e7\u00e3o tamb\u00e9m dos alunos que tiveram mais dificuldade na devolu\u00e7\u00e3o dos PETs.&nbsp;<\/p>\n\n\n\n<p class=\"wp-block-paragraph\">A cada aplica\u00e7\u00e3o de avalia\u00e7\u00e3o em 2021 ser\u00e3o feitas novas an\u00e1lises para eventuais inclus\u00f5es e encerramento da participa\u00e7\u00e3o de estudantes de acordo com os avan\u00e7os na aprendizagem. A dire\u00e7\u00e3o da escola entrar\u00e1 em contato com o aluno e seus respons\u00e1veis, informando a necessidade de participa\u00e7\u00e3o nas atividades de refor\u00e7o.<\/p>\n\n\n\n<p class=\"wp-block-paragraph\">&#8212;&#8212;&#8212;&#8212;&#8212;&#8212;<br><em>Quer receber as not\u00edcias do <strong>Aconteceu no Vale<\/strong> em primeira m\u00e3o? Siga-nos no Facebook <a rel=\"noreferrer noopener\" href=\"http:\/\/facebook.com\/aconteceunovale\" target=\"_blank\">@aconteceunovale<\/a>, Twitter <a rel=\"noreferrer noopener\" href=\"https:\/\/twitter.com\/noticiadosvales\" target=\"_blank\">@noticiadosvales<\/a> e Instagram <a rel=\"noreferrer noopener\" href=\"https:\/\/www.instagram.com\/aconteceunovale\" target=\"_blank\">@aconteceunovale<\/a>.<\/em><\/p>\n","protected":false},"excerpt":{"rendered":"<p>A rede p\u00fablica estadual de ensino de Minas Gerais inicia, nesta segunda-feira (8\/3), de forma remota, o ano letivo de 2021. Durante a primeira semana, entre os dias 8 e 12\/3, as escolas v\u00e3o se dedicar \u00e0s atividades de acolhimento dos alunos e desenvolver a\u00e7\u00f5es que promovam o estreitamento dos la\u00e7os com a comunidade escolar. [&hellip;]<\/p>\n","protected":false},"author":4,"featured_media":175103,"comment_status":"open","ping_status":"closed","sticky":false,"template":"","format":"standard","meta":{"amp_status":"","footnotes":""},"categories":[40238,123],"tags":[238831,238833,1018,18892,238834,238830,238832,190220,238835,221640,52788,238829,133841,166668],"class_list":["post-175102","post","type-post","status-publish","format-standard","has-post-thumbnail","hentry","category-educacao-2","category-gerais","tag-ano-escolar-2021-em-minas-gerais","tag-conexao-escola-2-0","tag-destaque","tag-educacao-de-minas-gerais","tag-google-sala-de-aula","tag-inicio-do-ano-escolar-2021-em-minas-gerais","tag-investimentos-na-educacao-em-minas-gerais","tag-julia-santanna","tag-premio-escola-transformacao","tag-retorno-das-aulas-em-minas-gerais","tag-secretaria-de-educacao","tag-secretaria-de-educacao-anuncia-inicio-do-ano-escolar-2021-e-investimentos-de-r-350-milhoes","tag-see-mg","tag-volta-as-aulas-em-minas-gerais"],"yoast_head":"<!-- This site is optimized with the Yoast SEO plugin v28.3 - https:\/\/yoast.com\/product\/yoast-seo-wordpress\/ -->\n<title>Ano letivo 2021 na rede estadual come\u00e7a com semana de acolhimento de estudantes - Aconteceu no Vale<\/title>\n<meta name=\"robots\" content=\"index, follow, max-snippet:-1, max-image-preview:large, max-video-preview:-1\" \/>\n<link rel=\"canonical\" href=\"https:\/\/aconteceunovale.com.br\/portal\/?p=175102\" \/>\n<meta property=\"og:locale\" content=\"pt_BR\" \/>\n<meta property=\"og:type\" content=\"article\" \/>\n<meta property=\"og:title\" content=\"Ano letivo 2021 na rede estadual come\u00e7a com semana de acolhimento de estudantes - Aconteceu no Vale\" \/>\n<meta property=\"og:description\" content=\"A rede p\u00fablica estadual de ensino de Minas Gerais inicia, nesta segunda-feira (8\/3), de forma remota, o ano letivo de 2021. Durante a primeira semana, entre os dias 8 e 12\/3, as escolas v\u00e3o se dedicar \u00e0s atividades de acolhimento dos alunos e desenvolver a\u00e7\u00f5es que promovam o estreitamento dos la\u00e7os com a comunidade escolar. [&hellip;]\" \/>\n<meta property=\"og:url\" content=\"https:\/\/aconteceunovale.com.br\/portal\/?p=175102\" \/>\n<meta property=\"og:site_name\" content=\"Aconteceu no Vale\" \/>\n<meta property=\"article:publisher\" content=\"https:\/\/www.facebook.com\/aconteceunovale\/\" \/>\n<meta property=\"article:published_time\" content=\"2021-03-08T15:50:34+00:00\" \/>\n<meta property=\"article:modified_time\" content=\"2021-03-08T16:27:06+00:00\" \/>\n<meta property=\"og:image\" content=\"https:\/\/aconteceunovale.com.br\/portal\/wp-content\/uploads\/2021\/03\/ano_letivo_2021.jpg\" \/>\n\t<meta property=\"og:image:width\" content=\"620\" \/>\n\t<meta property=\"og:image:height\" content=\"387\" \/>\n\t<meta property=\"og:image:type\" content=\"image\/jpeg\" \/>\n<meta name=\"author\" content=\"Reda\u00e7\u00e3o Aconteceu no Vale\" \/>\n<meta name=\"twitter:card\" content=\"summary_large_image\" \/>\n<meta name=\"twitter:creator\" content=\"@noticiadosvales\" \/>\n<meta name=\"twitter:site\" content=\"@noticiadosvales\" \/>\n<meta name=\"twitter:label1\" content=\"Escrito por\" \/>\n\t<meta name=\"twitter:data1\" content=\"Reda\u00e7\u00e3o Aconteceu no Vale\" \/>\n\t<meta name=\"twitter:label2\" content=\"Est. tempo de leitura\" \/>\n\t<meta name=\"twitter:data2\" content=\"5 minutos\" \/>\n<script type=\"application\/ld+json\" class=\"yoast-schema-graph\">{\"@context\":\"https:\\\/\\\/schema.org\",\"@graph\":[{\"@type\":\"Article\",\"@id\":\"https:\\\/\\\/aconteceunovale.com.br\\\/portal\\\/?p=175102#article\",\"isPartOf\":{\"@id\":\"https:\\\/\\\/aconteceunovale.com.br\\\/portal\\\/?p=175102\"},\"author\":{\"name\":\"Reda\u00e7\u00e3o Aconteceu no Vale\",\"@id\":\"https:\\\/\\\/aconteceunovale.com.br\\\/portal\\\/#\\\/schema\\\/person\\\/7d2f26d1483f8a63de73da1ee0754d35\"},\"headline\":\"Ano letivo 2021 na rede estadual come\u00e7a com semana de acolhimento de estudantes\",\"datePublished\":\"2021-03-08T15:50:34+00:00\",\"dateModified\":\"2021-03-08T16:27:06+00:00\",\"mainEntityOfPage\":{\"@id\":\"https:\\\/\\\/aconteceunovale.com.br\\\/portal\\\/?p=175102\"},\"wordCount\":984,\"commentCount\":0,\"image\":{\"@id\":\"https:\\\/\\\/aconteceunovale.com.br\\\/portal\\\/?p=175102#primaryimage\"},\"thumbnailUrl\":\"https:\\\/\\\/aconteceunovale.com.br\\\/portal\\\/wp-content\\\/uploads\\\/2021\\\/03\\\/ano_letivo_2021.jpg\",\"keywords\":[\"Ano escolar 2021 em Minas Gerais\",\"Conex\u00e3o Escola 2.0\",\"destaque\",\"educa\u00e7\u00e3o de minas gerais\",\"Google Sala de Aula\",\"In\u00edcio do ano escolar 2021 em Minas Gerais\",\"Investimentos na educa\u00e7\u00e3o em Minas Gerais\",\"Julia Sant\u2019Anna\",\"Pr\u00eamio Escola Transforma\u00e7\u00e3o\",\"Retorno das aulas em Minas Gerais\",\"secret\u00e1ria de Educa\u00e7\u00e3o\",\"Secretaria de Educa\u00e7\u00e3o anuncia in\u00edcio do ano escolar 2021 e investimentos de R$ 350 milh\u00f5es\",\"SEE-MG\",\"Volta \u00e0s aulas em Minas Gerais\"],\"articleSection\":[\"Educa\u00e7\u00e3o\",\"Minas Gerais\"],\"inLanguage\":\"pt-BR\",\"potentialAction\":[{\"@type\":\"CommentAction\",\"name\":\"Comment\",\"target\":[\"https:\\\/\\\/aconteceunovale.com.br\\\/portal\\\/?p=175102#respond\"]}]},{\"@type\":\"WebPage\",\"@id\":\"https:\\\/\\\/aconteceunovale.com.br\\\/portal\\\/?p=175102\",\"url\":\"https:\\\/\\\/aconteceunovale.com.br\\\/portal\\\/?p=175102\",\"name\":\"Ano letivo 2021 na rede estadual come\u00e7a com semana de acolhimento de estudantes - Aconteceu no Vale\",\"isPartOf\":{\"@id\":\"https:\\\/\\\/aconteceunovale.com.br\\\/portal\\\/#website\"},\"primaryImageOfPage\":{\"@id\":\"https:\\\/\\\/aconteceunovale.com.br\\\/portal\\\/?p=175102#primaryimage\"},\"image\":{\"@id\":\"https:\\\/\\\/aconteceunovale.com.br\\\/portal\\\/?p=175102#primaryimage\"},\"thumbnailUrl\":\"https:\\\/\\\/aconteceunovale.com.br\\\/portal\\\/wp-content\\\/uploads\\\/2021\\\/03\\\/ano_letivo_2021.jpg\",\"datePublished\":\"2021-03-08T15:50:34+00:00\",\"dateModified\":\"2021-03-08T16:27:06+00:00\",\"author\":{\"@id\":\"https:\\\/\\\/aconteceunovale.com.br\\\/portal\\\/#\\\/schema\\\/person\\\/7d2f26d1483f8a63de73da1ee0754d35\"},\"breadcrumb\":{\"@id\":\"https:\\\/\\\/aconteceunovale.com.br\\\/portal\\\/?p=175102#breadcrumb\"},\"inLanguage\":\"pt-BR\",\"potentialAction\":[{\"@type\":\"ReadAction\",\"target\":[\"https:\\\/\\\/aconteceunovale.com.br\\\/portal\\\/?p=175102\"]}]},{\"@type\":\"ImageObject\",\"inLanguage\":\"pt-BR\",\"@id\":\"https:\\\/\\\/aconteceunovale.com.br\\\/portal\\\/?p=175102#primaryimage\",\"url\":\"https:\\\/\\\/aconteceunovale.com.br\\\/portal\\\/wp-content\\\/uploads\\\/2021\\\/03\\\/ano_letivo_2021.jpg\",\"contentUrl\":\"https:\\\/\\\/aconteceunovale.com.br\\\/portal\\\/wp-content\\\/uploads\\\/2021\\\/03\\\/ano_letivo_2021.jpg\",\"width\":620,\"height\":387},{\"@type\":\"BreadcrumbList\",\"@id\":\"https:\\\/\\\/aconteceunovale.com.br\\\/portal\\\/?p=175102#breadcrumb\",\"itemListElement\":[{\"@type\":\"ListItem\",\"position\":1,\"name\":\"In\u00edcio\",\"item\":\"https:\\\/\\\/aconteceunovale.com.br\\\/portal\\\/\"},{\"@type\":\"ListItem\",\"position\":2,\"name\":\"Ano letivo 2021 na rede estadual come\u00e7a com semana de acolhimento de estudantes\"}]},{\"@type\":\"WebSite\",\"@id\":\"https:\\\/\\\/aconteceunovale.com.br\\\/portal\\\/#website\",\"url\":\"https:\\\/\\\/aconteceunovale.com.br\\\/portal\\\/\",\"name\":\"Aconteceu no Vale\",\"description\":\"Portal de Not\u00edcias\",\"potentialAction\":[{\"@type\":\"SearchAction\",\"target\":{\"@type\":\"EntryPoint\",\"urlTemplate\":\"https:\\\/\\\/aconteceunovale.com.br\\\/portal\\\/?s={search_term_string}\"},\"query-input\":{\"@type\":\"PropertyValueSpecification\",\"valueRequired\":true,\"valueName\":\"search_term_string\"}}],\"inLanguage\":\"pt-BR\"},{\"@type\":\"Person\",\"@id\":\"https:\\\/\\\/aconteceunovale.com.br\\\/portal\\\/#\\\/schema\\\/person\\\/7d2f26d1483f8a63de73da1ee0754d35\",\"name\":\"Reda\u00e7\u00e3o Aconteceu no Vale\",\"description\":\"Equipe de reportagem do Aconteceu no Vale, portal de not\u00edcias do Vale do Jequitinhonha, em Minas Gerais. Cobrimos as 51 cidades do Vale desde 2013. Sugest\u00f5es de pauta e pedidos de corre\u00e7\u00e3o: contato@aconteceunovale.com.br\",\"url\":\"https:\\\/\\\/aconteceunovale.com.br\\\/portal\\\/?author=4\"}]}<\/script>\n<!-- \/ Yoast SEO plugin. -->","yoast_head_json":{"title":"Ano letivo 2021 na rede estadual come\u00e7a com semana de acolhimento de estudantes - Aconteceu no Vale","robots":{"index":"index","follow":"follow","max-snippet":"max-snippet:-1","max-image-preview":"max-image-preview:large","max-video-preview":"max-video-preview:-1"},"canonical":"https:\/\/aconteceunovale.com.br\/portal\/?p=175102","og_locale":"pt_BR","og_type":"article","og_title":"Ano letivo 2021 na rede estadual come\u00e7a com semana de acolhimento de estudantes - Aconteceu no Vale","og_description":"A rede p\u00fablica estadual de ensino de Minas Gerais inicia, nesta segunda-feira (8\/3), de forma remota, o ano letivo de 2021. Durante a primeira semana, entre os dias 8 e 12\/3, as escolas v\u00e3o se dedicar \u00e0s atividades de acolhimento dos alunos e desenvolver a\u00e7\u00f5es que promovam o estreitamento dos la\u00e7os com a comunidade escolar. [&hellip;]","og_url":"https:\/\/aconteceunovale.com.br\/portal\/?p=175102","og_site_name":"Aconteceu no Vale","article_publisher":"https:\/\/www.facebook.com\/aconteceunovale\/","article_published_time":"2021-03-08T15:50:34+00:00","article_modified_time":"2021-03-08T16:27:06+00:00","og_image":[{"width":620,"height":387,"url":"https:\/\/aconteceunovale.com.br\/portal\/wp-content\/uploads\/2021\/03\/ano_letivo_2021.jpg","type":"image\/jpeg"}],"author":"Reda\u00e7\u00e3o Aconteceu no Vale","twitter_card":"summary_large_image","twitter_creator":"@noticiadosvales","twitter_site":"@noticiadosvales","twitter_misc":{"Escrito por":"Reda\u00e7\u00e3o Aconteceu no Vale","Est. tempo de leitura":"5 minutos"},"schema":{"@context":"https:\/\/schema.org","@graph":[{"@type":"Article","@id":"https:\/\/aconteceunovale.com.br\/portal\/?p=175102#article","isPartOf":{"@id":"https:\/\/aconteceunovale.com.br\/portal\/?p=175102"},"author":{"name":"Reda\u00e7\u00e3o Aconteceu no Vale","@id":"https:\/\/aconteceunovale.com.br\/portal\/#\/schema\/person\/7d2f26d1483f8a63de73da1ee0754d35"},"headline":"Ano letivo 2021 na rede estadual come\u00e7a com semana de acolhimento de estudantes","datePublished":"2021-03-08T15:50:34+00:00","dateModified":"2021-03-08T16:27:06+00:00","mainEntityOfPage":{"@id":"https:\/\/aconteceunovale.com.br\/portal\/?p=175102"},"wordCount":984,"commentCount":0,"image":{"@id":"https:\/\/aconteceunovale.com.br\/portal\/?p=175102#primaryimage"},"thumbnailUrl":"https:\/\/aconteceunovale.com.br\/portal\/wp-content\/uploads\/2021\/03\/ano_letivo_2021.jpg","keywords":["Ano escolar 2021 em Minas Gerais","Conex\u00e3o Escola 2.0","destaque","educa\u00e7\u00e3o de minas gerais","Google Sala de Aula","In\u00edcio do ano escolar 2021 em Minas Gerais","Investimentos na educa\u00e7\u00e3o em Minas Gerais","Julia Sant\u2019Anna","Pr\u00eamio Escola Transforma\u00e7\u00e3o","Retorno das aulas em Minas Gerais","secret\u00e1ria de Educa\u00e7\u00e3o","Secretaria de Educa\u00e7\u00e3o anuncia in\u00edcio do ano escolar 2021 e investimentos de R$ 350 milh\u00f5es","SEE-MG","Volta \u00e0s aulas em Minas Gerais"],"articleSection":["Educa\u00e7\u00e3o","Minas Gerais"],"inLanguage":"pt-BR","potentialAction":[{"@type":"CommentAction","name":"Comment","target":["https:\/\/aconteceunovale.com.br\/portal\/?p=175102#respond"]}]},{"@type":"WebPage","@id":"https:\/\/aconteceunovale.com.br\/portal\/?p=175102","url":"https:\/\/aconteceunovale.com.br\/portal\/?p=175102","name":"Ano letivo 2021 na rede estadual come\u00e7a com semana de acolhimento de estudantes - Aconteceu no Vale","isPartOf":{"@id":"https:\/\/aconteceunovale.com.br\/portal\/#website"},"primaryImageOfPage":{"@id":"https:\/\/aconteceunovale.com.br\/portal\/?p=175102#primaryimage"},"image":{"@id":"https:\/\/aconteceunovale.com.br\/portal\/?p=175102#primaryimage"},"thumbnailUrl":"https:\/\/aconteceunovale.com.br\/portal\/wp-content\/uploads\/2021\/03\/ano_letivo_2021.jpg","datePublished":"2021-03-08T15:50:34+00:00","dateModified":"2021-03-08T16:27:06+00:00","author":{"@id":"https:\/\/aconteceunovale.com.br\/portal\/#\/schema\/person\/7d2f26d1483f8a63de73da1ee0754d35"},"breadcrumb":{"@id":"https:\/\/aconteceunovale.com.br\/portal\/?p=175102#breadcrumb"},"inLanguage":"pt-BR","potentialAction":[{"@type":"ReadAction","target":["https:\/\/aconteceunovale.com.br\/portal\/?p=175102"]}]},{"@type":"ImageObject","inLanguage":"pt-BR","@id":"https:\/\/aconteceunovale.com.br\/portal\/?p=175102#primaryimage","url":"https:\/\/aconteceunovale.com.br\/portal\/wp-content\/uploads\/2021\/03\/ano_letivo_2021.jpg","contentUrl":"https:\/\/aconteceunovale.com.br\/portal\/wp-content\/uploads\/2021\/03\/ano_letivo_2021.jpg","width":620,"height":387},{"@type":"BreadcrumbList","@id":"https:\/\/aconteceunovale.com.br\/portal\/?p=175102#breadcrumb","itemListElement":[{"@type":"ListItem","position":1,"name":"In\u00edcio","item":"https:\/\/aconteceunovale.com.br\/portal\/"},{"@type":"ListItem","position":2,"name":"Ano letivo 2021 na rede estadual come\u00e7a com semana de acolhimento de estudantes"}]},{"@type":"WebSite","@id":"https:\/\/aconteceunovale.com.br\/portal\/#website","url":"https:\/\/aconteceunovale.com.br\/portal\/","name":"Aconteceu no Vale","description":"Portal de Not\u00edcias","potentialAction":[{"@type":"SearchAction","target":{"@type":"EntryPoint","urlTemplate":"https:\/\/aconteceunovale.com.br\/portal\/?s={search_term_string}"},"query-input":{"@type":"PropertyValueSpecification","valueRequired":true,"valueName":"search_term_string"}}],"inLanguage":"pt-BR"},{"@type":"Person","@id":"https:\/\/aconteceunovale.com.br\/portal\/#\/schema\/person\/7d2f26d1483f8a63de73da1ee0754d35","name":"Reda\u00e7\u00e3o Aconteceu no Vale","description":"Equipe de reportagem do Aconteceu no Vale, portal de not\u00edcias do Vale do Jequitinhonha, em Minas Gerais. Cobrimos as 51 cidades do Vale desde 2013. Sugest\u00f5es de pauta e pedidos de corre\u00e7\u00e3o: contato@aconteceunovale.com.br","url":"https:\/\/aconteceunovale.com.br\/portal\/?author=4"}]}},"_links":{"self":[{"href":"https:\/\/aconteceunovale.com.br\/portal\/index.php?rest_route=\/wp\/v2\/posts\/175102","targetHints":{"allow":["GET"]}}],"collection":[{"href":"https:\/\/aconteceunovale.com.br\/portal\/index.php?rest_route=\/wp\/v2\/posts"}],"about":[{"href":"https:\/\/aconteceunovale.com.br\/portal\/index.php?rest_route=\/wp\/v2\/types\/post"}],"author":[{"embeddable":true,"href":"https:\/\/aconteceunovale.com.br\/portal\/index.php?rest_route=\/wp\/v2\/users\/4"}],"replies":[{"embeddable":true,"href":"https:\/\/aconteceunovale.com.br\/portal\/index.php?rest_route=%2Fwp%2Fv2%2Fcomments&post=175102"}],"version-history":[{"count":1,"href":"https:\/\/aconteceunovale.com.br\/portal\/index.php?rest_route=\/wp\/v2\/posts\/175102\/revisions"}],"predecessor-version":[{"id":175104,"href":"https:\/\/aconteceunovale.com.br\/portal\/index.php?rest_route=\/wp\/v2\/posts\/175102\/revisions\/175104"}],"wp:featuredmedia":[{"embeddable":true,"href":"https:\/\/aconteceunovale.com.br\/portal\/index.php?rest_route=\/wp\/v2\/media\/175103"}],"wp:attachment":[{"href":"https:\/\/aconteceunovale.com.br\/portal\/index.php?rest_route=%2Fwp%2Fv2%2Fmedia&parent=175102"}],"wp:term":[{"taxonomy":"category","embeddable":true,"href":"https:\/\/aconteceunovale.com.br\/portal\/index.php?rest_route=%2Fwp%2Fv2%2Fcategories&post=175102"},{"taxonomy":"post_tag","embeddable":true,"href":"https:\/\/aconteceunovale.com.br\/portal\/index.php?rest_route=%2Fwp%2Fv2%2Ftags&post=175102"}],"curies":[{"name":"wp","href":"https:\/\/api.w.org\/{rel}","templated":true}]}}