{"id":175063,"date":"2021-03-07T11:17:01","date_gmt":"2021-03-07T14:17:01","guid":{"rendered":"https:\/\/aconteceunovale.com.br\/portal\/?p=175063"},"modified":"2021-03-07T11:17:53","modified_gmt":"2021-03-07T14:17:53","slug":"jornalista-que-estava-desaparecido-e-encontrado-morto-em-parque","status":"publish","type":"post","link":"https:\/\/aconteceunovale.com.br\/portal\/?p=175063","title":{"rendered":"Jornalista que estava desaparecido \u00e9 encontrado morto em parque"},"content":{"rendered":"\n<p class=\"wp-block-paragraph\">A Pol\u00edcia Militar encontrou, na noite desse s\u00e1bado (6\/3\/2021), o corpo do Jornalista J\u00falio de Paula Oliveira, do jornal e site &#8220;O Incofidente&#8221;. Ele estava desaparecido desde a \u00faltima quarta-feira (3), em Ouro Preto, na regi\u00e3o Central de Minas Gerais. A v\u00edtima, de 54 anos, sofreu um latroc\u00ednio &#8211; roubo seguido de morte &#8211; j\u00e1 que teve o carro roubado e depois foi assassinada a facadas.&nbsp;<\/p>\n\n\n\n<p class=\"wp-block-paragraph\">Familiares acionaram a Pol\u00edcia Militar ap\u00f3s ele desaparecer na \u00faltima quarta-feira e, desde ent\u00e3o, eram feitas buscas por ele. O carro da v\u00edtima, um Jeep Renegade, foi localizado neste s\u00e1bado no bairro Alto da Cruz, em Ouro Preto. Dentro do ve\u00edculo havia uma nota fiscal de um supermercado da cidade de Mariana, na regi\u00e3o Central, de compras feitas na \u00faltima quinta-feira (4).<\/p>\n\n\n\n<p class=\"wp-block-paragraph\">Por meio de investiga\u00e7\u00f5es, a pol\u00edcia conseguiu chegar at\u00e9 dois suspeitos do crime, um jovem de 23 anos e um adolescente de 17. Eles confessaram o latroc\u00ednio dizendo que roubaram tamb\u00e9m a carteira e o celular da v\u00edtima.&nbsp; O corpo foi encontrado no Parque das Andorinhas, no&nbsp;Morro S\u00e3o&nbsp;Jo\u00e3o, em Ouro Preto. A faca usada no crime estava ao lado do homem morto. O jovem foi preso e o adolescente apreendido. O caso ser\u00e1 investigado pela Pol\u00edcia Civil. Pelas redes sociais, amigos e familiares lamentaram a morte do jornalista.<\/p>\n\n\n\n<figure class=\"wp-block-gallery columns-1 is-cropped wp-block-gallery-1 is-layout-flex wp-block-gallery-is-layout-flex\"><ul class=\"blocks-gallery-grid\"><li class=\"blocks-gallery-item\"><figure><img loading=\"lazy\" decoding=\"async\" width=\"678\" height=\"450\" src=\"https:\/\/aconteceunovale.com.br\/portal\/wp-content\/uploads\/2021\/03\/jornalista_ouro_preto_1.png\" alt=\"\" data-id=\"175064\" data-full-url=\"https:\/\/aconteceunovale.com.br\/portal\/wp-content\/uploads\/2021\/03\/jornalista_ouro_preto_1.png\" data-link=\"https:\/\/aconteceunovale.com.br\/portal\/?attachment_id=175064\" class=\"wp-image-175064\" srcset=\"https:\/\/aconteceunovale.com.br\/portal\/wp-content\/uploads\/2021\/03\/jornalista_ouro_preto_1.png 678w, https:\/\/aconteceunovale.com.br\/portal\/wp-content\/uploads\/2021\/03\/jornalista_ouro_preto_1-300x199.png 300w, https:\/\/aconteceunovale.com.br\/portal\/wp-content\/uploads\/2021\/03\/jornalista_ouro_preto_1-633x420.png 633w\" sizes=\"auto, (max-width: 678px) 100vw, 678px\" \/><figcaption class=\"blocks-gallery-item__caption\"><em>Jornalista foi v\u00edtima de latroc\u00ednio (Foto: Reprodu\u00e7\u00e3o \/ Facebook)<\/em><\/figcaption><\/figure><\/li><li class=\"blocks-gallery-item\"><figure><img loading=\"lazy\" decoding=\"async\" width=\"650\" height=\"396\" src=\"https:\/\/aconteceunovale.com.br\/portal\/wp-content\/uploads\/2021\/03\/jornalista_ouro_preto_2.jpeg\" alt=\"\" data-id=\"175065\" data-full-url=\"https:\/\/aconteceunovale.com.br\/portal\/wp-content\/uploads\/2021\/03\/jornalista_ouro_preto_2.jpeg\" data-link=\"https:\/\/aconteceunovale.com.br\/portal\/?attachment_id=175065\" class=\"wp-image-175065\" srcset=\"https:\/\/aconteceunovale.com.br\/portal\/wp-content\/uploads\/2021\/03\/jornalista_ouro_preto_2.jpeg 650w, https:\/\/aconteceunovale.com.br\/portal\/wp-content\/uploads\/2021\/03\/jornalista_ouro_preto_2-300x183.jpeg 300w\" sizes=\"auto, (max-width: 650px) 100vw, 650px\" \/><figcaption class=\"blocks-gallery-item__caption\"><em>Faca usada no crime (Foto: Divulga\u00e7\u00e3o \/ Pol\u00edcia Militar)<\/em><\/figcaption><\/figure><\/li><\/ul><\/figure>\n\n\n\n<p class=\"wp-block-paragraph\">&#8212;&#8212;&#8212;&#8212;&#8212;&#8212;<br><em>Quer receber as not\u00edcias do <strong>Aconteceu no Vale<\/strong> em primeira m\u00e3o? Siga-nos no Facebook <a rel=\"noreferrer noopener\" href=\"http:\/\/facebook.com\/aconteceunovale\" target=\"_blank\">@aconteceunovale<\/a>, Twitter <a rel=\"noreferrer noopener\" href=\"https:\/\/twitter.com\/noticiadosvales\" target=\"_blank\">@noticiadosvales<\/a> e Instagram <a rel=\"noreferrer noopener\" href=\"https:\/\/www.instagram.com\/aconteceunovale\" target=\"_blank\">@aconteceunovale<\/a>.<\/em><\/p>\n","protected":false},"excerpt":{"rendered":"<p>A Pol\u00edcia Militar encontrou, na noite desse s\u00e1bado (6\/3\/2021), o corpo do Jornalista J\u00falio de Paula Oliveira, do jornal e site &#8220;O Incofidente&#8221;. Ele estava desaparecido desde a \u00faltima quarta-feira (3), em Ouro Preto, na regi\u00e3o Central de Minas Gerais. A v\u00edtima, de 54 anos, sofreu um latroc\u00ednio &#8211; roubo seguido de morte &#8211; j\u00e1 [&hellip;]<\/p>\n","protected":false},"author":4,"featured_media":175064,"comment_status":"open","ping_status":"closed","sticky":false,"template":"","format":"standard","meta":{"amp_status":"","footnotes":""},"categories":[123],"tags":[239352,239347,239346,239349,239348,239351,239350,211],"class_list":["post-175063","post","type-post","status-publish","format-standard","has-post-thumbnail","hentry","category-gerais","tag-assassinato-do-jornalista-responsavel-pelo-jornal-o-incofidente","tag-jornalista-morto-em-ouro-preto","tag-jornalista-que-estava-desaparecido-e-encontrado-morto-em-parque","tag-julio-de-paula-oliveira","tag-morte-de-jornalista-em-ouro-preto","tag-morte-do-dono-do-jornal-o-incofidente","tag-o-incofidente","tag-ouro-preto"],"yoast_head":"<!-- This site is optimized with the Yoast SEO plugin v28.3 - https:\/\/yoast.com\/product\/yoast-seo-wordpress\/ -->\n<title>Jornalista que estava desaparecido \u00e9 encontrado morto em parque - Aconteceu no Vale<\/title>\n<meta name=\"robots\" content=\"index, follow, max-snippet:-1, max-image-preview:large, max-video-preview:-1\" \/>\n<link rel=\"canonical\" href=\"https:\/\/aconteceunovale.com.br\/portal\/?p=175063\" \/>\n<meta property=\"og:locale\" content=\"pt_BR\" \/>\n<meta property=\"og:type\" content=\"article\" \/>\n<meta property=\"og:title\" content=\"Jornalista que estava desaparecido \u00e9 encontrado morto em parque - Aconteceu no Vale\" \/>\n<meta property=\"og:description\" content=\"A Pol\u00edcia Militar encontrou, na noite desse s\u00e1bado (6\/3\/2021), o corpo do Jornalista J\u00falio de Paula Oliveira, do jornal e site &#8220;O Incofidente&#8221;. Ele estava desaparecido desde a \u00faltima quarta-feira (3), em Ouro Preto, na regi\u00e3o Central de Minas Gerais. A v\u00edtima, de 54 anos, sofreu um latroc\u00ednio &#8211; roubo seguido de morte &#8211; j\u00e1 [&hellip;]\" \/>\n<meta property=\"og:url\" content=\"https:\/\/aconteceunovale.com.br\/portal\/?p=175063\" \/>\n<meta property=\"og:site_name\" content=\"Aconteceu no Vale\" \/>\n<meta property=\"article:publisher\" content=\"https:\/\/www.facebook.com\/aconteceunovale\/\" \/>\n<meta property=\"article:published_time\" content=\"2021-03-07T14:17:01+00:00\" \/>\n<meta property=\"article:modified_time\" content=\"2021-03-07T14:17:53+00:00\" \/>\n<meta property=\"og:image\" content=\"https:\/\/aconteceunovale.com.br\/portal\/wp-content\/uploads\/2021\/03\/jornalista_ouro_preto_1.png\" \/>\n\t<meta property=\"og:image:width\" content=\"678\" \/>\n\t<meta property=\"og:image:height\" content=\"450\" \/>\n\t<meta property=\"og:image:type\" content=\"image\/png\" \/>\n<meta name=\"author\" content=\"Reda\u00e7\u00e3o Aconteceu no Vale\" \/>\n<meta name=\"twitter:card\" content=\"summary_large_image\" \/>\n<meta name=\"twitter:creator\" content=\"@noticiadosvales\" \/>\n<meta name=\"twitter:site\" content=\"@noticiadosvales\" \/>\n<meta name=\"twitter:label1\" content=\"Escrito por\" \/>\n\t<meta name=\"twitter:data1\" content=\"Reda\u00e7\u00e3o Aconteceu no Vale\" \/>\n\t<meta name=\"twitter:label2\" content=\"Est. tempo de leitura\" \/>\n\t<meta name=\"twitter:data2\" content=\"1 minuto\" \/>\n<script type=\"application\/ld+json\" class=\"yoast-schema-graph\">{\"@context\":\"https:\\\/\\\/schema.org\",\"@graph\":[{\"@type\":\"Article\",\"@id\":\"https:\\\/\\\/aconteceunovale.com.br\\\/portal\\\/?p=175063#article\",\"isPartOf\":{\"@id\":\"https:\\\/\\\/aconteceunovale.com.br\\\/portal\\\/?p=175063\"},\"author\":{\"name\":\"Reda\u00e7\u00e3o Aconteceu no Vale\",\"@id\":\"https:\\\/\\\/aconteceunovale.com.br\\\/portal\\\/#\\\/schema\\\/person\\\/7d2f26d1483f8a63de73da1ee0754d35\"},\"headline\":\"Jornalista que estava desaparecido \u00e9 encontrado morto em parque\",\"datePublished\":\"2021-03-07T14:17:01+00:00\",\"dateModified\":\"2021-03-07T14:17:53+00:00\",\"mainEntityOfPage\":{\"@id\":\"https:\\\/\\\/aconteceunovale.com.br\\\/portal\\\/?p=175063\"},\"wordCount\":289,\"commentCount\":0,\"image\":{\"@id\":\"https:\\\/\\\/aconteceunovale.com.br\\\/portal\\\/?p=175063#primaryimage\"},\"thumbnailUrl\":\"https:\\\/\\\/aconteceunovale.com.br\\\/portal\\\/wp-content\\\/uploads\\\/2021\\\/03\\\/jornalista_ouro_preto_1.png\",\"keywords\":[\"Assassinato do jornalista respons\u00e1vel pelo jornal O Incofidente\",\"Jornalista morto em Ouro Preto\",\"Jornalista que estava desaparecido \u00e9 encontrado morto em parque\",\"J\u00falio de Paula Oliveira\",\"Morte de jornalista em Ouro Preto\",\"Morte do dono do jornal O Incofidente\",\"O Incofidente\",\"Ouro Preto\"],\"articleSection\":[\"Minas Gerais\"],\"inLanguage\":\"pt-BR\",\"potentialAction\":[{\"@type\":\"CommentAction\",\"name\":\"Comment\",\"target\":[\"https:\\\/\\\/aconteceunovale.com.br\\\/portal\\\/?p=175063#respond\"]}]},{\"@type\":\"WebPage\",\"@id\":\"https:\\\/\\\/aconteceunovale.com.br\\\/portal\\\/?p=175063\",\"url\":\"https:\\\/\\\/aconteceunovale.com.br\\\/portal\\\/?p=175063\",\"name\":\"Jornalista que estava desaparecido \u00e9 encontrado morto em parque - Aconteceu no Vale\",\"isPartOf\":{\"@id\":\"https:\\\/\\\/aconteceunovale.com.br\\\/portal\\\/#website\"},\"primaryImageOfPage\":{\"@id\":\"https:\\\/\\\/aconteceunovale.com.br\\\/portal\\\/?p=175063#primaryimage\"},\"image\":{\"@id\":\"https:\\\/\\\/aconteceunovale.com.br\\\/portal\\\/?p=175063#primaryimage\"},\"thumbnailUrl\":\"https:\\\/\\\/aconteceunovale.com.br\\\/portal\\\/wp-content\\\/uploads\\\/2021\\\/03\\\/jornalista_ouro_preto_1.png\",\"datePublished\":\"2021-03-07T14:17:01+00:00\",\"dateModified\":\"2021-03-07T14:17:53+00:00\",\"author\":{\"@id\":\"https:\\\/\\\/aconteceunovale.com.br\\\/portal\\\/#\\\/schema\\\/person\\\/7d2f26d1483f8a63de73da1ee0754d35\"},\"breadcrumb\":{\"@id\":\"https:\\\/\\\/aconteceunovale.com.br\\\/portal\\\/?p=175063#breadcrumb\"},\"inLanguage\":\"pt-BR\",\"potentialAction\":[{\"@type\":\"ReadAction\",\"target\":[\"https:\\\/\\\/aconteceunovale.com.br\\\/portal\\\/?p=175063\"]}]},{\"@type\":\"ImageObject\",\"inLanguage\":\"pt-BR\",\"@id\":\"https:\\\/\\\/aconteceunovale.com.br\\\/portal\\\/?p=175063#primaryimage\",\"url\":\"https:\\\/\\\/aconteceunovale.com.br\\\/portal\\\/wp-content\\\/uploads\\\/2021\\\/03\\\/jornalista_ouro_preto_1.png\",\"contentUrl\":\"https:\\\/\\\/aconteceunovale.com.br\\\/portal\\\/wp-content\\\/uploads\\\/2021\\\/03\\\/jornalista_ouro_preto_1.png\",\"width\":678,\"height\":450},{\"@type\":\"BreadcrumbList\",\"@id\":\"https:\\\/\\\/aconteceunovale.com.br\\\/portal\\\/?p=175063#breadcrumb\",\"itemListElement\":[{\"@type\":\"ListItem\",\"position\":1,\"name\":\"In\u00edcio\",\"item\":\"https:\\\/\\\/aconteceunovale.com.br\\\/portal\\\/\"},{\"@type\":\"ListItem\",\"position\":2,\"name\":\"Jornalista que estava desaparecido \u00e9 encontrado morto em parque\"}]},{\"@type\":\"WebSite\",\"@id\":\"https:\\\/\\\/aconteceunovale.com.br\\\/portal\\\/#website\",\"url\":\"https:\\\/\\\/aconteceunovale.com.br\\\/portal\\\/\",\"name\":\"Aconteceu no Vale\",\"description\":\"Portal de Not\u00edcias\",\"potentialAction\":[{\"@type\":\"SearchAction\",\"target\":{\"@type\":\"EntryPoint\",\"urlTemplate\":\"https:\\\/\\\/aconteceunovale.com.br\\\/portal\\\/?s={search_term_string}\"},\"query-input\":{\"@type\":\"PropertyValueSpecification\",\"valueRequired\":true,\"valueName\":\"search_term_string\"}}],\"inLanguage\":\"pt-BR\"},{\"@type\":\"Person\",\"@id\":\"https:\\\/\\\/aconteceunovale.com.br\\\/portal\\\/#\\\/schema\\\/person\\\/7d2f26d1483f8a63de73da1ee0754d35\",\"name\":\"Reda\u00e7\u00e3o Aconteceu no Vale\",\"description\":\"Equipe de reportagem do Aconteceu no Vale, portal de not\u00edcias do Vale do Jequitinhonha, em Minas Gerais. Cobrimos as 51 cidades do Vale desde 2013. Sugest\u00f5es de pauta e pedidos de corre\u00e7\u00e3o: contato@aconteceunovale.com.br\",\"url\":\"https:\\\/\\\/aconteceunovale.com.br\\\/portal\\\/?author=4\"}]}<\/script>\n<!-- \/ Yoast SEO plugin. -->","yoast_head_json":{"title":"Jornalista que estava desaparecido \u00e9 encontrado morto em parque - Aconteceu no Vale","robots":{"index":"index","follow":"follow","max-snippet":"max-snippet:-1","max-image-preview":"max-image-preview:large","max-video-preview":"max-video-preview:-1"},"canonical":"https:\/\/aconteceunovale.com.br\/portal\/?p=175063","og_locale":"pt_BR","og_type":"article","og_title":"Jornalista que estava desaparecido \u00e9 encontrado morto em parque - Aconteceu no Vale","og_description":"A Pol\u00edcia Militar encontrou, na noite desse s\u00e1bado (6\/3\/2021), o corpo do Jornalista J\u00falio de Paula Oliveira, do jornal e site &#8220;O Incofidente&#8221;. Ele estava desaparecido desde a \u00faltima quarta-feira (3), em Ouro Preto, na regi\u00e3o Central de Minas Gerais. A v\u00edtima, de 54 anos, sofreu um latroc\u00ednio &#8211; roubo seguido de morte &#8211; j\u00e1 [&hellip;]","og_url":"https:\/\/aconteceunovale.com.br\/portal\/?p=175063","og_site_name":"Aconteceu no Vale","article_publisher":"https:\/\/www.facebook.com\/aconteceunovale\/","article_published_time":"2021-03-07T14:17:01+00:00","article_modified_time":"2021-03-07T14:17:53+00:00","og_image":[{"width":678,"height":450,"url":"https:\/\/aconteceunovale.com.br\/portal\/wp-content\/uploads\/2021\/03\/jornalista_ouro_preto_1.png","type":"image\/png"}],"author":"Reda\u00e7\u00e3o Aconteceu no Vale","twitter_card":"summary_large_image","twitter_creator":"@noticiadosvales","twitter_site":"@noticiadosvales","twitter_misc":{"Escrito por":"Reda\u00e7\u00e3o Aconteceu no Vale","Est. tempo de leitura":"1 minuto"},"schema":{"@context":"https:\/\/schema.org","@graph":[{"@type":"Article","@id":"https:\/\/aconteceunovale.com.br\/portal\/?p=175063#article","isPartOf":{"@id":"https:\/\/aconteceunovale.com.br\/portal\/?p=175063"},"author":{"name":"Reda\u00e7\u00e3o Aconteceu no Vale","@id":"https:\/\/aconteceunovale.com.br\/portal\/#\/schema\/person\/7d2f26d1483f8a63de73da1ee0754d35"},"headline":"Jornalista que estava desaparecido \u00e9 encontrado morto em parque","datePublished":"2021-03-07T14:17:01+00:00","dateModified":"2021-03-07T14:17:53+00:00","mainEntityOfPage":{"@id":"https:\/\/aconteceunovale.com.br\/portal\/?p=175063"},"wordCount":289,"commentCount":0,"image":{"@id":"https:\/\/aconteceunovale.com.br\/portal\/?p=175063#primaryimage"},"thumbnailUrl":"https:\/\/aconteceunovale.com.br\/portal\/wp-content\/uploads\/2021\/03\/jornalista_ouro_preto_1.png","keywords":["Assassinato do jornalista respons\u00e1vel pelo jornal O Incofidente","Jornalista morto em Ouro Preto","Jornalista que estava desaparecido \u00e9 encontrado morto em parque","J\u00falio de Paula Oliveira","Morte de jornalista em Ouro Preto","Morte do dono do jornal O Incofidente","O Incofidente","Ouro Preto"],"articleSection":["Minas Gerais"],"inLanguage":"pt-BR","potentialAction":[{"@type":"CommentAction","name":"Comment","target":["https:\/\/aconteceunovale.com.br\/portal\/?p=175063#respond"]}]},{"@type":"WebPage","@id":"https:\/\/aconteceunovale.com.br\/portal\/?p=175063","url":"https:\/\/aconteceunovale.com.br\/portal\/?p=175063","name":"Jornalista que estava desaparecido \u00e9 encontrado morto em parque - Aconteceu no Vale","isPartOf":{"@id":"https:\/\/aconteceunovale.com.br\/portal\/#website"},"primaryImageOfPage":{"@id":"https:\/\/aconteceunovale.com.br\/portal\/?p=175063#primaryimage"},"image":{"@id":"https:\/\/aconteceunovale.com.br\/portal\/?p=175063#primaryimage"},"thumbnailUrl":"https:\/\/aconteceunovale.com.br\/portal\/wp-content\/uploads\/2021\/03\/jornalista_ouro_preto_1.png","datePublished":"2021-03-07T14:17:01+00:00","dateModified":"2021-03-07T14:17:53+00:00","author":{"@id":"https:\/\/aconteceunovale.com.br\/portal\/#\/schema\/person\/7d2f26d1483f8a63de73da1ee0754d35"},"breadcrumb":{"@id":"https:\/\/aconteceunovale.com.br\/portal\/?p=175063#breadcrumb"},"inLanguage":"pt-BR","potentialAction":[{"@type":"ReadAction","target":["https:\/\/aconteceunovale.com.br\/portal\/?p=175063"]}]},{"@type":"ImageObject","inLanguage":"pt-BR","@id":"https:\/\/aconteceunovale.com.br\/portal\/?p=175063#primaryimage","url":"https:\/\/aconteceunovale.com.br\/portal\/wp-content\/uploads\/2021\/03\/jornalista_ouro_preto_1.png","contentUrl":"https:\/\/aconteceunovale.com.br\/portal\/wp-content\/uploads\/2021\/03\/jornalista_ouro_preto_1.png","width":678,"height":450},{"@type":"BreadcrumbList","@id":"https:\/\/aconteceunovale.com.br\/portal\/?p=175063#breadcrumb","itemListElement":[{"@type":"ListItem","position":1,"name":"In\u00edcio","item":"https:\/\/aconteceunovale.com.br\/portal\/"},{"@type":"ListItem","position":2,"name":"Jornalista que estava desaparecido \u00e9 encontrado morto em parque"}]},{"@type":"WebSite","@id":"https:\/\/aconteceunovale.com.br\/portal\/#website","url":"https:\/\/aconteceunovale.com.br\/portal\/","name":"Aconteceu no Vale","description":"Portal de Not\u00edcias","potentialAction":[{"@type":"SearchAction","target":{"@type":"EntryPoint","urlTemplate":"https:\/\/aconteceunovale.com.br\/portal\/?s={search_term_string}"},"query-input":{"@type":"PropertyValueSpecification","valueRequired":true,"valueName":"search_term_string"}}],"inLanguage":"pt-BR"},{"@type":"Person","@id":"https:\/\/aconteceunovale.com.br\/portal\/#\/schema\/person\/7d2f26d1483f8a63de73da1ee0754d35","name":"Reda\u00e7\u00e3o Aconteceu no Vale","description":"Equipe de reportagem do Aconteceu no Vale, portal de not\u00edcias do Vale do Jequitinhonha, em Minas Gerais. Cobrimos as 51 cidades do Vale desde 2013. Sugest\u00f5es de pauta e pedidos de corre\u00e7\u00e3o: contato@aconteceunovale.com.br","url":"https:\/\/aconteceunovale.com.br\/portal\/?author=4"}]}},"_links":{"self":[{"href":"https:\/\/aconteceunovale.com.br\/portal\/index.php?rest_route=\/wp\/v2\/posts\/175063","targetHints":{"allow":["GET"]}}],"collection":[{"href":"https:\/\/aconteceunovale.com.br\/portal\/index.php?rest_route=\/wp\/v2\/posts"}],"about":[{"href":"https:\/\/aconteceunovale.com.br\/portal\/index.php?rest_route=\/wp\/v2\/types\/post"}],"author":[{"embeddable":true,"href":"https:\/\/aconteceunovale.com.br\/portal\/index.php?rest_route=\/wp\/v2\/users\/4"}],"replies":[{"embeddable":true,"href":"https:\/\/aconteceunovale.com.br\/portal\/index.php?rest_route=%2Fwp%2Fv2%2Fcomments&post=175063"}],"version-history":[{"count":1,"href":"https:\/\/aconteceunovale.com.br\/portal\/index.php?rest_route=\/wp\/v2\/posts\/175063\/revisions"}],"predecessor-version":[{"id":175066,"href":"https:\/\/aconteceunovale.com.br\/portal\/index.php?rest_route=\/wp\/v2\/posts\/175063\/revisions\/175066"}],"wp:featuredmedia":[{"embeddable":true,"href":"https:\/\/aconteceunovale.com.br\/portal\/index.php?rest_route=\/wp\/v2\/media\/175064"}],"wp:attachment":[{"href":"https:\/\/aconteceunovale.com.br\/portal\/index.php?rest_route=%2Fwp%2Fv2%2Fmedia&parent=175063"}],"wp:term":[{"taxonomy":"category","embeddable":true,"href":"https:\/\/aconteceunovale.com.br\/portal\/index.php?rest_route=%2Fwp%2Fv2%2Fcategories&post=175063"},{"taxonomy":"post_tag","embeddable":true,"href":"https:\/\/aconteceunovale.com.br\/portal\/index.php?rest_route=%2Fwp%2Fv2%2Ftags&post=175063"}],"curies":[{"name":"wp","href":"https:\/\/api.w.org\/{rel}","templated":true}]}}