{"id":175042,"date":"2021-03-06T20:16:18","date_gmt":"2021-03-06T23:16:18","guid":{"rendered":"https:\/\/aconteceunovale.com.br\/portal\/?p=175042"},"modified":"2021-03-06T20:18:36","modified_gmt":"2021-03-06T23:18:36","slug":"irmaos-suspeitos-de-estuprar-crianca-em-minas-gerais-sao-presos-no-ceara","status":"publish","type":"post","link":"https:\/\/aconteceunovale.com.br\/portal\/?p=175042","title":{"rendered":"Irm\u00e3os suspeitos de estuprar crian\u00e7a em Minas Gerais s\u00e3o presos no Cear\u00e1"},"content":{"rendered":"\n<p>A Pol\u00edcia Civil de Minas Gerais (PCMG) deflagrou a opera\u00e7\u00e3o Anjos da Guarda, decorrente de uma investiga\u00e7\u00e3o de estupro de vulner\u00e1vel realizada em Uberl\u00e2ndia, no Tri\u00e2ngulo Mineiro. Dois irm\u00e3os, de 29 e 24 anos, suspeitos de abusar sexualmente da enteada do primeiro investigado, uma crian\u00e7a de 8 anos, foram presos no Cear\u00e1, na \u00faltima quarta-feira (3\/3\/2021), por policiais militares daquele estado numa a\u00e7\u00e3o integrada com a pol\u00edcia mineira.<\/p>\n\n\n\n<figure class=\"wp-block-gallery columns-1 is-cropped wp-block-gallery-1 is-layout-flex wp-block-gallery-is-layout-flex\"><ul class=\"blocks-gallery-grid\"><li class=\"blocks-gallery-item\"><figure><img loading=\"lazy\" decoding=\"async\" width=\"678\" height=\"436\" src=\"https:\/\/aconteceunovale.com.br\/portal\/wp-content\/uploads\/2021\/03\/presos_ceara.jpeg\" alt=\"\" data-id=\"175043\" data-full-url=\"https:\/\/aconteceunovale.com.br\/portal\/wp-content\/uploads\/2021\/03\/presos_ceara.jpeg\" data-link=\"https:\/\/aconteceunovale.com.br\/portal\/?attachment_id=175043\" class=\"wp-image-175043\" srcset=\"https:\/\/aconteceunovale.com.br\/portal\/wp-content\/uploads\/2021\/03\/presos_ceara.jpeg 678w, https:\/\/aconteceunovale.com.br\/portal\/wp-content\/uploads\/2021\/03\/presos_ceara-300x193.jpeg 300w, https:\/\/aconteceunovale.com.br\/portal\/wp-content\/uploads\/2021\/03\/presos_ceara-653x420.jpeg 653w\" sizes=\"auto, (max-width: 678px) 100vw, 678px\" \/><figcaption class=\"blocks-gallery-item__caption\"><em>Foto: Divulga\u00e7\u00e3o\/PCMG<\/em><\/figcaption><\/figure><\/li><\/ul><\/figure>\n\n\n\n<p>Com a utiliza\u00e7\u00e3o de uma aeronave da Pol\u00edcia Militar de Minas Gerais (PMMG) e o apoio da Pol\u00edcia Civil do Estado do Cear\u00e1, policiais civis de Minas se deslocaram para Juazeiro do Norte (CE), na tarde de quinta-feira (4\/3), para o recambiamento dos investigados at\u00e9 Uberl\u00e2ndia. Eles foram interrogados pela PCMG na manh\u00e3 de ontem (5\/3) e, em seguida, encaminhados ao sistema prisional, onde est\u00e3o \u00e0 disposi\u00e7\u00e3o da Justi\u00e7a.<\/p>\n\n\n\n<h2 class=\"wp-block-heading\"><strong>Investiga\u00e7\u00e3o<\/strong><\/h2>\n\n\n\n<p>O crime ocorreu em julho do ano passado, em Uberl\u00e2ndia. Contra os investigados, haviam mandados de pris\u00e3o preventiva representados \u00e0 Justi\u00e7a pela PCMG no \u00e2mbito do inqu\u00e9rito policial que apurou os fatos. De acordo com a delegada Lia Valechi, os irm\u00e3os teriam praticado o crime de forma sucessiva. <em>\u201cAssim que o pai biol\u00f3gico da menina soube do fato, denunciou o caso e, desde aquela data, iniciamos as investiga\u00e7\u00f5es. Quando os suspeitos souberam que a pol\u00edcia os procurava, ambos fugiram\u201d<\/em>, conta.<\/p>\n\n\n\n<p>Depois de oito meses de apura\u00e7\u00f5es e trocas de informa\u00e7\u00f5es com as For\u00e7as de Seguran\u00e7a do Cear\u00e1, onde havia ind\u00edcios do paradeiro dos investigados, a PCMG conseguiu pistas de que eles estavam escondidos na cidade de Salitre, no interior daquele estado. <em>\u201cAp\u00f3s confirma\u00e7\u00e3o, pedimos aux\u00edlio \u00e0 Pol\u00edcia Militar cearense para o cumprimento do mandado de pris\u00e3o. Os irm\u00e3os foram presos em um s\u00edtio\u201d<\/em>, informa Lia Valechi.<\/p>\n\n\n\n<p>Segundo a delegada, o homem investigado pelo estupro da enteada tem um filho de 5 anos, com a m\u00e3e da v\u00edtima, e a fam\u00edlia morava em Uberl\u00e2ndia havia algum tempo. J\u00e1 o irm\u00e3o dele \u00e9 suspeito de ter praticado outro estupro na cidade, contra uma sobrinha de 11 anos, cujo caso est\u00e1 sob apura\u00e7\u00e3o pela PCMG.<\/p>\n\n\n\n<h2 class=\"wp-block-heading\"><strong>Integra\u00e7\u00e3o<\/strong><\/h2>\n\n\n\n<p>Desde a informa\u00e7\u00e3o da fuga dos suspeitos de Uberl\u00e2ndia, equipes da Delegacia de Prote\u00e7\u00e3o \u00e0 Crian\u00e7a e ao Adolescente e do Servi\u00e7o de Intelig\u00eancia do 9\u00ba Departamento de Pol\u00edcia Civil trabalharam em conjunto para identificar onde os irm\u00e3os estavam foragidos. <em>\u201cOs nossos policiais, com uma investiga\u00e7\u00e3o \u00edmpar, conseguiram localizar os suspeitos no interior do estado do Cear\u00e1\u201d<\/em>, ressalta o chefe do Departamento, Marcos Tadeu de Brito Brand\u00e3o.<\/p>\n\n\n\n<p>O delegado ainda destaca a colabora\u00e7\u00e3o da Pol\u00edcia Militar de Minas Gerais (PMMG), que cedeu uma aeronave para recambiar os presos do Cear\u00e1. <em>\u201cFoi uma parceria fant\u00e1stica com a PCMG, possibilitando buscar os investigados em tempo recorde\u201d<\/em>, observa Brand\u00e3o, ao externar tamb\u00e9m o agradecimento aos policiais do Cear\u00e1 que contribu\u00edram para a pris\u00e3o dos suspeitos.<\/p>\n\n\n\n<p>&#8212;&#8212;&#8212;&#8212;&#8212;&#8212;<br><em>Quer receber as not\u00edcias do <strong>Aconteceu no Vale<\/strong> em primeira m\u00e3o? Siga-nos no Facebook <a rel=\"noreferrer noopener\" href=\"http:\/\/facebook.com\/aconteceunovale\" target=\"_blank\">@aconteceunovale<\/a>, Twitter <a rel=\"noreferrer noopener\" href=\"https:\/\/twitter.com\/noticiadosvales\" target=\"_blank\">@noticiadosvales<\/a> e Instagram <a rel=\"noreferrer noopener\" href=\"https:\/\/www.instagram.com\/aconteceunovale\" target=\"_blank\">@aconteceunovale<\/a>.<\/em><\/p>\n","protected":false},"excerpt":{"rendered":"<p>A Pol\u00edcia Civil de Minas Gerais (PCMG) deflagrou a opera\u00e7\u00e3o Anjos da Guarda, decorrente de uma investiga\u00e7\u00e3o de estupro de vulner\u00e1vel realizada em Uberl\u00e2ndia, no Tri\u00e2ngulo Mineiro. Dois irm\u00e3os, de 29 e 24 anos, suspeitos de abusar sexualmente da enteada do primeiro investigado, uma crian\u00e7a de 8 anos, foram presos no Cear\u00e1, na \u00faltima quarta-feira [&hellip;]<\/p>\n","protected":false},"author":4,"featured_media":175043,"comment_status":"open","ping_status":"closed","sticky":false,"template":"","format":"standard","meta":{"amp_status":"","footnotes":""},"categories":[6,123],"tags":[11469,239325,217612,239319,239316,18809,239320,239321,604,38187,44644,239322,239324,239317,239318,239323,221],"class_list":["post-175042","post","type-post","status-publish","format-standard","has-post-thumbnail","hentry","category-br","category-gerais","tag-ceara","tag-delegada-lia-valechi","tag-delegado-marcos-tadeu-de-brito-brandao","tag-estupradores-de-uberlandia-presos-no-ceara","tag-irmaos-suspeitos-de-estuprar-crianca-em-minas-gerais-sao-presos-no-ceara","tag-juazeiro-do-norte","tag-operacao-anjos-da-guarda","tag-pcce","tag-pcmg","tag-pmmg","tag-policia-civil-de-minas-gerais","tag-policia-civil-do-ceara","tag-presos-em-salitre","tag-presos-no-ceara","tag-presos-por-estupro-em-uberlandia","tag-salitre","tag-uberlandia"],"_links":{"self":[{"href":"https:\/\/aconteceunovale.com.br\/portal\/index.php?rest_route=\/wp\/v2\/posts\/175042","targetHints":{"allow":["GET"]}}],"collection":[{"href":"https:\/\/aconteceunovale.com.br\/portal\/index.php?rest_route=\/wp\/v2\/posts"}],"about":[{"href":"https:\/\/aconteceunovale.com.br\/portal\/index.php?rest_route=\/wp\/v2\/types\/post"}],"author":[{"embeddable":true,"href":"https:\/\/aconteceunovale.com.br\/portal\/index.php?rest_route=\/wp\/v2\/users\/4"}],"replies":[{"embeddable":true,"href":"https:\/\/aconteceunovale.com.br\/portal\/index.php?rest_route=%2Fwp%2Fv2%2Fcomments&post=175042"}],"version-history":[{"count":1,"href":"https:\/\/aconteceunovale.com.br\/portal\/index.php?rest_route=\/wp\/v2\/posts\/175042\/revisions"}],"predecessor-version":[{"id":175044,"href":"https:\/\/aconteceunovale.com.br\/portal\/index.php?rest_route=\/wp\/v2\/posts\/175042\/revisions\/175044"}],"wp:featuredmedia":[{"embeddable":true,"href":"https:\/\/aconteceunovale.com.br\/portal\/index.php?rest_route=\/wp\/v2\/media\/175043"}],"wp:attachment":[{"href":"https:\/\/aconteceunovale.com.br\/portal\/index.php?rest_route=%2Fwp%2Fv2%2Fmedia&parent=175042"}],"wp:term":[{"taxonomy":"category","embeddable":true,"href":"https:\/\/aconteceunovale.com.br\/portal\/index.php?rest_route=%2Fwp%2Fv2%2Fcategories&post=175042"},{"taxonomy":"post_tag","embeddable":true,"href":"https:\/\/aconteceunovale.com.br\/portal\/index.php?rest_route=%2Fwp%2Fv2%2Ftags&post=175042"}],"curies":[{"name":"wp","href":"https:\/\/api.w.org\/{rel}","templated":true}]}}