{"id":175036,"date":"2021-03-06T12:51:47","date_gmt":"2021-03-06T15:51:47","guid":{"rendered":"https:\/\/aconteceunovale.com.br\/portal\/?p=175036"},"modified":"2021-03-06T12:52:41","modified_gmt":"2021-03-06T15:52:41","slug":"governo-de-minas-coloca-mais-21-municipios-em-quarentena","status":"publish","type":"post","link":"https:\/\/aconteceunovale.com.br\/portal\/?p=175036","title":{"rendered":"Governo de Minas coloca mais 21 munic\u00edpios em quarentena"},"content":{"rendered":"\n<p>O Governo de Minas Gerais, por meio da Secretaria Estadual de Sa\u00fade e do Comit\u00ea Extraordin\u00e1rio Covid-19, publicou delibera\u00e7\u00e3o neste s\u00e1bado (6\/3\/2021) no Minas Gerais, o di\u00e1rio oficial do Estado, que coloca mais 21 munic\u00edpios na onda roxa do programa Minas Consciente. Entre as medidas previstas est\u00e1 o toque de recolher entre 20h e 5h para as cidades da microrregi\u00e3o de Ponte Nova, na Zona da Mata.<\/p>\n\n\n\n<p>A vig\u00eancia da onda roxa para a regi\u00e3o \u00e9 deste s\u00e1bado at\u00e9 o pr\u00f3ximo dia 20. A delibera\u00e7\u00e3o, entretanto, n\u00e3o traz qual foi o fator que motivou a mudan\u00e7a de patamar da microrregi\u00e3o.<\/p>\n\n\n\n<p>O protocolo mais r\u00edgido de combate ao coronav\u00edrus foi anunciado pelo governador Romeu Zema (Novo) no \u00faltimo dia 3 e, inicialmente, estava prevista para as macrorregi\u00f5es Noroeste e Tri\u00e2ngulo Norte. Os crit\u00e9rios anunciados para uma regi\u00e3o adentrar \u00e0 onda roxa s\u00e3o taxa de distanciamento social; desassist\u00eancia e taxa de ocupa\u00e7\u00e3o de leitos; a taxa de incid\u00eancia e surtos e a taxa de \u00f3bitos.<\/p>\n\n\n\n<p>J\u00e1 entre as medidas adotadas est\u00e3o a suspens\u00e3o das cirurgias eletivas; apoio das for\u00e7as de seguran\u00e7a; circula\u00e7\u00e3o de pessoas apenas relacionadas \u00e0 atividades essenciais; proibi\u00e7\u00e3o de circula\u00e7\u00e3o de pessoas e carros em atividade n\u00e3o essenciais; toque de recolher entre 20h e 5h; proibi\u00e7\u00e3o da circula\u00e7\u00e3o de pessoas sem m\u00e1scara em espa\u00e7os p\u00fablicos e privados; proibi\u00e7\u00e3o de circula\u00e7\u00e3o de pessoas com sintomas de gripe, exceto se for para realizar consultas ou exames; proibi\u00e7\u00e3o de reuni\u00f5es presenciais, inclusive mesma fam\u00edlia que n\u00e3o moram juntos; proibi\u00e7\u00e3o de eventos p\u00fablicos ou privados que possam gerar aglomera\u00e7\u00e3o e barreiras sanit\u00e1rias de vigil\u00e2ncia.<\/p>\n\n\n\n<p><strong>Veja a lista dos 21 munic\u00edpios que entram na onda roxa a partir deste s\u00e1bado:<\/strong><\/p>\n\n\n\n<ul class=\"wp-block-list\"><li>Acaiaca<\/li><li>Alvin\u00f3polis<\/li><li>Amparo do Serra<\/li><li>Barra Longa<\/li><li>Diogo de Vasconcelos<\/li><li>Dom Silv\u00e9rio<\/li><li>Guaraciaba<\/li><li>Jequeri<\/li><li>Orat\u00f3rios<\/li><li>Piedade de Ponte Nova<\/li><li>Ponte Nova<\/li><li>Raul Soares<\/li><li>Rio Casca<\/li><li>Rio Doce<\/li><li>Santa Cruz do Escalvado<\/li><li>Santo Ant\u00f4nio do Grama<\/li><li>S\u00e3o Jos\u00e9 do Goiabal<\/li><li>S\u00e3o Pedro dos Ferros<\/li><li>Sem-Peixe<\/li><li>Sericita<\/li><li>Uruc\u00e2nia<\/li><\/ul>\n\n\n\n<p>&#8212;&#8212;&#8212;&#8212;&#8212;&#8212;<br><em>Quer receber as not\u00edcias do <strong>Aconteceu no Vale<\/strong> em primeira m\u00e3o? Siga-nos no Facebook <a rel=\"noreferrer noopener\" href=\"http:\/\/facebook.com\/aconteceunovale\" target=\"_blank\">@aconteceunovale<\/a>, Twitter <a rel=\"noreferrer noopener\" href=\"https:\/\/twitter.com\/noticiadosvales\" target=\"_blank\">@noticiadosvales<\/a> e Instagram <a rel=\"noreferrer noopener\" href=\"https:\/\/www.instagram.com\/aconteceunovale\" target=\"_blank\">@aconteceunovale<\/a>.<\/em><\/p>\n","protected":false},"excerpt":{"rendered":"<p>O Governo de Minas Gerais, por meio da Secretaria Estadual de Sa\u00fade e do Comit\u00ea Extraordin\u00e1rio Covid-19, publicou delibera\u00e7\u00e3o neste s\u00e1bado (6\/3\/2021) no Minas Gerais, o di\u00e1rio oficial do Estado, que coloca mais 21 munic\u00edpios na onda roxa do programa Minas Consciente. Entre as medidas previstas est\u00e1 o toque de recolher entre 20h e 5h [&hellip;]<\/p>\n","protected":false},"author":4,"featured_media":175037,"comment_status":"open","ping_status":"closed","sticky":false,"template":"","format":"standard","meta":{"amp_status":"","footnotes":""},"categories":[123,40242],"tags":[226899,227899,227901,1768,752,1725,1769,226639,1770,238964,236418,30518,217799,219851,219853,238963,238962,225459,214884,216498,221718,1018,234208,142710,1728,226771,226773,236417,235795,238965,238953,239313,239314,239315,225458,226298,1771,15524,223979,233652,228272,232016,226455,219855,238961,226300,226452,226453,226451,238958,238954,226299,226772,215653,226301,226535,221717,219854,238960,219852,238955,1772,217692,1773,222637,227897,217,236419,218482,230864,13983,227898,227900,221719,226454,238959,238957,209747,1774,1775,1776,1729,209748,220285,220287,1730,1720,220286,238956,15513],"class_list":["post-175036","post","type-post","status-publish","format-standard","has-post-thumbnail","hentry","category-gerais","category-saude-2","tag-362-cidades-de-pequeno-porte-passarao-automaticamente-para-a-onda-amarela-do-minas-consciente","tag-abertura-das-academias-de-ginastica","tag-abertura-das-agencias-de-turismo","tag-acaiaca","tag-almg","tag-alvinopolis","tag-amparo-do-serra","tag-atividades-economicas-terao-protocolo-unico-na-nova-fase-do-plano-minas-consciente","tag-barra-longa","tag-bloqueio-total-em-minas-gerais","tag-carnaval-2021-em-minas-gerais","tag-carnaval-em-minas-gerais","tag-casos-de-coronavirus-em-minas-gerais","tag-casos-de-covid-19-em-minas-gerais","tag-cidades-com-casos-de-coronavirus-em-minas-gerais","tag-cidades-de-minas-gerais-na-onda-roxa","tag-cidades-na-onda-roxa","tag-consulta-publica-minas-consciente","tag-coronavirus","tag-covid-19","tag-curados-do-coronavirus-em-minas-gerais","tag-destaque","tag-dez-regioes-estao-na-fase-mais-restritiva-do-programa-minas-consciente","tag-diogo-de-vasconcelos","tag-dom-silverio","tag-entenda-a-divisao-por-ondas-nas-novas-regras-do-plano-minas-consciente","tag-entenda-as-ondas-do-minas-consciente","tag-estado-atualiza-situacao-das-macrorregioes-no-minas-consciente-e-recomenda-a-proibicao-de-festas-de-carnaval","tag-estado-lanca-terceira-fase-do-minas-consciente","tag-fase-critica-em-minas-gerais","tag-governador-anuncia-onda-roxa-e-toque-de-recolher-em-duas-regioes-de-minas-gerais","tag-governo-coloca-mais-21-cidades-de-minas-gerais-na-onda-roxa-do-minas-consciente","tag-governo-coloca-mais-21-municipios-de-minas-gerais-em-quarentena","tag-governo-de-minas-coloca-mais-21-municipios-em-quarentena","tag-governo-lanca-consulta-publica-sobre-o-plano-minas-consciente","tag-governo-lanca-novas-regras-para-o-plano-minas-consciente","tag-guaraciaba","tag-jequeri","tag-lockdown-em-minas-gerais","tag-mais-duas-regioes-regridem-para-a-onda-vermelha-do-minas-consciente","tag-mais-quatro-regioes-poderao-avancar-para-a-onda-amarela-do-plano-minas-consciente","tag-metade-do-estado-regride-para-fases-mais-restritivas-do-plano-minas-consciente","tag-microrregioes-minas-consciente","tag-mortes-por-coronavirus-em-minas-gerais","tag-mudancas-com-a-onda-roxa","tag-mudancas-no-minas-consciente","tag-municipios-pequenos","tag-municipios-pequenos-minas-consciente","tag-municipios-receberao-tratamento-individualizado-na-nova-fase-do-minas-consciente","tag-nova-fase-do-minas-consciente","tag-nova-onda-do-minas-consciente","tag-novas-regras-do-minas-consciente","tag-novas-regras-do-plano-minas-consciente","tag-novo-coronavirus","tag-novo-minas-consciente","tag-novos-indicadores-do-plano-minas-consciente-vao-simplificar-tomada-de-decisao-de-prefeitos","tag-numero-de-curados-do-coronavirus-em-minas-gerais","tag-numeros-do-coronavirus-em-minas-gerais","tag-o-que-muda-com-a-onda-roxa","tag-obitos-por-coronavirus-em-minas-gerias","tag-onda-roxa-minas-consciente","tag-oratorios","tag-pandemia-de-coronavirus","tag-piedade-de-ponte-nova","tag-plano-minas-consciente","tag-plano-minas-consciente-tera-protocolo-para-academias-de-ginastica-e-agencias-de-turismo-na-onda-amarela","tag-ponte-nova","tag-proibicao-do-carnaval-em-minas-gerais","tag-quarentena-em-minas-gerais","tag-quatro-macrorregioes-regridem-para-fases-mais-restritivas-do-plano-minas-consciente","tag-raul-soares","tag-reabertura-das-academias-de-ginastica","tag-reabertura-das-agencia-de-turismo","tag-recuperados-do-coronavirus-em-minas-gerais","tag-regioes-minas-consciente","tag-regioes-na-onda-roxa","tag-restricoes-em-minas-gerais","tag-rio-casca-2","tag-rio-doce","tag-santa-cruz-do-escalvado","tag-santo-antonio-do-grama","tag-sao-jose-do-goiabal","tag-sao-pedro-dos-ferros-2","tag-secretaria-de-saude-atualiza-numeros-do-coronavirus-em-minas-gerais","tag-secretaria-de-saude-de-minas-gerais-atualiza-numeros-do-coronavirus","tag-sem-peixe","tag-sericita","tag-ses-mg-atualiza-numeros-do-coronavirus","tag-toque-de-recolher-em-minas-gerais","tag-urucania"],"_links":{"self":[{"href":"https:\/\/aconteceunovale.com.br\/portal\/index.php?rest_route=\/wp\/v2\/posts\/175036","targetHints":{"allow":["GET"]}}],"collection":[{"href":"https:\/\/aconteceunovale.com.br\/portal\/index.php?rest_route=\/wp\/v2\/posts"}],"about":[{"href":"https:\/\/aconteceunovale.com.br\/portal\/index.php?rest_route=\/wp\/v2\/types\/post"}],"author":[{"embeddable":true,"href":"https:\/\/aconteceunovale.com.br\/portal\/index.php?rest_route=\/wp\/v2\/users\/4"}],"replies":[{"embeddable":true,"href":"https:\/\/aconteceunovale.com.br\/portal\/index.php?rest_route=%2Fwp%2Fv2%2Fcomments&post=175036"}],"version-history":[{"count":1,"href":"https:\/\/aconteceunovale.com.br\/portal\/index.php?rest_route=\/wp\/v2\/posts\/175036\/revisions"}],"predecessor-version":[{"id":175038,"href":"https:\/\/aconteceunovale.com.br\/portal\/index.php?rest_route=\/wp\/v2\/posts\/175036\/revisions\/175038"}],"wp:featuredmedia":[{"embeddable":true,"href":"https:\/\/aconteceunovale.com.br\/portal\/index.php?rest_route=\/wp\/v2\/media\/175037"}],"wp:attachment":[{"href":"https:\/\/aconteceunovale.com.br\/portal\/index.php?rest_route=%2Fwp%2Fv2%2Fmedia&parent=175036"}],"wp:term":[{"taxonomy":"category","embeddable":true,"href":"https:\/\/aconteceunovale.com.br\/portal\/index.php?rest_route=%2Fwp%2Fv2%2Fcategories&post=175036"},{"taxonomy":"post_tag","embeddable":true,"href":"https:\/\/aconteceunovale.com.br\/portal\/index.php?rest_route=%2Fwp%2Fv2%2Ftags&post=175036"}],"curies":[{"name":"wp","href":"https:\/\/api.w.org\/{rel}","templated":true}]}}