{"id":17498,"date":"2014-01-03T17:57:34","date_gmt":"2014-01-03T19:57:34","guid":{"rendered":"http:\/\/aconteceunovale.com.br\/portal\/?p=17498"},"modified":"2014-01-03T17:57:34","modified_gmt":"2014-01-03T19:57:34","slug":"licitacao-da-prefeitura-de-montes-claros-aumenta-quantidade-de-taxis-na-cidade","status":"publish","type":"post","link":"https:\/\/aconteceunovale.com.br\/portal\/?p=17498","title":{"rendered":"Licita\u00e7\u00e3o da prefeitura de Montes Claros aumenta quantidade de t\u00e1xis na cidade"},"content":{"rendered":"<p>A quantidade de t\u00e1xis abaixo da demanda \u00e9 um problema enfrentado em diversas cidades brasileiras. Montes Claros \u00e9 uma delas. Com o objetivo de amenizar a situa\u00e7\u00e3o, a prefeitura realiza na pr\u00f3xima ter\u00e7a-feira, 7, a licita\u00e7\u00e3o para a permiss\u00e3o de mais 79 placas de t\u00e1xis na cidade. Com isso, o n\u00famero de t\u00e1xis regulamentados no munic\u00edpio vai passar dos atuais 121 para 200 ve\u00edculos.<\/p>\n<p>O processo licitat\u00f3rio para a concess\u00e3o das novas placas de t\u00e1xis foi aberto, ap\u00f3s aprova\u00e7\u00e3o pela C\u00e2mara Municipal, de projeto de lei de autoria do vereador Diu Andrade (PSL). A quantidade de t\u00e1xis que circulam na cidade, atualmente, \u00e9 o mesmo de mais de tr\u00eas d\u00e9cadas. Os concession\u00e1rios dos t\u00e1xis reclamam da atua\u00e7\u00e3o dos motoristas que realizam o transporte clandestino de passageiros de outros munic\u00edpios do Norte Minas. A alega\u00e7\u00e3o deles \u00e9 que os motoristas irregulares fazem o transporte n\u00e3o autorizado tamb\u00e9m na \u00e1rea urbana de Montes Claros.<\/p>\n<p>De acordo com a prefeitura, a licita\u00e7\u00e3o das novas placas de t\u00e1xis visa o atendimento \u00e0 demanda identificada em estudo desenvolvido pela Empresa Municipal de Planejamento, Gest\u00e3o e Educa\u00e7\u00e3o em Tr\u00e2nsito e Transportes de Montes Claros (MCTrans),tamb\u00e9m respons\u00e1vel pela concorr\u00eancia. As 121 placas de t\u00e1xis ser\u00e3o disputadas por 342 candidatos, sendo grande parte deles formados por motoristas que j\u00e1 trabalham como auxiliares dos atuais donos das placas de t\u00e1xis concedidas na cidade. <\/p>\n<p>Foi dado prazo aos candidatos para entregar as propostas junto com toda documenta\u00e7\u00e3o solicitada &#8211; at\u00e9 esta segunda-feira, dia 6.<\/p>\n<p><img decoding=\"async\" src=\"http:\/\/aconteceunovale.com.br\/portal\/wp-content\/uploads\/2014\/01\/taxi.jpg\" alt=\"\" \/><\/p>\n<p>Fonte: Jornal Estado de Minas<\/p>\n","protected":false},"excerpt":{"rendered":"<p>A quantidade de t\u00e1xis abaixo da demanda \u00e9 um problema enfrentado em diversas cidades brasileiras. Montes Claros \u00e9 uma delas. Com o objetivo de amenizar a situa\u00e7\u00e3o, a prefeitura realiza na pr\u00f3xima ter\u00e7a-feira, 7, a licita\u00e7\u00e3o para a permiss\u00e3o de mais 79 placas de t\u00e1xis na cidade. Com isso, o n\u00famero de t\u00e1xis regulamentados no [&hellip;]<\/p>\n","protected":false},"author":1,"featured_media":0,"comment_status":"open","ping_status":"closed","sticky":false,"template":"","format":"standard","meta":{"amp_status":"","footnotes":""},"categories":[1236],"tags":[2461,2460,210],"class_list":["post-17498","post","type-post","status-publish","format-standard","hentry","category-norte_de_minas","tag-aumento-da-quantidade-de-taxis-em-montes-claros","tag-licitacao-da-prefeitura-de-montes-claros-aumenta-quantidade-de-taxis-na-cidade","tag-montes-claros"],"_links":{"self":[{"href":"https:\/\/aconteceunovale.com.br\/portal\/index.php?rest_route=\/wp\/v2\/posts\/17498","targetHints":{"allow":["GET"]}}],"collection":[{"href":"https:\/\/aconteceunovale.com.br\/portal\/index.php?rest_route=\/wp\/v2\/posts"}],"about":[{"href":"https:\/\/aconteceunovale.com.br\/portal\/index.php?rest_route=\/wp\/v2\/types\/post"}],"author":[{"embeddable":true,"href":"https:\/\/aconteceunovale.com.br\/portal\/index.php?rest_route=\/wp\/v2\/users\/1"}],"replies":[{"embeddable":true,"href":"https:\/\/aconteceunovale.com.br\/portal\/index.php?rest_route=%2Fwp%2Fv2%2Fcomments&post=17498"}],"version-history":[{"count":0,"href":"https:\/\/aconteceunovale.com.br\/portal\/index.php?rest_route=\/wp\/v2\/posts\/17498\/revisions"}],"wp:attachment":[{"href":"https:\/\/aconteceunovale.com.br\/portal\/index.php?rest_route=%2Fwp%2Fv2%2Fmedia&parent=17498"}],"wp:term":[{"taxonomy":"category","embeddable":true,"href":"https:\/\/aconteceunovale.com.br\/portal\/index.php?rest_route=%2Fwp%2Fv2%2Fcategories&post=17498"},{"taxonomy":"post_tag","embeddable":true,"href":"https:\/\/aconteceunovale.com.br\/portal\/index.php?rest_route=%2Fwp%2Fv2%2Ftags&post=17498"}],"curies":[{"name":"wp","href":"https:\/\/api.w.org\/{rel}","templated":true}]}}